{"id":39042,"date":"2019-03-04T23:08:08","date_gmt":"2019-03-04T22:08:08","guid":{"rendered":"https:\/\/vosgesinfo.fr\/gerardmerinfo\/2019\/03\/grande-soiree-cabaret-organisee-kiwanis-perle-dhugo\/"},"modified":"2019-03-04T23:08:08","modified_gmt":"2019-03-04T22:08:08","slug":"grande-soiree-cabaret-organisee-kiwanis-perle-dhugo","status":"publish","type":"post","link":"https:\/\/vosgesinfo.fr\/gerardmerinfo\/2019\/03\/grande-soiree-cabaret-organisee-kiwanis-perle-dhugo\/","title":{"rendered":"Grande soir\u00e9e cabaret organis\u00e9e par le Kiwanis Perle d&rsquo;Hugo"},"content":{"rendered":"<h3><a href=\"\/2019\/01\/cabaret-soir\u00e9e-kiwanis.jpg\"><img decoding=\"async\" class=\"aligncenter wp-image-140384\" src=\"\/2019\/01\/cabaret-soir\u00e9e-kiwanis.jpg\" alt=\"cabaret soir\u00e9e kiwanis\" width=\"500\" height=\"333\" \/><\/a><\/h3>\n<h3><span style=\"font-size: 12pt;\">SOIR\u00c9E CABARET ORGANIS\u00c9E PAR LE KIWANIS CLUB F\u00c9MININ : \u00ab GERARDMER PERLE D\u2019HUGO \u00bb AU PROFIT DES \u0152UVRES SOCIALES DU CLUB.<\/span><\/h3>\n<p>Rendez-vous \u00e0 l&rsquo;Espace Lac de G\u00e9rardmer le Samedi 16 MARS 2019 \u00e0 20H30 avec les Pin up d\u2019Alsace et Looney Toons Crew \u201chip hop\u201d de G\u00e9rardmer.<\/p>\n<p><a href=\"\/2019\/01\/perle-dhugo-kiwanis.jpg\"><img decoding=\"async\" class=\"alignright size-medium wp-image-140385\" src=\"\/2019\/01\/perle-dhugo-kiwanis-252x255.jpg\" alt=\"perle d'hugo kiwanis\" width=\"252\" height=\"255\" \/><\/a>Petite restauration<br \/>\nLunch Bar<br \/>\nEntr\u00e9e 20 \u20ac<\/p>\n<p>R\u00e9servations au :<br \/>\n06 87 52 47 26<br \/>\n06 47 05 06 34<\/p>\n<p>&nbsp;<\/p>\n","protected":false},"excerpt":{"rendered":"<p>SOIR\u00c9E CABARET ORGANIS\u00c9E PAR LE KIWANIS CLUB F\u00c9MININ : \u00ab GERARDMER PERLE D\u2019HUGO \u00bb AU PROFIT DES \u0152UVRES SOCIALES DU [&hellip;]<\/p>\n","protected":false},"author":1,"featured_media":39043,"comment_status":"open","ping_status":"open","sticky":false,"template":"","format":"standard","meta":{"footnotes":""},"categories":[20,4,17],"tags":[1530,192,3963],"class_list":["post-39042","post","type-post","status-publish","format-standard","has-post-thumbnail","hentry","category-a-la-une","category-culture","category-vie-associative","tag-cabaret","tag-kiwanis-perle-dhugo","tag-pin-up-dalsace"],"acf":[],"yoast_head":"<!-- This site is optimized with the Yoast SEO plugin v22.5 - https:\/\/yoast.com\/wordpress\/plugins\/seo\/ -->\n<title>Grande soir\u00e9e cabaret organis\u00e9e par le Kiwanis Perle d&#039;Hugo - Gerardmer Info<\/title>\n<meta name=\"robots\" content=\"index, follow, max-snippet:-1, max-image-preview:large, max-video-preview:-1\" \/>\n<link rel=\"canonical\" href=\"https:\/\/vosgesinfo.fr\/gerardmerinfo\/2019\/03\/grande-soiree-cabaret-organisee-kiwanis-perle-dhugo\/\" \/>\n<meta name=\"twitter:card\" content=\"summary_large_image\" \/>\n<meta name=\"twitter:title\" content=\"Grande soir\u00e9e cabaret organis\u00e9e par le Kiwanis Perle d&#039;Hugo - Gerardmer Info\" \/>\n<meta name=\"twitter:description\" content=\"SOIR\u00c9E CABARET ORGANIS\u00c9E PAR LE KIWANIS CLUB F\u00c9MININ : \u00ab GERARDMER PERLE D\u2019HUGO \u00bb AU PROFIT DES \u0152UVRES SOCIALES DU [&hellip;]\" \/>\n<meta name=\"twitter:image\" content=\"https:\/\/vosgesinfo.fr\/app\/uploads\/sites\/6\/2024\/07\/201901cabaret-soiree-kiwanis.jpg\" \/>\n<meta name=\"twitter:creator\" content=\"@VosgesInfo88\" \/>\n<meta name=\"twitter:site\" content=\"@VosgesInfo88\" \/>\n<meta name=\"twitter:label1\" content=\"\u00c9crit par\" \/>\n\t<meta name=\"twitter:data1\" content=\"qs_admin\" \/>\n<script type=\"application\/ld+json\" class=\"yoast-schema-graph\">{\"@context\":\"https:\/\/schema.org\",\"@graph\":[{\"@type\":\"Article\",\"@id\":\"https:\/\/vosgesinfo.fr\/gerardmerinfo\/2019\/03\/grande-soiree-cabaret-organisee-kiwanis-perle-dhugo\/#article\",\"isPartOf\":{\"@id\":\"https:\/\/vosgesinfo.fr\/gerardmerinfo\/2019\/03\/grande-soiree-cabaret-organisee-kiwanis-perle-dhugo\/\"},\"author\":{\"name\":\"qs_admin\",\"@id\":\"https:\/\/vosgesinfo.fr\/gerardmerinfo\/#\/schema\/person\/bc5d02d71e6932e81b6dadb7386667b1\"},\"headline\":\"Grande soir\u00e9e cabaret organis\u00e9e par le Kiwanis Perle d&rsquo;Hugo\",\"datePublished\":\"2019-03-04T22:08:08+00:00\",\"dateModified\":\"2019-03-04T22:08:08+00:00\",\"mainEntityOfPage\":{\"@id\":\"https:\/\/vosgesinfo.fr\/gerardmerinfo\/2019\/03\/grande-soiree-cabaret-organisee-kiwanis-perle-dhugo\/\"},\"wordCount\":70,\"commentCount\":0,\"publisher\":{\"@id\":\"https:\/\/vosgesinfo.fr\/gerardmerinfo\/#organization\"},\"image\":{\"@id\":\"https:\/\/vosgesinfo.fr\/gerardmerinfo\/2019\/03\/grande-soiree-cabaret-organisee-kiwanis-perle-dhugo\/#primaryimage\"},\"thumbnailUrl\":\"https:\/\/vosgesinfo.fr\/app\/uploads\/sites\/6\/2024\/07\/201901cabaret-soiree-kiwanis.jpg\",\"keywords\":[\"cabaret\",\"kiwanis perle d'hugo\",\"pin up d'alsace\"],\"articleSection\":[\"A la une\",\"Culture\",\"Vie Associative\"],\"inLanguage\":\"fr-FR\",\"potentialAction\":[{\"@type\":\"CommentAction\",\"name\":\"Comment\",\"target\":[\"https:\/\/vosgesinfo.fr\/gerardmerinfo\/2019\/03\/grande-soiree-cabaret-organisee-kiwanis-perle-dhugo\/#respond\"]}]},{\"@type\":\"WebPage\",\"@id\":\"https:\/\/vosgesinfo.fr\/gerardmerinfo\/2019\/03\/grande-soiree-cabaret-organisee-kiwanis-perle-dhugo\/\",\"url\":\"https:\/\/vosgesinfo.fr\/gerardmerinfo\/2019\/03\/grande-soiree-cabaret-organisee-kiwanis-perle-dhugo\/\",\"name\":\"Grande soir\u00e9e cabaret organis\u00e9e par le Kiwanis Perle d'Hugo - Gerardmer Info\",\"isPartOf\":{\"@id\":\"https:\/\/vosgesinfo.fr\/gerardmerinfo\/#website\"},\"primaryImageOfPage\":{\"@id\":\"https:\/\/vosgesinfo.fr\/gerardmerinfo\/2019\/03\/grande-soiree-cabaret-organisee-kiwanis-perle-dhugo\/#primaryimage\"},\"image\":{\"@id\":\"https:\/\/vosgesinfo.fr\/gerardmerinfo\/2019\/03\/grande-soiree-cabaret-organisee-kiwanis-perle-dhugo\/#primaryimage\"},\"thumbnailUrl\":\"https:\/\/vosgesinfo.fr\/app\/uploads\/sites\/6\/2024\/07\/201901cabaret-soiree-kiwanis.jpg\",\"datePublished\":\"2019-03-04T22:08:08+00:00\",\"dateModified\":\"2019-03-04T22:08:08+00:00\",\"breadcrumb\":{\"@id\":\"https:\/\/vosgesinfo.fr\/gerardmerinfo\/2019\/03\/grande-soiree-cabaret-organisee-kiwanis-perle-dhugo\/#breadcrumb\"},\"inLanguage\":\"fr-FR\",\"potentialAction\":[{\"@type\":\"ReadAction\",\"target\":[\"https:\/\/vosgesinfo.fr\/gerardmerinfo\/2019\/03\/grande-soiree-cabaret-organisee-kiwanis-perle-dhugo\/\"]}]},{\"@type\":\"ImageObject\",\"inLanguage\":\"fr-FR\",\"@id\":\"https:\/\/vosgesinfo.fr\/gerardmerinfo\/2019\/03\/grande-soiree-cabaret-organisee-kiwanis-perle-dhugo\/#primaryimage\",\"url\":\"https:\/\/vosgesinfo.fr\/app\/uploads\/sites\/6\/2024\/07\/201901cabaret-soiree-kiwanis.jpg\",\"contentUrl\":\"https:\/\/vosgesinfo.fr\/app\/uploads\/sites\/6\/2024\/07\/201901cabaret-soiree-kiwanis.jpg\",\"width\":800,\"height\":533},{\"@type\":\"BreadcrumbList\",\"@id\":\"https:\/\/vosgesinfo.fr\/gerardmerinfo\/2019\/03\/grande-soiree-cabaret-organisee-kiwanis-perle-dhugo\/#breadcrumb\",\"itemListElement\":[{\"@type\":\"ListItem\",\"position\":1,\"name\":\"Home\",\"item\":\"https:\/\/vosgesinfo.fr\/gerardmerinfo\/\"},{\"@type\":\"ListItem\",\"position\":2,\"name\":\"Grande soir\u00e9e cabaret organis\u00e9e par le Kiwanis Perle d&rsquo;Hugo\"}]},{\"@type\":\"WebSite\",\"@id\":\"https:\/\/vosgesinfo.fr\/gerardmerinfo\/#website\",\"url\":\"https:\/\/vosgesinfo.fr\/gerardmerinfo\/\",\"name\":\"Gerardmer Info\",\"description\":\"Toute l&#039;actualit\u00e9 de G\u00e9rardmer\",\"publisher\":{\"@id\":\"https:\/\/vosgesinfo.fr\/gerardmerinfo\/#organization\"},\"alternateName\":\"Toute l'actualit\u00e9 de G\u00e9rardmer\",\"potentialAction\":[{\"@type\":\"SearchAction\",\"target\":{\"@type\":\"EntryPoint\",\"urlTemplate\":\"https:\/\/vosgesinfo.fr\/gerardmerinfo\/?s={search_term_string}\"},\"query-input\":\"required name=search_term_string\"}],\"inLanguage\":\"fr-FR\"},{\"@type\":\"Organization\",\"@id\":\"https:\/\/vosgesinfo.fr\/gerardmerinfo\/#organization\",\"name\":\"Gerardmer Info\",\"url\":\"https:\/\/vosgesinfo.fr\/gerardmerinfo\/\",\"logo\":{\"@type\":\"ImageObject\",\"inLanguage\":\"fr-FR\",\"@id\":\"https:\/\/vosgesinfo.fr\/gerardmerinfo\/#\/schema\/logo\/image\/\",\"url\":\"https:\/\/vosgesinfo.fr\/app\/uploads\/sites\/6\/2023\/08\/favicon-gerardmerinfo.png\",\"contentUrl\":\"https:\/\/vosgesinfo.fr\/app\/uploads\/sites\/6\/2023\/08\/favicon-gerardmerinfo.png\",\"width\":512,\"height\":512,\"caption\":\"Gerardmer Info\"},\"image\":{\"@id\":\"https:\/\/vosgesinfo.fr\/gerardmerinfo\/#\/schema\/logo\/image\/\"},\"sameAs\":[\"https:\/\/www.facebook.com\/profile.php?id=100049475262660\",\"https:\/\/x.com\/VosgesInfo88\",\"https:\/\/www.youtube.com\/@vosgesinfo\"]},{\"@type\":\"Person\",\"@id\":\"https:\/\/vosgesinfo.fr\/gerardmerinfo\/#\/schema\/person\/bc5d02d71e6932e81b6dadb7386667b1\",\"name\":\"qs_admin\",\"image\":{\"@type\":\"ImageObject\",\"inLanguage\":\"fr-FR\",\"@id\":\"https:\/\/vosgesinfo.fr\/gerardmerinfo\/#\/schema\/person\/image\/\",\"url\":\"https:\/\/secure.gravatar.com\/avatar\/94b18ee0ed79e4a42ea2f2931277b6841a8999fc6fde214600c78057cf1fe1de?s=96&d=mm&r=g\",\"contentUrl\":\"https:\/\/secure.gravatar.com\/avatar\/94b18ee0ed79e4a42ea2f2931277b6841a8999fc6fde214600c78057cf1fe1de?s=96&d=mm&r=g\",\"caption\":\"qs_admin\"},\"sameAs\":[\"https:\/\/vosgesinfo.fr\/wp\"],\"url\":\"https:\/\/vosgesinfo.fr\/gerardmerinfo\/author\/qs_admin\/\"}]}<\/script>\n<!-- \/ Yoast SEO plugin. -->","yoast_head_json":{"title":"Grande soir\u00e9e cabaret organis\u00e9e par le Kiwanis Perle d'Hugo - Gerardmer Info","robots":{"index":"index","follow":"follow","max-snippet":"max-snippet:-1","max-image-preview":"max-image-preview:large","max-video-preview":"max-video-preview:-1"},"canonical":"https:\/\/vosgesinfo.fr\/gerardmerinfo\/2019\/03\/grande-soiree-cabaret-organisee-kiwanis-perle-dhugo\/","twitter_card":"summary_large_image","twitter_title":"Grande soir\u00e9e cabaret organis\u00e9e par le Kiwanis Perle d'Hugo - Gerardmer Info","twitter_description":"SOIR\u00c9E CABARET ORGANIS\u00c9E PAR LE KIWANIS CLUB F\u00c9MININ : \u00ab GERARDMER PERLE D\u2019HUGO \u00bb AU PROFIT DES \u0152UVRES SOCIALES DU [&hellip;]","twitter_image":"https:\/\/vosgesinfo.fr\/app\/uploads\/sites\/6\/2024\/07\/201901cabaret-soiree-kiwanis.jpg","twitter_creator":"@VosgesInfo88","twitter_site":"@VosgesInfo88","twitter_misc":{"\u00c9crit par":"qs_admin"},"schema":{"@context":"https:\/\/schema.org","@graph":[{"@type":"Article","@id":"https:\/\/vosgesinfo.fr\/gerardmerinfo\/2019\/03\/grande-soiree-cabaret-organisee-kiwanis-perle-dhugo\/#article","isPartOf":{"@id":"https:\/\/vosgesinfo.fr\/gerardmerinfo\/2019\/03\/grande-soiree-cabaret-organisee-kiwanis-perle-dhugo\/"},"author":{"name":"qs_admin","@id":"https:\/\/vosgesinfo.fr\/gerardmerinfo\/#\/schema\/person\/bc5d02d71e6932e81b6dadb7386667b1"},"headline":"Grande soir\u00e9e cabaret organis\u00e9e par le Kiwanis Perle d&rsquo;Hugo","datePublished":"2019-03-04T22:08:08+00:00","dateModified":"2019-03-04T22:08:08+00:00","mainEntityOfPage":{"@id":"https:\/\/vosgesinfo.fr\/gerardmerinfo\/2019\/03\/grande-soiree-cabaret-organisee-kiwanis-perle-dhugo\/"},"wordCount":70,"commentCount":0,"publisher":{"@id":"https:\/\/vosgesinfo.fr\/gerardmerinfo\/#organization"},"image":{"@id":"https:\/\/vosgesinfo.fr\/gerardmerinfo\/2019\/03\/grande-soiree-cabaret-organisee-kiwanis-perle-dhugo\/#primaryimage"},"thumbnailUrl":"https:\/\/vosgesinfo.fr\/app\/uploads\/sites\/6\/2024\/07\/201901cabaret-soiree-kiwanis.jpg","keywords":["cabaret","kiwanis perle d'hugo","pin up d'alsace"],"articleSection":["A la une","Culture","Vie Associative"],"inLanguage":"fr-FR","potentialAction":[{"@type":"CommentAction","name":"Comment","target":["https:\/\/vosgesinfo.fr\/gerardmerinfo\/2019\/03\/grande-soiree-cabaret-organisee-kiwanis-perle-dhugo\/#respond"]}]},{"@type":"WebPage","@id":"https:\/\/vosgesinfo.fr\/gerardmerinfo\/2019\/03\/grande-soiree-cabaret-organisee-kiwanis-perle-dhugo\/","url":"https:\/\/vosgesinfo.fr\/gerardmerinfo\/2019\/03\/grande-soiree-cabaret-organisee-kiwanis-perle-dhugo\/","name":"Grande soir\u00e9e cabaret organis\u00e9e par le Kiwanis Perle d'Hugo - Gerardmer Info","isPartOf":{"@id":"https:\/\/vosgesinfo.fr\/gerardmerinfo\/#website"},"primaryImageOfPage":{"@id":"https:\/\/vosgesinfo.fr\/gerardmerinfo\/2019\/03\/grande-soiree-cabaret-organisee-kiwanis-perle-dhugo\/#primaryimage"},"image":{"@id":"https:\/\/vosgesinfo.fr\/gerardmerinfo\/2019\/03\/grande-soiree-cabaret-organisee-kiwanis-perle-dhugo\/#primaryimage"},"thumbnailUrl":"https:\/\/vosgesinfo.fr\/app\/uploads\/sites\/6\/2024\/07\/201901cabaret-soiree-kiwanis.jpg","datePublished":"2019-03-04T22:08:08+00:00","dateModified":"2019-03-04T22:08:08+00:00","breadcrumb":{"@id":"https:\/\/vosgesinfo.fr\/gerardmerinfo\/2019\/03\/grande-soiree-cabaret-organisee-kiwanis-perle-dhugo\/#breadcrumb"},"inLanguage":"fr-FR","potentialAction":[{"@type":"ReadAction","target":["https:\/\/vosgesinfo.fr\/gerardmerinfo\/2019\/03\/grande-soiree-cabaret-organisee-kiwanis-perle-dhugo\/"]}]},{"@type":"ImageObject","inLanguage":"fr-FR","@id":"https:\/\/vosgesinfo.fr\/gerardmerinfo\/2019\/03\/grande-soiree-cabaret-organisee-kiwanis-perle-dhugo\/#primaryimage","url":"https:\/\/vosgesinfo.fr\/app\/uploads\/sites\/6\/2024\/07\/201901cabaret-soiree-kiwanis.jpg","contentUrl":"https:\/\/vosgesinfo.fr\/app\/uploads\/sites\/6\/2024\/07\/201901cabaret-soiree-kiwanis.jpg","width":800,"height":533},{"@type":"BreadcrumbList","@id":"https:\/\/vosgesinfo.fr\/gerardmerinfo\/2019\/03\/grande-soiree-cabaret-organisee-kiwanis-perle-dhugo\/#breadcrumb","itemListElement":[{"@type":"ListItem","position":1,"name":"Home","item":"https:\/\/vosgesinfo.fr\/gerardmerinfo\/"},{"@type":"ListItem","position":2,"name":"Grande soir\u00e9e cabaret organis\u00e9e par le Kiwanis Perle d&rsquo;Hugo"}]},{"@type":"WebSite","@id":"https:\/\/vosgesinfo.fr\/gerardmerinfo\/#website","url":"https:\/\/vosgesinfo.fr\/gerardmerinfo\/","name":"Gerardmer Info","description":"Toute l&#039;actualit\u00e9 de G\u00e9rardmer","publisher":{"@id":"https:\/\/vosgesinfo.fr\/gerardmerinfo\/#organization"},"alternateName":"Toute l'actualit\u00e9 de G\u00e9rardmer","potentialAction":[{"@type":"SearchAction","target":{"@type":"EntryPoint","urlTemplate":"https:\/\/vosgesinfo.fr\/gerardmerinfo\/?s={search_term_string}"},"query-input":"required name=search_term_string"}],"inLanguage":"fr-FR"},{"@type":"Organization","@id":"https:\/\/vosgesinfo.fr\/gerardmerinfo\/#organization","name":"Gerardmer Info","url":"https:\/\/vosgesinfo.fr\/gerardmerinfo\/","logo":{"@type":"ImageObject","inLanguage":"fr-FR","@id":"https:\/\/vosgesinfo.fr\/gerardmerinfo\/#\/schema\/logo\/image\/","url":"https:\/\/vosgesinfo.fr\/app\/uploads\/sites\/6\/2023\/08\/favicon-gerardmerinfo.png","contentUrl":"https:\/\/vosgesinfo.fr\/app\/uploads\/sites\/6\/2023\/08\/favicon-gerardmerinfo.png","width":512,"height":512,"caption":"Gerardmer Info"},"image":{"@id":"https:\/\/vosgesinfo.fr\/gerardmerinfo\/#\/schema\/logo\/image\/"},"sameAs":["https:\/\/www.facebook.com\/profile.php?id=100049475262660","https:\/\/x.com\/VosgesInfo88","https:\/\/www.youtube.com\/@vosgesinfo"]},{"@type":"Person","@id":"https:\/\/vosgesinfo.fr\/gerardmerinfo\/#\/schema\/person\/bc5d02d71e6932e81b6dadb7386667b1","name":"qs_admin","image":{"@type":"ImageObject","inLanguage":"fr-FR","@id":"https:\/\/vosgesinfo.fr\/gerardmerinfo\/#\/schema\/person\/image\/","url":"https:\/\/secure.gravatar.com\/avatar\/94b18ee0ed79e4a42ea2f2931277b6841a8999fc6fde214600c78057cf1fe1de?s=96&d=mm&r=g","contentUrl":"https:\/\/secure.gravatar.com\/avatar\/94b18ee0ed79e4a42ea2f2931277b6841a8999fc6fde214600c78057cf1fe1de?s=96&d=mm&r=g","caption":"qs_admin"},"sameAs":["https:\/\/vosgesinfo.fr\/wp"],"url":"https:\/\/vosgesinfo.fr\/gerardmerinfo\/author\/qs_admin\/"}]}},"_links":{"self":[{"href":"https:\/\/vosgesinfo.fr\/gerardmerinfo\/wp-json\/wp\/v2\/posts\/39042","targetHints":{"allow":["GET"]}}],"collection":[{"href":"https:\/\/vosgesinfo.fr\/gerardmerinfo\/wp-json\/wp\/v2\/posts"}],"about":[{"href":"https:\/\/vosgesinfo.fr\/gerardmerinfo\/wp-json\/wp\/v2\/types\/post"}],"author":[{"embeddable":true,"href":"https:\/\/vosgesinfo.fr\/gerardmerinfo\/wp-json\/wp\/v2\/users\/1"}],"replies":[{"embeddable":true,"href":"https:\/\/vosgesinfo.fr\/gerardmerinfo\/wp-json\/wp\/v2\/comments?post=39042"}],"version-history":[{"count":0,"href":"https:\/\/vosgesinfo.fr\/gerardmerinfo\/wp-json\/wp\/v2\/posts\/39042\/revisions"}],"wp:featuredmedia":[{"embeddable":true,"href":"https:\/\/vosgesinfo.fr\/gerardmerinfo\/wp-json\/wp\/v2\/media\/39043"}],"wp:attachment":[{"href":"https:\/\/vosgesinfo.fr\/gerardmerinfo\/wp-json\/wp\/v2\/media?parent=39042"}],"wp:term":[{"taxonomy":"category","embeddable":true,"href":"https:\/\/vosgesinfo.fr\/gerardmerinfo\/wp-json\/wp\/v2\/categories?post=39042"},{"taxonomy":"post_tag","embeddable":true,"href":"https:\/\/vosgesinfo.fr\/gerardmerinfo\/wp-json\/wp\/v2\/tags?post=39042"}],"curies":[{"name":"wp","href":"https:\/\/api.w.org\/{rel}","templated":true}]}}