{"id":39047,"date":"2019-01-15T16:48:22","date_gmt":"2019-01-15T15:48:22","guid":{"rendered":"https:\/\/vosgesinfo.fr\/gerardmerinfo\/2019\/01\/groupement-hotelier-on-donne-on-donne\/"},"modified":"2019-01-15T16:48:22","modified_gmt":"2019-01-15T15:48:22","slug":"groupement-hotelier-on-donne-on-donne","status":"publish","type":"post","link":"https:\/\/vosgesinfo.fr\/gerardmerinfo\/2019\/01\/groupement-hotelier-on-donne-on-donne\/","title":{"rendered":"Groupement H\u00f4telier : \u00ab\u00a0quand on donne, on donne !\u00a0\u00bb"},"content":{"rendered":"<div id=\"attachment_140399\" style=\"width: 610px\" class=\"wp-caption aligncenter\"><a href=\"\/2019\/01\/groupement-des-hoteliers-2019-g\u00e9rardmer-3.jpg\"><img decoding=\"async\" aria-describedby=\"caption-attachment-140399\" class=\"wp-image-140399\" src=\"\/2019\/01\/groupement-des-hoteliers-2019-g\u00e9rardmer-3.jpg\" alt=\"Fran\u00e7ois Cornil (Le Bistrot de la Perle) succ\u00e8de \u00e0 Fred Jacquot (h\u00f4tel les Bains) au poste de pr\u00e9sident du groupement.\" width=\"600\" height=\"450\" \/><\/a><p id=\"caption-attachment-140399\" class=\"wp-caption-text\"><span style=\"color: #000080;\">Fran\u00e7ois Cornil (Le Bistrot de la Perle) succ\u00e8de \u00e0 Fred Jacquot (h\u00f4tel les Bains) au poste de pr\u00e9sident du groupement.<\/span><\/p><\/div>\n<h3><span style=\"font-size: 14pt;\">Les assises annuelles du Groupement H\u00f4telier (r\u00e9unissant h\u00f4teliers, restaurateurs et cafetiers de G\u00e9rardmer) se sont d\u00e9roul\u00e9es \u00e0 la Route Verte ce lundi apr\u00e8s-midi. L&rsquo;occasion pour le pr\u00e9sident sortant Fred Jacquot de remettre quelques pendules \u00e0 l&rsquo;heure et de rappeler la raison d&rsquo;\u00eatre de l&rsquo;association.<\/span><\/h3>\n<p><a href=\"\/2019\/01\/groupement-des-hoteliers-2019-g\u00e9rardmer-1.jpg\"><img decoding=\"async\" class=\"alignleft size-medium wp-image-140400\" src=\"\/2019\/01\/groupement-des-hoteliers-2019-g\u00e9rardmer-1-340x255.jpg\" alt=\"groupement des hoteliers 2019 g\u00e9rardmer (1)\" width=\"340\" height=\"255\" \/><\/a>En effet, au cas o\u00f9 certains l&rsquo;auraient oubli\u00e9 (ou ne le saurait pas encore), Fred Jacquot a profit\u00e9 de cette assembl\u00e9e g\u00e9n\u00e9rale pour rappeler que l&rsquo;objectif du groupement \u00e9tait avant tout de promouvoir G\u00e9rardmer et ses \u00e9tablissements lors des manifestations qui ont lieu dans le secteur, mais aussi de d\u00e9fendre les int\u00e9r\u00eats des h\u00f4teliers, restaurateurs et cafetiers qu&rsquo;il repr\u00e9sente, soit 116 adh\u00e9rents aux derni\u00e8res nouvelles. \u00ab\u00a0Et quand je dis \u00e7a, j&rsquo;entends que nous devons d\u00e9fendre nos int\u00e9r\u00eats aupr\u00e8s des diff\u00e9rentes institutions et collectivit\u00e9s, non pas de mani\u00e8re frontale et conflictuelle, mais en travaillant et en avan\u00e7ant avec elles\u00a0\u00bb pr\u00e9cisera le pr\u00e9sident sortant.<\/p>\n<p>\u00ab\u00a0Notre but est d&rsquo;accompagner les autres associations, de nous mette \u00e0 leur disposition. (&#8230;) A ce propos, je voudrais \u00e9voquer la nouvelle mode des conventions. D\u00e9sormais, je vois passer des conventions pour tout, je tiens \u00e0 vous mettre en garde l\u00e0-dessus. En a t-on vraiment besoin ? Le groupement a toujours r\u00e9pondu pr\u00e9sent et tenu ses promesses. Ces convention sont souvent synonymes de compensations que l&rsquo;on doit coucher sur papier. Mais la compensation, nous l&rsquo;avons d\u00e9j\u00e0 : ce sont les personnes qui viennent chez nous et viennent ou reviennent \u00e0 G\u00e9rardmer parce qu&rsquo;elles ont entendu parler de nous lors des manifestations que nous soutenons. L&rsquo; objectif du groupement n&rsquo;est pas de faire du chiffre, quand on donne, on donne ! J&rsquo;esp\u00e8re donc que le rapport humain et la parole sont encore des valeurs, surtout \u00e0 G\u00e9rardmer !\u00a0\u00bb A bon entendeur&#8230;<\/p>\n<p><a href=\"\/2019\/01\/groupement-des-hoteliers-2019-g\u00e9rardmer-2.jpg\"><img decoding=\"async\" class=\"alignright size-medium wp-image-140401\" src=\"\/2019\/01\/groupement-des-hoteliers-2019-g\u00e9rardmer-2-340x255.jpg\" alt=\"groupement des hoteliers 2019 g\u00e9rardmer (2)\" width=\"340\" height=\"255\" \/><\/a>Autre point important abord\u00e9 par Fred Jacquot, les r\u00e9seaux sociaux et le grand d\u00e9ballage pour le moins dispensable, selon lui qui regrettait que certains \u00ab\u00a0d\u00e9saccords\u00a0\u00bb finissent par non pas se r\u00e9gler, mais s&rsquo;envenimer sur la toile. \u00ab\u00a0Le fait que cela atterrisse sur les r\u00e9seaux sociaux est dommageable, cela ne rend pas service \u00e0 notre ville, \u00e0 notre association, \u00e0 nos confr\u00e8res, c&rsquo;est l&rsquo;image de notre profession qui en p\u00e2tit&#8230; M\u00eame s&rsquo;il y a des d\u00e9saccords, il vaut mieux privil\u00e9gier le dialogue et le d\u00e9bat, le bureau du groupement est l\u00e0 pour \u00e7a, on en discute, on essaye de trouver des solutions, c&rsquo;est quand m\u00eame mieux que de passer par les r\u00e9seaux sociaux\u00a0\u00bb rappellera le pr\u00e9sident.<\/p>\n<p>Que dire de plus, sinon que le groupement sera une nouvelle fois sur le pont d\u00e8s la fin du mois de Janvier avec le grand rendez-vous du d\u00e9but d&rsquo;ann\u00e9e en Perle des Vosges. Il s&rsquo;agit bien entendu du Festival International du Film Fantastique. L&rsquo;association prendra en charge le repas de gala au Lido et, comme toujours, le repas des b\u00e9n\u00e9voles. Rappelons que l&rsquo;an dernier, le groupement avait organis\u00e9 le repas des 25 ans \u00e0 la patinoire locale avec le lyc\u00e9e Chardin, un vrai succ\u00e8s avec un maximum de convives ! Il avait \u00e9galement apport\u00e9 son soutien au Motordays et comme toujours aux animations sur le domaine skiable de la Mauselaine pendant la p\u00e9riode hivernale. Un effort financier qui sera maintenu en 2019 m\u00eame si le chaud laser n&rsquo;a pas \u00e9t\u00e9 retenu cette ann\u00e9e. Le vin \u00ab\u00a0show\u00a0\u00bb , lui sera aussi de la partie aux pieds des pistes&#8230; Voil\u00e0 dans les grandes lignes quel sera le \u00ab\u00a0menu\u00a0\u00bb pour le groupement qui aura comme toujours du pain sur la planche !<\/p>\n<p><strong>Suite \u00e0 cette assembl\u00e9e g\u00e9n\u00e9rale du Groupement H\u00f4telier de G\u00e9rardmer, un nouveau bureau a \u00e9t\u00e9 \u00e9lu :<\/strong><\/p>\n<p>Pr\u00e9sident : Fran\u00e7ois CORNIL &#8211; Le Bistrot de la Perle<br \/>\nVice Pr\u00e9sident : Anicet CLAUDON &#8211; La Taverne Alsacienne<br \/>\nTr\u00e9sorier : Anicet CLAUDON &#8211; La Taverne Alsacienne<br \/>\nSecr\u00e9taires : Lorris MOUGEL &#8211; Bar Le Tramway<br \/>\nC\u00e9line HAZEMANN (UMIH88)<br \/>\nResponsable des h\u00f4tels : Pierre REMY &#8211; Grand H\u00f4tel G\u00e9rardmer et SPA<br \/>\nResponsable des restaurants : V\u00e9ronique THIERRY &#8211; Restaurant le Vesuvio<br \/>\nResponsable des bars : Lorris MOUGEL &#8211; Bar Le Tramway<br \/>\nResponsable des discoth\u00e8ques : Fabien TISSERAND &#8211; Discoth\u00e8que Le Black Pearl<\/p>\n<p>Composition du comit\u00e9 :<br \/>\nFran\u00e7ois CORNIL, Anicet CLAUDON, Lorris MOUGEL, Pierre REMY, V\u00e9ronique THIERRY, Fabien TISSERAND, Xavier AUBERT, William DUPONT, La\u00ebtitia BOURGEOIS, Lionel LAUG, Vanessa COUTRET, Olivier DUVIC, Nathalie KEUSCH, Isabelle BETTIG, Fr\u00e9d\u00e9ric JACQUOT, Thierry FiCHENICK, Fran\u00e7ois BALLAND.<\/p>\n","protected":false},"excerpt":{"rendered":"<p>Les assises annuelles du Groupement H\u00f4telier (r\u00e9unissant h\u00f4teliers, restaurateurs et cafetiers de G\u00e9rardmer) se sont d\u00e9roul\u00e9es \u00e0 la Route Verte [&hellip;]<\/p>\n","protected":false},"author":42,"featured_media":39048,"comment_status":"open","ping_status":"open","sticky":false,"template":"","format":"standard","meta":{"footnotes":""},"categories":[20,25,17],"tags":[475],"class_list":["post-39047","post","type-post","status-publish","format-standard","has-post-thumbnail","hentry","category-a-la-une","category-gerardmer","category-vie-associative","tag-groupement-hotelier"],"acf":[],"yoast_head":"<!-- This site is optimized with the Yoast SEO plugin v22.5 - https:\/\/yoast.com\/wordpress\/plugins\/seo\/ -->\n<title>Groupement H\u00f4telier : &quot;quand on donne, on donne !&quot; - Gerardmer Info<\/title>\n<meta name=\"robots\" content=\"index, follow, max-snippet:-1, max-image-preview:large, max-video-preview:-1\" \/>\n<link rel=\"canonical\" href=\"https:\/\/vosgesinfo.fr\/gerardmerinfo\/2019\/01\/groupement-hotelier-on-donne-on-donne\/\" \/>\n<meta name=\"twitter:card\" content=\"summary_large_image\" \/>\n<meta name=\"twitter:title\" content=\"Groupement H\u00f4telier : &quot;quand on donne, on donne !&quot; - Gerardmer Info\" \/>\n<meta name=\"twitter:description\" content=\"Les assises annuelles du Groupement H\u00f4telier (r\u00e9unissant h\u00f4teliers, restaurateurs et cafetiers de G\u00e9rardmer) se sont d\u00e9roul\u00e9es \u00e0 la Route Verte [&hellip;]\" \/>\n<meta name=\"twitter:image\" content=\"https:\/\/vosgesinfo.fr\/app\/uploads\/sites\/6\/2024\/07\/201901groupement-des-hoteliers-2019-gerardmer-1.jpg\" \/>\n<meta name=\"twitter:creator\" content=\"@VosgesInfo88\" \/>\n<meta name=\"twitter:site\" content=\"@VosgesInfo88\" \/>\n<meta name=\"twitter:label1\" content=\"\u00c9crit par\" \/>\n\t<meta name=\"twitter:data1\" content=\"QG\" \/>\n\t<meta name=\"twitter:label2\" content=\"Dur\u00e9e de lecture estim\u00e9e\" \/>\n\t<meta name=\"twitter:data2\" content=\"4 minutes\" \/>\n<script type=\"application\/ld+json\" class=\"yoast-schema-graph\">{\"@context\":\"https:\/\/schema.org\",\"@graph\":[{\"@type\":\"Article\",\"@id\":\"https:\/\/vosgesinfo.fr\/gerardmerinfo\/2019\/01\/groupement-hotelier-on-donne-on-donne\/#article\",\"isPartOf\":{\"@id\":\"https:\/\/vosgesinfo.fr\/gerardmerinfo\/2019\/01\/groupement-hotelier-on-donne-on-donne\/\"},\"author\":{\"name\":\"QG\",\"@id\":\"https:\/\/vosgesinfo.fr\/gerardmerinfo\/#\/schema\/person\/db5605779a843dad16b5368f3e7613a5\"},\"headline\":\"Groupement H\u00f4telier : \u00ab\u00a0quand on donne, on donne !\u00a0\u00bb\",\"datePublished\":\"2019-01-15T15:48:22+00:00\",\"dateModified\":\"2019-01-15T15:48:22+00:00\",\"mainEntityOfPage\":{\"@id\":\"https:\/\/vosgesinfo.fr\/gerardmerinfo\/2019\/01\/groupement-hotelier-on-donne-on-donne\/\"},\"wordCount\":820,\"commentCount\":0,\"publisher\":{\"@id\":\"https:\/\/vosgesinfo.fr\/gerardmerinfo\/#organization\"},\"image\":{\"@id\":\"https:\/\/vosgesinfo.fr\/gerardmerinfo\/2019\/01\/groupement-hotelier-on-donne-on-donne\/#primaryimage\"},\"thumbnailUrl\":\"https:\/\/vosgesinfo.fr\/app\/uploads\/sites\/6\/2024\/07\/201901groupement-des-hoteliers-2019-gerardmer-1.jpg\",\"keywords\":[\"groupement hotelier\"],\"articleSection\":[\"A la une\",\"G\u00e9rardmer\",\"Vie Associative\"],\"inLanguage\":\"fr-FR\",\"potentialAction\":[{\"@type\":\"CommentAction\",\"name\":\"Comment\",\"target\":[\"https:\/\/vosgesinfo.fr\/gerardmerinfo\/2019\/01\/groupement-hotelier-on-donne-on-donne\/#respond\"]}]},{\"@type\":\"WebPage\",\"@id\":\"https:\/\/vosgesinfo.fr\/gerardmerinfo\/2019\/01\/groupement-hotelier-on-donne-on-donne\/\",\"url\":\"https:\/\/vosgesinfo.fr\/gerardmerinfo\/2019\/01\/groupement-hotelier-on-donne-on-donne\/\",\"name\":\"Groupement H\u00f4telier : \\\"quand on donne, on donne !\\\" - Gerardmer Info\",\"isPartOf\":{\"@id\":\"https:\/\/vosgesinfo.fr\/gerardmerinfo\/#website\"},\"primaryImageOfPage\":{\"@id\":\"https:\/\/vosgesinfo.fr\/gerardmerinfo\/2019\/01\/groupement-hotelier-on-donne-on-donne\/#primaryimage\"},\"image\":{\"@id\":\"https:\/\/vosgesinfo.fr\/gerardmerinfo\/2019\/01\/groupement-hotelier-on-donne-on-donne\/#primaryimage\"},\"thumbnailUrl\":\"https:\/\/vosgesinfo.fr\/app\/uploads\/sites\/6\/2024\/07\/201901groupement-des-hoteliers-2019-gerardmer-1.jpg\",\"datePublished\":\"2019-01-15T15:48:22+00:00\",\"dateModified\":\"2019-01-15T15:48:22+00:00\",\"breadcrumb\":{\"@id\":\"https:\/\/vosgesinfo.fr\/gerardmerinfo\/2019\/01\/groupement-hotelier-on-donne-on-donne\/#breadcrumb\"},\"inLanguage\":\"fr-FR\",\"potentialAction\":[{\"@type\":\"ReadAction\",\"target\":[\"https:\/\/vosgesinfo.fr\/gerardmerinfo\/2019\/01\/groupement-hotelier-on-donne-on-donne\/\"]}]},{\"@type\":\"ImageObject\",\"inLanguage\":\"fr-FR\",\"@id\":\"https:\/\/vosgesinfo.fr\/gerardmerinfo\/2019\/01\/groupement-hotelier-on-donne-on-donne\/#primaryimage\",\"url\":\"https:\/\/vosgesinfo.fr\/app\/uploads\/sites\/6\/2024\/07\/201901groupement-des-hoteliers-2019-gerardmer-1.jpg\",\"contentUrl\":\"https:\/\/vosgesinfo.fr\/app\/uploads\/sites\/6\/2024\/07\/201901groupement-des-hoteliers-2019-gerardmer-1.jpg\",\"width\":800,\"height\":600},{\"@type\":\"BreadcrumbList\",\"@id\":\"https:\/\/vosgesinfo.fr\/gerardmerinfo\/2019\/01\/groupement-hotelier-on-donne-on-donne\/#breadcrumb\",\"itemListElement\":[{\"@type\":\"ListItem\",\"position\":1,\"name\":\"Home\",\"item\":\"https:\/\/vosgesinfo.fr\/gerardmerinfo\/\"},{\"@type\":\"ListItem\",\"position\":2,\"name\":\"Groupement H\u00f4telier : \u00ab\u00a0quand on donne, on donne !\u00a0\u00bb\"}]},{\"@type\":\"WebSite\",\"@id\":\"https:\/\/vosgesinfo.fr\/gerardmerinfo\/#website\",\"url\":\"https:\/\/vosgesinfo.fr\/gerardmerinfo\/\",\"name\":\"Gerardmer Info\",\"description\":\"Toute l&#039;actualit\u00e9 de G\u00e9rardmer\",\"publisher\":{\"@id\":\"https:\/\/vosgesinfo.fr\/gerardmerinfo\/#organization\"},\"alternateName\":\"Toute l'actualit\u00e9 de G\u00e9rardmer\",\"potentialAction\":[{\"@type\":\"SearchAction\",\"target\":{\"@type\":\"EntryPoint\",\"urlTemplate\":\"https:\/\/vosgesinfo.fr\/gerardmerinfo\/?s={search_term_string}\"},\"query-input\":\"required name=search_term_string\"}],\"inLanguage\":\"fr-FR\"},{\"@type\":\"Organization\",\"@id\":\"https:\/\/vosgesinfo.fr\/gerardmerinfo\/#organization\",\"name\":\"Gerardmer Info\",\"url\":\"https:\/\/vosgesinfo.fr\/gerardmerinfo\/\",\"logo\":{\"@type\":\"ImageObject\",\"inLanguage\":\"fr-FR\",\"@id\":\"https:\/\/vosgesinfo.fr\/gerardmerinfo\/#\/schema\/logo\/image\/\",\"url\":\"https:\/\/vosgesinfo.fr\/app\/uploads\/sites\/6\/2023\/08\/favicon-gerardmerinfo.png\",\"contentUrl\":\"https:\/\/vosgesinfo.fr\/app\/uploads\/sites\/6\/2023\/08\/favicon-gerardmerinfo.png\",\"width\":512,\"height\":512,\"caption\":\"Gerardmer Info\"},\"image\":{\"@id\":\"https:\/\/vosgesinfo.fr\/gerardmerinfo\/#\/schema\/logo\/image\/\"},\"sameAs\":[\"https:\/\/www.facebook.com\/profile.php?id=100049475262660\",\"https:\/\/x.com\/VosgesInfo88\",\"https:\/\/www.youtube.com\/@vosgesinfo\"]},{\"@type\":\"Person\",\"@id\":\"https:\/\/vosgesinfo.fr\/gerardmerinfo\/#\/schema\/person\/db5605779a843dad16b5368f3e7613a5\",\"name\":\"QG\",\"image\":{\"@type\":\"ImageObject\",\"inLanguage\":\"fr-FR\",\"@id\":\"https:\/\/vosgesinfo.fr\/gerardmerinfo\/#\/schema\/person\/image\/\",\"url\":\"https:\/\/secure.gravatar.com\/avatar\/ea80c42c204b534408512832fde52504ecabb9706bcb6151cf6175e5b64e6793?s=96&d=mm&r=g\",\"contentUrl\":\"https:\/\/secure.gravatar.com\/avatar\/ea80c42c204b534408512832fde52504ecabb9706bcb6151cf6175e5b64e6793?s=96&d=mm&r=g\",\"caption\":\"QG\"},\"url\":\"https:\/\/vosgesinfo.fr\/gerardmerinfo\/author\/quentin88\/\"}]}<\/script>\n<!-- \/ Yoast SEO plugin. -->","yoast_head_json":{"title":"Groupement H\u00f4telier : \"quand on donne, on donne !\" - Gerardmer Info","robots":{"index":"index","follow":"follow","max-snippet":"max-snippet:-1","max-image-preview":"max-image-preview:large","max-video-preview":"max-video-preview:-1"},"canonical":"https:\/\/vosgesinfo.fr\/gerardmerinfo\/2019\/01\/groupement-hotelier-on-donne-on-donne\/","twitter_card":"summary_large_image","twitter_title":"Groupement H\u00f4telier : \"quand on donne, on donne !\" - Gerardmer Info","twitter_description":"Les assises annuelles du Groupement H\u00f4telier (r\u00e9unissant h\u00f4teliers, restaurateurs et cafetiers de G\u00e9rardmer) se sont d\u00e9roul\u00e9es \u00e0 la Route Verte [&hellip;]","twitter_image":"https:\/\/vosgesinfo.fr\/app\/uploads\/sites\/6\/2024\/07\/201901groupement-des-hoteliers-2019-gerardmer-1.jpg","twitter_creator":"@VosgesInfo88","twitter_site":"@VosgesInfo88","twitter_misc":{"\u00c9crit par":"QG","Dur\u00e9e de lecture estim\u00e9e":"4 minutes"},"schema":{"@context":"https:\/\/schema.org","@graph":[{"@type":"Article","@id":"https:\/\/vosgesinfo.fr\/gerardmerinfo\/2019\/01\/groupement-hotelier-on-donne-on-donne\/#article","isPartOf":{"@id":"https:\/\/vosgesinfo.fr\/gerardmerinfo\/2019\/01\/groupement-hotelier-on-donne-on-donne\/"},"author":{"name":"QG","@id":"https:\/\/vosgesinfo.fr\/gerardmerinfo\/#\/schema\/person\/db5605779a843dad16b5368f3e7613a5"},"headline":"Groupement H\u00f4telier : \u00ab\u00a0quand on donne, on donne !\u00a0\u00bb","datePublished":"2019-01-15T15:48:22+00:00","dateModified":"2019-01-15T15:48:22+00:00","mainEntityOfPage":{"@id":"https:\/\/vosgesinfo.fr\/gerardmerinfo\/2019\/01\/groupement-hotelier-on-donne-on-donne\/"},"wordCount":820,"commentCount":0,"publisher":{"@id":"https:\/\/vosgesinfo.fr\/gerardmerinfo\/#organization"},"image":{"@id":"https:\/\/vosgesinfo.fr\/gerardmerinfo\/2019\/01\/groupement-hotelier-on-donne-on-donne\/#primaryimage"},"thumbnailUrl":"https:\/\/vosgesinfo.fr\/app\/uploads\/sites\/6\/2024\/07\/201901groupement-des-hoteliers-2019-gerardmer-1.jpg","keywords":["groupement hotelier"],"articleSection":["A la une","G\u00e9rardmer","Vie Associative"],"inLanguage":"fr-FR","potentialAction":[{"@type":"CommentAction","name":"Comment","target":["https:\/\/vosgesinfo.fr\/gerardmerinfo\/2019\/01\/groupement-hotelier-on-donne-on-donne\/#respond"]}]},{"@type":"WebPage","@id":"https:\/\/vosgesinfo.fr\/gerardmerinfo\/2019\/01\/groupement-hotelier-on-donne-on-donne\/","url":"https:\/\/vosgesinfo.fr\/gerardmerinfo\/2019\/01\/groupement-hotelier-on-donne-on-donne\/","name":"Groupement H\u00f4telier : \"quand on donne, on donne !\" - Gerardmer Info","isPartOf":{"@id":"https:\/\/vosgesinfo.fr\/gerardmerinfo\/#website"},"primaryImageOfPage":{"@id":"https:\/\/vosgesinfo.fr\/gerardmerinfo\/2019\/01\/groupement-hotelier-on-donne-on-donne\/#primaryimage"},"image":{"@id":"https:\/\/vosgesinfo.fr\/gerardmerinfo\/2019\/01\/groupement-hotelier-on-donne-on-donne\/#primaryimage"},"thumbnailUrl":"https:\/\/vosgesinfo.fr\/app\/uploads\/sites\/6\/2024\/07\/201901groupement-des-hoteliers-2019-gerardmer-1.jpg","datePublished":"2019-01-15T15:48:22+00:00","dateModified":"2019-01-15T15:48:22+00:00","breadcrumb":{"@id":"https:\/\/vosgesinfo.fr\/gerardmerinfo\/2019\/01\/groupement-hotelier-on-donne-on-donne\/#breadcrumb"},"inLanguage":"fr-FR","potentialAction":[{"@type":"ReadAction","target":["https:\/\/vosgesinfo.fr\/gerardmerinfo\/2019\/01\/groupement-hotelier-on-donne-on-donne\/"]}]},{"@type":"ImageObject","inLanguage":"fr-FR","@id":"https:\/\/vosgesinfo.fr\/gerardmerinfo\/2019\/01\/groupement-hotelier-on-donne-on-donne\/#primaryimage","url":"https:\/\/vosgesinfo.fr\/app\/uploads\/sites\/6\/2024\/07\/201901groupement-des-hoteliers-2019-gerardmer-1.jpg","contentUrl":"https:\/\/vosgesinfo.fr\/app\/uploads\/sites\/6\/2024\/07\/201901groupement-des-hoteliers-2019-gerardmer-1.jpg","width":800,"height":600},{"@type":"BreadcrumbList","@id":"https:\/\/vosgesinfo.fr\/gerardmerinfo\/2019\/01\/groupement-hotelier-on-donne-on-donne\/#breadcrumb","itemListElement":[{"@type":"ListItem","position":1,"name":"Home","item":"https:\/\/vosgesinfo.fr\/gerardmerinfo\/"},{"@type":"ListItem","position":2,"name":"Groupement H\u00f4telier : \u00ab\u00a0quand on donne, on donne !\u00a0\u00bb"}]},{"@type":"WebSite","@id":"https:\/\/vosgesinfo.fr\/gerardmerinfo\/#website","url":"https:\/\/vosgesinfo.fr\/gerardmerinfo\/","name":"Gerardmer Info","description":"Toute l&#039;actualit\u00e9 de G\u00e9rardmer","publisher":{"@id":"https:\/\/vosgesinfo.fr\/gerardmerinfo\/#organization"},"alternateName":"Toute l'actualit\u00e9 de G\u00e9rardmer","potentialAction":[{"@type":"SearchAction","target":{"@type":"EntryPoint","urlTemplate":"https:\/\/vosgesinfo.fr\/gerardmerinfo\/?s={search_term_string}"},"query-input":"required name=search_term_string"}],"inLanguage":"fr-FR"},{"@type":"Organization","@id":"https:\/\/vosgesinfo.fr\/gerardmerinfo\/#organization","name":"Gerardmer Info","url":"https:\/\/vosgesinfo.fr\/gerardmerinfo\/","logo":{"@type":"ImageObject","inLanguage":"fr-FR","@id":"https:\/\/vosgesinfo.fr\/gerardmerinfo\/#\/schema\/logo\/image\/","url":"https:\/\/vosgesinfo.fr\/app\/uploads\/sites\/6\/2023\/08\/favicon-gerardmerinfo.png","contentUrl":"https:\/\/vosgesinfo.fr\/app\/uploads\/sites\/6\/2023\/08\/favicon-gerardmerinfo.png","width":512,"height":512,"caption":"Gerardmer Info"},"image":{"@id":"https:\/\/vosgesinfo.fr\/gerardmerinfo\/#\/schema\/logo\/image\/"},"sameAs":["https:\/\/www.facebook.com\/profile.php?id=100049475262660","https:\/\/x.com\/VosgesInfo88","https:\/\/www.youtube.com\/@vosgesinfo"]},{"@type":"Person","@id":"https:\/\/vosgesinfo.fr\/gerardmerinfo\/#\/schema\/person\/db5605779a843dad16b5368f3e7613a5","name":"QG","image":{"@type":"ImageObject","inLanguage":"fr-FR","@id":"https:\/\/vosgesinfo.fr\/gerardmerinfo\/#\/schema\/person\/image\/","url":"https:\/\/secure.gravatar.com\/avatar\/ea80c42c204b534408512832fde52504ecabb9706bcb6151cf6175e5b64e6793?s=96&d=mm&r=g","contentUrl":"https:\/\/secure.gravatar.com\/avatar\/ea80c42c204b534408512832fde52504ecabb9706bcb6151cf6175e5b64e6793?s=96&d=mm&r=g","caption":"QG"},"url":"https:\/\/vosgesinfo.fr\/gerardmerinfo\/author\/quentin88\/"}]}},"_links":{"self":[{"href":"https:\/\/vosgesinfo.fr\/gerardmerinfo\/wp-json\/wp\/v2\/posts\/39047","targetHints":{"allow":["GET"]}}],"collection":[{"href":"https:\/\/vosgesinfo.fr\/gerardmerinfo\/wp-json\/wp\/v2\/posts"}],"about":[{"href":"https:\/\/vosgesinfo.fr\/gerardmerinfo\/wp-json\/wp\/v2\/types\/post"}],"author":[{"embeddable":true,"href":"https:\/\/vosgesinfo.fr\/gerardmerinfo\/wp-json\/wp\/v2\/users\/42"}],"replies":[{"embeddable":true,"href":"https:\/\/vosgesinfo.fr\/gerardmerinfo\/wp-json\/wp\/v2\/comments?post=39047"}],"version-history":[{"count":0,"href":"https:\/\/vosgesinfo.fr\/gerardmerinfo\/wp-json\/wp\/v2\/posts\/39047\/revisions"}],"wp:featuredmedia":[{"embeddable":true,"href":"https:\/\/vosgesinfo.fr\/gerardmerinfo\/wp-json\/wp\/v2\/media\/39048"}],"wp:attachment":[{"href":"https:\/\/vosgesinfo.fr\/gerardmerinfo\/wp-json\/wp\/v2\/media?parent=39047"}],"wp:term":[{"taxonomy":"category","embeddable":true,"href":"https:\/\/vosgesinfo.fr\/gerardmerinfo\/wp-json\/wp\/v2\/categories?post=39047"},{"taxonomy":"post_tag","embeddable":true,"href":"https:\/\/vosgesinfo.fr\/gerardmerinfo\/wp-json\/wp\/v2\/tags?post=39047"}],"curies":[{"name":"wp","href":"https:\/\/api.w.org\/{rel}","templated":true}]}}