{"id":39054,"date":"2019-01-15T16:47:08","date_gmt":"2019-01-15T15:47:08","guid":{"rendered":"https:\/\/vosgesinfo.fr\/gerardmerinfo\/2019\/01\/prochain-don-sang-mercredi-16-janvier-tilleul\/"},"modified":"2019-01-15T16:47:08","modified_gmt":"2019-01-15T15:47:08","slug":"prochain-don-sang-mercredi-16-janvier-tilleul","status":"publish","type":"post","link":"https:\/\/vosgesinfo.fr\/gerardmerinfo\/2019\/01\/prochain-don-sang-mercredi-16-janvier-tilleul\/","title":{"rendered":"Prochain don du sang ce mercredi 16 janvier au Tilleul"},"content":{"rendered":"<p align=\"CENTER\"><span style=\"color: #0000ff;\"><span style=\"font-family: Georgia, serif;\"><span style=\"font-size: large;\">MERCI, MERCI, MERCI, ENCORE MILLE FOIS MERCI <\/span><\/span><\/span><\/p>\n<p>&nbsp;<\/p>\n<p align=\"CENTER\"><span style=\"color: #0000ff;\"><span style=\"font-family: Georgia, serif;\"><span style=\"font-size: large;\">aux 1121 Donneuses et Donneurs qui ont pris part \u00e0 au moins une collecte en 2018 (+6,25%), beaucoup l&rsquo;ayant fait davantage, et aux 98 qui ont franchi le cap du premier don, le plus difficile\u00a0!<\/span><\/span><\/span><\/p>\n<p>&nbsp;<\/p>\n<p align=\"CENTER\"><span style=\"color: #0000ff;\"><span style=\"font-family: Georgia, serif;\"><span style=\"font-size: large;\">2018 a donc \u00e9t\u00e9 gr\u00e2ce \u00e0 vous une tr\u00e8s bonne ann\u00e9e pour le Don du Sang B\u00e9n\u00e9vole dans notre secteur.<\/span><\/span><\/span><\/p>\n<p>&nbsp;<\/p>\n<p>&nbsp;<\/p>\n<p align=\"CENTER\"><span style=\"color: #ff0000;\"><span style=\"font-family: Georgia, serif;\"><span style=\"font-size: large;\">Et si 2019 commen\u00e7ait sur les chapeaux de roues\u00a0? <\/span><\/span><\/span><\/p>\n<p>&nbsp;<\/p>\n<p align=\"CENTER\"><span style=\"color: #ff0000;\"><span style=\"font-family: Georgia, serif;\"><span style=\"font-size: large;\">CHICHE\u00a0!!!<img decoding=\"async\" src=\"data:image\/gif;base64,R0lGODlhAQABAIAAAAAAAP\/\/\/yH5BAEAAAEALAAAAAABAAEAAAIBTAA7\" alt=\"\" data-imagetype=\"Empty\" data-imageerror=\"SrcNullOrEmpty\" \/>\u00a0<\/span><\/span><\/span><\/p>\n<p>&nbsp;<\/p>\n<p>&nbsp;<\/p>\n<p align=\"CENTER\"><span style=\"color: #ff0000;\"><span style=\"font-family: Georgia, serif;\"><span style=\"font-size: large;\">Mercredi 16 Janvier <\/span><\/span><\/span><\/p>\n<p>&nbsp;<\/p>\n<p align=\"CENTER\"><span style=\"color: #ff0000;\"><span style=\"font-family: Georgia, serif;\"><span style=\"font-size: large;\">\u00e0 l&rsquo;Espace du Tilleul<\/span><\/span><\/span><\/p>\n<p>&nbsp;<\/p>\n<p align=\"CENTER\"><span style=\"color: #ff0000;\"><span style=\"font-family: Georgia, serif;\"><span style=\"font-size: large;\">de 8h30 \u00e0 12h00<\/span><\/span><\/span><\/p>\n<p>&nbsp;<\/p>\n<p align=\"CENTER\"><span style=\"color: #ff0000;\"><span style=\"font-family: Georgia, serif;\"><span style=\"font-size: large;\">et de 16h00 \u00e0 19h30<\/span><\/span><\/span><\/p>\n<p>&nbsp;<\/p>\n<p>&nbsp;<\/p>\n<p align=\"CENTER\"><span style=\"color: #00ae00;\"><span style=\"font-family: Georgia, serif;\"><span style=\"font-size: large;\">Ce sera la 2\u00e8me collecte \u00e9v\u00e9nementielle, organis\u00e9e conjointement avec le Rotary Club et l&rsquo;Inner Wheel, qui c\u00e9l\u00e9brera le 20\u00b0 anniversaire de l&rsquo;op\u00e9ration du Rotary <\/span><\/span><\/span><\/p>\n<p>&nbsp;<\/p>\n<p align=\"CENTER\"><span style=\"color: #00ae00;\"><span style=\"font-family: Georgia, serif;\"><span style=\"font-size: large;\">\u00ab\u00a0Mon Sang Pour les Autres\u00a0\u00bb<\/span><\/span><\/span><\/p>\n<p>&nbsp;<\/p>\n<p>&nbsp;<\/p>\n<p align=\"CENTER\"><span style=\"color: #ff3333;\"><span style=\"font-family: Georgia, serif;\"><span style=\"font-size: large;\">Pour f\u00eater \u00e7a, la collation habituelle sera agr\u00e9ment\u00e9e de p\u00e2t\u00e9s lorrains servis avec de la salade, de diminu\u00e9s sucr\u00e9s et de viennoiseries r\u00e9alis\u00e9s par les \u00e9l\u00e8ves du Lyc\u00e9e des M\u00e9tiers de l&rsquo;H\u00f4tellerie Jean-Baptiste-Sim\u00e9on Chardin<\/span><\/span><\/span><\/p>\n<p>&nbsp;<\/p>\n<p>&nbsp;<\/p>\n<p align=\"CENTER\"><span style=\"color: #0000ff;\"><span style=\"font-family: Georgia, serif;\"><span style=\"font-size: large;\">Toute la matin\u00e9e, un mur d&rsquo;images et de sons animera la collation. L&rsquo;apr\u00e8s-midi, diverses animations musicales se relayeront jusqu&rsquo;\u00e0 l&rsquo;arriv\u00e9e de M.Jean-Emile Schmitt qui animera un atelier chocolat et vous offrira ses d\u00e9licieuses sp\u00e9cialit\u00e9s.<\/span><\/span><\/span><\/p>\n<p>&nbsp;<\/p>\n<p>&nbsp;<\/p>\n<p align=\"CENTER\"><span style=\"color: #00ae00;\"><span style=\"font-family: Georgia, serif;\"><span style=\"font-size: large;\">Pour que ce soit une v\u00e9ritable f\u00eate de la g\u00e9n\u00e9rosit\u00e9,<\/span><\/span><\/span><\/p>\n<p>&nbsp;<\/p>\n<p align=\"CENTER\"><span style=\"color: #00ae00;\"><span style=\"font-family: Georgia, serif;\"><span style=\"font-size: large;\">Venez encore plus nombreux que d&rsquo;habitude et essayez de d\u00e9cider autour de vous celles et ceux qui n&rsquo;ont pas encore fait le pas du premier don car une surprise leur est r\u00e9serv\u00e9e\u00a0!<\/span><\/span><\/span><\/p>\n<p>&nbsp;<\/p>\n<p>&nbsp;<\/p>\n<p align=\"CENTER\"><span style=\"color: #ff0000;\"><span style=\"font-family: Georgia, serif;\"><span style=\"font-size: large;\"><strong>NE MANQUEZ PAS CETTE PREMIERE COLLECTE\u00a0DE 2019 si vous n&rsquo;avez pas particip\u00e9 \u00e0 celle du 20 d\u00e9cembre 2018 \u00e0 Xonrupt !<\/strong><\/span><\/span><\/span><\/p>\n<p>&nbsp;<\/p>\n<p align=\"CENTER\"><span style=\"color: #0047ff;\"><span style=\"font-size: large;\"><strong>N&rsquo;oubliez pas\u00a0! <\/strong><\/span><\/span><\/p>\n<p>&nbsp;<\/p>\n<p>&nbsp;<\/p>\n<p align=\"CENTER\"><span style=\"color: #ff0000;\"><span style=\"font-family: Georgia, serif;\"><span style=\"font-size: large;\"><strong>SANS VOS DONS RIEN N&rsquo;EST POSSIBLE\u00a0!<\/strong><\/span><\/span><\/span><\/p>\n<p align=\"CENTER\"><img decoding=\"async\" src=\"data:image\/gif;base64,R0lGODlhAQABAIAAAAAAAP\/\/\/yH5BAEAAAEALAAAAAABAAEAAAIBTAA7\" alt=\"\" data-imagetype=\"Empty\" data-imageerror=\"SrcNullOrEmpty\" \/><\/p>\n<p>&nbsp;<\/p>\n<p align=\"CENTER\"><span style=\"font-size: 14pt;\">\u00a0<\/span><\/p>\n<p align=\"JUSTIFY\"><span style=\"font-size: 14pt;\"><span style=\"color: #000000;\"><span style=\"font-family: Georgia, serif;\"><u>Rappels principaux<\/u><\/span><\/span><span style=\"color: #000000;\"><span style=\"font-family: Georgia, serif;\">\u00a0:<\/span><\/span><\/span><\/p>\n<p>&nbsp;<\/p>\n<ul>\n<ul>\n<li>\n<p align=\"JUSTIFY\"><span style=\"color: #000000; font-size: 14pt;\"><span style=\"font-family: Georgia, serif;\">4 dons par an pour les femmes, 6 pour les hommes (d\u00e9lai de 56 jours pleins entre 2 dons pour tous).<\/span><\/span><\/p>\n<\/li>\n<li>\n<p align=\"JUSTIFY\"><span style=\"color: #ff0000; font-size: 14pt;\"><span style=\"font-family: Georgia, serif;\">Ne pas \u00eatre \u00e0 jeun mais \u00e9viter de manger des produits tr\u00e8s gras avant le don.<\/span><\/span><\/p>\n<\/li>\n<li>\n<p align=\"JUSTIFY\"><span style=\"color: #000000; font-size: 14pt;\"><span style=\"font-family: Georgia, serif;\">Boire beaucoup (d&rsquo;eau !) avant, pendant et apr\u00e8s le don, il se passera beaucoup mieux encore.<\/span><\/span><\/p>\n<\/li>\n<li>\n<p align=\"JUSTIFY\"><span style=\"color: #000000; font-size: 14pt;\"><span style=\"font-family: Georgia, serif;\">Soins dentaires\u00a0: soin simple et d\u00e9tartrage(1 jour), traitement de racines et extraction dentaire(7 jours)<\/span><\/span><\/p>\n<\/li>\n<li>\n<p align=\"JUSTIFY\"><span style=\"color: #000000; font-size: 14pt;\"><span style=\"font-family: Georgia, serif;\">Peu de m\u00e9dicaments sont contre indiqu\u00e9s, ne vous privez donc pas de venir prendre l&rsquo;avis du m\u00e9decin de collecte.<\/span><\/span><\/p>\n<\/li>\n<li>\n<p align=\"JUSTIFY\"><span style=\"color: #000000;\"><span style=\"font-family: Georgia, serif;\"><span style=\"font-size: small;\"><span style=\"font-size: 14pt;\">Pour votre bien \u00eatre (et notre grand plaisir), vous devez rester au minimum 15 \u00e0 20 minutes \u00e0 la collation<\/span>.<\/span><\/span><\/span><\/p>\n<\/li>\n<\/ul>\n<\/ul>\n","protected":false},"excerpt":{"rendered":"<p>MERCI, MERCI, MERCI, ENCORE MILLE FOIS MERCI &nbsp; aux 1121 Donneuses et Donneurs qui ont pris part \u00e0 au moins [&hellip;]<\/p>\n","protected":false},"author":135,"featured_media":246,"comment_status":"open","ping_status":"open","sticky":false,"template":"","format":"standard","meta":{"footnotes":""},"categories":[20,25,12],"tags":[54,55],"class_list":["post-39054","post","type-post","status-publish","format-standard","has-post-thumbnail","hentry","category-a-la-une","category-gerardmer","category-sante","tag-don-du-sang","tag-espace-tilleul"],"acf":[],"yoast_head":"<!-- This site is optimized with the Yoast SEO plugin v22.5 - https:\/\/yoast.com\/wordpress\/plugins\/seo\/ -->\n<title>Prochain don du sang ce mercredi 16 janvier au Tilleul - Gerardmer Info<\/title>\n<meta name=\"robots\" content=\"index, follow, max-snippet:-1, max-image-preview:large, max-video-preview:-1\" \/>\n<link rel=\"canonical\" href=\"https:\/\/vosgesinfo.fr\/gerardmerinfo\/2019\/01\/prochain-don-sang-mercredi-16-janvier-tilleul\/\" \/>\n<meta name=\"twitter:card\" content=\"summary_large_image\" \/>\n<meta name=\"twitter:title\" content=\"Prochain don du sang ce mercredi 16 janvier au Tilleul - Gerardmer Info\" \/>\n<meta name=\"twitter:description\" content=\"MERCI, MERCI, MERCI, ENCORE MILLE FOIS MERCI &nbsp; aux 1121 Donneuses et Donneurs qui ont pris part \u00e0 au moins [&hellip;]\" \/>\n<meta name=\"twitter:image\" content=\"https:\/\/vosgesinfo.fr\/app\/uploads\/sites\/6\/2016\/05\/don-du-sang-5012.jpg\" \/>\n<meta name=\"twitter:creator\" content=\"@VosgesInfo88\" \/>\n<meta name=\"twitter:site\" content=\"@VosgesInfo88\" \/>\n<meta name=\"twitter:label1\" content=\"\u00c9crit par\" \/>\n\t<meta name=\"twitter:data1\" content=\"Amicale Donneurs de Sang B\u00e9n\u00e9voles G\u00e9rardmer-Xonrupt-Li\u00e9zey\" \/>\n\t<meta name=\"twitter:label2\" content=\"Dur\u00e9e de lecture estim\u00e9e\" \/>\n\t<meta name=\"twitter:data2\" content=\"2 minutes\" \/>\n<script type=\"application\/ld+json\" class=\"yoast-schema-graph\">{\"@context\":\"https:\/\/schema.org\",\"@graph\":[{\"@type\":\"Article\",\"@id\":\"https:\/\/vosgesinfo.fr\/gerardmerinfo\/2019\/01\/prochain-don-sang-mercredi-16-janvier-tilleul\/#article\",\"isPartOf\":{\"@id\":\"https:\/\/vosgesinfo.fr\/gerardmerinfo\/2019\/01\/prochain-don-sang-mercredi-16-janvier-tilleul\/\"},\"author\":{\"name\":\"Amicale Donneurs de Sang B\u00e9n\u00e9voles G\u00e9rardmer-Xonrupt-Li\u00e9zey\",\"@id\":\"https:\/\/vosgesinfo.fr\/gerardmerinfo\/#\/schema\/person\/085bbc06ef933802c61f0d37bee72fb2\"},\"headline\":\"Prochain don du sang ce mercredi 16 janvier au Tilleul\",\"datePublished\":\"2019-01-15T15:47:08+00:00\",\"dateModified\":\"2019-01-15T15:47:08+00:00\",\"mainEntityOfPage\":{\"@id\":\"https:\/\/vosgesinfo.fr\/gerardmerinfo\/2019\/01\/prochain-don-sang-mercredi-16-janvier-tilleul\/\"},\"wordCount\":434,\"commentCount\":0,\"publisher\":{\"@id\":\"https:\/\/vosgesinfo.fr\/gerardmerinfo\/#organization\"},\"image\":{\"@id\":\"https:\/\/vosgesinfo.fr\/gerardmerinfo\/2019\/01\/prochain-don-sang-mercredi-16-janvier-tilleul\/#primaryimage\"},\"thumbnailUrl\":\"https:\/\/vosgesinfo.fr\/app\/uploads\/sites\/6\/2016\/05\/don-du-sang-5012.jpg\",\"keywords\":[\"don du sang\",\"espace tilleul\"],\"articleSection\":[\"A la une\",\"G\u00e9rardmer\",\"Sant\u00e9\"],\"inLanguage\":\"fr-FR\",\"potentialAction\":[{\"@type\":\"CommentAction\",\"name\":\"Comment\",\"target\":[\"https:\/\/vosgesinfo.fr\/gerardmerinfo\/2019\/01\/prochain-don-sang-mercredi-16-janvier-tilleul\/#respond\"]}]},{\"@type\":\"WebPage\",\"@id\":\"https:\/\/vosgesinfo.fr\/gerardmerinfo\/2019\/01\/prochain-don-sang-mercredi-16-janvier-tilleul\/\",\"url\":\"https:\/\/vosgesinfo.fr\/gerardmerinfo\/2019\/01\/prochain-don-sang-mercredi-16-janvier-tilleul\/\",\"name\":\"Prochain don du sang ce mercredi 16 janvier au Tilleul - Gerardmer Info\",\"isPartOf\":{\"@id\":\"https:\/\/vosgesinfo.fr\/gerardmerinfo\/#website\"},\"primaryImageOfPage\":{\"@id\":\"https:\/\/vosgesinfo.fr\/gerardmerinfo\/2019\/01\/prochain-don-sang-mercredi-16-janvier-tilleul\/#primaryimage\"},\"image\":{\"@id\":\"https:\/\/vosgesinfo.fr\/gerardmerinfo\/2019\/01\/prochain-don-sang-mercredi-16-janvier-tilleul\/#primaryimage\"},\"thumbnailUrl\":\"https:\/\/vosgesinfo.fr\/app\/uploads\/sites\/6\/2016\/05\/don-du-sang-5012.jpg\",\"datePublished\":\"2019-01-15T15:47:08+00:00\",\"dateModified\":\"2019-01-15T15:47:08+00:00\",\"breadcrumb\":{\"@id\":\"https:\/\/vosgesinfo.fr\/gerardmerinfo\/2019\/01\/prochain-don-sang-mercredi-16-janvier-tilleul\/#breadcrumb\"},\"inLanguage\":\"fr-FR\",\"potentialAction\":[{\"@type\":\"ReadAction\",\"target\":[\"https:\/\/vosgesinfo.fr\/gerardmerinfo\/2019\/01\/prochain-don-sang-mercredi-16-janvier-tilleul\/\"]}]},{\"@type\":\"ImageObject\",\"inLanguage\":\"fr-FR\",\"@id\":\"https:\/\/vosgesinfo.fr\/gerardmerinfo\/2019\/01\/prochain-don-sang-mercredi-16-janvier-tilleul\/#primaryimage\",\"url\":\"https:\/\/vosgesinfo.fr\/app\/uploads\/sites\/6\/2016\/05\/don-du-sang-5012.jpg\",\"contentUrl\":\"https:\/\/vosgesinfo.fr\/app\/uploads\/sites\/6\/2016\/05\/don-du-sang-5012.jpg\",\"width\":1024,\"height\":616},{\"@type\":\"BreadcrumbList\",\"@id\":\"https:\/\/vosgesinfo.fr\/gerardmerinfo\/2019\/01\/prochain-don-sang-mercredi-16-janvier-tilleul\/#breadcrumb\",\"itemListElement\":[{\"@type\":\"ListItem\",\"position\":1,\"name\":\"Home\",\"item\":\"https:\/\/vosgesinfo.fr\/gerardmerinfo\/\"},{\"@type\":\"ListItem\",\"position\":2,\"name\":\"Prochain don du sang ce mercredi 16 janvier au Tilleul\"}]},{\"@type\":\"WebSite\",\"@id\":\"https:\/\/vosgesinfo.fr\/gerardmerinfo\/#website\",\"url\":\"https:\/\/vosgesinfo.fr\/gerardmerinfo\/\",\"name\":\"Gerardmer Info\",\"description\":\"Toute l&#039;actualit\u00e9 de G\u00e9rardmer\",\"publisher\":{\"@id\":\"https:\/\/vosgesinfo.fr\/gerardmerinfo\/#organization\"},\"alternateName\":\"Toute l'actualit\u00e9 de G\u00e9rardmer\",\"potentialAction\":[{\"@type\":\"SearchAction\",\"target\":{\"@type\":\"EntryPoint\",\"urlTemplate\":\"https:\/\/vosgesinfo.fr\/gerardmerinfo\/?s={search_term_string}\"},\"query-input\":\"required name=search_term_string\"}],\"inLanguage\":\"fr-FR\"},{\"@type\":\"Organization\",\"@id\":\"https:\/\/vosgesinfo.fr\/gerardmerinfo\/#organization\",\"name\":\"Gerardmer Info\",\"url\":\"https:\/\/vosgesinfo.fr\/gerardmerinfo\/\",\"logo\":{\"@type\":\"ImageObject\",\"inLanguage\":\"fr-FR\",\"@id\":\"https:\/\/vosgesinfo.fr\/gerardmerinfo\/#\/schema\/logo\/image\/\",\"url\":\"https:\/\/vosgesinfo.fr\/app\/uploads\/sites\/6\/2023\/08\/favicon-gerardmerinfo.png\",\"contentUrl\":\"https:\/\/vosgesinfo.fr\/app\/uploads\/sites\/6\/2023\/08\/favicon-gerardmerinfo.png\",\"width\":512,\"height\":512,\"caption\":\"Gerardmer Info\"},\"image\":{\"@id\":\"https:\/\/vosgesinfo.fr\/gerardmerinfo\/#\/schema\/logo\/image\/\"},\"sameAs\":[\"https:\/\/www.facebook.com\/profile.php?id=100049475262660\",\"https:\/\/x.com\/VosgesInfo88\",\"https:\/\/www.youtube.com\/@vosgesinfo\"]},{\"@type\":\"Person\",\"@id\":\"https:\/\/vosgesinfo.fr\/gerardmerinfo\/#\/schema\/person\/085bbc06ef933802c61f0d37bee72fb2\",\"name\":\"Amicale Donneurs de Sang B\u00e9n\u00e9voles G\u00e9rardmer-Xonrupt-Li\u00e9zey\",\"image\":{\"@type\":\"ImageObject\",\"inLanguage\":\"fr-FR\",\"@id\":\"https:\/\/vosgesinfo.fr\/gerardmerinfo\/#\/schema\/person\/image\/\",\"url\":\"https:\/\/secure.gravatar.com\/avatar\/342c0762847c6cae763c7832093aa8dac2211f46d2cf8d24cd012526583dbbb5?s=96&d=mm&r=g\",\"contentUrl\":\"https:\/\/secure.gravatar.com\/avatar\/342c0762847c6cae763c7832093aa8dac2211f46d2cf8d24cd012526583dbbb5?s=96&d=mm&r=g\",\"caption\":\"Amicale Donneurs de Sang B\u00e9n\u00e9voles G\u00e9rardmer-Xonrupt-Li\u00e9zey\"},\"url\":\"https:\/\/vosgesinfo.fr\/gerardmerinfo\/author\/adsbgxl\/\"}]}<\/script>\n<!-- \/ Yoast SEO plugin. -->","yoast_head_json":{"title":"Prochain don du sang ce mercredi 16 janvier au Tilleul - Gerardmer Info","robots":{"index":"index","follow":"follow","max-snippet":"max-snippet:-1","max-image-preview":"max-image-preview:large","max-video-preview":"max-video-preview:-1"},"canonical":"https:\/\/vosgesinfo.fr\/gerardmerinfo\/2019\/01\/prochain-don-sang-mercredi-16-janvier-tilleul\/","twitter_card":"summary_large_image","twitter_title":"Prochain don du sang ce mercredi 16 janvier au Tilleul - Gerardmer Info","twitter_description":"MERCI, MERCI, MERCI, ENCORE MILLE FOIS MERCI &nbsp; aux 1121 Donneuses et Donneurs qui ont pris part \u00e0 au moins [&hellip;]","twitter_image":"https:\/\/vosgesinfo.fr\/app\/uploads\/sites\/6\/2016\/05\/don-du-sang-5012.jpg","twitter_creator":"@VosgesInfo88","twitter_site":"@VosgesInfo88","twitter_misc":{"\u00c9crit par":"Amicale Donneurs de Sang B\u00e9n\u00e9voles G\u00e9rardmer-Xonrupt-Li\u00e9zey","Dur\u00e9e de lecture estim\u00e9e":"2 minutes"},"schema":{"@context":"https:\/\/schema.org","@graph":[{"@type":"Article","@id":"https:\/\/vosgesinfo.fr\/gerardmerinfo\/2019\/01\/prochain-don-sang-mercredi-16-janvier-tilleul\/#article","isPartOf":{"@id":"https:\/\/vosgesinfo.fr\/gerardmerinfo\/2019\/01\/prochain-don-sang-mercredi-16-janvier-tilleul\/"},"author":{"name":"Amicale Donneurs de Sang B\u00e9n\u00e9voles G\u00e9rardmer-Xonrupt-Li\u00e9zey","@id":"https:\/\/vosgesinfo.fr\/gerardmerinfo\/#\/schema\/person\/085bbc06ef933802c61f0d37bee72fb2"},"headline":"Prochain don du sang ce mercredi 16 janvier au Tilleul","datePublished":"2019-01-15T15:47:08+00:00","dateModified":"2019-01-15T15:47:08+00:00","mainEntityOfPage":{"@id":"https:\/\/vosgesinfo.fr\/gerardmerinfo\/2019\/01\/prochain-don-sang-mercredi-16-janvier-tilleul\/"},"wordCount":434,"commentCount":0,"publisher":{"@id":"https:\/\/vosgesinfo.fr\/gerardmerinfo\/#organization"},"image":{"@id":"https:\/\/vosgesinfo.fr\/gerardmerinfo\/2019\/01\/prochain-don-sang-mercredi-16-janvier-tilleul\/#primaryimage"},"thumbnailUrl":"https:\/\/vosgesinfo.fr\/app\/uploads\/sites\/6\/2016\/05\/don-du-sang-5012.jpg","keywords":["don du sang","espace tilleul"],"articleSection":["A la une","G\u00e9rardmer","Sant\u00e9"],"inLanguage":"fr-FR","potentialAction":[{"@type":"CommentAction","name":"Comment","target":["https:\/\/vosgesinfo.fr\/gerardmerinfo\/2019\/01\/prochain-don-sang-mercredi-16-janvier-tilleul\/#respond"]}]},{"@type":"WebPage","@id":"https:\/\/vosgesinfo.fr\/gerardmerinfo\/2019\/01\/prochain-don-sang-mercredi-16-janvier-tilleul\/","url":"https:\/\/vosgesinfo.fr\/gerardmerinfo\/2019\/01\/prochain-don-sang-mercredi-16-janvier-tilleul\/","name":"Prochain don du sang ce mercredi 16 janvier au Tilleul - Gerardmer Info","isPartOf":{"@id":"https:\/\/vosgesinfo.fr\/gerardmerinfo\/#website"},"primaryImageOfPage":{"@id":"https:\/\/vosgesinfo.fr\/gerardmerinfo\/2019\/01\/prochain-don-sang-mercredi-16-janvier-tilleul\/#primaryimage"},"image":{"@id":"https:\/\/vosgesinfo.fr\/gerardmerinfo\/2019\/01\/prochain-don-sang-mercredi-16-janvier-tilleul\/#primaryimage"},"thumbnailUrl":"https:\/\/vosgesinfo.fr\/app\/uploads\/sites\/6\/2016\/05\/don-du-sang-5012.jpg","datePublished":"2019-01-15T15:47:08+00:00","dateModified":"2019-01-15T15:47:08+00:00","breadcrumb":{"@id":"https:\/\/vosgesinfo.fr\/gerardmerinfo\/2019\/01\/prochain-don-sang-mercredi-16-janvier-tilleul\/#breadcrumb"},"inLanguage":"fr-FR","potentialAction":[{"@type":"ReadAction","target":["https:\/\/vosgesinfo.fr\/gerardmerinfo\/2019\/01\/prochain-don-sang-mercredi-16-janvier-tilleul\/"]}]},{"@type":"ImageObject","inLanguage":"fr-FR","@id":"https:\/\/vosgesinfo.fr\/gerardmerinfo\/2019\/01\/prochain-don-sang-mercredi-16-janvier-tilleul\/#primaryimage","url":"https:\/\/vosgesinfo.fr\/app\/uploads\/sites\/6\/2016\/05\/don-du-sang-5012.jpg","contentUrl":"https:\/\/vosgesinfo.fr\/app\/uploads\/sites\/6\/2016\/05\/don-du-sang-5012.jpg","width":1024,"height":616},{"@type":"BreadcrumbList","@id":"https:\/\/vosgesinfo.fr\/gerardmerinfo\/2019\/01\/prochain-don-sang-mercredi-16-janvier-tilleul\/#breadcrumb","itemListElement":[{"@type":"ListItem","position":1,"name":"Home","item":"https:\/\/vosgesinfo.fr\/gerardmerinfo\/"},{"@type":"ListItem","position":2,"name":"Prochain don du sang ce mercredi 16 janvier au Tilleul"}]},{"@type":"WebSite","@id":"https:\/\/vosgesinfo.fr\/gerardmerinfo\/#website","url":"https:\/\/vosgesinfo.fr\/gerardmerinfo\/","name":"Gerardmer Info","description":"Toute l&#039;actualit\u00e9 de G\u00e9rardmer","publisher":{"@id":"https:\/\/vosgesinfo.fr\/gerardmerinfo\/#organization"},"alternateName":"Toute l'actualit\u00e9 de G\u00e9rardmer","potentialAction":[{"@type":"SearchAction","target":{"@type":"EntryPoint","urlTemplate":"https:\/\/vosgesinfo.fr\/gerardmerinfo\/?s={search_term_string}"},"query-input":"required name=search_term_string"}],"inLanguage":"fr-FR"},{"@type":"Organization","@id":"https:\/\/vosgesinfo.fr\/gerardmerinfo\/#organization","name":"Gerardmer Info","url":"https:\/\/vosgesinfo.fr\/gerardmerinfo\/","logo":{"@type":"ImageObject","inLanguage":"fr-FR","@id":"https:\/\/vosgesinfo.fr\/gerardmerinfo\/#\/schema\/logo\/image\/","url":"https:\/\/vosgesinfo.fr\/app\/uploads\/sites\/6\/2023\/08\/favicon-gerardmerinfo.png","contentUrl":"https:\/\/vosgesinfo.fr\/app\/uploads\/sites\/6\/2023\/08\/favicon-gerardmerinfo.png","width":512,"height":512,"caption":"Gerardmer Info"},"image":{"@id":"https:\/\/vosgesinfo.fr\/gerardmerinfo\/#\/schema\/logo\/image\/"},"sameAs":["https:\/\/www.facebook.com\/profile.php?id=100049475262660","https:\/\/x.com\/VosgesInfo88","https:\/\/www.youtube.com\/@vosgesinfo"]},{"@type":"Person","@id":"https:\/\/vosgesinfo.fr\/gerardmerinfo\/#\/schema\/person\/085bbc06ef933802c61f0d37bee72fb2","name":"Amicale Donneurs de Sang B\u00e9n\u00e9voles G\u00e9rardmer-Xonrupt-Li\u00e9zey","image":{"@type":"ImageObject","inLanguage":"fr-FR","@id":"https:\/\/vosgesinfo.fr\/gerardmerinfo\/#\/schema\/person\/image\/","url":"https:\/\/secure.gravatar.com\/avatar\/342c0762847c6cae763c7832093aa8dac2211f46d2cf8d24cd012526583dbbb5?s=96&d=mm&r=g","contentUrl":"https:\/\/secure.gravatar.com\/avatar\/342c0762847c6cae763c7832093aa8dac2211f46d2cf8d24cd012526583dbbb5?s=96&d=mm&r=g","caption":"Amicale Donneurs de Sang B\u00e9n\u00e9voles G\u00e9rardmer-Xonrupt-Li\u00e9zey"},"url":"https:\/\/vosgesinfo.fr\/gerardmerinfo\/author\/adsbgxl\/"}]}},"_links":{"self":[{"href":"https:\/\/vosgesinfo.fr\/gerardmerinfo\/wp-json\/wp\/v2\/posts\/39054","targetHints":{"allow":["GET"]}}],"collection":[{"href":"https:\/\/vosgesinfo.fr\/gerardmerinfo\/wp-json\/wp\/v2\/posts"}],"about":[{"href":"https:\/\/vosgesinfo.fr\/gerardmerinfo\/wp-json\/wp\/v2\/types\/post"}],"author":[{"embeddable":true,"href":"https:\/\/vosgesinfo.fr\/gerardmerinfo\/wp-json\/wp\/v2\/users\/135"}],"replies":[{"embeddable":true,"href":"https:\/\/vosgesinfo.fr\/gerardmerinfo\/wp-json\/wp\/v2\/comments?post=39054"}],"version-history":[{"count":0,"href":"https:\/\/vosgesinfo.fr\/gerardmerinfo\/wp-json\/wp\/v2\/posts\/39054\/revisions"}],"wp:featuredmedia":[{"embeddable":true,"href":"https:\/\/vosgesinfo.fr\/gerardmerinfo\/wp-json\/wp\/v2\/media\/246"}],"wp:attachment":[{"href":"https:\/\/vosgesinfo.fr\/gerardmerinfo\/wp-json\/wp\/v2\/media?parent=39054"}],"wp:term":[{"taxonomy":"category","embeddable":true,"href":"https:\/\/vosgesinfo.fr\/gerardmerinfo\/wp-json\/wp\/v2\/categories?post=39054"},{"taxonomy":"post_tag","embeddable":true,"href":"https:\/\/vosgesinfo.fr\/gerardmerinfo\/wp-json\/wp\/v2\/tags?post=39054"}],"curies":[{"name":"wp","href":"https:\/\/api.w.org\/{rel}","templated":true}]}}