{"id":39075,"date":"2019-01-15T16:43:19","date_gmt":"2019-01-15T15:43:19","guid":{"rendered":"https:\/\/vosgesinfo.fr\/gerardmerinfo\/2019\/01\/fete-ski-de-neige-dimanche-20-janvier-2019\/"},"modified":"2019-01-15T16:43:19","modified_gmt":"2019-01-15T15:43:19","slug":"fete-ski-de-neige-dimanche-20-janvier-2019","status":"publish","type":"post","link":"https:\/\/vosgesinfo.fr\/gerardmerinfo\/2019\/01\/fete-ski-de-neige-dimanche-20-janvier-2019\/","title":{"rendered":"F\u00eate du ski et de la neige le dimanche 20 janvier 2019"},"content":{"rendered":"<p><a href=\"\/2015\/12\/Mauselaine-4.jpg\"><img decoding=\"async\" class=\"aligncenter size-full wp-image-69403\" src=\"\/2015\/12\/Mauselaine-4.jpg\" alt=\"Mauselaine (4)\" width=\"1024\" height=\"768\" \/><\/a><\/p>\n<p class=\"x_MsoNormal\"><span lang=\"EN-GB\">\u00a0<\/span><\/p>\n<h3 class=\"x_MsoNormal\"><span lang=\"EN-GB\">Les domaines skiables alpin et nordique de G\u00e9rardmer, ainsi que l\u2019Ecole du Ski Fran\u00e7ais participent \u00e0 cet \u00e9v\u00e9nement national.<\/span><\/h3>\n<p class=\"x_MsoNormal\"><span lang=\"EN-GB\">\u00a0<\/span><\/p>\n<p class=\"x_MsoNormal\"><b><span lang=\"EN-GB\">Que pourra t\u2019on faire au domaine alpin de G\u00e9rardmer ?<\/span><\/b><\/p>\n<p class=\"x_MsoNormal\"><span lang=\"EN-GB\">\u00a0<\/span><\/p>\n<p class=\"x_MsoNormal\">&#8211;\u00a0\u00a0\u00a0\u00a0\u00a0\u00a0 <b>Forfaits remont\u00e9es m\u00e9caniques\u00a0: r\u00e9duction de 50% pour les moins de 14 ans <\/b>(forfait sans mat\u00e9riel).<\/p>\n<p class=\"x_MsoNormal\">\n<p class=\"x_MsoNormal\">&#8211;\u00a0\u00a0\u00a0\u00a0\u00a0\u00a0 <b>Cours gratuits pour les enfants d\u00e9butants de 3 \u00e0 12 ans de 14h \u00e0 16h avec l\u2019Ecole du Ski Fran\u00e7ais\u00a0<\/b>:\u00a0places limit\u00e9es, inscription UNIQUEMENT SUR PLACE A L&rsquo;ESF. Pour les enfants d\u00e9butants inscrits aux cours de 14h \u00e0 16h\u00a0: pr\u00eat gratuit du mat\u00e9riel et chocolat chaud offert.<\/p>\n<p class=\"x_MsoNormal\">\n<p class=\"x_MsoNormal\"><span lang=\"EN-GB\">&#8211;\u00a0\u00a0\u00a0\u00a0\u00a0\u00a0 <\/span><b>Visite de l\u2019usine \u00e0 neige \u00e0 11h &#8211; 14h &#8211; 15h &#8211; 16h<\/b>\u00a0: places limit\u00e9es, inscription uniquement sur place au Point Info de la Mauselaine.<\/p>\n<p class=\"x_MsoListParagraph\"><span lang=\"EN-GB\">\u00a0<\/span><\/p>\n<p class=\"x_MsoNormal\"><b><span lang=\"EN-GB\">Que pourra t\u2019on faire au domaine nordique de G\u00e9rardmer ?<\/span><\/b><\/p>\n<p class=\"x_MsoNormal\"><b><span lang=\"EN-GB\">\u00a0<\/span><\/b><\/p>\n<p class=\"x_MsoNormal\"><span lang=\"EN-GB\">&#8211;\u00a0\u00a0\u00a0\u00a0\u00a0\u00a0 <\/span><b>Acc\u00e8s au tarif r\u00e9duit <\/b>d\u00e8s le matin aux pistes de ski de fond<b> <\/b><b><\/b><\/p>\n<p class=\"x_MsoNormal\"><span lang=\"EN-GB\">&#8211;\u00a0\u00a0\u00a0\u00a0\u00a0\u00a0 <\/span><b><span lang=\"EN-GB\">\u00a0<\/span><\/b><\/p>\n<p class=\"x_MsoNormal\"><span lang=\"EN-GB\">&#8211;\u00a0\u00a0\u00a0\u00a0\u00a0\u00a0 <\/span><b>Location de mat\u00e9riel \u00e0 demi-tarif aux Skis L\u2019\u00e9clair et \u00e0 la Drosera <\/b>au d\u00e9part des pistes + 1 boisson offerte pour les moins de 14 ans dans ces 2 \u00e9tablissements<\/p>\n<p class=\"x_MsoNormal\"><span lang=\"EN-GB\">&#8211;\u00a0\u00a0\u00a0\u00a0\u00a0\u00a0 <\/span><b>essai des yonners et du big bob <\/b>( pour 2 personnes) aux Skis L\u2019\u00e9clair<b><\/b><\/p>\n<p class=\"x_MsoNormal\"><span lang=\"EN-GB\">&#8211;\u00a0\u00a0\u00a0\u00a0\u00a0\u00a0 <\/span><b>espace ludique et jeux en mousse <\/b>pour les plus petits : la dameuse et le chalet de Loustic<\/p>\n<p class=\"x_MsoNormal\"><span lang=\"EN-GB\">&#8211;\u00a0\u00a0\u00a0\u00a0\u00a0\u00a0 <\/span><b>Initiation gratuite au ski de fond en skating <\/b>de 10h \u00e0 12h avec les moniteurs ESF<\/p>\n<p class=\"x_MsoNormal\"><span lang=\"EN-GB\">&#8211;\u00a0\u00a0\u00a0\u00a0\u00a0\u00a0 <\/span><b>Initiation au biathlon (tir \u00e0 la carabine) <\/b>avec le club G\u00e9rardmer Ski Nordique \u00e0 partir de 14h et avec Sens \u00e0 Sons Nature \u00e0 partir de 15h<b><\/b><\/p>\n<p class=\"x_MsoNormal\"><b>\u00a0<\/b><\/p>\n<p class=\"x_MsoNormal\"><span lang=\"EN-GB\">Faites du ski, c\u2019est le moment d\u2019en profiter !<\/span><\/p>\n<p class=\"x_MsoNormal\"><span lang=\"EN-GB\">\u00a0<\/span><\/p>\n<p class=\"x_MsoNormal\"><b><u><span lang=\"EN-GB\">Renseignements :<\/span><\/u><\/b><\/p>\n<p class=\"x_MsoNormal\"><span lang=\"EN-GB\">&#8211; Domaine alpin de G\u00e9rardmer au 03 29 60 04 05<\/span><\/p>\n<p class=\"x_MsoNormal\"><span lang=\"EN-GB\">&#8211; Ecole de Ski Fran\u00e7ais au 03 29 63 33 23 &#8211; <a id=\"LPlnk667865\" href=\"http:\/\/www.esf-gerardmer.fr\" target=\"_blank\" rel=\"noopener noreferrer\" data-auth=\"NotApplicable\"> www.esf-gerardmer.fr<\/a><\/span><\/p>\n<p class=\"x_MsoNormal\"><span lang=\"EN-GB\">&#8211; Domaine nordique de G\u00e9rardmer au 03 29 63 29 12<\/span><\/p>\n","protected":false},"excerpt":{"rendered":"<p>\u00a0 Les domaines skiables alpin et nordique de G\u00e9rardmer, ainsi que l\u2019Ecole du Ski Fran\u00e7ais participent \u00e0 cet \u00e9v\u00e9nement national. [&hellip;]<\/p>\n","protected":false},"author":1,"featured_media":767,"comment_status":"open","ping_status":"open","sticky":false,"template":"","format":"standard","meta":{"footnotes":""},"categories":[20,25],"tags":[585,3966,124],"class_list":["post-39075","post","type-post","status-publish","format-standard","has-post-thumbnail","hentry","category-a-la-une","category-gerardmer","tag-domaine-skiable-des-bas-rupts","tag-fete-du-ski","tag-la-mauselaine"],"acf":[],"yoast_head":"<!-- This site is optimized with the Yoast SEO plugin v22.5 - https:\/\/yoast.com\/wordpress\/plugins\/seo\/ -->\n<title>F\u00eate du ski et de la neige le dimanche 20 janvier 2019 - Gerardmer Info<\/title>\n<meta name=\"robots\" content=\"index, follow, max-snippet:-1, max-image-preview:large, max-video-preview:-1\" \/>\n<link rel=\"canonical\" href=\"https:\/\/vosgesinfo.fr\/gerardmerinfo\/2019\/01\/fete-ski-de-neige-dimanche-20-janvier-2019\/\" \/>\n<meta name=\"twitter:card\" content=\"summary_large_image\" \/>\n<meta name=\"twitter:title\" content=\"F\u00eate du ski et de la neige le dimanche 20 janvier 2019 - Gerardmer Info\" \/>\n<meta name=\"twitter:description\" content=\"\u00a0 Les domaines skiables alpin et nordique de G\u00e9rardmer, ainsi que l\u2019Ecole du Ski Fran\u00e7ais participent \u00e0 cet \u00e9v\u00e9nement national. [&hellip;]\" \/>\n<meta name=\"twitter:image\" content=\"https:\/\/vosgesinfo.fr\/app\/uploads\/sites\/6\/2017\/01\/domaine-skiable-bas-rupts-vue.jpg\" \/>\n<meta name=\"twitter:creator\" content=\"@VosgesInfo88\" \/>\n<meta name=\"twitter:site\" content=\"@VosgesInfo88\" \/>\n<meta name=\"twitter:label1\" content=\"\u00c9crit par\" \/>\n\t<meta name=\"twitter:data1\" content=\"qs_admin\" \/>\n\t<meta name=\"twitter:label2\" content=\"Dur\u00e9e de lecture estim\u00e9e\" \/>\n\t<meta name=\"twitter:data2\" content=\"1 minute\" \/>\n<script type=\"application\/ld+json\" class=\"yoast-schema-graph\">{\"@context\":\"https:\/\/schema.org\",\"@graph\":[{\"@type\":\"Article\",\"@id\":\"https:\/\/vosgesinfo.fr\/gerardmerinfo\/2019\/01\/fete-ski-de-neige-dimanche-20-janvier-2019\/#article\",\"isPartOf\":{\"@id\":\"https:\/\/vosgesinfo.fr\/gerardmerinfo\/2019\/01\/fete-ski-de-neige-dimanche-20-janvier-2019\/\"},\"author\":{\"name\":\"qs_admin\",\"@id\":\"https:\/\/vosgesinfo.fr\/gerardmerinfo\/#\/schema\/person\/bc5d02d71e6932e81b6dadb7386667b1\"},\"headline\":\"F\u00eate du ski et de la neige le dimanche 20 janvier 2019\",\"datePublished\":\"2019-01-15T15:43:19+00:00\",\"dateModified\":\"2019-01-15T15:43:19+00:00\",\"mainEntityOfPage\":{\"@id\":\"https:\/\/vosgesinfo.fr\/gerardmerinfo\/2019\/01\/fete-ski-de-neige-dimanche-20-janvier-2019\/\"},\"wordCount\":305,\"commentCount\":0,\"publisher\":{\"@id\":\"https:\/\/vosgesinfo.fr\/gerardmerinfo\/#organization\"},\"image\":{\"@id\":\"https:\/\/vosgesinfo.fr\/gerardmerinfo\/2019\/01\/fete-ski-de-neige-dimanche-20-janvier-2019\/#primaryimage\"},\"thumbnailUrl\":\"https:\/\/vosgesinfo.fr\/app\/uploads\/sites\/6\/2017\/01\/domaine-skiable-bas-rupts-vue.jpg\",\"keywords\":[\"domaine skiable des bas rupts\",\"fete du ski\",\"la mauselaine\"],\"articleSection\":[\"A la une\",\"G\u00e9rardmer\"],\"inLanguage\":\"fr-FR\",\"potentialAction\":[{\"@type\":\"CommentAction\",\"name\":\"Comment\",\"target\":[\"https:\/\/vosgesinfo.fr\/gerardmerinfo\/2019\/01\/fete-ski-de-neige-dimanche-20-janvier-2019\/#respond\"]}]},{\"@type\":\"WebPage\",\"@id\":\"https:\/\/vosgesinfo.fr\/gerardmerinfo\/2019\/01\/fete-ski-de-neige-dimanche-20-janvier-2019\/\",\"url\":\"https:\/\/vosgesinfo.fr\/gerardmerinfo\/2019\/01\/fete-ski-de-neige-dimanche-20-janvier-2019\/\",\"name\":\"F\u00eate du ski et de la neige le dimanche 20 janvier 2019 - Gerardmer Info\",\"isPartOf\":{\"@id\":\"https:\/\/vosgesinfo.fr\/gerardmerinfo\/#website\"},\"primaryImageOfPage\":{\"@id\":\"https:\/\/vosgesinfo.fr\/gerardmerinfo\/2019\/01\/fete-ski-de-neige-dimanche-20-janvier-2019\/#primaryimage\"},\"image\":{\"@id\":\"https:\/\/vosgesinfo.fr\/gerardmerinfo\/2019\/01\/fete-ski-de-neige-dimanche-20-janvier-2019\/#primaryimage\"},\"thumbnailUrl\":\"https:\/\/vosgesinfo.fr\/app\/uploads\/sites\/6\/2017\/01\/domaine-skiable-bas-rupts-vue.jpg\",\"datePublished\":\"2019-01-15T15:43:19+00:00\",\"dateModified\":\"2019-01-15T15:43:19+00:00\",\"breadcrumb\":{\"@id\":\"https:\/\/vosgesinfo.fr\/gerardmerinfo\/2019\/01\/fete-ski-de-neige-dimanche-20-janvier-2019\/#breadcrumb\"},\"inLanguage\":\"fr-FR\",\"potentialAction\":[{\"@type\":\"ReadAction\",\"target\":[\"https:\/\/vosgesinfo.fr\/gerardmerinfo\/2019\/01\/fete-ski-de-neige-dimanche-20-janvier-2019\/\"]}]},{\"@type\":\"ImageObject\",\"inLanguage\":\"fr-FR\",\"@id\":\"https:\/\/vosgesinfo.fr\/gerardmerinfo\/2019\/01\/fete-ski-de-neige-dimanche-20-janvier-2019\/#primaryimage\",\"url\":\"https:\/\/vosgesinfo.fr\/app\/uploads\/sites\/6\/2017\/01\/domaine-skiable-bas-rupts-vue.jpg\",\"contentUrl\":\"https:\/\/vosgesinfo.fr\/app\/uploads\/sites\/6\/2017\/01\/domaine-skiable-bas-rupts-vue.jpg\",\"width\":800,\"height\":536},{\"@type\":\"BreadcrumbList\",\"@id\":\"https:\/\/vosgesinfo.fr\/gerardmerinfo\/2019\/01\/fete-ski-de-neige-dimanche-20-janvier-2019\/#breadcrumb\",\"itemListElement\":[{\"@type\":\"ListItem\",\"position\":1,\"name\":\"Home\",\"item\":\"https:\/\/vosgesinfo.fr\/gerardmerinfo\/\"},{\"@type\":\"ListItem\",\"position\":2,\"name\":\"F\u00eate du ski et de la neige le dimanche 20 janvier 2019\"}]},{\"@type\":\"WebSite\",\"@id\":\"https:\/\/vosgesinfo.fr\/gerardmerinfo\/#website\",\"url\":\"https:\/\/vosgesinfo.fr\/gerardmerinfo\/\",\"name\":\"Gerardmer Info\",\"description\":\"Toute l&#039;actualit\u00e9 de G\u00e9rardmer\",\"publisher\":{\"@id\":\"https:\/\/vosgesinfo.fr\/gerardmerinfo\/#organization\"},\"alternateName\":\"Toute l'actualit\u00e9 de G\u00e9rardmer\",\"potentialAction\":[{\"@type\":\"SearchAction\",\"target\":{\"@type\":\"EntryPoint\",\"urlTemplate\":\"https:\/\/vosgesinfo.fr\/gerardmerinfo\/?s={search_term_string}\"},\"query-input\":\"required name=search_term_string\"}],\"inLanguage\":\"fr-FR\"},{\"@type\":\"Organization\",\"@id\":\"https:\/\/vosgesinfo.fr\/gerardmerinfo\/#organization\",\"name\":\"Gerardmer Info\",\"url\":\"https:\/\/vosgesinfo.fr\/gerardmerinfo\/\",\"logo\":{\"@type\":\"ImageObject\",\"inLanguage\":\"fr-FR\",\"@id\":\"https:\/\/vosgesinfo.fr\/gerardmerinfo\/#\/schema\/logo\/image\/\",\"url\":\"https:\/\/vosgesinfo.fr\/app\/uploads\/sites\/6\/2023\/08\/favicon-gerardmerinfo.png\",\"contentUrl\":\"https:\/\/vosgesinfo.fr\/app\/uploads\/sites\/6\/2023\/08\/favicon-gerardmerinfo.png\",\"width\":512,\"height\":512,\"caption\":\"Gerardmer Info\"},\"image\":{\"@id\":\"https:\/\/vosgesinfo.fr\/gerardmerinfo\/#\/schema\/logo\/image\/\"},\"sameAs\":[\"https:\/\/www.facebook.com\/profile.php?id=100049475262660\",\"https:\/\/x.com\/VosgesInfo88\",\"https:\/\/www.youtube.com\/@vosgesinfo\"]},{\"@type\":\"Person\",\"@id\":\"https:\/\/vosgesinfo.fr\/gerardmerinfo\/#\/schema\/person\/bc5d02d71e6932e81b6dadb7386667b1\",\"name\":\"qs_admin\",\"image\":{\"@type\":\"ImageObject\",\"inLanguage\":\"fr-FR\",\"@id\":\"https:\/\/vosgesinfo.fr\/gerardmerinfo\/#\/schema\/person\/image\/\",\"url\":\"https:\/\/secure.gravatar.com\/avatar\/94b18ee0ed79e4a42ea2f2931277b6841a8999fc6fde214600c78057cf1fe1de?s=96&d=mm&r=g\",\"contentUrl\":\"https:\/\/secure.gravatar.com\/avatar\/94b18ee0ed79e4a42ea2f2931277b6841a8999fc6fde214600c78057cf1fe1de?s=96&d=mm&r=g\",\"caption\":\"qs_admin\"},\"sameAs\":[\"https:\/\/vosgesinfo.fr\/wp\"],\"url\":\"https:\/\/vosgesinfo.fr\/gerardmerinfo\/author\/qs_admin\/\"}]}<\/script>\n<!-- \/ Yoast SEO plugin. -->","yoast_head_json":{"title":"F\u00eate du ski et de la neige le dimanche 20 janvier 2019 - Gerardmer Info","robots":{"index":"index","follow":"follow","max-snippet":"max-snippet:-1","max-image-preview":"max-image-preview:large","max-video-preview":"max-video-preview:-1"},"canonical":"https:\/\/vosgesinfo.fr\/gerardmerinfo\/2019\/01\/fete-ski-de-neige-dimanche-20-janvier-2019\/","twitter_card":"summary_large_image","twitter_title":"F\u00eate du ski et de la neige le dimanche 20 janvier 2019 - Gerardmer Info","twitter_description":"\u00a0 Les domaines skiables alpin et nordique de G\u00e9rardmer, ainsi que l\u2019Ecole du Ski Fran\u00e7ais participent \u00e0 cet \u00e9v\u00e9nement national. [&hellip;]","twitter_image":"https:\/\/vosgesinfo.fr\/app\/uploads\/sites\/6\/2017\/01\/domaine-skiable-bas-rupts-vue.jpg","twitter_creator":"@VosgesInfo88","twitter_site":"@VosgesInfo88","twitter_misc":{"\u00c9crit par":"qs_admin","Dur\u00e9e de lecture estim\u00e9e":"1 minute"},"schema":{"@context":"https:\/\/schema.org","@graph":[{"@type":"Article","@id":"https:\/\/vosgesinfo.fr\/gerardmerinfo\/2019\/01\/fete-ski-de-neige-dimanche-20-janvier-2019\/#article","isPartOf":{"@id":"https:\/\/vosgesinfo.fr\/gerardmerinfo\/2019\/01\/fete-ski-de-neige-dimanche-20-janvier-2019\/"},"author":{"name":"qs_admin","@id":"https:\/\/vosgesinfo.fr\/gerardmerinfo\/#\/schema\/person\/bc5d02d71e6932e81b6dadb7386667b1"},"headline":"F\u00eate du ski et de la neige le dimanche 20 janvier 2019","datePublished":"2019-01-15T15:43:19+00:00","dateModified":"2019-01-15T15:43:19+00:00","mainEntityOfPage":{"@id":"https:\/\/vosgesinfo.fr\/gerardmerinfo\/2019\/01\/fete-ski-de-neige-dimanche-20-janvier-2019\/"},"wordCount":305,"commentCount":0,"publisher":{"@id":"https:\/\/vosgesinfo.fr\/gerardmerinfo\/#organization"},"image":{"@id":"https:\/\/vosgesinfo.fr\/gerardmerinfo\/2019\/01\/fete-ski-de-neige-dimanche-20-janvier-2019\/#primaryimage"},"thumbnailUrl":"https:\/\/vosgesinfo.fr\/app\/uploads\/sites\/6\/2017\/01\/domaine-skiable-bas-rupts-vue.jpg","keywords":["domaine skiable des bas rupts","fete du ski","la mauselaine"],"articleSection":["A la une","G\u00e9rardmer"],"inLanguage":"fr-FR","potentialAction":[{"@type":"CommentAction","name":"Comment","target":["https:\/\/vosgesinfo.fr\/gerardmerinfo\/2019\/01\/fete-ski-de-neige-dimanche-20-janvier-2019\/#respond"]}]},{"@type":"WebPage","@id":"https:\/\/vosgesinfo.fr\/gerardmerinfo\/2019\/01\/fete-ski-de-neige-dimanche-20-janvier-2019\/","url":"https:\/\/vosgesinfo.fr\/gerardmerinfo\/2019\/01\/fete-ski-de-neige-dimanche-20-janvier-2019\/","name":"F\u00eate du ski et de la neige le dimanche 20 janvier 2019 - Gerardmer Info","isPartOf":{"@id":"https:\/\/vosgesinfo.fr\/gerardmerinfo\/#website"},"primaryImageOfPage":{"@id":"https:\/\/vosgesinfo.fr\/gerardmerinfo\/2019\/01\/fete-ski-de-neige-dimanche-20-janvier-2019\/#primaryimage"},"image":{"@id":"https:\/\/vosgesinfo.fr\/gerardmerinfo\/2019\/01\/fete-ski-de-neige-dimanche-20-janvier-2019\/#primaryimage"},"thumbnailUrl":"https:\/\/vosgesinfo.fr\/app\/uploads\/sites\/6\/2017\/01\/domaine-skiable-bas-rupts-vue.jpg","datePublished":"2019-01-15T15:43:19+00:00","dateModified":"2019-01-15T15:43:19+00:00","breadcrumb":{"@id":"https:\/\/vosgesinfo.fr\/gerardmerinfo\/2019\/01\/fete-ski-de-neige-dimanche-20-janvier-2019\/#breadcrumb"},"inLanguage":"fr-FR","potentialAction":[{"@type":"ReadAction","target":["https:\/\/vosgesinfo.fr\/gerardmerinfo\/2019\/01\/fete-ski-de-neige-dimanche-20-janvier-2019\/"]}]},{"@type":"ImageObject","inLanguage":"fr-FR","@id":"https:\/\/vosgesinfo.fr\/gerardmerinfo\/2019\/01\/fete-ski-de-neige-dimanche-20-janvier-2019\/#primaryimage","url":"https:\/\/vosgesinfo.fr\/app\/uploads\/sites\/6\/2017\/01\/domaine-skiable-bas-rupts-vue.jpg","contentUrl":"https:\/\/vosgesinfo.fr\/app\/uploads\/sites\/6\/2017\/01\/domaine-skiable-bas-rupts-vue.jpg","width":800,"height":536},{"@type":"BreadcrumbList","@id":"https:\/\/vosgesinfo.fr\/gerardmerinfo\/2019\/01\/fete-ski-de-neige-dimanche-20-janvier-2019\/#breadcrumb","itemListElement":[{"@type":"ListItem","position":1,"name":"Home","item":"https:\/\/vosgesinfo.fr\/gerardmerinfo\/"},{"@type":"ListItem","position":2,"name":"F\u00eate du ski et de la neige le dimanche 20 janvier 2019"}]},{"@type":"WebSite","@id":"https:\/\/vosgesinfo.fr\/gerardmerinfo\/#website","url":"https:\/\/vosgesinfo.fr\/gerardmerinfo\/","name":"Gerardmer Info","description":"Toute l&#039;actualit\u00e9 de G\u00e9rardmer","publisher":{"@id":"https:\/\/vosgesinfo.fr\/gerardmerinfo\/#organization"},"alternateName":"Toute l'actualit\u00e9 de G\u00e9rardmer","potentialAction":[{"@type":"SearchAction","target":{"@type":"EntryPoint","urlTemplate":"https:\/\/vosgesinfo.fr\/gerardmerinfo\/?s={search_term_string}"},"query-input":"required name=search_term_string"}],"inLanguage":"fr-FR"},{"@type":"Organization","@id":"https:\/\/vosgesinfo.fr\/gerardmerinfo\/#organization","name":"Gerardmer Info","url":"https:\/\/vosgesinfo.fr\/gerardmerinfo\/","logo":{"@type":"ImageObject","inLanguage":"fr-FR","@id":"https:\/\/vosgesinfo.fr\/gerardmerinfo\/#\/schema\/logo\/image\/","url":"https:\/\/vosgesinfo.fr\/app\/uploads\/sites\/6\/2023\/08\/favicon-gerardmerinfo.png","contentUrl":"https:\/\/vosgesinfo.fr\/app\/uploads\/sites\/6\/2023\/08\/favicon-gerardmerinfo.png","width":512,"height":512,"caption":"Gerardmer Info"},"image":{"@id":"https:\/\/vosgesinfo.fr\/gerardmerinfo\/#\/schema\/logo\/image\/"},"sameAs":["https:\/\/www.facebook.com\/profile.php?id=100049475262660","https:\/\/x.com\/VosgesInfo88","https:\/\/www.youtube.com\/@vosgesinfo"]},{"@type":"Person","@id":"https:\/\/vosgesinfo.fr\/gerardmerinfo\/#\/schema\/person\/bc5d02d71e6932e81b6dadb7386667b1","name":"qs_admin","image":{"@type":"ImageObject","inLanguage":"fr-FR","@id":"https:\/\/vosgesinfo.fr\/gerardmerinfo\/#\/schema\/person\/image\/","url":"https:\/\/secure.gravatar.com\/avatar\/94b18ee0ed79e4a42ea2f2931277b6841a8999fc6fde214600c78057cf1fe1de?s=96&d=mm&r=g","contentUrl":"https:\/\/secure.gravatar.com\/avatar\/94b18ee0ed79e4a42ea2f2931277b6841a8999fc6fde214600c78057cf1fe1de?s=96&d=mm&r=g","caption":"qs_admin"},"sameAs":["https:\/\/vosgesinfo.fr\/wp"],"url":"https:\/\/vosgesinfo.fr\/gerardmerinfo\/author\/qs_admin\/"}]}},"_links":{"self":[{"href":"https:\/\/vosgesinfo.fr\/gerardmerinfo\/wp-json\/wp\/v2\/posts\/39075","targetHints":{"allow":["GET"]}}],"collection":[{"href":"https:\/\/vosgesinfo.fr\/gerardmerinfo\/wp-json\/wp\/v2\/posts"}],"about":[{"href":"https:\/\/vosgesinfo.fr\/gerardmerinfo\/wp-json\/wp\/v2\/types\/post"}],"author":[{"embeddable":true,"href":"https:\/\/vosgesinfo.fr\/gerardmerinfo\/wp-json\/wp\/v2\/users\/1"}],"replies":[{"embeddable":true,"href":"https:\/\/vosgesinfo.fr\/gerardmerinfo\/wp-json\/wp\/v2\/comments?post=39075"}],"version-history":[{"count":0,"href":"https:\/\/vosgesinfo.fr\/gerardmerinfo\/wp-json\/wp\/v2\/posts\/39075\/revisions"}],"wp:featuredmedia":[{"embeddable":true,"href":"https:\/\/vosgesinfo.fr\/gerardmerinfo\/wp-json\/wp\/v2\/media\/767"}],"wp:attachment":[{"href":"https:\/\/vosgesinfo.fr\/gerardmerinfo\/wp-json\/wp\/v2\/media?parent=39075"}],"wp:term":[{"taxonomy":"category","embeddable":true,"href":"https:\/\/vosgesinfo.fr\/gerardmerinfo\/wp-json\/wp\/v2\/categories?post=39075"},{"taxonomy":"post_tag","embeddable":true,"href":"https:\/\/vosgesinfo.fr\/gerardmerinfo\/wp-json\/wp\/v2\/tags?post=39075"}],"curies":[{"name":"wp","href":"https:\/\/api.w.org\/{rel}","templated":true}]}}