{"id":39099,"date":"2019-01-16T12:16:48","date_gmt":"2019-01-16T11:16:48","guid":{"rendered":"https:\/\/vosgesinfo.fr\/gerardmerinfo\/2019\/01\/expo-bd-autour-de-valise-a-mcl-de-gerardmer\/"},"modified":"2019-01-16T12:16:48","modified_gmt":"2019-01-16T11:16:48","slug":"expo-bd-autour-de-valise-a-mcl-de-gerardmer","status":"publish","type":"post","link":"https:\/\/vosgesinfo.fr\/gerardmerinfo\/2019\/01\/expo-bd-autour-de-valise-a-mcl-de-gerardmer\/","title":{"rendered":"Expo BD autour de \u00ab LA VALISE \u00bb \u00e0 la MCL de G\u00e9rardmer"},"content":{"rendered":"<p><a href=\"\/2019\/01\/amalricvalise6-1200x675.jpg\"><img decoding=\"async\" class=\"aligncenter size-full wp-image-140509\" src=\"\/2019\/01\/amalricvalise6-1200x675.jpg\" alt=\"amalricvalise6-1200x675\" width=\"800\" height=\"450\" \/><\/a><\/p>\n<h3>Chaque ann\u00e9e, la MCL de G\u00e9rardmer a le plaisir d&rsquo;accueillir plusieurs expositions dans le cadre du festival du Film Fantastique. L&rsquo;une d&rsquo;entre-elle est l\u2019incontournable expo BD qui sera consacr\u00e9e cette ann\u00e9e \u00e0 \u00ab\u00a0La Valise\u00a0\u00bbde Morgane Schmitt Giordano, Diane Ranville et Gabriel Amalric.<\/h3>\n<p><strong>Synopsis :<\/strong><br \/>\nLes fronti\u00e8res de la Cit\u00e9 sont ferm\u00e9es. Les Ombres au service du Dux \u00e9crasent \u00e0 loisir ceux qui s\u2019opposent au r\u00e9gime, et les habitants doivent plier ou mourir. Cl\u00e9oph\u00e9e, passeuse et sorci\u00e8re, profite de la situation et utilise sa Valise extraordinaire pour aider ceux qui le souhaitent \u00e0 quitter la ville\u2026 contre r\u00e9tribution. Pour chaque \u00e2me passant le Mur, Cl\u00e9oph\u00e9e pr\u00e9l\u00e8vera sept ann\u00e9es de vie. Dans son manoir surplombant la vall\u00e9e, Cl\u00e9oph\u00e9e joue double jeu aupr\u00e8s du r\u00e9gime du dictateur tout en nourrissant sa magie de la vie pr\u00e9lev\u00e9e aux fugitifs. Mais un soir, un membre de la r\u00e9sistance vient \u00e0 sa rencontre avec une requ\u00eate inusuelle : les aider \u00e0 franchir la fronti\u00e8re dans l\u2019autre sens, pour p\u00e9n\u00e9trer dans la Cit\u00e9.<\/p>\n<p>Les trois auteurs de La Valise, Morgane Schmitt Giordano, Diane Ranville et Gabriel Amalric, travaillent ensemble depuis 2011. Courts m\u00e9trages d\u2019animation ou de cin\u00e9ma, fanzine hybrides\u2026 ils multiplient les projets en parall\u00e8le de leurs \u00e9tudes. Form\u00e9s au cin\u00e9ma d\u2019animation, Morgane et Gabriel sont respectivement sp\u00e9cialis\u00e9s en r\u00e9alisation-storyboard et d\u00e9cor-couleur, tandis que Diane est titulaire d\u2019un Master obtenu \u00e0 la Sorbonne o\u00f9 elle a \u00e9tudi\u00e9 l\u2019anglais, le cin\u00e9ma et l\u2019\u00e9dition. Une fois dipl\u00f4m\u00e9s, ils se lancent tous ensemble dans l\u2019aventure du 9e art : La Valise est leur premi\u00e8re bande dessin\u00e9e.<br \/>\nCette exposition a vocation \u00e0 plonger le visiteur dans l\u2019ambiance surnaturelle de La Valise, tout en lui permettant de d\u00e9couvrir les coulisses de la cr\u00e9ation d\u2019une bande dessin\u00e9e \u00e0 plusieurs mains. Des panneaux montrent le processus cr\u00e9atif : du sc\u00e9nario, aux planches finales en passant par le storyboard&#8230; sans oublier concept-art, character-design et documents de travail. Ces \u00e9l\u00e9ments sont accompagn\u00e9s d\u2019anecdotes des auteurs sous forme de br\u00e8ves citations. Une sc\u00e9nographie immersive qui fait vivre l\u2019univers de la BD en trois dimensions : objets vintages, fac-simil\u00e9s, vitrine, etc.<\/p>\n<p>Exposition \u00ab LA VALISE \u00bb<br \/>\n\u2756 Maison de la Culture et des Loisirs \u2013 Entr\u00e9e libre<\/p>\n","protected":false},"excerpt":{"rendered":"<p>Chaque ann\u00e9e, la MCL de G\u00e9rardmer a le plaisir d&rsquo;accueillir plusieurs expositions dans le cadre du festival du Film Fantastique. [&hellip;]<\/p>\n","protected":false},"author":1,"featured_media":39100,"comment_status":"open","ping_status":"open","sticky":false,"template":"","format":"standard","meta":{"footnotes":""},"categories":[20,4,25,18],"tags":[2813,91,3974,103],"class_list":["post-39099","post","type-post","status-publish","format-standard","has-post-thumbnail","hentry","category-a-la-une","category-culture","category-gerardmer","category-vosges","tag-bd","tag-festival-du-film-fantastique-gerardmer","tag-la-valise","tag-mcl-gerardmer"],"acf":[],"yoast_head":"<!-- This site is optimized with the Yoast SEO plugin v22.5 - https:\/\/yoast.com\/wordpress\/plugins\/seo\/ -->\n<title>Expo BD autour de \u00ab LA VALISE \u00bb \u00e0 la MCL de G\u00e9rardmer - Gerardmer Info<\/title>\n<meta name=\"robots\" content=\"index, follow, max-snippet:-1, max-image-preview:large, max-video-preview:-1\" \/>\n<link rel=\"canonical\" href=\"https:\/\/vosgesinfo.fr\/gerardmerinfo\/2019\/01\/expo-bd-autour-de-valise-a-mcl-de-gerardmer\/\" \/>\n<meta name=\"twitter:card\" content=\"summary_large_image\" \/>\n<meta name=\"twitter:title\" content=\"Expo BD autour de \u00ab LA VALISE \u00bb \u00e0 la MCL de G\u00e9rardmer - Gerardmer Info\" \/>\n<meta name=\"twitter:description\" content=\"Chaque ann\u00e9e, la MCL de G\u00e9rardmer a le plaisir d&rsquo;accueillir plusieurs expositions dans le cadre du festival du Film Fantastique. [&hellip;]\" \/>\n<meta name=\"twitter:image\" content=\"https:\/\/vosgesinfo.fr\/app\/uploads\/sites\/6\/2024\/07\/201901amalricvalise6-1200x675-1.jpg\" \/>\n<meta name=\"twitter:creator\" content=\"@VosgesInfo88\" \/>\n<meta name=\"twitter:site\" content=\"@VosgesInfo88\" \/>\n<meta name=\"twitter:label1\" content=\"\u00c9crit par\" \/>\n\t<meta name=\"twitter:data1\" content=\"qs_admin\" \/>\n\t<meta name=\"twitter:label2\" content=\"Dur\u00e9e de lecture estim\u00e9e\" \/>\n\t<meta name=\"twitter:data2\" content=\"2 minutes\" \/>\n<script type=\"application\/ld+json\" class=\"yoast-schema-graph\">{\"@context\":\"https:\/\/schema.org\",\"@graph\":[{\"@type\":\"Article\",\"@id\":\"https:\/\/vosgesinfo.fr\/gerardmerinfo\/2019\/01\/expo-bd-autour-de-valise-a-mcl-de-gerardmer\/#article\",\"isPartOf\":{\"@id\":\"https:\/\/vosgesinfo.fr\/gerardmerinfo\/2019\/01\/expo-bd-autour-de-valise-a-mcl-de-gerardmer\/\"},\"author\":{\"name\":\"qs_admin\",\"@id\":\"https:\/\/vosgesinfo.fr\/gerardmerinfo\/#\/schema\/person\/bc5d02d71e6932e81b6dadb7386667b1\"},\"headline\":\"Expo BD autour de \u00ab LA VALISE \u00bb \u00e0 la MCL de G\u00e9rardmer\",\"datePublished\":\"2019-01-16T11:16:48+00:00\",\"dateModified\":\"2019-01-16T11:16:48+00:00\",\"mainEntityOfPage\":{\"@id\":\"https:\/\/vosgesinfo.fr\/gerardmerinfo\/2019\/01\/expo-bd-autour-de-valise-a-mcl-de-gerardmer\/\"},\"wordCount\":422,\"commentCount\":0,\"publisher\":{\"@id\":\"https:\/\/vosgesinfo.fr\/gerardmerinfo\/#organization\"},\"image\":{\"@id\":\"https:\/\/vosgesinfo.fr\/gerardmerinfo\/2019\/01\/expo-bd-autour-de-valise-a-mcl-de-gerardmer\/#primaryimage\"},\"thumbnailUrl\":\"https:\/\/vosgesinfo.fr\/app\/uploads\/sites\/6\/2024\/07\/201901amalricvalise6-1200x675-1.jpg\",\"keywords\":[\"BD\",\"festival du film fantastique G\u00e9rardmer\",\"la valise\",\"MCL G\u00e9rardmer\"],\"articleSection\":[\"A la une\",\"Culture\",\"G\u00e9rardmer\",\"Vosges\"],\"inLanguage\":\"fr-FR\",\"potentialAction\":[{\"@type\":\"CommentAction\",\"name\":\"Comment\",\"target\":[\"https:\/\/vosgesinfo.fr\/gerardmerinfo\/2019\/01\/expo-bd-autour-de-valise-a-mcl-de-gerardmer\/#respond\"]}]},{\"@type\":\"WebPage\",\"@id\":\"https:\/\/vosgesinfo.fr\/gerardmerinfo\/2019\/01\/expo-bd-autour-de-valise-a-mcl-de-gerardmer\/\",\"url\":\"https:\/\/vosgesinfo.fr\/gerardmerinfo\/2019\/01\/expo-bd-autour-de-valise-a-mcl-de-gerardmer\/\",\"name\":\"Expo BD autour de \u00ab LA VALISE \u00bb \u00e0 la MCL de G\u00e9rardmer - Gerardmer Info\",\"isPartOf\":{\"@id\":\"https:\/\/vosgesinfo.fr\/gerardmerinfo\/#website\"},\"primaryImageOfPage\":{\"@id\":\"https:\/\/vosgesinfo.fr\/gerardmerinfo\/2019\/01\/expo-bd-autour-de-valise-a-mcl-de-gerardmer\/#primaryimage\"},\"image\":{\"@id\":\"https:\/\/vosgesinfo.fr\/gerardmerinfo\/2019\/01\/expo-bd-autour-de-valise-a-mcl-de-gerardmer\/#primaryimage\"},\"thumbnailUrl\":\"https:\/\/vosgesinfo.fr\/app\/uploads\/sites\/6\/2024\/07\/201901amalricvalise6-1200x675-1.jpg\",\"datePublished\":\"2019-01-16T11:16:48+00:00\",\"dateModified\":\"2019-01-16T11:16:48+00:00\",\"breadcrumb\":{\"@id\":\"https:\/\/vosgesinfo.fr\/gerardmerinfo\/2019\/01\/expo-bd-autour-de-valise-a-mcl-de-gerardmer\/#breadcrumb\"},\"inLanguage\":\"fr-FR\",\"potentialAction\":[{\"@type\":\"ReadAction\",\"target\":[\"https:\/\/vosgesinfo.fr\/gerardmerinfo\/2019\/01\/expo-bd-autour-de-valise-a-mcl-de-gerardmer\/\"]}]},{\"@type\":\"ImageObject\",\"inLanguage\":\"fr-FR\",\"@id\":\"https:\/\/vosgesinfo.fr\/gerardmerinfo\/2019\/01\/expo-bd-autour-de-valise-a-mcl-de-gerardmer\/#primaryimage\",\"url\":\"https:\/\/vosgesinfo.fr\/app\/uploads\/sites\/6\/2024\/07\/201901amalricvalise6-1200x675-1.jpg\",\"contentUrl\":\"https:\/\/vosgesinfo.fr\/app\/uploads\/sites\/6\/2024\/07\/201901amalricvalise6-1200x675-1.jpg\",\"width\":800,\"height\":450},{\"@type\":\"BreadcrumbList\",\"@id\":\"https:\/\/vosgesinfo.fr\/gerardmerinfo\/2019\/01\/expo-bd-autour-de-valise-a-mcl-de-gerardmer\/#breadcrumb\",\"itemListElement\":[{\"@type\":\"ListItem\",\"position\":1,\"name\":\"Home\",\"item\":\"https:\/\/vosgesinfo.fr\/gerardmerinfo\/\"},{\"@type\":\"ListItem\",\"position\":2,\"name\":\"Expo BD autour de \u00ab LA VALISE \u00bb \u00e0 la MCL de G\u00e9rardmer\"}]},{\"@type\":\"WebSite\",\"@id\":\"https:\/\/vosgesinfo.fr\/gerardmerinfo\/#website\",\"url\":\"https:\/\/vosgesinfo.fr\/gerardmerinfo\/\",\"name\":\"Gerardmer Info\",\"description\":\"Toute l&#039;actualit\u00e9 de G\u00e9rardmer\",\"publisher\":{\"@id\":\"https:\/\/vosgesinfo.fr\/gerardmerinfo\/#organization\"},\"alternateName\":\"Toute l'actualit\u00e9 de G\u00e9rardmer\",\"potentialAction\":[{\"@type\":\"SearchAction\",\"target\":{\"@type\":\"EntryPoint\",\"urlTemplate\":\"https:\/\/vosgesinfo.fr\/gerardmerinfo\/?s={search_term_string}\"},\"query-input\":\"required name=search_term_string\"}],\"inLanguage\":\"fr-FR\"},{\"@type\":\"Organization\",\"@id\":\"https:\/\/vosgesinfo.fr\/gerardmerinfo\/#organization\",\"name\":\"Gerardmer Info\",\"url\":\"https:\/\/vosgesinfo.fr\/gerardmerinfo\/\",\"logo\":{\"@type\":\"ImageObject\",\"inLanguage\":\"fr-FR\",\"@id\":\"https:\/\/vosgesinfo.fr\/gerardmerinfo\/#\/schema\/logo\/image\/\",\"url\":\"https:\/\/vosgesinfo.fr\/app\/uploads\/sites\/6\/2023\/08\/favicon-gerardmerinfo.png\",\"contentUrl\":\"https:\/\/vosgesinfo.fr\/app\/uploads\/sites\/6\/2023\/08\/favicon-gerardmerinfo.png\",\"width\":512,\"height\":512,\"caption\":\"Gerardmer Info\"},\"image\":{\"@id\":\"https:\/\/vosgesinfo.fr\/gerardmerinfo\/#\/schema\/logo\/image\/\"},\"sameAs\":[\"https:\/\/www.facebook.com\/profile.php?id=100049475262660\",\"https:\/\/x.com\/VosgesInfo88\",\"https:\/\/www.youtube.com\/@vosgesinfo\"]},{\"@type\":\"Person\",\"@id\":\"https:\/\/vosgesinfo.fr\/gerardmerinfo\/#\/schema\/person\/bc5d02d71e6932e81b6dadb7386667b1\",\"name\":\"qs_admin\",\"image\":{\"@type\":\"ImageObject\",\"inLanguage\":\"fr-FR\",\"@id\":\"https:\/\/vosgesinfo.fr\/gerardmerinfo\/#\/schema\/person\/image\/\",\"url\":\"https:\/\/secure.gravatar.com\/avatar\/94b18ee0ed79e4a42ea2f2931277b6841a8999fc6fde214600c78057cf1fe1de?s=96&d=mm&r=g\",\"contentUrl\":\"https:\/\/secure.gravatar.com\/avatar\/94b18ee0ed79e4a42ea2f2931277b6841a8999fc6fde214600c78057cf1fe1de?s=96&d=mm&r=g\",\"caption\":\"qs_admin\"},\"sameAs\":[\"https:\/\/vosgesinfo.fr\/wp\"],\"url\":\"https:\/\/vosgesinfo.fr\/gerardmerinfo\/author\/qs_admin\/\"}]}<\/script>\n<!-- \/ Yoast SEO plugin. -->","yoast_head_json":{"title":"Expo BD autour de \u00ab LA VALISE \u00bb \u00e0 la MCL de G\u00e9rardmer - Gerardmer Info","robots":{"index":"index","follow":"follow","max-snippet":"max-snippet:-1","max-image-preview":"max-image-preview:large","max-video-preview":"max-video-preview:-1"},"canonical":"https:\/\/vosgesinfo.fr\/gerardmerinfo\/2019\/01\/expo-bd-autour-de-valise-a-mcl-de-gerardmer\/","twitter_card":"summary_large_image","twitter_title":"Expo BD autour de \u00ab LA VALISE \u00bb \u00e0 la MCL de G\u00e9rardmer - Gerardmer Info","twitter_description":"Chaque ann\u00e9e, la MCL de G\u00e9rardmer a le plaisir d&rsquo;accueillir plusieurs expositions dans le cadre du festival du Film Fantastique. [&hellip;]","twitter_image":"https:\/\/vosgesinfo.fr\/app\/uploads\/sites\/6\/2024\/07\/201901amalricvalise6-1200x675-1.jpg","twitter_creator":"@VosgesInfo88","twitter_site":"@VosgesInfo88","twitter_misc":{"\u00c9crit par":"qs_admin","Dur\u00e9e de lecture estim\u00e9e":"2 minutes"},"schema":{"@context":"https:\/\/schema.org","@graph":[{"@type":"Article","@id":"https:\/\/vosgesinfo.fr\/gerardmerinfo\/2019\/01\/expo-bd-autour-de-valise-a-mcl-de-gerardmer\/#article","isPartOf":{"@id":"https:\/\/vosgesinfo.fr\/gerardmerinfo\/2019\/01\/expo-bd-autour-de-valise-a-mcl-de-gerardmer\/"},"author":{"name":"qs_admin","@id":"https:\/\/vosgesinfo.fr\/gerardmerinfo\/#\/schema\/person\/bc5d02d71e6932e81b6dadb7386667b1"},"headline":"Expo BD autour de \u00ab LA VALISE \u00bb \u00e0 la MCL de G\u00e9rardmer","datePublished":"2019-01-16T11:16:48+00:00","dateModified":"2019-01-16T11:16:48+00:00","mainEntityOfPage":{"@id":"https:\/\/vosgesinfo.fr\/gerardmerinfo\/2019\/01\/expo-bd-autour-de-valise-a-mcl-de-gerardmer\/"},"wordCount":422,"commentCount":0,"publisher":{"@id":"https:\/\/vosgesinfo.fr\/gerardmerinfo\/#organization"},"image":{"@id":"https:\/\/vosgesinfo.fr\/gerardmerinfo\/2019\/01\/expo-bd-autour-de-valise-a-mcl-de-gerardmer\/#primaryimage"},"thumbnailUrl":"https:\/\/vosgesinfo.fr\/app\/uploads\/sites\/6\/2024\/07\/201901amalricvalise6-1200x675-1.jpg","keywords":["BD","festival du film fantastique G\u00e9rardmer","la valise","MCL G\u00e9rardmer"],"articleSection":["A la une","Culture","G\u00e9rardmer","Vosges"],"inLanguage":"fr-FR","potentialAction":[{"@type":"CommentAction","name":"Comment","target":["https:\/\/vosgesinfo.fr\/gerardmerinfo\/2019\/01\/expo-bd-autour-de-valise-a-mcl-de-gerardmer\/#respond"]}]},{"@type":"WebPage","@id":"https:\/\/vosgesinfo.fr\/gerardmerinfo\/2019\/01\/expo-bd-autour-de-valise-a-mcl-de-gerardmer\/","url":"https:\/\/vosgesinfo.fr\/gerardmerinfo\/2019\/01\/expo-bd-autour-de-valise-a-mcl-de-gerardmer\/","name":"Expo BD autour de \u00ab LA VALISE \u00bb \u00e0 la MCL de G\u00e9rardmer - Gerardmer Info","isPartOf":{"@id":"https:\/\/vosgesinfo.fr\/gerardmerinfo\/#website"},"primaryImageOfPage":{"@id":"https:\/\/vosgesinfo.fr\/gerardmerinfo\/2019\/01\/expo-bd-autour-de-valise-a-mcl-de-gerardmer\/#primaryimage"},"image":{"@id":"https:\/\/vosgesinfo.fr\/gerardmerinfo\/2019\/01\/expo-bd-autour-de-valise-a-mcl-de-gerardmer\/#primaryimage"},"thumbnailUrl":"https:\/\/vosgesinfo.fr\/app\/uploads\/sites\/6\/2024\/07\/201901amalricvalise6-1200x675-1.jpg","datePublished":"2019-01-16T11:16:48+00:00","dateModified":"2019-01-16T11:16:48+00:00","breadcrumb":{"@id":"https:\/\/vosgesinfo.fr\/gerardmerinfo\/2019\/01\/expo-bd-autour-de-valise-a-mcl-de-gerardmer\/#breadcrumb"},"inLanguage":"fr-FR","potentialAction":[{"@type":"ReadAction","target":["https:\/\/vosgesinfo.fr\/gerardmerinfo\/2019\/01\/expo-bd-autour-de-valise-a-mcl-de-gerardmer\/"]}]},{"@type":"ImageObject","inLanguage":"fr-FR","@id":"https:\/\/vosgesinfo.fr\/gerardmerinfo\/2019\/01\/expo-bd-autour-de-valise-a-mcl-de-gerardmer\/#primaryimage","url":"https:\/\/vosgesinfo.fr\/app\/uploads\/sites\/6\/2024\/07\/201901amalricvalise6-1200x675-1.jpg","contentUrl":"https:\/\/vosgesinfo.fr\/app\/uploads\/sites\/6\/2024\/07\/201901amalricvalise6-1200x675-1.jpg","width":800,"height":450},{"@type":"BreadcrumbList","@id":"https:\/\/vosgesinfo.fr\/gerardmerinfo\/2019\/01\/expo-bd-autour-de-valise-a-mcl-de-gerardmer\/#breadcrumb","itemListElement":[{"@type":"ListItem","position":1,"name":"Home","item":"https:\/\/vosgesinfo.fr\/gerardmerinfo\/"},{"@type":"ListItem","position":2,"name":"Expo BD autour de \u00ab LA VALISE \u00bb \u00e0 la MCL de G\u00e9rardmer"}]},{"@type":"WebSite","@id":"https:\/\/vosgesinfo.fr\/gerardmerinfo\/#website","url":"https:\/\/vosgesinfo.fr\/gerardmerinfo\/","name":"Gerardmer Info","description":"Toute l&#039;actualit\u00e9 de G\u00e9rardmer","publisher":{"@id":"https:\/\/vosgesinfo.fr\/gerardmerinfo\/#organization"},"alternateName":"Toute l'actualit\u00e9 de G\u00e9rardmer","potentialAction":[{"@type":"SearchAction","target":{"@type":"EntryPoint","urlTemplate":"https:\/\/vosgesinfo.fr\/gerardmerinfo\/?s={search_term_string}"},"query-input":"required name=search_term_string"}],"inLanguage":"fr-FR"},{"@type":"Organization","@id":"https:\/\/vosgesinfo.fr\/gerardmerinfo\/#organization","name":"Gerardmer Info","url":"https:\/\/vosgesinfo.fr\/gerardmerinfo\/","logo":{"@type":"ImageObject","inLanguage":"fr-FR","@id":"https:\/\/vosgesinfo.fr\/gerardmerinfo\/#\/schema\/logo\/image\/","url":"https:\/\/vosgesinfo.fr\/app\/uploads\/sites\/6\/2023\/08\/favicon-gerardmerinfo.png","contentUrl":"https:\/\/vosgesinfo.fr\/app\/uploads\/sites\/6\/2023\/08\/favicon-gerardmerinfo.png","width":512,"height":512,"caption":"Gerardmer Info"},"image":{"@id":"https:\/\/vosgesinfo.fr\/gerardmerinfo\/#\/schema\/logo\/image\/"},"sameAs":["https:\/\/www.facebook.com\/profile.php?id=100049475262660","https:\/\/x.com\/VosgesInfo88","https:\/\/www.youtube.com\/@vosgesinfo"]},{"@type":"Person","@id":"https:\/\/vosgesinfo.fr\/gerardmerinfo\/#\/schema\/person\/bc5d02d71e6932e81b6dadb7386667b1","name":"qs_admin","image":{"@type":"ImageObject","inLanguage":"fr-FR","@id":"https:\/\/vosgesinfo.fr\/gerardmerinfo\/#\/schema\/person\/image\/","url":"https:\/\/secure.gravatar.com\/avatar\/94b18ee0ed79e4a42ea2f2931277b6841a8999fc6fde214600c78057cf1fe1de?s=96&d=mm&r=g","contentUrl":"https:\/\/secure.gravatar.com\/avatar\/94b18ee0ed79e4a42ea2f2931277b6841a8999fc6fde214600c78057cf1fe1de?s=96&d=mm&r=g","caption":"qs_admin"},"sameAs":["https:\/\/vosgesinfo.fr\/wp"],"url":"https:\/\/vosgesinfo.fr\/gerardmerinfo\/author\/qs_admin\/"}]}},"_links":{"self":[{"href":"https:\/\/vosgesinfo.fr\/gerardmerinfo\/wp-json\/wp\/v2\/posts\/39099","targetHints":{"allow":["GET"]}}],"collection":[{"href":"https:\/\/vosgesinfo.fr\/gerardmerinfo\/wp-json\/wp\/v2\/posts"}],"about":[{"href":"https:\/\/vosgesinfo.fr\/gerardmerinfo\/wp-json\/wp\/v2\/types\/post"}],"author":[{"embeddable":true,"href":"https:\/\/vosgesinfo.fr\/gerardmerinfo\/wp-json\/wp\/v2\/users\/1"}],"replies":[{"embeddable":true,"href":"https:\/\/vosgesinfo.fr\/gerardmerinfo\/wp-json\/wp\/v2\/comments?post=39099"}],"version-history":[{"count":0,"href":"https:\/\/vosgesinfo.fr\/gerardmerinfo\/wp-json\/wp\/v2\/posts\/39099\/revisions"}],"wp:featuredmedia":[{"embeddable":true,"href":"https:\/\/vosgesinfo.fr\/gerardmerinfo\/wp-json\/wp\/v2\/media\/39100"}],"wp:attachment":[{"href":"https:\/\/vosgesinfo.fr\/gerardmerinfo\/wp-json\/wp\/v2\/media?parent=39099"}],"wp:term":[{"taxonomy":"category","embeddable":true,"href":"https:\/\/vosgesinfo.fr\/gerardmerinfo\/wp-json\/wp\/v2\/categories?post=39099"},{"taxonomy":"post_tag","embeddable":true,"href":"https:\/\/vosgesinfo.fr\/gerardmerinfo\/wp-json\/wp\/v2\/tags?post=39099"}],"curies":[{"name":"wp","href":"https:\/\/api.w.org\/{rel}","templated":true}]}}