{"id":39278,"date":"2019-02-04T17:02:42","date_gmt":"2019-02-04T16:02:42","guid":{"rendered":"https:\/\/vosgesinfo.fr\/gerardmerinfo\/2019\/02\/aux-sources-de-hautes-vosges-projection-a-rehaupal-dimanche-10-fevrier-a-15-h\/"},"modified":"2019-02-04T17:02:42","modified_gmt":"2019-02-04T16:02:42","slug":"aux-sources-de-hautes-vosges-projection-a-rehaupal-dimanche-10-fevrier-a-15-h","status":"publish","type":"post","link":"https:\/\/vosgesinfo.fr\/gerardmerinfo\/2019\/02\/aux-sources-de-hautes-vosges-projection-a-rehaupal-dimanche-10-fevrier-a-15-h\/","title":{"rendered":"Aux sources de mes hautes Vosges :  projection \u00e0 R\u00e9haupal dimanche 10 f\u00e9vrier \u00e0 15 h"},"content":{"rendered":"<p><span style=\"font-size: 14pt;\"><span style=\"font-family: Arial;\">Le film de Jacques Cuny Aux sources de mes Hautes-Vosges fera l&rsquo;objet d&rsquo;une projection organis\u00e9e en partenariat avec la municipalit\u00e9 de R\u00e9haupal<\/span><span style=\"font-family: Arial;\">.<\/span><\/span><\/p>\n<p>RDV le 10 f\u00e9vrier \u00e0 15 h 00 \u00e0 la salle socio-cuturelle de R\u00e9haupal.<\/p>\n<p><a href=\"\/2019\/01\/aux-sources-J.-Cuny-rehaupal.jpg\"><img decoding=\"async\" class=\"aligncenter size-full wp-image-140900\" src=\"\/2019\/01\/aux-sources-J.-Cuny-rehaupal.jpg\" alt=\"aux sources J. Cuny rehaupal\" width=\"246\" height=\"800\" \/><\/a><\/p>\n","protected":false},"excerpt":{"rendered":"<p>Le film de Jacques Cuny Aux sources de mes Hautes-Vosges fera l&rsquo;objet d&rsquo;une projection organis\u00e9e en partenariat avec la municipalit\u00e9 [&hellip;]<\/p>\n","protected":false},"author":1,"featured_media":39279,"comment_status":"open","ping_status":"open","sticky":false,"template":"","format":"standard","meta":{"footnotes":""},"categories":[20,4,18],"tags":[513],"class_list":["post-39278","post","type-post","status-publish","format-standard","has-post-thumbnail","hentry","category-a-la-une","category-culture","category-vosges","tag-jacques-cuny"],"acf":[],"yoast_head":"<!-- This site is optimized with the Yoast SEO plugin v22.5 - https:\/\/yoast.com\/wordpress\/plugins\/seo\/ -->\n<title>Aux sources de mes hautes Vosges : projection \u00e0 R\u00e9haupal dimanche 10 f\u00e9vrier \u00e0 15 h - Gerardmer Info<\/title>\n<meta name=\"robots\" content=\"index, follow, max-snippet:-1, max-image-preview:large, max-video-preview:-1\" \/>\n<link rel=\"canonical\" href=\"https:\/\/vosgesinfo.fr\/gerardmerinfo\/2019\/02\/aux-sources-de-hautes-vosges-projection-a-rehaupal-dimanche-10-fevrier-a-15-h\/\" \/>\n<meta name=\"twitter:card\" content=\"summary_large_image\" \/>\n<meta name=\"twitter:title\" content=\"Aux sources de mes hautes Vosges : projection \u00e0 R\u00e9haupal dimanche 10 f\u00e9vrier \u00e0 15 h - Gerardmer Info\" \/>\n<meta name=\"twitter:description\" content=\"Le film de Jacques Cuny Aux sources de mes Hautes-Vosges fera l&rsquo;objet d&rsquo;une projection organis\u00e9e en partenariat avec la municipalit\u00e9 [&hellip;]\" \/>\n<meta name=\"twitter:image\" content=\"https:\/\/vosgesinfo.fr\/app\/uploads\/sites\/6\/2024\/07\/201809film-de-jacques-cuny-projection-la-bresse-1.jpg\" \/>\n<meta name=\"twitter:creator\" content=\"@VosgesInfo88\" \/>\n<meta name=\"twitter:site\" content=\"@VosgesInfo88\" \/>\n<meta name=\"twitter:label1\" content=\"\u00c9crit par\" \/>\n\t<meta name=\"twitter:data1\" content=\"qs_admin\" \/>\n<script type=\"application\/ld+json\" class=\"yoast-schema-graph\">{\"@context\":\"https:\/\/schema.org\",\"@graph\":[{\"@type\":\"Article\",\"@id\":\"https:\/\/vosgesinfo.fr\/gerardmerinfo\/2019\/02\/aux-sources-de-hautes-vosges-projection-a-rehaupal-dimanche-10-fevrier-a-15-h\/#article\",\"isPartOf\":{\"@id\":\"https:\/\/vosgesinfo.fr\/gerardmerinfo\/2019\/02\/aux-sources-de-hautes-vosges-projection-a-rehaupal-dimanche-10-fevrier-a-15-h\/\"},\"author\":{\"name\":\"qs_admin\",\"@id\":\"https:\/\/vosgesinfo.fr\/gerardmerinfo\/#\/schema\/person\/bc5d02d71e6932e81b6dadb7386667b1\"},\"headline\":\"Aux sources de mes hautes Vosges : projection \u00e0 R\u00e9haupal dimanche 10 f\u00e9vrier \u00e0 15 h\",\"datePublished\":\"2019-02-04T16:02:42+00:00\",\"dateModified\":\"2019-02-04T16:02:42+00:00\",\"mainEntityOfPage\":{\"@id\":\"https:\/\/vosgesinfo.fr\/gerardmerinfo\/2019\/02\/aux-sources-de-hautes-vosges-projection-a-rehaupal-dimanche-10-fevrier-a-15-h\/\"},\"wordCount\":50,\"commentCount\":0,\"publisher\":{\"@id\":\"https:\/\/vosgesinfo.fr\/gerardmerinfo\/#organization\"},\"image\":{\"@id\":\"https:\/\/vosgesinfo.fr\/gerardmerinfo\/2019\/02\/aux-sources-de-hautes-vosges-projection-a-rehaupal-dimanche-10-fevrier-a-15-h\/#primaryimage\"},\"thumbnailUrl\":\"https:\/\/vosgesinfo.fr\/app\/uploads\/sites\/6\/2024\/07\/201809film-de-jacques-cuny-projection-la-bresse-1.jpg\",\"keywords\":[\"jacques cuny\"],\"articleSection\":[\"A la une\",\"Culture\",\"Vosges\"],\"inLanguage\":\"fr-FR\",\"potentialAction\":[{\"@type\":\"CommentAction\",\"name\":\"Comment\",\"target\":[\"https:\/\/vosgesinfo.fr\/gerardmerinfo\/2019\/02\/aux-sources-de-hautes-vosges-projection-a-rehaupal-dimanche-10-fevrier-a-15-h\/#respond\"]}]},{\"@type\":\"WebPage\",\"@id\":\"https:\/\/vosgesinfo.fr\/gerardmerinfo\/2019\/02\/aux-sources-de-hautes-vosges-projection-a-rehaupal-dimanche-10-fevrier-a-15-h\/\",\"url\":\"https:\/\/vosgesinfo.fr\/gerardmerinfo\/2019\/02\/aux-sources-de-hautes-vosges-projection-a-rehaupal-dimanche-10-fevrier-a-15-h\/\",\"name\":\"Aux sources de mes hautes Vosges : projection \u00e0 R\u00e9haupal dimanche 10 f\u00e9vrier \u00e0 15 h - Gerardmer Info\",\"isPartOf\":{\"@id\":\"https:\/\/vosgesinfo.fr\/gerardmerinfo\/#website\"},\"primaryImageOfPage\":{\"@id\":\"https:\/\/vosgesinfo.fr\/gerardmerinfo\/2019\/02\/aux-sources-de-hautes-vosges-projection-a-rehaupal-dimanche-10-fevrier-a-15-h\/#primaryimage\"},\"image\":{\"@id\":\"https:\/\/vosgesinfo.fr\/gerardmerinfo\/2019\/02\/aux-sources-de-hautes-vosges-projection-a-rehaupal-dimanche-10-fevrier-a-15-h\/#primaryimage\"},\"thumbnailUrl\":\"https:\/\/vosgesinfo.fr\/app\/uploads\/sites\/6\/2024\/07\/201809film-de-jacques-cuny-projection-la-bresse-1.jpg\",\"datePublished\":\"2019-02-04T16:02:42+00:00\",\"dateModified\":\"2019-02-04T16:02:42+00:00\",\"breadcrumb\":{\"@id\":\"https:\/\/vosgesinfo.fr\/gerardmerinfo\/2019\/02\/aux-sources-de-hautes-vosges-projection-a-rehaupal-dimanche-10-fevrier-a-15-h\/#breadcrumb\"},\"inLanguage\":\"fr-FR\",\"potentialAction\":[{\"@type\":\"ReadAction\",\"target\":[\"https:\/\/vosgesinfo.fr\/gerardmerinfo\/2019\/02\/aux-sources-de-hautes-vosges-projection-a-rehaupal-dimanche-10-fevrier-a-15-h\/\"]}]},{\"@type\":\"ImageObject\",\"inLanguage\":\"fr-FR\",\"@id\":\"https:\/\/vosgesinfo.fr\/gerardmerinfo\/2019\/02\/aux-sources-de-hautes-vosges-projection-a-rehaupal-dimanche-10-fevrier-a-15-h\/#primaryimage\",\"url\":\"https:\/\/vosgesinfo.fr\/app\/uploads\/sites\/6\/2024\/07\/201809film-de-jacques-cuny-projection-la-bresse-1.jpg\",\"contentUrl\":\"https:\/\/vosgesinfo.fr\/app\/uploads\/sites\/6\/2024\/07\/201809film-de-jacques-cuny-projection-la-bresse-1.jpg\",\"width\":398,\"height\":346},{\"@type\":\"BreadcrumbList\",\"@id\":\"https:\/\/vosgesinfo.fr\/gerardmerinfo\/2019\/02\/aux-sources-de-hautes-vosges-projection-a-rehaupal-dimanche-10-fevrier-a-15-h\/#breadcrumb\",\"itemListElement\":[{\"@type\":\"ListItem\",\"position\":1,\"name\":\"Home\",\"item\":\"https:\/\/vosgesinfo.fr\/gerardmerinfo\/\"},{\"@type\":\"ListItem\",\"position\":2,\"name\":\"Aux sources de mes hautes Vosges : projection \u00e0 R\u00e9haupal dimanche 10 f\u00e9vrier \u00e0 15 h\"}]},{\"@type\":\"WebSite\",\"@id\":\"https:\/\/vosgesinfo.fr\/gerardmerinfo\/#website\",\"url\":\"https:\/\/vosgesinfo.fr\/gerardmerinfo\/\",\"name\":\"Gerardmer Info\",\"description\":\"Toute l&#039;actualit\u00e9 de G\u00e9rardmer\",\"publisher\":{\"@id\":\"https:\/\/vosgesinfo.fr\/gerardmerinfo\/#organization\"},\"alternateName\":\"Toute l'actualit\u00e9 de G\u00e9rardmer\",\"potentialAction\":[{\"@type\":\"SearchAction\",\"target\":{\"@type\":\"EntryPoint\",\"urlTemplate\":\"https:\/\/vosgesinfo.fr\/gerardmerinfo\/?s={search_term_string}\"},\"query-input\":\"required name=search_term_string\"}],\"inLanguage\":\"fr-FR\"},{\"@type\":\"Organization\",\"@id\":\"https:\/\/vosgesinfo.fr\/gerardmerinfo\/#organization\",\"name\":\"Gerardmer Info\",\"url\":\"https:\/\/vosgesinfo.fr\/gerardmerinfo\/\",\"logo\":{\"@type\":\"ImageObject\",\"inLanguage\":\"fr-FR\",\"@id\":\"https:\/\/vosgesinfo.fr\/gerardmerinfo\/#\/schema\/logo\/image\/\",\"url\":\"https:\/\/vosgesinfo.fr\/app\/uploads\/sites\/6\/2023\/08\/favicon-gerardmerinfo.png\",\"contentUrl\":\"https:\/\/vosgesinfo.fr\/app\/uploads\/sites\/6\/2023\/08\/favicon-gerardmerinfo.png\",\"width\":512,\"height\":512,\"caption\":\"Gerardmer Info\"},\"image\":{\"@id\":\"https:\/\/vosgesinfo.fr\/gerardmerinfo\/#\/schema\/logo\/image\/\"},\"sameAs\":[\"https:\/\/www.facebook.com\/profile.php?id=100049475262660\",\"https:\/\/x.com\/VosgesInfo88\",\"https:\/\/www.youtube.com\/@vosgesinfo\"]},{\"@type\":\"Person\",\"@id\":\"https:\/\/vosgesinfo.fr\/gerardmerinfo\/#\/schema\/person\/bc5d02d71e6932e81b6dadb7386667b1\",\"name\":\"qs_admin\",\"image\":{\"@type\":\"ImageObject\",\"inLanguage\":\"fr-FR\",\"@id\":\"https:\/\/vosgesinfo.fr\/gerardmerinfo\/#\/schema\/person\/image\/\",\"url\":\"https:\/\/secure.gravatar.com\/avatar\/94b18ee0ed79e4a42ea2f2931277b6841a8999fc6fde214600c78057cf1fe1de?s=96&d=mm&r=g\",\"contentUrl\":\"https:\/\/secure.gravatar.com\/avatar\/94b18ee0ed79e4a42ea2f2931277b6841a8999fc6fde214600c78057cf1fe1de?s=96&d=mm&r=g\",\"caption\":\"qs_admin\"},\"sameAs\":[\"https:\/\/vosgesinfo.fr\/wp\"],\"url\":\"https:\/\/vosgesinfo.fr\/gerardmerinfo\/author\/qs_admin\/\"}]}<\/script>\n<!-- \/ Yoast SEO plugin. -->","yoast_head_json":{"title":"Aux sources de mes hautes Vosges : projection \u00e0 R\u00e9haupal dimanche 10 f\u00e9vrier \u00e0 15 h - Gerardmer Info","robots":{"index":"index","follow":"follow","max-snippet":"max-snippet:-1","max-image-preview":"max-image-preview:large","max-video-preview":"max-video-preview:-1"},"canonical":"https:\/\/vosgesinfo.fr\/gerardmerinfo\/2019\/02\/aux-sources-de-hautes-vosges-projection-a-rehaupal-dimanche-10-fevrier-a-15-h\/","twitter_card":"summary_large_image","twitter_title":"Aux sources de mes hautes Vosges : projection \u00e0 R\u00e9haupal dimanche 10 f\u00e9vrier \u00e0 15 h - Gerardmer Info","twitter_description":"Le film de Jacques Cuny Aux sources de mes Hautes-Vosges fera l&rsquo;objet d&rsquo;une projection organis\u00e9e en partenariat avec la municipalit\u00e9 [&hellip;]","twitter_image":"https:\/\/vosgesinfo.fr\/app\/uploads\/sites\/6\/2024\/07\/201809film-de-jacques-cuny-projection-la-bresse-1.jpg","twitter_creator":"@VosgesInfo88","twitter_site":"@VosgesInfo88","twitter_misc":{"\u00c9crit par":"qs_admin"},"schema":{"@context":"https:\/\/schema.org","@graph":[{"@type":"Article","@id":"https:\/\/vosgesinfo.fr\/gerardmerinfo\/2019\/02\/aux-sources-de-hautes-vosges-projection-a-rehaupal-dimanche-10-fevrier-a-15-h\/#article","isPartOf":{"@id":"https:\/\/vosgesinfo.fr\/gerardmerinfo\/2019\/02\/aux-sources-de-hautes-vosges-projection-a-rehaupal-dimanche-10-fevrier-a-15-h\/"},"author":{"name":"qs_admin","@id":"https:\/\/vosgesinfo.fr\/gerardmerinfo\/#\/schema\/person\/bc5d02d71e6932e81b6dadb7386667b1"},"headline":"Aux sources de mes hautes Vosges : projection \u00e0 R\u00e9haupal dimanche 10 f\u00e9vrier \u00e0 15 h","datePublished":"2019-02-04T16:02:42+00:00","dateModified":"2019-02-04T16:02:42+00:00","mainEntityOfPage":{"@id":"https:\/\/vosgesinfo.fr\/gerardmerinfo\/2019\/02\/aux-sources-de-hautes-vosges-projection-a-rehaupal-dimanche-10-fevrier-a-15-h\/"},"wordCount":50,"commentCount":0,"publisher":{"@id":"https:\/\/vosgesinfo.fr\/gerardmerinfo\/#organization"},"image":{"@id":"https:\/\/vosgesinfo.fr\/gerardmerinfo\/2019\/02\/aux-sources-de-hautes-vosges-projection-a-rehaupal-dimanche-10-fevrier-a-15-h\/#primaryimage"},"thumbnailUrl":"https:\/\/vosgesinfo.fr\/app\/uploads\/sites\/6\/2024\/07\/201809film-de-jacques-cuny-projection-la-bresse-1.jpg","keywords":["jacques cuny"],"articleSection":["A la une","Culture","Vosges"],"inLanguage":"fr-FR","potentialAction":[{"@type":"CommentAction","name":"Comment","target":["https:\/\/vosgesinfo.fr\/gerardmerinfo\/2019\/02\/aux-sources-de-hautes-vosges-projection-a-rehaupal-dimanche-10-fevrier-a-15-h\/#respond"]}]},{"@type":"WebPage","@id":"https:\/\/vosgesinfo.fr\/gerardmerinfo\/2019\/02\/aux-sources-de-hautes-vosges-projection-a-rehaupal-dimanche-10-fevrier-a-15-h\/","url":"https:\/\/vosgesinfo.fr\/gerardmerinfo\/2019\/02\/aux-sources-de-hautes-vosges-projection-a-rehaupal-dimanche-10-fevrier-a-15-h\/","name":"Aux sources de mes hautes Vosges : projection \u00e0 R\u00e9haupal dimanche 10 f\u00e9vrier \u00e0 15 h - Gerardmer Info","isPartOf":{"@id":"https:\/\/vosgesinfo.fr\/gerardmerinfo\/#website"},"primaryImageOfPage":{"@id":"https:\/\/vosgesinfo.fr\/gerardmerinfo\/2019\/02\/aux-sources-de-hautes-vosges-projection-a-rehaupal-dimanche-10-fevrier-a-15-h\/#primaryimage"},"image":{"@id":"https:\/\/vosgesinfo.fr\/gerardmerinfo\/2019\/02\/aux-sources-de-hautes-vosges-projection-a-rehaupal-dimanche-10-fevrier-a-15-h\/#primaryimage"},"thumbnailUrl":"https:\/\/vosgesinfo.fr\/app\/uploads\/sites\/6\/2024\/07\/201809film-de-jacques-cuny-projection-la-bresse-1.jpg","datePublished":"2019-02-04T16:02:42+00:00","dateModified":"2019-02-04T16:02:42+00:00","breadcrumb":{"@id":"https:\/\/vosgesinfo.fr\/gerardmerinfo\/2019\/02\/aux-sources-de-hautes-vosges-projection-a-rehaupal-dimanche-10-fevrier-a-15-h\/#breadcrumb"},"inLanguage":"fr-FR","potentialAction":[{"@type":"ReadAction","target":["https:\/\/vosgesinfo.fr\/gerardmerinfo\/2019\/02\/aux-sources-de-hautes-vosges-projection-a-rehaupal-dimanche-10-fevrier-a-15-h\/"]}]},{"@type":"ImageObject","inLanguage":"fr-FR","@id":"https:\/\/vosgesinfo.fr\/gerardmerinfo\/2019\/02\/aux-sources-de-hautes-vosges-projection-a-rehaupal-dimanche-10-fevrier-a-15-h\/#primaryimage","url":"https:\/\/vosgesinfo.fr\/app\/uploads\/sites\/6\/2024\/07\/201809film-de-jacques-cuny-projection-la-bresse-1.jpg","contentUrl":"https:\/\/vosgesinfo.fr\/app\/uploads\/sites\/6\/2024\/07\/201809film-de-jacques-cuny-projection-la-bresse-1.jpg","width":398,"height":346},{"@type":"BreadcrumbList","@id":"https:\/\/vosgesinfo.fr\/gerardmerinfo\/2019\/02\/aux-sources-de-hautes-vosges-projection-a-rehaupal-dimanche-10-fevrier-a-15-h\/#breadcrumb","itemListElement":[{"@type":"ListItem","position":1,"name":"Home","item":"https:\/\/vosgesinfo.fr\/gerardmerinfo\/"},{"@type":"ListItem","position":2,"name":"Aux sources de mes hautes Vosges : projection \u00e0 R\u00e9haupal dimanche 10 f\u00e9vrier \u00e0 15 h"}]},{"@type":"WebSite","@id":"https:\/\/vosgesinfo.fr\/gerardmerinfo\/#website","url":"https:\/\/vosgesinfo.fr\/gerardmerinfo\/","name":"Gerardmer Info","description":"Toute l&#039;actualit\u00e9 de G\u00e9rardmer","publisher":{"@id":"https:\/\/vosgesinfo.fr\/gerardmerinfo\/#organization"},"alternateName":"Toute l'actualit\u00e9 de G\u00e9rardmer","potentialAction":[{"@type":"SearchAction","target":{"@type":"EntryPoint","urlTemplate":"https:\/\/vosgesinfo.fr\/gerardmerinfo\/?s={search_term_string}"},"query-input":"required name=search_term_string"}],"inLanguage":"fr-FR"},{"@type":"Organization","@id":"https:\/\/vosgesinfo.fr\/gerardmerinfo\/#organization","name":"Gerardmer Info","url":"https:\/\/vosgesinfo.fr\/gerardmerinfo\/","logo":{"@type":"ImageObject","inLanguage":"fr-FR","@id":"https:\/\/vosgesinfo.fr\/gerardmerinfo\/#\/schema\/logo\/image\/","url":"https:\/\/vosgesinfo.fr\/app\/uploads\/sites\/6\/2023\/08\/favicon-gerardmerinfo.png","contentUrl":"https:\/\/vosgesinfo.fr\/app\/uploads\/sites\/6\/2023\/08\/favicon-gerardmerinfo.png","width":512,"height":512,"caption":"Gerardmer Info"},"image":{"@id":"https:\/\/vosgesinfo.fr\/gerardmerinfo\/#\/schema\/logo\/image\/"},"sameAs":["https:\/\/www.facebook.com\/profile.php?id=100049475262660","https:\/\/x.com\/VosgesInfo88","https:\/\/www.youtube.com\/@vosgesinfo"]},{"@type":"Person","@id":"https:\/\/vosgesinfo.fr\/gerardmerinfo\/#\/schema\/person\/bc5d02d71e6932e81b6dadb7386667b1","name":"qs_admin","image":{"@type":"ImageObject","inLanguage":"fr-FR","@id":"https:\/\/vosgesinfo.fr\/gerardmerinfo\/#\/schema\/person\/image\/","url":"https:\/\/secure.gravatar.com\/avatar\/94b18ee0ed79e4a42ea2f2931277b6841a8999fc6fde214600c78057cf1fe1de?s=96&d=mm&r=g","contentUrl":"https:\/\/secure.gravatar.com\/avatar\/94b18ee0ed79e4a42ea2f2931277b6841a8999fc6fde214600c78057cf1fe1de?s=96&d=mm&r=g","caption":"qs_admin"},"sameAs":["https:\/\/vosgesinfo.fr\/wp"],"url":"https:\/\/vosgesinfo.fr\/gerardmerinfo\/author\/qs_admin\/"}]}},"_links":{"self":[{"href":"https:\/\/vosgesinfo.fr\/gerardmerinfo\/wp-json\/wp\/v2\/posts\/39278","targetHints":{"allow":["GET"]}}],"collection":[{"href":"https:\/\/vosgesinfo.fr\/gerardmerinfo\/wp-json\/wp\/v2\/posts"}],"about":[{"href":"https:\/\/vosgesinfo.fr\/gerardmerinfo\/wp-json\/wp\/v2\/types\/post"}],"author":[{"embeddable":true,"href":"https:\/\/vosgesinfo.fr\/gerardmerinfo\/wp-json\/wp\/v2\/users\/1"}],"replies":[{"embeddable":true,"href":"https:\/\/vosgesinfo.fr\/gerardmerinfo\/wp-json\/wp\/v2\/comments?post=39278"}],"version-history":[{"count":0,"href":"https:\/\/vosgesinfo.fr\/gerardmerinfo\/wp-json\/wp\/v2\/posts\/39278\/revisions"}],"wp:featuredmedia":[{"embeddable":true,"href":"https:\/\/vosgesinfo.fr\/gerardmerinfo\/wp-json\/wp\/v2\/media\/39279"}],"wp:attachment":[{"href":"https:\/\/vosgesinfo.fr\/gerardmerinfo\/wp-json\/wp\/v2\/media?parent=39278"}],"wp:term":[{"taxonomy":"category","embeddable":true,"href":"https:\/\/vosgesinfo.fr\/gerardmerinfo\/wp-json\/wp\/v2\/categories?post=39278"},{"taxonomy":"post_tag","embeddable":true,"href":"https:\/\/vosgesinfo.fr\/gerardmerinfo\/wp-json\/wp\/v2\/tags?post=39278"}],"curies":[{"name":"wp","href":"https:\/\/api.w.org\/{rel}","templated":true}]}}