{"id":39388,"date":"2019-02-03T18:54:57","date_gmt":"2019-02-03T17:54:57","guid":{"rendered":"https:\/\/vosgesinfo.fr\/gerardmerinfo\/2019\/02\/nostalgie-conte-documentaire-cadre-de-saison-culturelle\/"},"modified":"2019-02-03T18:54:57","modified_gmt":"2019-02-03T17:54:57","slug":"nostalgie-conte-documentaire-cadre-de-saison-culturelle","status":"publish","type":"post","link":"https:\/\/vosgesinfo.fr\/gerardmerinfo\/2019\/02\/nostalgie-conte-documentaire-cadre-de-saison-culturelle\/","title":{"rendered":"\u00ab Ma nostalgie \u00bb : un conte documentaire dans le cadre de la Saison Culturelle"},"content":{"rendered":"<p><iframe loading=\"lazy\" src=\"\/\/www.youtube.com\/embed\/f4dNmtKqR7o\" width=\"425\" height=\"350\" allowfullscreen=\"allowfullscreen\"><\/iframe><\/p>\n<p>&nbsp;<\/p>\n<h3>Dans le cadre de la Saison Culturelle de la Ville de G\u00e9rardmer, venez d\u00e9couvrir le conte documentaire \u00a0<b><i><span style=\"color: #ff6a00;\">\u00ab Ma nostalgie \u00bb<\/span><\/i><\/b> <b><span style=\"color: #d95000;\">samedi 9 f\u00e9vrier<\/span><\/b>\u00a0\u00e0 20h30 \u00e0 la MCL.<\/h3>\n<p><em>Ma Nostalgie<\/em> est un conte documentaire \u2013 un\u00a0dokudrama comme disent les Allemands \u2013 car\u00a0ce n\u2019est rien d\u2019autre que sa propre histoire que Richard Mahoungou\u00a0(re)joue sur le plateau. Artiste conteur congolais et r\u00e9fugi\u00e9\u00a0politique, Richard nous\u00a0plonge dans ses ann\u00e9es de\u00a0gal\u00e8re, ses anecdotes sur sa\u00a0vie pass\u00e9e au Congo, ses\u00a0col\u00e8res et ses r\u00e9voltes sur la\u00a0situation toujours critique\u00a0et tragique de son pays le\u00a0Congo Brazzaville.<br \/>\nLe rire face\u00a0aux atrocit\u00e9s, \u00e0 la mis\u00e8re, \u00e0 l\u2019ignorance\u2026<br \/>\nLe spectacle est co-\u00e9crit par le dramaturge Julien Bissila,\u00a0lui-m\u00eame impliqu\u00e9 au premier chef dans l\u2019histoire de Richard.\u00a0L\u2019\u00e9tonnante force de ces deux artistes est de savoir rire de\u00a0tout. D\u2019absolument tout. Dans Ma Nostalgie l\u2019ignorance n\u2019est\u00a0pas toujours l\u00e0 o\u00f9 on l\u2019imagine\u2026 Si Ma Nostalgie est un projet\u00a0de th\u00e9\u00e2tre documentaire \u2013 port\u00e9 et \u00e9crit par un citoyen\u00a0du monde qui porte sur celui-ci un regard aiguis\u00e9 et\u00a0pertinent \u2013 il n\u2019en est pas moins pens\u00e9, con\u00e7u et interpr\u00e9t\u00e9\u00a0comme un conte africain.<\/p>\n<p><a href=\"\/2019\/01\/MaNostalgie4.png\"><img decoding=\"async\" class=\"alignright size-medium wp-image-141096\" src=\"\/2019\/01\/MaNostalgie4-198x255.png\" alt=\"MaNostalgie4\" width=\"198\" height=\"255\" \/><\/a>Mise en sc\u00e8ne Jean de Pange et Claire Cahen<br \/>\nAvec Richard Adam Mahoungou | Texte Julien Bissila<br \/>\net Richard Adam Mahoungou | Lumi\u00e8re Fran\u00e7ois Pierron<br \/>\nVid\u00e9o Tommy Laszlo | Son Stephan Faerber | Costume Dominique Fabuel<\/p>\n<p>Tarifs : 10 \u20ac &#8211; tarif plein<br \/>\n9 \u20ac &#8211; tarif plein abonn\u00e9<br \/>\n8 \u20ac &#8211; adh. MCL &#8211; adh. Joa Casino &#8211; Pass\u2019Vacances &#8211; \u00c9l\u00e8ves de l\u2019\u00c9cole de Musique de G\u00e9rardmer<br \/>\n7 \u20ac &#8211; tarif abonn\u00e9 adh\u00e9rent<br \/>\n6 \u20ac &#8211; tarif moins de 16 ans.<br \/>\nInformations et r\u00e9servations aupr\u00e8s de la MCL.<\/p>\n<p><b>En parall\u00e8le \u00e0 ce spectacle<\/b><\/p>\n<p><b><span style=\"color: #ff8647; font-size: large;\">Si loin de chez toi<\/span><span style=\"color: #ff4013;\">\u00a0\u00e0 partir du 5 f\u00e9vrier \u00e0 la M\u00e9diath\u00e8que<\/span><\/b><br \/>\nLa m\u00e9diath\u00e8que vous propose une s\u00e9lection de documents sur le th\u00e8me de l\u2019immigration.<\/p>\n<p><b><span style=\"color: #ff8647; font-size: large;\">R\u00e9cits d\u2019exils<\/span>\u00a0Vendredi 8 f\u00e9vrier \u00e0 partir de 17h \u00e0 la M\u00e9diath\u00e8que<\/b><br \/>\nLa m\u00e9diath\u00e8que vous propose un club lecture, moment d\u2019\u00e9change et de discussion autour d\u2019une s\u00e9lection de romans et de documentaires.<\/p>\n<p><b><span style=\"color: #ff8647; font-size: large;\">Exposition \u00e0 lire<\/span><span style=\"color: #ff4013;\">\u00a0Du 8 au 23 f\u00e9vrier \u00e0 la M\u00e9diath\u00e8que<\/span><\/b><br \/>\nD\u00e9couvrez un texte \u00e0 suivre sur le th\u00e8me des migrants\u2026 Un jeu de piste sur les murs de la M\u00e9diath\u00e8que !<\/p>\n","protected":false},"excerpt":{"rendered":"<p>&nbsp; Dans le cadre de la Saison Culturelle de la Ville de G\u00e9rardmer, venez d\u00e9couvrir le conte documentaire \u00a0\u00ab Ma [&hellip;]<\/p>\n","protected":false},"author":1,"featured_media":39389,"comment_status":"open","ping_status":"open","sticky":false,"template":"","format":"standard","meta":{"footnotes":""},"categories":[20,4,25],"tags":[103,974],"class_list":["post-39388","post","type-post","status-publish","format-standard","has-post-thumbnail","hentry","category-a-la-une","category-culture","category-gerardmer","tag-mcl-gerardmer","tag-saison-culturelle"],"acf":[],"yoast_head":"<!-- This site is optimized with the Yoast SEO plugin v22.5 - https:\/\/yoast.com\/wordpress\/plugins\/seo\/ -->\n<title>\u00ab Ma nostalgie \u00bb : un conte documentaire dans le cadre de la Saison Culturelle - Gerardmer Info<\/title>\n<meta name=\"robots\" content=\"index, follow, max-snippet:-1, max-image-preview:large, max-video-preview:-1\" \/>\n<link rel=\"canonical\" href=\"https:\/\/vosgesinfo.fr\/gerardmerinfo\/2019\/02\/nostalgie-conte-documentaire-cadre-de-saison-culturelle\/\" \/>\n<meta name=\"twitter:card\" content=\"summary_large_image\" \/>\n<meta name=\"twitter:title\" content=\"\u00ab Ma nostalgie \u00bb : un conte documentaire dans le cadre de la Saison Culturelle - Gerardmer Info\" \/>\n<meta name=\"twitter:description\" content=\"&nbsp; Dans le cadre de la Saison Culturelle de la Ville de G\u00e9rardmer, venez d\u00e9couvrir le conte documentaire \u00a0\u00ab Ma [&hellip;]\" \/>\n<meta name=\"twitter:image\" content=\"https:\/\/vosgesinfo.fr\/app\/uploads\/sites\/6\/2024\/07\/201901manostalgie2.png\" \/>\n<meta name=\"twitter:creator\" content=\"@VosgesInfo88\" \/>\n<meta name=\"twitter:site\" content=\"@VosgesInfo88\" \/>\n<meta name=\"twitter:label1\" content=\"\u00c9crit par\" \/>\n\t<meta name=\"twitter:data1\" content=\"qs_admin\" \/>\n\t<meta name=\"twitter:label2\" content=\"Dur\u00e9e de lecture estim\u00e9e\" \/>\n\t<meta name=\"twitter:data2\" content=\"2 minutes\" \/>\n<script type=\"application\/ld+json\" class=\"yoast-schema-graph\">{\"@context\":\"https:\/\/schema.org\",\"@graph\":[{\"@type\":\"Article\",\"@id\":\"https:\/\/vosgesinfo.fr\/gerardmerinfo\/2019\/02\/nostalgie-conte-documentaire-cadre-de-saison-culturelle\/#article\",\"isPartOf\":{\"@id\":\"https:\/\/vosgesinfo.fr\/gerardmerinfo\/2019\/02\/nostalgie-conte-documentaire-cadre-de-saison-culturelle\/\"},\"author\":{\"name\":\"qs_admin\",\"@id\":\"https:\/\/vosgesinfo.fr\/gerardmerinfo\/#\/schema\/person\/bc5d02d71e6932e81b6dadb7386667b1\"},\"headline\":\"\u00ab Ma nostalgie \u00bb : un conte documentaire dans le cadre de la Saison Culturelle\",\"datePublished\":\"2019-02-03T17:54:57+00:00\",\"dateModified\":\"2019-02-03T17:54:57+00:00\",\"mainEntityOfPage\":{\"@id\":\"https:\/\/vosgesinfo.fr\/gerardmerinfo\/2019\/02\/nostalgie-conte-documentaire-cadre-de-saison-culturelle\/\"},\"wordCount\":414,\"commentCount\":0,\"publisher\":{\"@id\":\"https:\/\/vosgesinfo.fr\/gerardmerinfo\/#organization\"},\"image\":{\"@id\":\"https:\/\/vosgesinfo.fr\/gerardmerinfo\/2019\/02\/nostalgie-conte-documentaire-cadre-de-saison-culturelle\/#primaryimage\"},\"thumbnailUrl\":\"https:\/\/vosgesinfo.fr\/app\/uploads\/sites\/6\/2024\/07\/201901manostalgie2.png\",\"keywords\":[\"MCL G\u00e9rardmer\",\"saison culturelle\"],\"articleSection\":[\"A la une\",\"Culture\",\"G\u00e9rardmer\"],\"inLanguage\":\"fr-FR\",\"potentialAction\":[{\"@type\":\"CommentAction\",\"name\":\"Comment\",\"target\":[\"https:\/\/vosgesinfo.fr\/gerardmerinfo\/2019\/02\/nostalgie-conte-documentaire-cadre-de-saison-culturelle\/#respond\"]}]},{\"@type\":\"WebPage\",\"@id\":\"https:\/\/vosgesinfo.fr\/gerardmerinfo\/2019\/02\/nostalgie-conte-documentaire-cadre-de-saison-culturelle\/\",\"url\":\"https:\/\/vosgesinfo.fr\/gerardmerinfo\/2019\/02\/nostalgie-conte-documentaire-cadre-de-saison-culturelle\/\",\"name\":\"\u00ab Ma nostalgie \u00bb : un conte documentaire dans le cadre de la Saison Culturelle - Gerardmer Info\",\"isPartOf\":{\"@id\":\"https:\/\/vosgesinfo.fr\/gerardmerinfo\/#website\"},\"primaryImageOfPage\":{\"@id\":\"https:\/\/vosgesinfo.fr\/gerardmerinfo\/2019\/02\/nostalgie-conte-documentaire-cadre-de-saison-culturelle\/#primaryimage\"},\"image\":{\"@id\":\"https:\/\/vosgesinfo.fr\/gerardmerinfo\/2019\/02\/nostalgie-conte-documentaire-cadre-de-saison-culturelle\/#primaryimage\"},\"thumbnailUrl\":\"https:\/\/vosgesinfo.fr\/app\/uploads\/sites\/6\/2024\/07\/201901manostalgie2.png\",\"datePublished\":\"2019-02-03T17:54:57+00:00\",\"dateModified\":\"2019-02-03T17:54:57+00:00\",\"breadcrumb\":{\"@id\":\"https:\/\/vosgesinfo.fr\/gerardmerinfo\/2019\/02\/nostalgie-conte-documentaire-cadre-de-saison-culturelle\/#breadcrumb\"},\"inLanguage\":\"fr-FR\",\"potentialAction\":[{\"@type\":\"ReadAction\",\"target\":[\"https:\/\/vosgesinfo.fr\/gerardmerinfo\/2019\/02\/nostalgie-conte-documentaire-cadre-de-saison-culturelle\/\"]}]},{\"@type\":\"ImageObject\",\"inLanguage\":\"fr-FR\",\"@id\":\"https:\/\/vosgesinfo.fr\/gerardmerinfo\/2019\/02\/nostalgie-conte-documentaire-cadre-de-saison-culturelle\/#primaryimage\",\"url\":\"https:\/\/vosgesinfo.fr\/app\/uploads\/sites\/6\/2024\/07\/201901manostalgie2.png\",\"contentUrl\":\"https:\/\/vosgesinfo.fr\/app\/uploads\/sites\/6\/2024\/07\/201901manostalgie2.png\",\"width\":800,\"height\":641},{\"@type\":\"BreadcrumbList\",\"@id\":\"https:\/\/vosgesinfo.fr\/gerardmerinfo\/2019\/02\/nostalgie-conte-documentaire-cadre-de-saison-culturelle\/#breadcrumb\",\"itemListElement\":[{\"@type\":\"ListItem\",\"position\":1,\"name\":\"Home\",\"item\":\"https:\/\/vosgesinfo.fr\/gerardmerinfo\/\"},{\"@type\":\"ListItem\",\"position\":2,\"name\":\"\u00ab Ma nostalgie \u00bb : un conte documentaire dans le cadre de la Saison Culturelle\"}]},{\"@type\":\"WebSite\",\"@id\":\"https:\/\/vosgesinfo.fr\/gerardmerinfo\/#website\",\"url\":\"https:\/\/vosgesinfo.fr\/gerardmerinfo\/\",\"name\":\"Gerardmer Info\",\"description\":\"Toute l&#039;actualit\u00e9 de G\u00e9rardmer\",\"publisher\":{\"@id\":\"https:\/\/vosgesinfo.fr\/gerardmerinfo\/#organization\"},\"alternateName\":\"Toute l'actualit\u00e9 de G\u00e9rardmer\",\"potentialAction\":[{\"@type\":\"SearchAction\",\"target\":{\"@type\":\"EntryPoint\",\"urlTemplate\":\"https:\/\/vosgesinfo.fr\/gerardmerinfo\/?s={search_term_string}\"},\"query-input\":\"required name=search_term_string\"}],\"inLanguage\":\"fr-FR\"},{\"@type\":\"Organization\",\"@id\":\"https:\/\/vosgesinfo.fr\/gerardmerinfo\/#organization\",\"name\":\"Gerardmer Info\",\"url\":\"https:\/\/vosgesinfo.fr\/gerardmerinfo\/\",\"logo\":{\"@type\":\"ImageObject\",\"inLanguage\":\"fr-FR\",\"@id\":\"https:\/\/vosgesinfo.fr\/gerardmerinfo\/#\/schema\/logo\/image\/\",\"url\":\"https:\/\/vosgesinfo.fr\/app\/uploads\/sites\/6\/2023\/08\/favicon-gerardmerinfo.png\",\"contentUrl\":\"https:\/\/vosgesinfo.fr\/app\/uploads\/sites\/6\/2023\/08\/favicon-gerardmerinfo.png\",\"width\":512,\"height\":512,\"caption\":\"Gerardmer Info\"},\"image\":{\"@id\":\"https:\/\/vosgesinfo.fr\/gerardmerinfo\/#\/schema\/logo\/image\/\"},\"sameAs\":[\"https:\/\/www.facebook.com\/profile.php?id=100049475262660\",\"https:\/\/x.com\/VosgesInfo88\",\"https:\/\/www.youtube.com\/@vosgesinfo\"]},{\"@type\":\"Person\",\"@id\":\"https:\/\/vosgesinfo.fr\/gerardmerinfo\/#\/schema\/person\/bc5d02d71e6932e81b6dadb7386667b1\",\"name\":\"qs_admin\",\"image\":{\"@type\":\"ImageObject\",\"inLanguage\":\"fr-FR\",\"@id\":\"https:\/\/vosgesinfo.fr\/gerardmerinfo\/#\/schema\/person\/image\/\",\"url\":\"https:\/\/secure.gravatar.com\/avatar\/94b18ee0ed79e4a42ea2f2931277b6841a8999fc6fde214600c78057cf1fe1de?s=96&d=mm&r=g\",\"contentUrl\":\"https:\/\/secure.gravatar.com\/avatar\/94b18ee0ed79e4a42ea2f2931277b6841a8999fc6fde214600c78057cf1fe1de?s=96&d=mm&r=g\",\"caption\":\"qs_admin\"},\"sameAs\":[\"https:\/\/vosgesinfo.fr\/wp\"],\"url\":\"https:\/\/vosgesinfo.fr\/gerardmerinfo\/author\/qs_admin\/\"}]}<\/script>\n<!-- \/ Yoast SEO plugin. -->","yoast_head_json":{"title":"\u00ab Ma nostalgie \u00bb : un conte documentaire dans le cadre de la Saison Culturelle - Gerardmer Info","robots":{"index":"index","follow":"follow","max-snippet":"max-snippet:-1","max-image-preview":"max-image-preview:large","max-video-preview":"max-video-preview:-1"},"canonical":"https:\/\/vosgesinfo.fr\/gerardmerinfo\/2019\/02\/nostalgie-conte-documentaire-cadre-de-saison-culturelle\/","twitter_card":"summary_large_image","twitter_title":"\u00ab Ma nostalgie \u00bb : un conte documentaire dans le cadre de la Saison Culturelle - Gerardmer Info","twitter_description":"&nbsp; Dans le cadre de la Saison Culturelle de la Ville de G\u00e9rardmer, venez d\u00e9couvrir le conte documentaire \u00a0\u00ab Ma [&hellip;]","twitter_image":"https:\/\/vosgesinfo.fr\/app\/uploads\/sites\/6\/2024\/07\/201901manostalgie2.png","twitter_creator":"@VosgesInfo88","twitter_site":"@VosgesInfo88","twitter_misc":{"\u00c9crit par":"qs_admin","Dur\u00e9e de lecture estim\u00e9e":"2 minutes"},"schema":{"@context":"https:\/\/schema.org","@graph":[{"@type":"Article","@id":"https:\/\/vosgesinfo.fr\/gerardmerinfo\/2019\/02\/nostalgie-conte-documentaire-cadre-de-saison-culturelle\/#article","isPartOf":{"@id":"https:\/\/vosgesinfo.fr\/gerardmerinfo\/2019\/02\/nostalgie-conte-documentaire-cadre-de-saison-culturelle\/"},"author":{"name":"qs_admin","@id":"https:\/\/vosgesinfo.fr\/gerardmerinfo\/#\/schema\/person\/bc5d02d71e6932e81b6dadb7386667b1"},"headline":"\u00ab Ma nostalgie \u00bb : un conte documentaire dans le cadre de la Saison Culturelle","datePublished":"2019-02-03T17:54:57+00:00","dateModified":"2019-02-03T17:54:57+00:00","mainEntityOfPage":{"@id":"https:\/\/vosgesinfo.fr\/gerardmerinfo\/2019\/02\/nostalgie-conte-documentaire-cadre-de-saison-culturelle\/"},"wordCount":414,"commentCount":0,"publisher":{"@id":"https:\/\/vosgesinfo.fr\/gerardmerinfo\/#organization"},"image":{"@id":"https:\/\/vosgesinfo.fr\/gerardmerinfo\/2019\/02\/nostalgie-conte-documentaire-cadre-de-saison-culturelle\/#primaryimage"},"thumbnailUrl":"https:\/\/vosgesinfo.fr\/app\/uploads\/sites\/6\/2024\/07\/201901manostalgie2.png","keywords":["MCL G\u00e9rardmer","saison culturelle"],"articleSection":["A la une","Culture","G\u00e9rardmer"],"inLanguage":"fr-FR","potentialAction":[{"@type":"CommentAction","name":"Comment","target":["https:\/\/vosgesinfo.fr\/gerardmerinfo\/2019\/02\/nostalgie-conte-documentaire-cadre-de-saison-culturelle\/#respond"]}]},{"@type":"WebPage","@id":"https:\/\/vosgesinfo.fr\/gerardmerinfo\/2019\/02\/nostalgie-conte-documentaire-cadre-de-saison-culturelle\/","url":"https:\/\/vosgesinfo.fr\/gerardmerinfo\/2019\/02\/nostalgie-conte-documentaire-cadre-de-saison-culturelle\/","name":"\u00ab Ma nostalgie \u00bb : un conte documentaire dans le cadre de la Saison Culturelle - Gerardmer Info","isPartOf":{"@id":"https:\/\/vosgesinfo.fr\/gerardmerinfo\/#website"},"primaryImageOfPage":{"@id":"https:\/\/vosgesinfo.fr\/gerardmerinfo\/2019\/02\/nostalgie-conte-documentaire-cadre-de-saison-culturelle\/#primaryimage"},"image":{"@id":"https:\/\/vosgesinfo.fr\/gerardmerinfo\/2019\/02\/nostalgie-conte-documentaire-cadre-de-saison-culturelle\/#primaryimage"},"thumbnailUrl":"https:\/\/vosgesinfo.fr\/app\/uploads\/sites\/6\/2024\/07\/201901manostalgie2.png","datePublished":"2019-02-03T17:54:57+00:00","dateModified":"2019-02-03T17:54:57+00:00","breadcrumb":{"@id":"https:\/\/vosgesinfo.fr\/gerardmerinfo\/2019\/02\/nostalgie-conte-documentaire-cadre-de-saison-culturelle\/#breadcrumb"},"inLanguage":"fr-FR","potentialAction":[{"@type":"ReadAction","target":["https:\/\/vosgesinfo.fr\/gerardmerinfo\/2019\/02\/nostalgie-conte-documentaire-cadre-de-saison-culturelle\/"]}]},{"@type":"ImageObject","inLanguage":"fr-FR","@id":"https:\/\/vosgesinfo.fr\/gerardmerinfo\/2019\/02\/nostalgie-conte-documentaire-cadre-de-saison-culturelle\/#primaryimage","url":"https:\/\/vosgesinfo.fr\/app\/uploads\/sites\/6\/2024\/07\/201901manostalgie2.png","contentUrl":"https:\/\/vosgesinfo.fr\/app\/uploads\/sites\/6\/2024\/07\/201901manostalgie2.png","width":800,"height":641},{"@type":"BreadcrumbList","@id":"https:\/\/vosgesinfo.fr\/gerardmerinfo\/2019\/02\/nostalgie-conte-documentaire-cadre-de-saison-culturelle\/#breadcrumb","itemListElement":[{"@type":"ListItem","position":1,"name":"Home","item":"https:\/\/vosgesinfo.fr\/gerardmerinfo\/"},{"@type":"ListItem","position":2,"name":"\u00ab Ma nostalgie \u00bb : un conte documentaire dans le cadre de la Saison Culturelle"}]},{"@type":"WebSite","@id":"https:\/\/vosgesinfo.fr\/gerardmerinfo\/#website","url":"https:\/\/vosgesinfo.fr\/gerardmerinfo\/","name":"Gerardmer Info","description":"Toute l&#039;actualit\u00e9 de G\u00e9rardmer","publisher":{"@id":"https:\/\/vosgesinfo.fr\/gerardmerinfo\/#organization"},"alternateName":"Toute l'actualit\u00e9 de G\u00e9rardmer","potentialAction":[{"@type":"SearchAction","target":{"@type":"EntryPoint","urlTemplate":"https:\/\/vosgesinfo.fr\/gerardmerinfo\/?s={search_term_string}"},"query-input":"required name=search_term_string"}],"inLanguage":"fr-FR"},{"@type":"Organization","@id":"https:\/\/vosgesinfo.fr\/gerardmerinfo\/#organization","name":"Gerardmer Info","url":"https:\/\/vosgesinfo.fr\/gerardmerinfo\/","logo":{"@type":"ImageObject","inLanguage":"fr-FR","@id":"https:\/\/vosgesinfo.fr\/gerardmerinfo\/#\/schema\/logo\/image\/","url":"https:\/\/vosgesinfo.fr\/app\/uploads\/sites\/6\/2023\/08\/favicon-gerardmerinfo.png","contentUrl":"https:\/\/vosgesinfo.fr\/app\/uploads\/sites\/6\/2023\/08\/favicon-gerardmerinfo.png","width":512,"height":512,"caption":"Gerardmer Info"},"image":{"@id":"https:\/\/vosgesinfo.fr\/gerardmerinfo\/#\/schema\/logo\/image\/"},"sameAs":["https:\/\/www.facebook.com\/profile.php?id=100049475262660","https:\/\/x.com\/VosgesInfo88","https:\/\/www.youtube.com\/@vosgesinfo"]},{"@type":"Person","@id":"https:\/\/vosgesinfo.fr\/gerardmerinfo\/#\/schema\/person\/bc5d02d71e6932e81b6dadb7386667b1","name":"qs_admin","image":{"@type":"ImageObject","inLanguage":"fr-FR","@id":"https:\/\/vosgesinfo.fr\/gerardmerinfo\/#\/schema\/person\/image\/","url":"https:\/\/secure.gravatar.com\/avatar\/94b18ee0ed79e4a42ea2f2931277b6841a8999fc6fde214600c78057cf1fe1de?s=96&d=mm&r=g","contentUrl":"https:\/\/secure.gravatar.com\/avatar\/94b18ee0ed79e4a42ea2f2931277b6841a8999fc6fde214600c78057cf1fe1de?s=96&d=mm&r=g","caption":"qs_admin"},"sameAs":["https:\/\/vosgesinfo.fr\/wp"],"url":"https:\/\/vosgesinfo.fr\/gerardmerinfo\/author\/qs_admin\/"}]}},"_links":{"self":[{"href":"https:\/\/vosgesinfo.fr\/gerardmerinfo\/wp-json\/wp\/v2\/posts\/39388","targetHints":{"allow":["GET"]}}],"collection":[{"href":"https:\/\/vosgesinfo.fr\/gerardmerinfo\/wp-json\/wp\/v2\/posts"}],"about":[{"href":"https:\/\/vosgesinfo.fr\/gerardmerinfo\/wp-json\/wp\/v2\/types\/post"}],"author":[{"embeddable":true,"href":"https:\/\/vosgesinfo.fr\/gerardmerinfo\/wp-json\/wp\/v2\/users\/1"}],"replies":[{"embeddable":true,"href":"https:\/\/vosgesinfo.fr\/gerardmerinfo\/wp-json\/wp\/v2\/comments?post=39388"}],"version-history":[{"count":0,"href":"https:\/\/vosgesinfo.fr\/gerardmerinfo\/wp-json\/wp\/v2\/posts\/39388\/revisions"}],"wp:featuredmedia":[{"embeddable":true,"href":"https:\/\/vosgesinfo.fr\/gerardmerinfo\/wp-json\/wp\/v2\/media\/39389"}],"wp:attachment":[{"href":"https:\/\/vosgesinfo.fr\/gerardmerinfo\/wp-json\/wp\/v2\/media?parent=39388"}],"wp:term":[{"taxonomy":"category","embeddable":true,"href":"https:\/\/vosgesinfo.fr\/gerardmerinfo\/wp-json\/wp\/v2\/categories?post=39388"},{"taxonomy":"post_tag","embeddable":true,"href":"https:\/\/vosgesinfo.fr\/gerardmerinfo\/wp-json\/wp\/v2\/tags?post=39388"}],"curies":[{"name":"wp","href":"https:\/\/api.w.org\/{rel}","templated":true}]}}