{"id":39447,"date":"2019-01-31T17:00:31","date_gmt":"2019-01-31T16:00:31","guid":{"rendered":"https:\/\/vosgesinfo.fr\/gerardmerinfo\/2019\/01\/cr-de-reunion-de-quartier-de-lecole-xettes-15-decembre-2018\/"},"modified":"2019-01-31T17:00:31","modified_gmt":"2019-01-31T16:00:31","slug":"cr-de-reunion-de-quartier-de-lecole-xettes-15-decembre-2018","status":"publish","type":"post","link":"https:\/\/vosgesinfo.fr\/gerardmerinfo\/2019\/01\/cr-de-reunion-de-quartier-de-lecole-xettes-15-decembre-2018\/","title":{"rendered":"CR de la r\u00e9union de quartier de l&rsquo;\u00e9cole des Xettes &#8211; 15 d\u00e9cembre 2018"},"content":{"rendered":"<div style=\"font-family: futura_lightregular;\">\n<h2><span style=\"font-size: 14pt;\">Les notes prises pendant la r\u00e9union me semblent compl\u00e9ter le compte-rendu un peu simpliste du dernier bulletin municipal. A compl\u00e9ter ou modifier par l&rsquo;auditoire le cas \u00e9ch\u00e9ant.<\/span><\/h2>\n<h2><span style=\"font-size: 14pt;\">En liminaire, des personnes pr\u00e9sentes ont indiqu\u00e9 que la pr\u00e9c\u00e9dente r\u00e9union avait eu lieu en 2014.\u00a0Quant au suivi \u2026<\/span><\/h2>\n<p><span style=\"font-size: 14pt;\"><strong><u>1<sup>\u00e8re<\/sup> question<\/u><\/strong> : en 2014, les riverains pr\u00e9sents \u00e0 la r\u00e9union avaient demand\u00e9 que la peinture\u00a0des voies de circulation soient modifi\u00e9es au stop du chemin de la P\u00e9pini\u00e8re sur le boulevard de la Jamagne.<\/span><br \/>\n<span style=\"font-size: 14pt;\"> Que la file de gauche soit r\u00e9serv\u00e9e pour les automobilistes tournant \u00e0 gauche ou allant tout droit.<\/span><br \/>\n<span style=\"font-size: 14pt;\"> Que la file de droite soit r\u00e9serv\u00e9e pour les automobilistes tournant \u00e0 droite vers le rond-point. Ce qui fluidifierait la circulation aux p\u00e9riodes d&rsquo;affluence (horaires lyc\u00e9e et p\u00e9riodes de vacances).<\/span><br \/>\n<span style=\"font-size: 14pt;\"> Un accord de principe avait \u00e9t\u00e9 donn\u00e9. Rien n&rsquo;est fait \u00e0 ce jour.<\/span><br \/>\n<span style=\"font-size: 14pt;\"> Une des personnes pr\u00e9sentes ce 15 d\u00e9cembre (non pr\u00e9sente en 2014) a d\u00e9clar\u00e9 ne pas \u00eatre du tout d&rsquo;accord et qu&rsquo;il ne fallait surtout rien modifier.<\/span><br \/>\n<span style=\"font-size: 14pt;\"> <strong><u>R\u00e9ponse<\/u><\/strong> : Pas de r\u00e9ponse apport\u00e9e.<\/span><\/p>\n<p><span style=\"font-size: 14pt;\"><strong><u>2<sup>\u00e8me<\/sup> question<\/u><\/strong> : Etat de la route de Miselle sur laquelle il est particuli\u00e8rement difficile de se croiser du fait de son \u00e9troitesse et de ses bas-c\u00f4t\u00e9s peu stables.<\/span><br \/>\n<span style=\"font-size: 14pt;\"> <strong><u>R\u00e9ponse<\/u><\/strong> : Des travaux ont lieu sur cette route, il faut attendre qu&rsquo;ils soient achev\u00e9s pour stabiliser les c\u00f4t\u00e9s.<\/span><\/p>\n<p><span style=\"font-size: 14pt;\"><strong><u>3<sup>\u00e8me<\/sup> question<\/u><\/strong> : Difficult\u00e9s de circuler route de la P\u00e9pini\u00e8re.<\/span><br \/>\n<span style=\"font-size: 14pt;\"> Il est demand\u00e9 de combler les foss\u00e9s et de tracer une ligne m\u00e9diane en peinture.<\/span><br \/>\n<span style=\"font-size: 14pt;\"> <strong><u>R\u00e9ponse<\/u><\/strong> : Le marquage est r\u00e8glement\u00e9, la question sera \u00e9tudi\u00e9e. Si les foss\u00e9s sont combl\u00e9s, l&rsquo;eau arrivera plus vite en bas.<\/span><br \/>\n<span style=\"font-size: 14pt;\"> Le public demande dans ce cas que l&rsquo;entretien des foss\u00e9s soit plus r\u00e9gulier.<\/span><\/p>\n<p><span style=\"font-size: 14pt;\"><strong><u>4<sup>\u00e8me<\/sup> question<\/u><\/strong> : Une construction est \u00e9difi\u00e9e en limite mont\u00e9e des Ch\u00eanes des Rouges. L&rsquo;intersection avec le chemin de la P\u00e9pini\u00e8re est difficile.<\/span><br \/>\n<span style=\"font-size: 14pt;\"> <strong><u>R\u00e9ponse<\/u><\/strong> : Pas de r\u00e9ponse apport\u00e9e sur ce constat.<\/span><\/p>\n<p><span style=\"font-size: 14pt;\"><strong><u>5<sup>\u00e8me<\/sup> question<\/u><\/strong> : Une plaque d&rsquo;\u00e9gout \u00e0 proximit\u00e9 du chemin de Romania pr\u00e9sente des risques pour la circulation<\/span><br \/>\n<span style=\"font-size: 14pt;\"> <strong><u>R\u00e9ponse<\/u><\/strong> : Note est prise. Ce genre de probl\u00e8me est \u00e0 signaler en Mairie.<\/span><\/p>\n<p><span style=\"font-size: 14pt;\"><strong><u>6<sup>\u00e8me<\/sup> question<\/u><\/strong> : Il n&rsquo;y a pas d&rsquo;\u00e9clairage \u00e0 l&rsquo;intersection du chemin des Abeilles et du chemin de la Basse de la Mine.<\/span><br \/>\n<span style=\"font-size: 14pt;\"> <strong><u>R\u00e9ponse<\/u><\/strong> : La question sera \u00e9tudi\u00e9e.<\/span><\/p>\n<p><span style=\"font-size: 14pt;\"><strong><u>7<sup>\u00e8me<\/sup> question<\/u><\/strong> : Mur construit le long du chemin de Miselle \u00e0 l&rsquo;intersection de la Traverse des Grives, et du chemin de Miselle, qui cache la visibilit\u00e9. Comment a-t-il pu \u00eatre autoris\u00e9 ?<\/span><br \/>\n<span style=\"font-size: 14pt;\"> <strong><u>R\u00e9ponse<\/u><\/strong> : Pas de r\u00e9ponse apport\u00e9e \u00e0 ce constat.<\/span><\/p>\n<p><span style=\"font-size: 14pt;\"><strong><u>8<sup>\u00e8me<\/sup> question<\/u><\/strong> : Localisation des containeurs poubelles \u00e0 l&rsquo;intersection du chemin de la P\u00e9pini\u00e8re et des Roches Pa\u00eetres. Ils d\u00e9bordent en permanence. Serait-il possible de les enterrer ou semi-enterrer.<\/span><br \/>\n<span style=\"font-size: 14pt;\"> <strong><u>R\u00e9ponse<\/u><\/strong> : A Romania, il y a des r\u00e9seaux partout donc il est impossible de les enterrer. Ils seront remplac\u00e9s par des containeurs de plus grosse contenance.<\/span><\/p>\n<p><span style=\"font-size: 14pt;\"><strong><u>9<sup>\u00e8me<\/sup> question<\/u><\/strong> : les horaires de la d\u00e9chetterie pourraient-ils \u00eatre \u00e9tendues. De plus en plus de d\u00e9p\u00f4ts sauvages sont constat\u00e9s un peu partout sur la commune.<\/span><br \/>\n<span style=\"font-size: 14pt;\"> <strong><u>R\u00e9ponse<\/u><\/strong> : Une r\u00e9union a lieu la semaine prochaine. Il est question de diminuer les horaires d&rsquo;ouverture. Le but sera de conserver au moins les horaires actuels.<\/span><\/p>\n<p><span style=\"font-size: 14pt;\"><strong><u>10<sup>\u00e8me<\/sup> question<\/u><\/strong> : Pour les d\u00e9chets verts, est-il possible de les br\u00fbler ?<\/span><br \/>\n<span style=\"font-size: 14pt;\"> <strong><u>R\u00e9ponse<\/u><\/strong> : le br\u00fblage ne d\u00e9pend pas du maire mais du pr\u00e9fet.<\/span><\/p>\n<p><span style=\"font-size: 14pt;\"><strong><u>11<sup>\u00e8me<\/sup> question<\/u><\/strong> : la 5G arrive t&rsquo;elle sur G\u00e9rardmer<\/span><br \/>\n<span style=\"font-size: 14pt;\"> <strong><u>R\u00e9ponse<\/u><\/strong> : La fibre arrive et le passage \u00e0 la 5G est pr\u00e9vu sur G\u00e9rardmer. C&rsquo;est vu avec Orange.<\/span><br \/>\n<span style=\"font-size: 14pt;\"> Pour la fibre, une convention doit \u00eatre sign\u00e9e avec Losange. Le n\u0153ud sera install\u00e9 boulevard d&rsquo;alsace. Une convention sera sign\u00e9e par secteur : 15 armoires seront install\u00e9es \u00e0 partir de 2019 (6 armoires) sur une dur\u00e9e de 3 ans.<\/span><\/p>\n<p><span style=\"font-size: 14pt;\"><strong><u>12<sup>\u00e8me<\/sup> question<\/u><\/strong> : les plaques d&rsquo;\u00e9gout boulevard de la Jamagne sont p\u00e9nibles pour la circulation.<\/span><br \/>\n<span style=\"font-size: 14pt;\"> <strong><u>R\u00e9ponse<\/u><\/strong> : Le tracer des r\u00e9seaux ne permet pas de les d\u00e9placer. La question sera \u00e9tudi\u00e9e.<\/span><\/p>\n<p><span style=\"font-size: 14pt;\"><strong><u>13<sup>\u00e8me<\/sup> question<\/u><\/strong> : des travaux clandestins ont \u00e9t\u00e9 r\u00e9alis\u00e9s en bas du chemin des abeilles. Des tuyaux ont \u00e9t\u00e9 coup\u00e9s par une entreprise non identifiable. Le sous-traitant d&rsquo;une entreprise charg\u00e9e de la r\u00e9fection de la chauss\u00e9e. Comment la ville surveille t&rsquo;elle les travaux qu&rsquo;elle confie \u00e0 des tiers ?<\/span><br \/>\n<span style=\"font-size: 14pt;\"> <strong><u>R\u00e9ponse<\/u><\/strong> : Il faut signaler ces probl\u00e8mes en mairie.<\/span><\/p>\n<p><span style=\"font-size: 14pt;\"><strong><u>14<sup>\u00e8me<\/sup> question<\/u><\/strong> : L&rsquo;\u00e9lagage au droit des propri\u00e9t\u00e9s ne se fait pas \u00e0 certains endroits ce qui g\u00eane la visibilit\u00e9 des usagers.<\/span><br \/>\n<span style=\"font-size: 14pt;\"> <strong><u>R\u00e9ponse<\/u><\/strong> : Le rappel de la l\u00e9gislation sera fait dans le prochain bulletin municipal.<\/span><\/p>\n<p><span style=\"font-size: 14pt;\"><strong><u>15<sup>\u00e8me<\/sup> question<\/u><\/strong> : Les coteaux sont massacr\u00e9s par des constructions \u00e9difi\u00e9es les unes sur les autres alors que la superficie minimale \u00e9tait de 2000m2. Lors du passage du POS en PLU, il \u00e9tait possible de limiter les constructions en appliquant une emprise au sol avec un faible coefficient. Non seulement ce n&rsquo;est pas fait dans certaines zones, mais dans le haut des Xettes l&#8217;emprise est de 20% ce qui est beaucoup trop : sur 500m2 de terrain, il est possible d&rsquo;occuper 100m2 au sol (500 x 20%).<\/span><br \/>\n<span style=\"font-size: 14pt;\"> Pourquoi la ville n&rsquo;a-t-elle pas baiss\u00e9 ce coefficient ? Je l&rsquo;avais sugg\u00e9r\u00e9 lors de l&rsquo;enqu\u00eate publique.<\/span><br \/>\n<span style=\"font-size: 14pt;\"> Le coteau des Xettes va bient\u00f4t \u00eatre dans le m\u00eame \u00e9tat que celui de la Ray\u00e9e avec des constructions entass\u00e9es sur de petites parcelles. Regardez ce qui se fait dans le virage de la Mauselaine.<\/span><br \/>\n<span style=\"font-size: 14pt;\"> Les infrastructures des Xettes ne sont pas adapt\u00e9es, les routes \u00e9troites. Les r\u00e9sidents de la Ray\u00e9e sont bloqu\u00e9s tous les hivers. Cela arrive aux Xettes. C&rsquo;est du grand n&rsquo;importe quoi.<\/span><br \/>\n<span style=\"font-size: 14pt;\"> <strong><u>R\u00e9ponse<\/u><\/strong> : Il n&rsquo;est plus possible d&rsquo;imposer une surface minimale de terrain et le coefficient d&rsquo;occupation des sols est supprim\u00e9. Votre intervention lors de l&rsquo;enqu\u00eate publique n&rsquo;a pas d\u00fb int\u00e9resser beaucoup de personnes.<\/span><\/p>\n<p><span style=\"font-size: 14pt;\"><strong><u>16<sup>\u00e8me<\/sup> question<\/u><\/strong> : De l&rsquo;eau coule sur le chemin des \u00e9coliers, au-dessus de l&rsquo;\u00e9cole des Xettes et provoque des plaques de glace dangereuses en hiver. Probablement du fait des travaux qui ont lieu en amont.<\/span><br \/>\n<span style=\"font-size: 14pt;\"> <strong><u>R\u00e9ponse<\/u><\/strong> : Ce sera vu avec les services de la mairie.<\/span><\/p>\n<p><span style=\"font-size: 14pt;\"><strong><u>17<sup>\u00e8me<\/sup> question<\/u><\/strong> : Probl\u00e8me d&rsquo;eau \u00e9galement sur le chemin des oiseaux.<\/span><br \/>\n<span style=\"font-size: 14pt;\"> <strong><u>R\u00e9ponse<\/u><\/strong> : il y a beaucoup de sources sur le c\u00f4teau des Xettes.<\/span><br \/>\n<span style=\"font-size: 14pt;\"> Une \u00e9tude sur les zones humides va \u00eatre r\u00e9alis\u00e9e qui apportera une pr\u00e9cision \u00e0 la parcelle.<\/span><\/p>\n<p><span style=\"font-size: 14pt;\"><strong><u>18<sup>\u00e8me<\/sup> question <\/u><\/strong>: Il n&rsquo;y a pas d&rsquo;arr\u00eat bus sur le c\u00f4teau des Xettes pour les habitants qui ne peuvent pas se d\u00e9placer et\/ou n&rsquo;ont pas de voiture.<\/span><br \/>\n<span style=\"font-size: 14pt;\"> <strong><u>R\u00e9ponse<\/u><\/strong> : La possibilit\u00e9 d&rsquo;un arr\u00eat \u00e0 l&rsquo;\u00e9cole des Xettes sera examin\u00e9.<\/span><\/p>\n<p><span style=\"font-size: 14pt;\"><strong><u>19<sup>\u00e8me<\/sup> question<\/u><\/strong> : Il n&rsquo;y a pas de pistes cyclables utilisables.<\/span><br \/>\n<span style=\"font-size: 14pt;\"> <strong><u>R\u00e9ponse<\/u><\/strong> : il s&rsquo;agit de voie et non de piste cyclable. Une \u00e9tude et un groupe de travail vont travailler sur la place du v\u00e9lo \u00e0 G\u00e9rardmer.<\/span><br \/>\n<span style=\"font-size: 14pt;\"> Il est rappel\u00e9 que les v\u00e9los ne sont pas autoris\u00e9s \u00e0 circuler \u00e0 contre-sens dans les zones 30.<\/span><\/p>\n<p><span style=\"font-size: 14pt;\">La r\u00e9union s&rsquo;est termin\u00e9e \u00e0 12H.<\/span><\/p>\n<p><span style=\"font-size: 14pt;\">Pour G\u00e9rardmer Entreprendre,<\/span><\/p>\n<p>L.Deny<\/p>\n<\/div>\n","protected":false},"excerpt":{"rendered":"<p>Les notes prises pendant la r\u00e9union me semblent compl\u00e9ter le compte-rendu un peu simpliste du dernier bulletin municipal. A compl\u00e9ter [&hellip;]<\/p>\n","protected":false},"author":137,"featured_media":39448,"comment_status":"open","ping_status":"open","sticky":false,"template":"","format":"standard","meta":{"footnotes":""},"categories":[20,25,17],"tags":[2558],"class_list":["post-39447","post","type-post","status-publish","format-standard","has-post-thumbnail","hentry","category-a-la-une","category-gerardmer","category-vie-associative","tag-ecole-des-xettes"],"acf":[],"yoast_head":"<!-- This site is optimized with the Yoast SEO plugin v22.5 - https:\/\/yoast.com\/wordpress\/plugins\/seo\/ -->\n<title>CR de la r\u00e9union de quartier de l&#039;\u00e9cole des Xettes - 15 d\u00e9cembre 2018 - Gerardmer Info<\/title>\n<meta name=\"robots\" content=\"index, follow, max-snippet:-1, max-image-preview:large, max-video-preview:-1\" \/>\n<link rel=\"canonical\" href=\"https:\/\/vosgesinfo.fr\/gerardmerinfo\/2019\/01\/cr-de-reunion-de-quartier-de-lecole-xettes-15-decembre-2018\/\" \/>\n<meta name=\"twitter:card\" content=\"summary_large_image\" \/>\n<meta name=\"twitter:title\" content=\"CR de la r\u00e9union de quartier de l&#039;\u00e9cole des Xettes - 15 d\u00e9cembre 2018 - Gerardmer Info\" \/>\n<meta name=\"twitter:description\" content=\"Les notes prises pendant la r\u00e9union me semblent compl\u00e9ter le compte-rendu un peu simpliste du dernier bulletin municipal. A compl\u00e9ter [&hellip;]\" \/>\n<meta name=\"twitter:image\" content=\"https:\/\/vosgesinfo.fr\/app\/uploads\/sites\/6\/2024\/07\/201609ecole-des-xettes-2.jpg\" \/>\n<meta name=\"twitter:creator\" content=\"@VosgesInfo88\" \/>\n<meta name=\"twitter:site\" content=\"@VosgesInfo88\" \/>\n<meta name=\"twitter:label1\" content=\"\u00c9crit par\" \/>\n\t<meta name=\"twitter:data1\" content=\"Laurence Deny\" \/>\n\t<meta name=\"twitter:label2\" content=\"Dur\u00e9e de lecture estim\u00e9e\" \/>\n\t<meta name=\"twitter:data2\" content=\"6 minutes\" \/>\n<script type=\"application\/ld+json\" class=\"yoast-schema-graph\">{\"@context\":\"https:\/\/schema.org\",\"@graph\":[{\"@type\":\"Article\",\"@id\":\"https:\/\/vosgesinfo.fr\/gerardmerinfo\/2019\/01\/cr-de-reunion-de-quartier-de-lecole-xettes-15-decembre-2018\/#article\",\"isPartOf\":{\"@id\":\"https:\/\/vosgesinfo.fr\/gerardmerinfo\/2019\/01\/cr-de-reunion-de-quartier-de-lecole-xettes-15-decembre-2018\/\"},\"author\":{\"name\":\"Laurence Deny\",\"@id\":\"https:\/\/vosgesinfo.fr\/gerardmerinfo\/#\/schema\/person\/13c4426dc86d578fb9782b7db559981b\"},\"headline\":\"CR de la r\u00e9union de quartier de l&rsquo;\u00e9cole des Xettes &#8211; 15 d\u00e9cembre 2018\",\"datePublished\":\"2019-01-31T16:00:31+00:00\",\"dateModified\":\"2019-01-31T16:00:31+00:00\",\"mainEntityOfPage\":{\"@id\":\"https:\/\/vosgesinfo.fr\/gerardmerinfo\/2019\/01\/cr-de-reunion-de-quartier-de-lecole-xettes-15-decembre-2018\/\"},\"wordCount\":1266,\"commentCount\":0,\"publisher\":{\"@id\":\"https:\/\/vosgesinfo.fr\/gerardmerinfo\/#organization\"},\"image\":{\"@id\":\"https:\/\/vosgesinfo.fr\/gerardmerinfo\/2019\/01\/cr-de-reunion-de-quartier-de-lecole-xettes-15-decembre-2018\/#primaryimage\"},\"thumbnailUrl\":\"https:\/\/vosgesinfo.fr\/app\/uploads\/sites\/6\/2024\/07\/201609ecole-des-xettes-2.jpg\",\"keywords\":[\"\u00e9cole des xettes\"],\"articleSection\":[\"A la une\",\"G\u00e9rardmer\",\"Vie Associative\"],\"inLanguage\":\"fr-FR\",\"potentialAction\":[{\"@type\":\"CommentAction\",\"name\":\"Comment\",\"target\":[\"https:\/\/vosgesinfo.fr\/gerardmerinfo\/2019\/01\/cr-de-reunion-de-quartier-de-lecole-xettes-15-decembre-2018\/#respond\"]}]},{\"@type\":\"WebPage\",\"@id\":\"https:\/\/vosgesinfo.fr\/gerardmerinfo\/2019\/01\/cr-de-reunion-de-quartier-de-lecole-xettes-15-decembre-2018\/\",\"url\":\"https:\/\/vosgesinfo.fr\/gerardmerinfo\/2019\/01\/cr-de-reunion-de-quartier-de-lecole-xettes-15-decembre-2018\/\",\"name\":\"CR de la r\u00e9union de quartier de l'\u00e9cole des Xettes - 15 d\u00e9cembre 2018 - Gerardmer Info\",\"isPartOf\":{\"@id\":\"https:\/\/vosgesinfo.fr\/gerardmerinfo\/#website\"},\"primaryImageOfPage\":{\"@id\":\"https:\/\/vosgesinfo.fr\/gerardmerinfo\/2019\/01\/cr-de-reunion-de-quartier-de-lecole-xettes-15-decembre-2018\/#primaryimage\"},\"image\":{\"@id\":\"https:\/\/vosgesinfo.fr\/gerardmerinfo\/2019\/01\/cr-de-reunion-de-quartier-de-lecole-xettes-15-decembre-2018\/#primaryimage\"},\"thumbnailUrl\":\"https:\/\/vosgesinfo.fr\/app\/uploads\/sites\/6\/2024\/07\/201609ecole-des-xettes-2.jpg\",\"datePublished\":\"2019-01-31T16:00:31+00:00\",\"dateModified\":\"2019-01-31T16:00:31+00:00\",\"breadcrumb\":{\"@id\":\"https:\/\/vosgesinfo.fr\/gerardmerinfo\/2019\/01\/cr-de-reunion-de-quartier-de-lecole-xettes-15-decembre-2018\/#breadcrumb\"},\"inLanguage\":\"fr-FR\",\"potentialAction\":[{\"@type\":\"ReadAction\",\"target\":[\"https:\/\/vosgesinfo.fr\/gerardmerinfo\/2019\/01\/cr-de-reunion-de-quartier-de-lecole-xettes-15-decembre-2018\/\"]}]},{\"@type\":\"ImageObject\",\"inLanguage\":\"fr-FR\",\"@id\":\"https:\/\/vosgesinfo.fr\/gerardmerinfo\/2019\/01\/cr-de-reunion-de-quartier-de-lecole-xettes-15-decembre-2018\/#primaryimage\",\"url\":\"https:\/\/vosgesinfo.fr\/app\/uploads\/sites\/6\/2024\/07\/201609ecole-des-xettes-2.jpg\",\"contentUrl\":\"https:\/\/vosgesinfo.fr\/app\/uploads\/sites\/6\/2024\/07\/201609ecole-des-xettes-2.jpg\",\"width\":800,\"height\":450},{\"@type\":\"BreadcrumbList\",\"@id\":\"https:\/\/vosgesinfo.fr\/gerardmerinfo\/2019\/01\/cr-de-reunion-de-quartier-de-lecole-xettes-15-decembre-2018\/#breadcrumb\",\"itemListElement\":[{\"@type\":\"ListItem\",\"position\":1,\"name\":\"Home\",\"item\":\"https:\/\/vosgesinfo.fr\/gerardmerinfo\/\"},{\"@type\":\"ListItem\",\"position\":2,\"name\":\"CR de la r\u00e9union de quartier de l&rsquo;\u00e9cole des Xettes &#8211; 15 d\u00e9cembre 2018\"}]},{\"@type\":\"WebSite\",\"@id\":\"https:\/\/vosgesinfo.fr\/gerardmerinfo\/#website\",\"url\":\"https:\/\/vosgesinfo.fr\/gerardmerinfo\/\",\"name\":\"Gerardmer Info\",\"description\":\"Toute l&#039;actualit\u00e9 de G\u00e9rardmer\",\"publisher\":{\"@id\":\"https:\/\/vosgesinfo.fr\/gerardmerinfo\/#organization\"},\"alternateName\":\"Toute l'actualit\u00e9 de G\u00e9rardmer\",\"potentialAction\":[{\"@type\":\"SearchAction\",\"target\":{\"@type\":\"EntryPoint\",\"urlTemplate\":\"https:\/\/vosgesinfo.fr\/gerardmerinfo\/?s={search_term_string}\"},\"query-input\":\"required name=search_term_string\"}],\"inLanguage\":\"fr-FR\"},{\"@type\":\"Organization\",\"@id\":\"https:\/\/vosgesinfo.fr\/gerardmerinfo\/#organization\",\"name\":\"Gerardmer Info\",\"url\":\"https:\/\/vosgesinfo.fr\/gerardmerinfo\/\",\"logo\":{\"@type\":\"ImageObject\",\"inLanguage\":\"fr-FR\",\"@id\":\"https:\/\/vosgesinfo.fr\/gerardmerinfo\/#\/schema\/logo\/image\/\",\"url\":\"https:\/\/vosgesinfo.fr\/app\/uploads\/sites\/6\/2023\/08\/favicon-gerardmerinfo.png\",\"contentUrl\":\"https:\/\/vosgesinfo.fr\/app\/uploads\/sites\/6\/2023\/08\/favicon-gerardmerinfo.png\",\"width\":512,\"height\":512,\"caption\":\"Gerardmer Info\"},\"image\":{\"@id\":\"https:\/\/vosgesinfo.fr\/gerardmerinfo\/#\/schema\/logo\/image\/\"},\"sameAs\":[\"https:\/\/www.facebook.com\/profile.php?id=100049475262660\",\"https:\/\/x.com\/VosgesInfo88\",\"https:\/\/www.youtube.com\/@vosgesinfo\"]},{\"@type\":\"Person\",\"@id\":\"https:\/\/vosgesinfo.fr\/gerardmerinfo\/#\/schema\/person\/13c4426dc86d578fb9782b7db559981b\",\"name\":\"Laurence Deny\",\"image\":{\"@type\":\"ImageObject\",\"inLanguage\":\"fr-FR\",\"@id\":\"https:\/\/vosgesinfo.fr\/gerardmerinfo\/#\/schema\/person\/image\/\",\"url\":\"https:\/\/secure.gravatar.com\/avatar\/930fbbfd3d4e67c7a11af40479c8bcf08931190f581dbda73d94239f65026653?s=96&d=mm&r=g\",\"contentUrl\":\"https:\/\/secure.gravatar.com\/avatar\/930fbbfd3d4e67c7a11af40479c8bcf08931190f581dbda73d94239f65026653?s=96&d=mm&r=g\",\"caption\":\"Laurence Deny\"},\"url\":\"https:\/\/vosgesinfo.fr\/gerardmerinfo\/author\/l-deny\/\"}]}<\/script>\n<!-- \/ Yoast SEO plugin. -->","yoast_head_json":{"title":"CR de la r\u00e9union de quartier de l'\u00e9cole des Xettes - 15 d\u00e9cembre 2018 - Gerardmer Info","robots":{"index":"index","follow":"follow","max-snippet":"max-snippet:-1","max-image-preview":"max-image-preview:large","max-video-preview":"max-video-preview:-1"},"canonical":"https:\/\/vosgesinfo.fr\/gerardmerinfo\/2019\/01\/cr-de-reunion-de-quartier-de-lecole-xettes-15-decembre-2018\/","twitter_card":"summary_large_image","twitter_title":"CR de la r\u00e9union de quartier de l'\u00e9cole des Xettes - 15 d\u00e9cembre 2018 - Gerardmer Info","twitter_description":"Les notes prises pendant la r\u00e9union me semblent compl\u00e9ter le compte-rendu un peu simpliste du dernier bulletin municipal. A compl\u00e9ter [&hellip;]","twitter_image":"https:\/\/vosgesinfo.fr\/app\/uploads\/sites\/6\/2024\/07\/201609ecole-des-xettes-2.jpg","twitter_creator":"@VosgesInfo88","twitter_site":"@VosgesInfo88","twitter_misc":{"\u00c9crit par":"Laurence Deny","Dur\u00e9e de lecture estim\u00e9e":"6 minutes"},"schema":{"@context":"https:\/\/schema.org","@graph":[{"@type":"Article","@id":"https:\/\/vosgesinfo.fr\/gerardmerinfo\/2019\/01\/cr-de-reunion-de-quartier-de-lecole-xettes-15-decembre-2018\/#article","isPartOf":{"@id":"https:\/\/vosgesinfo.fr\/gerardmerinfo\/2019\/01\/cr-de-reunion-de-quartier-de-lecole-xettes-15-decembre-2018\/"},"author":{"name":"Laurence Deny","@id":"https:\/\/vosgesinfo.fr\/gerardmerinfo\/#\/schema\/person\/13c4426dc86d578fb9782b7db559981b"},"headline":"CR de la r\u00e9union de quartier de l&rsquo;\u00e9cole des Xettes &#8211; 15 d\u00e9cembre 2018","datePublished":"2019-01-31T16:00:31+00:00","dateModified":"2019-01-31T16:00:31+00:00","mainEntityOfPage":{"@id":"https:\/\/vosgesinfo.fr\/gerardmerinfo\/2019\/01\/cr-de-reunion-de-quartier-de-lecole-xettes-15-decembre-2018\/"},"wordCount":1266,"commentCount":0,"publisher":{"@id":"https:\/\/vosgesinfo.fr\/gerardmerinfo\/#organization"},"image":{"@id":"https:\/\/vosgesinfo.fr\/gerardmerinfo\/2019\/01\/cr-de-reunion-de-quartier-de-lecole-xettes-15-decembre-2018\/#primaryimage"},"thumbnailUrl":"https:\/\/vosgesinfo.fr\/app\/uploads\/sites\/6\/2024\/07\/201609ecole-des-xettes-2.jpg","keywords":["\u00e9cole des xettes"],"articleSection":["A la une","G\u00e9rardmer","Vie Associative"],"inLanguage":"fr-FR","potentialAction":[{"@type":"CommentAction","name":"Comment","target":["https:\/\/vosgesinfo.fr\/gerardmerinfo\/2019\/01\/cr-de-reunion-de-quartier-de-lecole-xettes-15-decembre-2018\/#respond"]}]},{"@type":"WebPage","@id":"https:\/\/vosgesinfo.fr\/gerardmerinfo\/2019\/01\/cr-de-reunion-de-quartier-de-lecole-xettes-15-decembre-2018\/","url":"https:\/\/vosgesinfo.fr\/gerardmerinfo\/2019\/01\/cr-de-reunion-de-quartier-de-lecole-xettes-15-decembre-2018\/","name":"CR de la r\u00e9union de quartier de l'\u00e9cole des Xettes - 15 d\u00e9cembre 2018 - Gerardmer Info","isPartOf":{"@id":"https:\/\/vosgesinfo.fr\/gerardmerinfo\/#website"},"primaryImageOfPage":{"@id":"https:\/\/vosgesinfo.fr\/gerardmerinfo\/2019\/01\/cr-de-reunion-de-quartier-de-lecole-xettes-15-decembre-2018\/#primaryimage"},"image":{"@id":"https:\/\/vosgesinfo.fr\/gerardmerinfo\/2019\/01\/cr-de-reunion-de-quartier-de-lecole-xettes-15-decembre-2018\/#primaryimage"},"thumbnailUrl":"https:\/\/vosgesinfo.fr\/app\/uploads\/sites\/6\/2024\/07\/201609ecole-des-xettes-2.jpg","datePublished":"2019-01-31T16:00:31+00:00","dateModified":"2019-01-31T16:00:31+00:00","breadcrumb":{"@id":"https:\/\/vosgesinfo.fr\/gerardmerinfo\/2019\/01\/cr-de-reunion-de-quartier-de-lecole-xettes-15-decembre-2018\/#breadcrumb"},"inLanguage":"fr-FR","potentialAction":[{"@type":"ReadAction","target":["https:\/\/vosgesinfo.fr\/gerardmerinfo\/2019\/01\/cr-de-reunion-de-quartier-de-lecole-xettes-15-decembre-2018\/"]}]},{"@type":"ImageObject","inLanguage":"fr-FR","@id":"https:\/\/vosgesinfo.fr\/gerardmerinfo\/2019\/01\/cr-de-reunion-de-quartier-de-lecole-xettes-15-decembre-2018\/#primaryimage","url":"https:\/\/vosgesinfo.fr\/app\/uploads\/sites\/6\/2024\/07\/201609ecole-des-xettes-2.jpg","contentUrl":"https:\/\/vosgesinfo.fr\/app\/uploads\/sites\/6\/2024\/07\/201609ecole-des-xettes-2.jpg","width":800,"height":450},{"@type":"BreadcrumbList","@id":"https:\/\/vosgesinfo.fr\/gerardmerinfo\/2019\/01\/cr-de-reunion-de-quartier-de-lecole-xettes-15-decembre-2018\/#breadcrumb","itemListElement":[{"@type":"ListItem","position":1,"name":"Home","item":"https:\/\/vosgesinfo.fr\/gerardmerinfo\/"},{"@type":"ListItem","position":2,"name":"CR de la r\u00e9union de quartier de l&rsquo;\u00e9cole des Xettes &#8211; 15 d\u00e9cembre 2018"}]},{"@type":"WebSite","@id":"https:\/\/vosgesinfo.fr\/gerardmerinfo\/#website","url":"https:\/\/vosgesinfo.fr\/gerardmerinfo\/","name":"Gerardmer Info","description":"Toute l&#039;actualit\u00e9 de G\u00e9rardmer","publisher":{"@id":"https:\/\/vosgesinfo.fr\/gerardmerinfo\/#organization"},"alternateName":"Toute l'actualit\u00e9 de G\u00e9rardmer","potentialAction":[{"@type":"SearchAction","target":{"@type":"EntryPoint","urlTemplate":"https:\/\/vosgesinfo.fr\/gerardmerinfo\/?s={search_term_string}"},"query-input":"required name=search_term_string"}],"inLanguage":"fr-FR"},{"@type":"Organization","@id":"https:\/\/vosgesinfo.fr\/gerardmerinfo\/#organization","name":"Gerardmer Info","url":"https:\/\/vosgesinfo.fr\/gerardmerinfo\/","logo":{"@type":"ImageObject","inLanguage":"fr-FR","@id":"https:\/\/vosgesinfo.fr\/gerardmerinfo\/#\/schema\/logo\/image\/","url":"https:\/\/vosgesinfo.fr\/app\/uploads\/sites\/6\/2023\/08\/favicon-gerardmerinfo.png","contentUrl":"https:\/\/vosgesinfo.fr\/app\/uploads\/sites\/6\/2023\/08\/favicon-gerardmerinfo.png","width":512,"height":512,"caption":"Gerardmer Info"},"image":{"@id":"https:\/\/vosgesinfo.fr\/gerardmerinfo\/#\/schema\/logo\/image\/"},"sameAs":["https:\/\/www.facebook.com\/profile.php?id=100049475262660","https:\/\/x.com\/VosgesInfo88","https:\/\/www.youtube.com\/@vosgesinfo"]},{"@type":"Person","@id":"https:\/\/vosgesinfo.fr\/gerardmerinfo\/#\/schema\/person\/13c4426dc86d578fb9782b7db559981b","name":"Laurence Deny","image":{"@type":"ImageObject","inLanguage":"fr-FR","@id":"https:\/\/vosgesinfo.fr\/gerardmerinfo\/#\/schema\/person\/image\/","url":"https:\/\/secure.gravatar.com\/avatar\/930fbbfd3d4e67c7a11af40479c8bcf08931190f581dbda73d94239f65026653?s=96&d=mm&r=g","contentUrl":"https:\/\/secure.gravatar.com\/avatar\/930fbbfd3d4e67c7a11af40479c8bcf08931190f581dbda73d94239f65026653?s=96&d=mm&r=g","caption":"Laurence Deny"},"url":"https:\/\/vosgesinfo.fr\/gerardmerinfo\/author\/l-deny\/"}]}},"_links":{"self":[{"href":"https:\/\/vosgesinfo.fr\/gerardmerinfo\/wp-json\/wp\/v2\/posts\/39447","targetHints":{"allow":["GET"]}}],"collection":[{"href":"https:\/\/vosgesinfo.fr\/gerardmerinfo\/wp-json\/wp\/v2\/posts"}],"about":[{"href":"https:\/\/vosgesinfo.fr\/gerardmerinfo\/wp-json\/wp\/v2\/types\/post"}],"author":[{"embeddable":true,"href":"https:\/\/vosgesinfo.fr\/gerardmerinfo\/wp-json\/wp\/v2\/users\/137"}],"replies":[{"embeddable":true,"href":"https:\/\/vosgesinfo.fr\/gerardmerinfo\/wp-json\/wp\/v2\/comments?post=39447"}],"version-history":[{"count":0,"href":"https:\/\/vosgesinfo.fr\/gerardmerinfo\/wp-json\/wp\/v2\/posts\/39447\/revisions"}],"wp:featuredmedia":[{"embeddable":true,"href":"https:\/\/vosgesinfo.fr\/gerardmerinfo\/wp-json\/wp\/v2\/media\/39448"}],"wp:attachment":[{"href":"https:\/\/vosgesinfo.fr\/gerardmerinfo\/wp-json\/wp\/v2\/media?parent=39447"}],"wp:term":[{"taxonomy":"category","embeddable":true,"href":"https:\/\/vosgesinfo.fr\/gerardmerinfo\/wp-json\/wp\/v2\/categories?post=39447"},{"taxonomy":"post_tag","embeddable":true,"href":"https:\/\/vosgesinfo.fr\/gerardmerinfo\/wp-json\/wp\/v2\/tags?post=39447"}],"curies":[{"name":"wp","href":"https:\/\/api.w.org\/{rel}","templated":true}]}}