{"id":39506,"date":"2019-02-03T17:13:39","date_gmt":"2019-02-03T16:13:39","guid":{"rendered":"https:\/\/vosgesinfo.fr\/gerardmerinfo\/2019\/02\/dayna-kurtz-usa-concert-grattoir\/"},"modified":"2019-02-03T17:13:39","modified_gmt":"2019-02-03T16:13:39","slug":"dayna-kurtz-usa-concert-grattoir","status":"publish","type":"post","link":"https:\/\/vosgesinfo.fr\/gerardmerinfo\/2019\/02\/dayna-kurtz-usa-concert-grattoir\/","title":{"rendered":"Dayna Kurtz (USA) en concert au Grattoir"},"content":{"rendered":"<p><a href=\"\/2019\/02\/dayna-K.jpg\"><img decoding=\"async\" class=\"aligncenter size-full wp-image-141360\" src=\"\/2019\/02\/dayna-K.jpg\" alt=\"dayna K\" width=\"800\" height=\"533\" \/><\/a><\/p>\n<h3><\/h3>\n<h3>Tramengo vous propose un concert exceptionnel le dimanche 10 f\u00e9vrier \u00e0 19 h 00 au Grattoir avec la venue de Dayna Kurtz &amp; Robert Mache.<\/h3>\n<p>Concert \u00e0 19 h 00.<\/p>\n<p>DAYNA KURTZ (USA) BLUES,JAZZ,FOLK<br \/>\nPaf :8\u20ac,\/,5\u20ac (Ch\u00f4meurs ,\u00e9tudiants&#8230;)<\/p>\n<p>Elle avait fascin\u00e9 le public du grattoir il y a 3 ans<\/p>\n<p>\u00ab\u00a0La voix de Dayna Kurtz rappelle une Nina Simone d\u2019antan\u2026 Hypnotisante\u00a0\u00bb -New york post-<br \/>\n\u00a0\u00bb \u00ab Secrets Canon, Vol. 1 \u00bb Album Jazz de la semaine \u00a0\u00bb &#8211; FIP radio &#8211;<\/p>\n<p><a href=\"https:\/\/youtu.be\/8U4IfmYwOI8?fbclid=IwAR0giGnFjRNh5_5u290o9tJmhJLKEIzcfw_l9soxFGbGiI4qddZAqLE9BeE\" target=\"_blank\" rel=\"nofollow noopener\" data-lynx-mode=\"hover\" data-lynx-uri=\"https:\/\/l.facebook.com\/l.php?u=https%3A%2F%2Fyoutu.be%2F8U4IfmYwOI8%3Ffbclid%3DIwAR0giGnFjRNh5_5u290o9tJmhJLKEIzcfw_l9soxFGbGiI4qddZAqLE9BeE&amp;h=AT090n0a1x1Ex6fBplNzrcOQrRePcPpWG6uUbvZT4AcNl0P-Ybq5C1VUa0CvY-eLoS5aNPbm0PHHMwWRy3bbltGXwOKdmgvRER91emIhScqEKiPV8GIYc6bPB-sZQUc2vo8H\">https:\/\/youtu.be\/8U4IfmYwOI8<\/a><\/p>\n<p>\u00a0\u00bb Kurtz atteint des sommets d\u2019&rsquo;\u00e9motions seulement atteints par des mythes comme Edith Piaf, Billie Holiday ou Nina Simone\u2026\u00a0\u00bb &#8211; The Project Barcelone<\/p>\n<p>\u00ab\u00a0Elle a jou\u00e9, tourn\u00e9 ou enregist\u00e9 avec Norah Jones, Richie Havens, Elvis Costello, Eric Bibb, Richard Thompson, B.B.King, Mavis Staples, Dr. John, ainsi qu\u2019avec Rufus Wainwright, Keren Ann, Chris Whitley ou The Blind Boys of Alabama..\u00a0\u00bb<\/p>\n<p>\u00ab\u00a0L\u2019artiste de la Nouvelle Orl\u00e9ans plusieurs fois prim\u00e9e Dayna Kurtz, poss\u00e9de un talent reconnu que ce soit aux Etats-Unis ou en Europe, dont elle a d\u00e9j\u00e0 conquis le public N\u00e9erlandais et Espagnol, les critiques comparant souvent sa voix \u00e0 celle de Nina Simone.Sa musique est d\u00e9crite comme un m\u00e9lange de jazz, de folk, de pop et de blues.\u00a0\u00bb<\/p>\n<p>\u00ab\u00a0Robert Mache a \u00e9t\u00e9 le guitariste de Klaus Nomi, Lydia Lunch, Swinging Madisons, Ann Magnuson, Amy Rigby et aussi sideman pour Sparks, Syd Straw, Rosie Flores, Steve Wynn&#8230;..<br \/>\nMembre \u00e9minent des c\u00e9l\u00e8bres \u00ab\u00a0Continental Drifter\u00a0\u00bb il accompagne actuellement Amelia White ou Dayna Kurtz \u00e0 travers le monde et laisse libre court \u00e0 son talent d&rsquo;improvisation en jouant r\u00e9guli\u00e8rement avec Barbara Blue ou \u00ab\u00a0John Papa Grows Funk\u00a0\u00bb \u00e0 Memphis.\u00a0\u00bb<\/p>\n","protected":false},"excerpt":{"rendered":"<p>Tramengo vous propose un concert exceptionnel le dimanche 10 f\u00e9vrier \u00e0 19 h 00 au Grattoir avec la venue de [&hellip;]<\/p>\n","protected":false},"author":1,"featured_media":39507,"comment_status":"open","ping_status":"open","sticky":false,"template":"","format":"standard","meta":{"footnotes":""},"categories":[20,4,25,18],"tags":[35,4000,4001],"class_list":["post-39506","post","type-post","status-publish","format-standard","has-post-thumbnail","hentry","category-a-la-une","category-culture","category-gerardmer","category-vosges","tag-bar-le-grattoir","tag-dayna-kurtz","tag-tramengo"],"acf":[],"yoast_head":"<!-- This site is optimized with the Yoast SEO plugin v22.5 - https:\/\/yoast.com\/wordpress\/plugins\/seo\/ -->\n<title>Dayna Kurtz (USA) en concert au Grattoir - Gerardmer Info<\/title>\n<meta name=\"robots\" content=\"index, follow, max-snippet:-1, max-image-preview:large, max-video-preview:-1\" \/>\n<link rel=\"canonical\" href=\"https:\/\/vosgesinfo.fr\/gerardmerinfo\/2019\/02\/dayna-kurtz-usa-concert-grattoir\/\" \/>\n<meta name=\"twitter:card\" content=\"summary_large_image\" \/>\n<meta name=\"twitter:title\" content=\"Dayna Kurtz (USA) en concert au Grattoir - Gerardmer Info\" \/>\n<meta name=\"twitter:description\" content=\"Tramengo vous propose un concert exceptionnel le dimanche 10 f\u00e9vrier \u00e0 19 h 00 au Grattoir avec la venue de [&hellip;]\" \/>\n<meta name=\"twitter:image\" content=\"https:\/\/vosgesinfo.fr\/app\/uploads\/sites\/6\/2024\/07\/201902dayna-k.jpg\" \/>\n<meta name=\"twitter:creator\" content=\"@VosgesInfo88\" \/>\n<meta name=\"twitter:site\" content=\"@VosgesInfo88\" \/>\n<meta name=\"twitter:label1\" content=\"\u00c9crit par\" \/>\n\t<meta name=\"twitter:data1\" content=\"qs_admin\" \/>\n\t<meta name=\"twitter:label2\" content=\"Dur\u00e9e de lecture estim\u00e9e\" \/>\n\t<meta name=\"twitter:data2\" content=\"1 minute\" \/>\n<script type=\"application\/ld+json\" class=\"yoast-schema-graph\">{\"@context\":\"https:\/\/schema.org\",\"@graph\":[{\"@type\":\"Article\",\"@id\":\"https:\/\/vosgesinfo.fr\/gerardmerinfo\/2019\/02\/dayna-kurtz-usa-concert-grattoir\/#article\",\"isPartOf\":{\"@id\":\"https:\/\/vosgesinfo.fr\/gerardmerinfo\/2019\/02\/dayna-kurtz-usa-concert-grattoir\/\"},\"author\":{\"name\":\"qs_admin\",\"@id\":\"https:\/\/vosgesinfo.fr\/gerardmerinfo\/#\/schema\/person\/bc5d02d71e6932e81b6dadb7386667b1\"},\"headline\":\"Dayna Kurtz (USA) en concert au Grattoir\",\"datePublished\":\"2019-02-03T16:13:39+00:00\",\"dateModified\":\"2019-02-03T16:13:39+00:00\",\"mainEntityOfPage\":{\"@id\":\"https:\/\/vosgesinfo.fr\/gerardmerinfo\/2019\/02\/dayna-kurtz-usa-concert-grattoir\/\"},\"wordCount\":281,\"commentCount\":0,\"publisher\":{\"@id\":\"https:\/\/vosgesinfo.fr\/gerardmerinfo\/#organization\"},\"image\":{\"@id\":\"https:\/\/vosgesinfo.fr\/gerardmerinfo\/2019\/02\/dayna-kurtz-usa-concert-grattoir\/#primaryimage\"},\"thumbnailUrl\":\"https:\/\/vosgesinfo.fr\/app\/uploads\/sites\/6\/2024\/07\/201902dayna-k.jpg\",\"keywords\":[\"bar le grattoir\",\"Dayna Kurtz\",\"Tramengo\"],\"articleSection\":[\"A la une\",\"Culture\",\"G\u00e9rardmer\",\"Vosges\"],\"inLanguage\":\"fr-FR\",\"potentialAction\":[{\"@type\":\"CommentAction\",\"name\":\"Comment\",\"target\":[\"https:\/\/vosgesinfo.fr\/gerardmerinfo\/2019\/02\/dayna-kurtz-usa-concert-grattoir\/#respond\"]}]},{\"@type\":\"WebPage\",\"@id\":\"https:\/\/vosgesinfo.fr\/gerardmerinfo\/2019\/02\/dayna-kurtz-usa-concert-grattoir\/\",\"url\":\"https:\/\/vosgesinfo.fr\/gerardmerinfo\/2019\/02\/dayna-kurtz-usa-concert-grattoir\/\",\"name\":\"Dayna Kurtz (USA) en concert au Grattoir - Gerardmer Info\",\"isPartOf\":{\"@id\":\"https:\/\/vosgesinfo.fr\/gerardmerinfo\/#website\"},\"primaryImageOfPage\":{\"@id\":\"https:\/\/vosgesinfo.fr\/gerardmerinfo\/2019\/02\/dayna-kurtz-usa-concert-grattoir\/#primaryimage\"},\"image\":{\"@id\":\"https:\/\/vosgesinfo.fr\/gerardmerinfo\/2019\/02\/dayna-kurtz-usa-concert-grattoir\/#primaryimage\"},\"thumbnailUrl\":\"https:\/\/vosgesinfo.fr\/app\/uploads\/sites\/6\/2024\/07\/201902dayna-k.jpg\",\"datePublished\":\"2019-02-03T16:13:39+00:00\",\"dateModified\":\"2019-02-03T16:13:39+00:00\",\"breadcrumb\":{\"@id\":\"https:\/\/vosgesinfo.fr\/gerardmerinfo\/2019\/02\/dayna-kurtz-usa-concert-grattoir\/#breadcrumb\"},\"inLanguage\":\"fr-FR\",\"potentialAction\":[{\"@type\":\"ReadAction\",\"target\":[\"https:\/\/vosgesinfo.fr\/gerardmerinfo\/2019\/02\/dayna-kurtz-usa-concert-grattoir\/\"]}]},{\"@type\":\"ImageObject\",\"inLanguage\":\"fr-FR\",\"@id\":\"https:\/\/vosgesinfo.fr\/gerardmerinfo\/2019\/02\/dayna-kurtz-usa-concert-grattoir\/#primaryimage\",\"url\":\"https:\/\/vosgesinfo.fr\/app\/uploads\/sites\/6\/2024\/07\/201902dayna-k.jpg\",\"contentUrl\":\"https:\/\/vosgesinfo.fr\/app\/uploads\/sites\/6\/2024\/07\/201902dayna-k.jpg\",\"width\":800,\"height\":533},{\"@type\":\"BreadcrumbList\",\"@id\":\"https:\/\/vosgesinfo.fr\/gerardmerinfo\/2019\/02\/dayna-kurtz-usa-concert-grattoir\/#breadcrumb\",\"itemListElement\":[{\"@type\":\"ListItem\",\"position\":1,\"name\":\"Home\",\"item\":\"https:\/\/vosgesinfo.fr\/gerardmerinfo\/\"},{\"@type\":\"ListItem\",\"position\":2,\"name\":\"Dayna Kurtz (USA) en concert au Grattoir\"}]},{\"@type\":\"WebSite\",\"@id\":\"https:\/\/vosgesinfo.fr\/gerardmerinfo\/#website\",\"url\":\"https:\/\/vosgesinfo.fr\/gerardmerinfo\/\",\"name\":\"Gerardmer Info\",\"description\":\"Toute l&#039;actualit\u00e9 de G\u00e9rardmer\",\"publisher\":{\"@id\":\"https:\/\/vosgesinfo.fr\/gerardmerinfo\/#organization\"},\"alternateName\":\"Toute l'actualit\u00e9 de G\u00e9rardmer\",\"potentialAction\":[{\"@type\":\"SearchAction\",\"target\":{\"@type\":\"EntryPoint\",\"urlTemplate\":\"https:\/\/vosgesinfo.fr\/gerardmerinfo\/?s={search_term_string}\"},\"query-input\":\"required name=search_term_string\"}],\"inLanguage\":\"fr-FR\"},{\"@type\":\"Organization\",\"@id\":\"https:\/\/vosgesinfo.fr\/gerardmerinfo\/#organization\",\"name\":\"Gerardmer Info\",\"url\":\"https:\/\/vosgesinfo.fr\/gerardmerinfo\/\",\"logo\":{\"@type\":\"ImageObject\",\"inLanguage\":\"fr-FR\",\"@id\":\"https:\/\/vosgesinfo.fr\/gerardmerinfo\/#\/schema\/logo\/image\/\",\"url\":\"https:\/\/vosgesinfo.fr\/app\/uploads\/sites\/6\/2023\/08\/favicon-gerardmerinfo.png\",\"contentUrl\":\"https:\/\/vosgesinfo.fr\/app\/uploads\/sites\/6\/2023\/08\/favicon-gerardmerinfo.png\",\"width\":512,\"height\":512,\"caption\":\"Gerardmer Info\"},\"image\":{\"@id\":\"https:\/\/vosgesinfo.fr\/gerardmerinfo\/#\/schema\/logo\/image\/\"},\"sameAs\":[\"https:\/\/www.facebook.com\/profile.php?id=100049475262660\",\"https:\/\/x.com\/VosgesInfo88\",\"https:\/\/www.youtube.com\/@vosgesinfo\"]},{\"@type\":\"Person\",\"@id\":\"https:\/\/vosgesinfo.fr\/gerardmerinfo\/#\/schema\/person\/bc5d02d71e6932e81b6dadb7386667b1\",\"name\":\"qs_admin\",\"image\":{\"@type\":\"ImageObject\",\"inLanguage\":\"fr-FR\",\"@id\":\"https:\/\/vosgesinfo.fr\/gerardmerinfo\/#\/schema\/person\/image\/\",\"url\":\"https:\/\/secure.gravatar.com\/avatar\/94b18ee0ed79e4a42ea2f2931277b6841a8999fc6fde214600c78057cf1fe1de?s=96&d=mm&r=g\",\"contentUrl\":\"https:\/\/secure.gravatar.com\/avatar\/94b18ee0ed79e4a42ea2f2931277b6841a8999fc6fde214600c78057cf1fe1de?s=96&d=mm&r=g\",\"caption\":\"qs_admin\"},\"sameAs\":[\"https:\/\/vosgesinfo.fr\/wp\"],\"url\":\"https:\/\/vosgesinfo.fr\/gerardmerinfo\/author\/qs_admin\/\"}]}<\/script>\n<!-- \/ Yoast SEO plugin. -->","yoast_head_json":{"title":"Dayna Kurtz (USA) en concert au Grattoir - Gerardmer Info","robots":{"index":"index","follow":"follow","max-snippet":"max-snippet:-1","max-image-preview":"max-image-preview:large","max-video-preview":"max-video-preview:-1"},"canonical":"https:\/\/vosgesinfo.fr\/gerardmerinfo\/2019\/02\/dayna-kurtz-usa-concert-grattoir\/","twitter_card":"summary_large_image","twitter_title":"Dayna Kurtz (USA) en concert au Grattoir - Gerardmer Info","twitter_description":"Tramengo vous propose un concert exceptionnel le dimanche 10 f\u00e9vrier \u00e0 19 h 00 au Grattoir avec la venue de [&hellip;]","twitter_image":"https:\/\/vosgesinfo.fr\/app\/uploads\/sites\/6\/2024\/07\/201902dayna-k.jpg","twitter_creator":"@VosgesInfo88","twitter_site":"@VosgesInfo88","twitter_misc":{"\u00c9crit par":"qs_admin","Dur\u00e9e de lecture estim\u00e9e":"1 minute"},"schema":{"@context":"https:\/\/schema.org","@graph":[{"@type":"Article","@id":"https:\/\/vosgesinfo.fr\/gerardmerinfo\/2019\/02\/dayna-kurtz-usa-concert-grattoir\/#article","isPartOf":{"@id":"https:\/\/vosgesinfo.fr\/gerardmerinfo\/2019\/02\/dayna-kurtz-usa-concert-grattoir\/"},"author":{"name":"qs_admin","@id":"https:\/\/vosgesinfo.fr\/gerardmerinfo\/#\/schema\/person\/bc5d02d71e6932e81b6dadb7386667b1"},"headline":"Dayna Kurtz (USA) en concert au Grattoir","datePublished":"2019-02-03T16:13:39+00:00","dateModified":"2019-02-03T16:13:39+00:00","mainEntityOfPage":{"@id":"https:\/\/vosgesinfo.fr\/gerardmerinfo\/2019\/02\/dayna-kurtz-usa-concert-grattoir\/"},"wordCount":281,"commentCount":0,"publisher":{"@id":"https:\/\/vosgesinfo.fr\/gerardmerinfo\/#organization"},"image":{"@id":"https:\/\/vosgesinfo.fr\/gerardmerinfo\/2019\/02\/dayna-kurtz-usa-concert-grattoir\/#primaryimage"},"thumbnailUrl":"https:\/\/vosgesinfo.fr\/app\/uploads\/sites\/6\/2024\/07\/201902dayna-k.jpg","keywords":["bar le grattoir","Dayna Kurtz","Tramengo"],"articleSection":["A la une","Culture","G\u00e9rardmer","Vosges"],"inLanguage":"fr-FR","potentialAction":[{"@type":"CommentAction","name":"Comment","target":["https:\/\/vosgesinfo.fr\/gerardmerinfo\/2019\/02\/dayna-kurtz-usa-concert-grattoir\/#respond"]}]},{"@type":"WebPage","@id":"https:\/\/vosgesinfo.fr\/gerardmerinfo\/2019\/02\/dayna-kurtz-usa-concert-grattoir\/","url":"https:\/\/vosgesinfo.fr\/gerardmerinfo\/2019\/02\/dayna-kurtz-usa-concert-grattoir\/","name":"Dayna Kurtz (USA) en concert au Grattoir - Gerardmer Info","isPartOf":{"@id":"https:\/\/vosgesinfo.fr\/gerardmerinfo\/#website"},"primaryImageOfPage":{"@id":"https:\/\/vosgesinfo.fr\/gerardmerinfo\/2019\/02\/dayna-kurtz-usa-concert-grattoir\/#primaryimage"},"image":{"@id":"https:\/\/vosgesinfo.fr\/gerardmerinfo\/2019\/02\/dayna-kurtz-usa-concert-grattoir\/#primaryimage"},"thumbnailUrl":"https:\/\/vosgesinfo.fr\/app\/uploads\/sites\/6\/2024\/07\/201902dayna-k.jpg","datePublished":"2019-02-03T16:13:39+00:00","dateModified":"2019-02-03T16:13:39+00:00","breadcrumb":{"@id":"https:\/\/vosgesinfo.fr\/gerardmerinfo\/2019\/02\/dayna-kurtz-usa-concert-grattoir\/#breadcrumb"},"inLanguage":"fr-FR","potentialAction":[{"@type":"ReadAction","target":["https:\/\/vosgesinfo.fr\/gerardmerinfo\/2019\/02\/dayna-kurtz-usa-concert-grattoir\/"]}]},{"@type":"ImageObject","inLanguage":"fr-FR","@id":"https:\/\/vosgesinfo.fr\/gerardmerinfo\/2019\/02\/dayna-kurtz-usa-concert-grattoir\/#primaryimage","url":"https:\/\/vosgesinfo.fr\/app\/uploads\/sites\/6\/2024\/07\/201902dayna-k.jpg","contentUrl":"https:\/\/vosgesinfo.fr\/app\/uploads\/sites\/6\/2024\/07\/201902dayna-k.jpg","width":800,"height":533},{"@type":"BreadcrumbList","@id":"https:\/\/vosgesinfo.fr\/gerardmerinfo\/2019\/02\/dayna-kurtz-usa-concert-grattoir\/#breadcrumb","itemListElement":[{"@type":"ListItem","position":1,"name":"Home","item":"https:\/\/vosgesinfo.fr\/gerardmerinfo\/"},{"@type":"ListItem","position":2,"name":"Dayna Kurtz (USA) en concert au Grattoir"}]},{"@type":"WebSite","@id":"https:\/\/vosgesinfo.fr\/gerardmerinfo\/#website","url":"https:\/\/vosgesinfo.fr\/gerardmerinfo\/","name":"Gerardmer Info","description":"Toute l&#039;actualit\u00e9 de G\u00e9rardmer","publisher":{"@id":"https:\/\/vosgesinfo.fr\/gerardmerinfo\/#organization"},"alternateName":"Toute l'actualit\u00e9 de G\u00e9rardmer","potentialAction":[{"@type":"SearchAction","target":{"@type":"EntryPoint","urlTemplate":"https:\/\/vosgesinfo.fr\/gerardmerinfo\/?s={search_term_string}"},"query-input":"required name=search_term_string"}],"inLanguage":"fr-FR"},{"@type":"Organization","@id":"https:\/\/vosgesinfo.fr\/gerardmerinfo\/#organization","name":"Gerardmer Info","url":"https:\/\/vosgesinfo.fr\/gerardmerinfo\/","logo":{"@type":"ImageObject","inLanguage":"fr-FR","@id":"https:\/\/vosgesinfo.fr\/gerardmerinfo\/#\/schema\/logo\/image\/","url":"https:\/\/vosgesinfo.fr\/app\/uploads\/sites\/6\/2023\/08\/favicon-gerardmerinfo.png","contentUrl":"https:\/\/vosgesinfo.fr\/app\/uploads\/sites\/6\/2023\/08\/favicon-gerardmerinfo.png","width":512,"height":512,"caption":"Gerardmer Info"},"image":{"@id":"https:\/\/vosgesinfo.fr\/gerardmerinfo\/#\/schema\/logo\/image\/"},"sameAs":["https:\/\/www.facebook.com\/profile.php?id=100049475262660","https:\/\/x.com\/VosgesInfo88","https:\/\/www.youtube.com\/@vosgesinfo"]},{"@type":"Person","@id":"https:\/\/vosgesinfo.fr\/gerardmerinfo\/#\/schema\/person\/bc5d02d71e6932e81b6dadb7386667b1","name":"qs_admin","image":{"@type":"ImageObject","inLanguage":"fr-FR","@id":"https:\/\/vosgesinfo.fr\/gerardmerinfo\/#\/schema\/person\/image\/","url":"https:\/\/secure.gravatar.com\/avatar\/94b18ee0ed79e4a42ea2f2931277b6841a8999fc6fde214600c78057cf1fe1de?s=96&d=mm&r=g","contentUrl":"https:\/\/secure.gravatar.com\/avatar\/94b18ee0ed79e4a42ea2f2931277b6841a8999fc6fde214600c78057cf1fe1de?s=96&d=mm&r=g","caption":"qs_admin"},"sameAs":["https:\/\/vosgesinfo.fr\/wp"],"url":"https:\/\/vosgesinfo.fr\/gerardmerinfo\/author\/qs_admin\/"}]}},"_links":{"self":[{"href":"https:\/\/vosgesinfo.fr\/gerardmerinfo\/wp-json\/wp\/v2\/posts\/39506","targetHints":{"allow":["GET"]}}],"collection":[{"href":"https:\/\/vosgesinfo.fr\/gerardmerinfo\/wp-json\/wp\/v2\/posts"}],"about":[{"href":"https:\/\/vosgesinfo.fr\/gerardmerinfo\/wp-json\/wp\/v2\/types\/post"}],"author":[{"embeddable":true,"href":"https:\/\/vosgesinfo.fr\/gerardmerinfo\/wp-json\/wp\/v2\/users\/1"}],"replies":[{"embeddable":true,"href":"https:\/\/vosgesinfo.fr\/gerardmerinfo\/wp-json\/wp\/v2\/comments?post=39506"}],"version-history":[{"count":0,"href":"https:\/\/vosgesinfo.fr\/gerardmerinfo\/wp-json\/wp\/v2\/posts\/39506\/revisions"}],"wp:featuredmedia":[{"embeddable":true,"href":"https:\/\/vosgesinfo.fr\/gerardmerinfo\/wp-json\/wp\/v2\/media\/39507"}],"wp:attachment":[{"href":"https:\/\/vosgesinfo.fr\/gerardmerinfo\/wp-json\/wp\/v2\/media?parent=39506"}],"wp:term":[{"taxonomy":"category","embeddable":true,"href":"https:\/\/vosgesinfo.fr\/gerardmerinfo\/wp-json\/wp\/v2\/categories?post=39506"},{"taxonomy":"post_tag","embeddable":true,"href":"https:\/\/vosgesinfo.fr\/gerardmerinfo\/wp-json\/wp\/v2\/tags?post=39506"}],"curies":[{"name":"wp","href":"https:\/\/api.w.org\/{rel}","templated":true}]}}