{"id":39508,"date":"2019-02-01T13:41:30","date_gmt":"2019-02-01T12:41:30","guid":{"rendered":"https:\/\/vosgesinfo.fr\/gerardmerinfo\/2019\/02\/commerces-geromois-aux-couleurs-festival\/"},"modified":"2019-02-01T13:41:30","modified_gmt":"2019-02-01T12:41:30","slug":"commerces-geromois-aux-couleurs-festival","status":"publish","type":"post","link":"https:\/\/vosgesinfo.fr\/gerardmerinfo\/2019\/02\/commerces-geromois-aux-couleurs-festival\/","title":{"rendered":"Les commerces g\u00e9r\u00f4mois aux couleurs du festival"},"content":{"rendered":"<p><a href=\"\/2019\/02\/concours-de-vitrines-2019-festival-g\u00e9rardmer-3.jpg\"><img decoding=\"async\" class=\"aligncenter wp-image-141365\" src=\"\/2019\/02\/concours-de-vitrines-2019-festival-g\u00e9rardmer-3.jpg\" alt=\"concours de vitrines 2019 festival g\u00e9rardmer (3)\" width=\"600\" height=\"450\" \/><\/a><\/p>\n<h3>Comme chaque ann\u00e9e, les commer\u00e7ants et restaurateurs de la Perle des Vosges sont invit\u00e9s \u00e0 se mettre aux couleurs du Festival International du Film Fantastique, histoire de mettre leur pierre \u00e0 l&rsquo;\u00e9difice en mati\u00e8re d&rsquo;ambiance g\u00e9n\u00e9rale de l&rsquo;\u00e9v\u00e9nement, notamment \u00e0 la nuit tomb\u00e9e&#8230;<\/h3>\n<p>Et pour r\u00e9compenser les plus inventifs, le festival a eu la bonne id\u00e9e de mettre en place un petit concours de vitrines fantastiques dont la remise des prix a eu lieu ce vendredi \u00e0 l&rsquo;Espace Tilleul. L&rsquo;occasion pour le pr\u00e9sident de G\u00e9rardmer Animation, Nicolas Rumeau, de rappeler que l&rsquo;association qu&rsquo;il repr\u00e9sente est un soutien historique au festival et que le soutenir est tout simplement un devoir, surtout quand on consid\u00e8re que la grand messe du fantastique constitue l&rsquo;une des plus belles vitrines de G\u00e9rardmer et du d\u00e9partement, voire de la r\u00e9gion&#8230;<\/p>\n<div id=\"attachment_141363\" style=\"width: 350px\" class=\"wp-caption alignright\"><a href=\"\/2019\/02\/concours-de-vitrines-2019-festival-g\u00e9rardmer-1.jpg\"><img decoding=\"async\" aria-describedby=\"caption-attachment-141363\" class=\"size-medium wp-image-141363\" src=\"\/2019\/02\/concours-de-vitrines-2019-festival-g\u00e9rardmer-1-340x255.jpg\" alt=\"Julien Pfranger avait envoy\u00e9 son papa r\u00e9cup\u00e9rer son prix, pas s\u00fbr qu'il soit revenu avec...\" width=\"340\" height=\"255\" \/><\/a><p id=\"caption-attachment-141363\" class=\"wp-caption-text\">Julien Pfranger avait envoy\u00e9 son papa r\u00e9cup\u00e9rer son prix, pas s\u00fbr qu&rsquo;il soit revenu avec&#8230;<\/p><\/div>\n<p>Pour cette 26\u00e8me \u00e9dition, les 36 participants ont tous re\u00e7u un dipl\u00f4me et des places de cin\u00e9ma, et surtout un grand coup de chapeau au quatuor de t\u00eate qui va pouvoir savourer sa victoire avec du champagne de la marque partenaire. A commencer par le restaurant Le M-La Bergerie de Julien Pfranger qui repart avec un&#8230; M comme Mathusalem, soit 6 litres de boisson p\u00e9tillante ! En seconde place on retrouve La Fringale de Francis Houel, puis Pro &amp; Cie de Philippe Thomas et enfin L&rsquo;Atelier Tabac Presse de D-A Demange qui compl\u00e8te le podium. Tous repartent eux aussi avec une bouteille de\u00a0 champagne. Enfin, il y avait aussi un tirage au sort au menu de la remise des prix en pr\u00e9sence de Pierre Sachot et Jean-Fran\u00e7ois Duval, et c&rsquo;est <em>Malicia<\/em>, boutique de Leslie Thomas qui est sortie du \u00ab\u00a0chapeau\u00a0\u00bb !<\/p>\n<p><a href=\"\/2019\/02\/concours-de-vitrines-2019-festival-g\u00e9rardmer-2.jpg\"><img decoding=\"async\" class=\"aligncenter wp-image-141364\" src=\"\/2019\/02\/concours-de-vitrines-2019-festival-g\u00e9rardmer-2.jpg\" alt=\"concours de vitrines 2019 festival g\u00e9rardmer (2)\" width=\"400\" height=\"533\" \/><\/a><\/p>\n","protected":false},"excerpt":{"rendered":"<p>Comme chaque ann\u00e9e, les commer\u00e7ants et restaurateurs de la Perle des Vosges sont invit\u00e9s \u00e0 se mettre aux couleurs du [&hellip;]<\/p>\n","protected":false},"author":42,"featured_media":39509,"comment_status":"open","ping_status":"open","sticky":false,"template":"","format":"standard","meta":{"footnotes":""},"categories":[20,25],"tags":[231,91],"class_list":["post-39508","post","type-post","status-publish","format-standard","has-post-thumbnail","hentry","category-a-la-une","category-gerardmer","tag-concours-de-vitrines","tag-festival-du-film-fantastique-gerardmer"],"acf":[],"yoast_head":"<!-- This site is optimized with the Yoast SEO plugin v22.5 - https:\/\/yoast.com\/wordpress\/plugins\/seo\/ -->\n<title>Les commerces g\u00e9r\u00f4mois aux couleurs du festival - Gerardmer Info<\/title>\n<meta name=\"robots\" content=\"index, follow, max-snippet:-1, max-image-preview:large, max-video-preview:-1\" \/>\n<link rel=\"canonical\" href=\"https:\/\/vosgesinfo.fr\/gerardmerinfo\/2019\/02\/commerces-geromois-aux-couleurs-festival\/\" \/>\n<meta name=\"twitter:card\" content=\"summary_large_image\" \/>\n<meta name=\"twitter:title\" content=\"Les commerces g\u00e9r\u00f4mois aux couleurs du festival - Gerardmer Info\" \/>\n<meta name=\"twitter:description\" content=\"Comme chaque ann\u00e9e, les commer\u00e7ants et restaurateurs de la Perle des Vosges sont invit\u00e9s \u00e0 se mettre aux couleurs du [&hellip;]\" \/>\n<meta name=\"twitter:image\" content=\"https:\/\/vosgesinfo.fr\/app\/uploads\/sites\/6\/2024\/07\/201902concours-de-vitrines-2019-festival-gerardmer-3.jpg\" \/>\n<meta name=\"twitter:creator\" content=\"@VosgesInfo88\" \/>\n<meta name=\"twitter:site\" content=\"@VosgesInfo88\" \/>\n<meta name=\"twitter:label1\" content=\"\u00c9crit par\" \/>\n\t<meta name=\"twitter:data1\" content=\"QG\" \/>\n\t<meta name=\"twitter:label2\" content=\"Dur\u00e9e de lecture estim\u00e9e\" \/>\n\t<meta name=\"twitter:data2\" content=\"2 minutes\" \/>\n<script type=\"application\/ld+json\" class=\"yoast-schema-graph\">{\"@context\":\"https:\/\/schema.org\",\"@graph\":[{\"@type\":\"Article\",\"@id\":\"https:\/\/vosgesinfo.fr\/gerardmerinfo\/2019\/02\/commerces-geromois-aux-couleurs-festival\/#article\",\"isPartOf\":{\"@id\":\"https:\/\/vosgesinfo.fr\/gerardmerinfo\/2019\/02\/commerces-geromois-aux-couleurs-festival\/\"},\"author\":{\"name\":\"QG\",\"@id\":\"https:\/\/vosgesinfo.fr\/gerardmerinfo\/#\/schema\/person\/db5605779a843dad16b5368f3e7613a5\"},\"headline\":\"Les commerces g\u00e9r\u00f4mois aux couleurs du festival\",\"datePublished\":\"2019-02-01T12:41:30+00:00\",\"dateModified\":\"2019-02-01T12:41:30+00:00\",\"mainEntityOfPage\":{\"@id\":\"https:\/\/vosgesinfo.fr\/gerardmerinfo\/2019\/02\/commerces-geromois-aux-couleurs-festival\/\"},\"wordCount\":337,\"commentCount\":0,\"publisher\":{\"@id\":\"https:\/\/vosgesinfo.fr\/gerardmerinfo\/#organization\"},\"image\":{\"@id\":\"https:\/\/vosgesinfo.fr\/gerardmerinfo\/2019\/02\/commerces-geromois-aux-couleurs-festival\/#primaryimage\"},\"thumbnailUrl\":\"https:\/\/vosgesinfo.fr\/app\/uploads\/sites\/6\/2024\/07\/201902concours-de-vitrines-2019-festival-gerardmer-3.jpg\",\"keywords\":[\"concours de vitrines\",\"festival du film fantastique G\u00e9rardmer\"],\"articleSection\":[\"A la une\",\"G\u00e9rardmer\"],\"inLanguage\":\"fr-FR\",\"potentialAction\":[{\"@type\":\"CommentAction\",\"name\":\"Comment\",\"target\":[\"https:\/\/vosgesinfo.fr\/gerardmerinfo\/2019\/02\/commerces-geromois-aux-couleurs-festival\/#respond\"]}]},{\"@type\":\"WebPage\",\"@id\":\"https:\/\/vosgesinfo.fr\/gerardmerinfo\/2019\/02\/commerces-geromois-aux-couleurs-festival\/\",\"url\":\"https:\/\/vosgesinfo.fr\/gerardmerinfo\/2019\/02\/commerces-geromois-aux-couleurs-festival\/\",\"name\":\"Les commerces g\u00e9r\u00f4mois aux couleurs du festival - Gerardmer Info\",\"isPartOf\":{\"@id\":\"https:\/\/vosgesinfo.fr\/gerardmerinfo\/#website\"},\"primaryImageOfPage\":{\"@id\":\"https:\/\/vosgesinfo.fr\/gerardmerinfo\/2019\/02\/commerces-geromois-aux-couleurs-festival\/#primaryimage\"},\"image\":{\"@id\":\"https:\/\/vosgesinfo.fr\/gerardmerinfo\/2019\/02\/commerces-geromois-aux-couleurs-festival\/#primaryimage\"},\"thumbnailUrl\":\"https:\/\/vosgesinfo.fr\/app\/uploads\/sites\/6\/2024\/07\/201902concours-de-vitrines-2019-festival-gerardmer-3.jpg\",\"datePublished\":\"2019-02-01T12:41:30+00:00\",\"dateModified\":\"2019-02-01T12:41:30+00:00\",\"breadcrumb\":{\"@id\":\"https:\/\/vosgesinfo.fr\/gerardmerinfo\/2019\/02\/commerces-geromois-aux-couleurs-festival\/#breadcrumb\"},\"inLanguage\":\"fr-FR\",\"potentialAction\":[{\"@type\":\"ReadAction\",\"target\":[\"https:\/\/vosgesinfo.fr\/gerardmerinfo\/2019\/02\/commerces-geromois-aux-couleurs-festival\/\"]}]},{\"@type\":\"ImageObject\",\"inLanguage\":\"fr-FR\",\"@id\":\"https:\/\/vosgesinfo.fr\/gerardmerinfo\/2019\/02\/commerces-geromois-aux-couleurs-festival\/#primaryimage\",\"url\":\"https:\/\/vosgesinfo.fr\/app\/uploads\/sites\/6\/2024\/07\/201902concours-de-vitrines-2019-festival-gerardmer-3.jpg\",\"contentUrl\":\"https:\/\/vosgesinfo.fr\/app\/uploads\/sites\/6\/2024\/07\/201902concours-de-vitrines-2019-festival-gerardmer-3.jpg\",\"width\":800,\"height\":600},{\"@type\":\"BreadcrumbList\",\"@id\":\"https:\/\/vosgesinfo.fr\/gerardmerinfo\/2019\/02\/commerces-geromois-aux-couleurs-festival\/#breadcrumb\",\"itemListElement\":[{\"@type\":\"ListItem\",\"position\":1,\"name\":\"Home\",\"item\":\"https:\/\/vosgesinfo.fr\/gerardmerinfo\/\"},{\"@type\":\"ListItem\",\"position\":2,\"name\":\"Les commerces g\u00e9r\u00f4mois aux couleurs du festival\"}]},{\"@type\":\"WebSite\",\"@id\":\"https:\/\/vosgesinfo.fr\/gerardmerinfo\/#website\",\"url\":\"https:\/\/vosgesinfo.fr\/gerardmerinfo\/\",\"name\":\"Gerardmer Info\",\"description\":\"Toute l&#039;actualit\u00e9 de G\u00e9rardmer\",\"publisher\":{\"@id\":\"https:\/\/vosgesinfo.fr\/gerardmerinfo\/#organization\"},\"alternateName\":\"Toute l'actualit\u00e9 de G\u00e9rardmer\",\"potentialAction\":[{\"@type\":\"SearchAction\",\"target\":{\"@type\":\"EntryPoint\",\"urlTemplate\":\"https:\/\/vosgesinfo.fr\/gerardmerinfo\/?s={search_term_string}\"},\"query-input\":\"required name=search_term_string\"}],\"inLanguage\":\"fr-FR\"},{\"@type\":\"Organization\",\"@id\":\"https:\/\/vosgesinfo.fr\/gerardmerinfo\/#organization\",\"name\":\"Gerardmer Info\",\"url\":\"https:\/\/vosgesinfo.fr\/gerardmerinfo\/\",\"logo\":{\"@type\":\"ImageObject\",\"inLanguage\":\"fr-FR\",\"@id\":\"https:\/\/vosgesinfo.fr\/gerardmerinfo\/#\/schema\/logo\/image\/\",\"url\":\"https:\/\/vosgesinfo.fr\/app\/uploads\/sites\/6\/2023\/08\/favicon-gerardmerinfo.png\",\"contentUrl\":\"https:\/\/vosgesinfo.fr\/app\/uploads\/sites\/6\/2023\/08\/favicon-gerardmerinfo.png\",\"width\":512,\"height\":512,\"caption\":\"Gerardmer Info\"},\"image\":{\"@id\":\"https:\/\/vosgesinfo.fr\/gerardmerinfo\/#\/schema\/logo\/image\/\"},\"sameAs\":[\"https:\/\/www.facebook.com\/profile.php?id=100049475262660\",\"https:\/\/x.com\/VosgesInfo88\",\"https:\/\/www.youtube.com\/@vosgesinfo\"]},{\"@type\":\"Person\",\"@id\":\"https:\/\/vosgesinfo.fr\/gerardmerinfo\/#\/schema\/person\/db5605779a843dad16b5368f3e7613a5\",\"name\":\"QG\",\"image\":{\"@type\":\"ImageObject\",\"inLanguage\":\"fr-FR\",\"@id\":\"https:\/\/vosgesinfo.fr\/gerardmerinfo\/#\/schema\/person\/image\/\",\"url\":\"https:\/\/secure.gravatar.com\/avatar\/ea80c42c204b534408512832fde52504ecabb9706bcb6151cf6175e5b64e6793?s=96&d=mm&r=g\",\"contentUrl\":\"https:\/\/secure.gravatar.com\/avatar\/ea80c42c204b534408512832fde52504ecabb9706bcb6151cf6175e5b64e6793?s=96&d=mm&r=g\",\"caption\":\"QG\"},\"url\":\"https:\/\/vosgesinfo.fr\/gerardmerinfo\/author\/quentin88\/\"}]}<\/script>\n<!-- \/ Yoast SEO plugin. -->","yoast_head_json":{"title":"Les commerces g\u00e9r\u00f4mois aux couleurs du festival - Gerardmer Info","robots":{"index":"index","follow":"follow","max-snippet":"max-snippet:-1","max-image-preview":"max-image-preview:large","max-video-preview":"max-video-preview:-1"},"canonical":"https:\/\/vosgesinfo.fr\/gerardmerinfo\/2019\/02\/commerces-geromois-aux-couleurs-festival\/","twitter_card":"summary_large_image","twitter_title":"Les commerces g\u00e9r\u00f4mois aux couleurs du festival - Gerardmer Info","twitter_description":"Comme chaque ann\u00e9e, les commer\u00e7ants et restaurateurs de la Perle des Vosges sont invit\u00e9s \u00e0 se mettre aux couleurs du [&hellip;]","twitter_image":"https:\/\/vosgesinfo.fr\/app\/uploads\/sites\/6\/2024\/07\/201902concours-de-vitrines-2019-festival-gerardmer-3.jpg","twitter_creator":"@VosgesInfo88","twitter_site":"@VosgesInfo88","twitter_misc":{"\u00c9crit par":"QG","Dur\u00e9e de lecture estim\u00e9e":"2 minutes"},"schema":{"@context":"https:\/\/schema.org","@graph":[{"@type":"Article","@id":"https:\/\/vosgesinfo.fr\/gerardmerinfo\/2019\/02\/commerces-geromois-aux-couleurs-festival\/#article","isPartOf":{"@id":"https:\/\/vosgesinfo.fr\/gerardmerinfo\/2019\/02\/commerces-geromois-aux-couleurs-festival\/"},"author":{"name":"QG","@id":"https:\/\/vosgesinfo.fr\/gerardmerinfo\/#\/schema\/person\/db5605779a843dad16b5368f3e7613a5"},"headline":"Les commerces g\u00e9r\u00f4mois aux couleurs du festival","datePublished":"2019-02-01T12:41:30+00:00","dateModified":"2019-02-01T12:41:30+00:00","mainEntityOfPage":{"@id":"https:\/\/vosgesinfo.fr\/gerardmerinfo\/2019\/02\/commerces-geromois-aux-couleurs-festival\/"},"wordCount":337,"commentCount":0,"publisher":{"@id":"https:\/\/vosgesinfo.fr\/gerardmerinfo\/#organization"},"image":{"@id":"https:\/\/vosgesinfo.fr\/gerardmerinfo\/2019\/02\/commerces-geromois-aux-couleurs-festival\/#primaryimage"},"thumbnailUrl":"https:\/\/vosgesinfo.fr\/app\/uploads\/sites\/6\/2024\/07\/201902concours-de-vitrines-2019-festival-gerardmer-3.jpg","keywords":["concours de vitrines","festival du film fantastique G\u00e9rardmer"],"articleSection":["A la une","G\u00e9rardmer"],"inLanguage":"fr-FR","potentialAction":[{"@type":"CommentAction","name":"Comment","target":["https:\/\/vosgesinfo.fr\/gerardmerinfo\/2019\/02\/commerces-geromois-aux-couleurs-festival\/#respond"]}]},{"@type":"WebPage","@id":"https:\/\/vosgesinfo.fr\/gerardmerinfo\/2019\/02\/commerces-geromois-aux-couleurs-festival\/","url":"https:\/\/vosgesinfo.fr\/gerardmerinfo\/2019\/02\/commerces-geromois-aux-couleurs-festival\/","name":"Les commerces g\u00e9r\u00f4mois aux couleurs du festival - Gerardmer Info","isPartOf":{"@id":"https:\/\/vosgesinfo.fr\/gerardmerinfo\/#website"},"primaryImageOfPage":{"@id":"https:\/\/vosgesinfo.fr\/gerardmerinfo\/2019\/02\/commerces-geromois-aux-couleurs-festival\/#primaryimage"},"image":{"@id":"https:\/\/vosgesinfo.fr\/gerardmerinfo\/2019\/02\/commerces-geromois-aux-couleurs-festival\/#primaryimage"},"thumbnailUrl":"https:\/\/vosgesinfo.fr\/app\/uploads\/sites\/6\/2024\/07\/201902concours-de-vitrines-2019-festival-gerardmer-3.jpg","datePublished":"2019-02-01T12:41:30+00:00","dateModified":"2019-02-01T12:41:30+00:00","breadcrumb":{"@id":"https:\/\/vosgesinfo.fr\/gerardmerinfo\/2019\/02\/commerces-geromois-aux-couleurs-festival\/#breadcrumb"},"inLanguage":"fr-FR","potentialAction":[{"@type":"ReadAction","target":["https:\/\/vosgesinfo.fr\/gerardmerinfo\/2019\/02\/commerces-geromois-aux-couleurs-festival\/"]}]},{"@type":"ImageObject","inLanguage":"fr-FR","@id":"https:\/\/vosgesinfo.fr\/gerardmerinfo\/2019\/02\/commerces-geromois-aux-couleurs-festival\/#primaryimage","url":"https:\/\/vosgesinfo.fr\/app\/uploads\/sites\/6\/2024\/07\/201902concours-de-vitrines-2019-festival-gerardmer-3.jpg","contentUrl":"https:\/\/vosgesinfo.fr\/app\/uploads\/sites\/6\/2024\/07\/201902concours-de-vitrines-2019-festival-gerardmer-3.jpg","width":800,"height":600},{"@type":"BreadcrumbList","@id":"https:\/\/vosgesinfo.fr\/gerardmerinfo\/2019\/02\/commerces-geromois-aux-couleurs-festival\/#breadcrumb","itemListElement":[{"@type":"ListItem","position":1,"name":"Home","item":"https:\/\/vosgesinfo.fr\/gerardmerinfo\/"},{"@type":"ListItem","position":2,"name":"Les commerces g\u00e9r\u00f4mois aux couleurs du festival"}]},{"@type":"WebSite","@id":"https:\/\/vosgesinfo.fr\/gerardmerinfo\/#website","url":"https:\/\/vosgesinfo.fr\/gerardmerinfo\/","name":"Gerardmer Info","description":"Toute l&#039;actualit\u00e9 de G\u00e9rardmer","publisher":{"@id":"https:\/\/vosgesinfo.fr\/gerardmerinfo\/#organization"},"alternateName":"Toute l'actualit\u00e9 de G\u00e9rardmer","potentialAction":[{"@type":"SearchAction","target":{"@type":"EntryPoint","urlTemplate":"https:\/\/vosgesinfo.fr\/gerardmerinfo\/?s={search_term_string}"},"query-input":"required name=search_term_string"}],"inLanguage":"fr-FR"},{"@type":"Organization","@id":"https:\/\/vosgesinfo.fr\/gerardmerinfo\/#organization","name":"Gerardmer Info","url":"https:\/\/vosgesinfo.fr\/gerardmerinfo\/","logo":{"@type":"ImageObject","inLanguage":"fr-FR","@id":"https:\/\/vosgesinfo.fr\/gerardmerinfo\/#\/schema\/logo\/image\/","url":"https:\/\/vosgesinfo.fr\/app\/uploads\/sites\/6\/2023\/08\/favicon-gerardmerinfo.png","contentUrl":"https:\/\/vosgesinfo.fr\/app\/uploads\/sites\/6\/2023\/08\/favicon-gerardmerinfo.png","width":512,"height":512,"caption":"Gerardmer Info"},"image":{"@id":"https:\/\/vosgesinfo.fr\/gerardmerinfo\/#\/schema\/logo\/image\/"},"sameAs":["https:\/\/www.facebook.com\/profile.php?id=100049475262660","https:\/\/x.com\/VosgesInfo88","https:\/\/www.youtube.com\/@vosgesinfo"]},{"@type":"Person","@id":"https:\/\/vosgesinfo.fr\/gerardmerinfo\/#\/schema\/person\/db5605779a843dad16b5368f3e7613a5","name":"QG","image":{"@type":"ImageObject","inLanguage":"fr-FR","@id":"https:\/\/vosgesinfo.fr\/gerardmerinfo\/#\/schema\/person\/image\/","url":"https:\/\/secure.gravatar.com\/avatar\/ea80c42c204b534408512832fde52504ecabb9706bcb6151cf6175e5b64e6793?s=96&d=mm&r=g","contentUrl":"https:\/\/secure.gravatar.com\/avatar\/ea80c42c204b534408512832fde52504ecabb9706bcb6151cf6175e5b64e6793?s=96&d=mm&r=g","caption":"QG"},"url":"https:\/\/vosgesinfo.fr\/gerardmerinfo\/author\/quentin88\/"}]}},"_links":{"self":[{"href":"https:\/\/vosgesinfo.fr\/gerardmerinfo\/wp-json\/wp\/v2\/posts\/39508","targetHints":{"allow":["GET"]}}],"collection":[{"href":"https:\/\/vosgesinfo.fr\/gerardmerinfo\/wp-json\/wp\/v2\/posts"}],"about":[{"href":"https:\/\/vosgesinfo.fr\/gerardmerinfo\/wp-json\/wp\/v2\/types\/post"}],"author":[{"embeddable":true,"href":"https:\/\/vosgesinfo.fr\/gerardmerinfo\/wp-json\/wp\/v2\/users\/42"}],"replies":[{"embeddable":true,"href":"https:\/\/vosgesinfo.fr\/gerardmerinfo\/wp-json\/wp\/v2\/comments?post=39508"}],"version-history":[{"count":0,"href":"https:\/\/vosgesinfo.fr\/gerardmerinfo\/wp-json\/wp\/v2\/posts\/39508\/revisions"}],"wp:featuredmedia":[{"embeddable":true,"href":"https:\/\/vosgesinfo.fr\/gerardmerinfo\/wp-json\/wp\/v2\/media\/39509"}],"wp:attachment":[{"href":"https:\/\/vosgesinfo.fr\/gerardmerinfo\/wp-json\/wp\/v2\/media?parent=39508"}],"wp:term":[{"taxonomy":"category","embeddable":true,"href":"https:\/\/vosgesinfo.fr\/gerardmerinfo\/wp-json\/wp\/v2\/categories?post=39508"},{"taxonomy":"post_tag","embeddable":true,"href":"https:\/\/vosgesinfo.fr\/gerardmerinfo\/wp-json\/wp\/v2\/tags?post=39508"}],"curies":[{"name":"wp","href":"https:\/\/api.w.org\/{rel}","templated":true}]}}