{"id":39515,"date":"2019-02-01T19:40:10","date_gmt":"2019-02-01T18:40:10","guid":{"rendered":"https:\/\/vosgesinfo.fr\/gerardmerinfo\/2019\/02\/motordays-prennent-de-laltitude\/"},"modified":"2019-02-01T19:40:10","modified_gmt":"2019-02-01T18:40:10","slug":"motordays-prennent-de-laltitude","status":"publish","type":"post","link":"https:\/\/vosgesinfo.fr\/gerardmerinfo\/2019\/02\/motordays-prennent-de-laltitude\/","title":{"rendered":"Les Motordays prennent de l&rsquo;altitude"},"content":{"rendered":"<h3><a href=\"\/2019\/02\/AEM-Motordays-2.jpg\"><img decoding=\"async\" class=\"aligncenter size-full wp-image-141375\" src=\"\/2019\/02\/AEM-Motordays-2.jpg\" alt=\"AEM Motordays (2)\" width=\"800\" height=\"600\" \/><\/a><\/h3>\n<h3>Organisatrice des Motordays de G\u00e9rardmer, l&rsquo;association AEM change de pr\u00e9sident et met un petit coup d&rsquo;acc\u00e9l\u00e9rateur en vue de la 4\u00e8me \u00e9dition qui aura lieu du 29 au 31 Mai 2020 aux pieds de la Mauselaine.<\/h3>\n<p>Avec un lundi f\u00e9ri\u00e9 en bout de course, les Motordays n&rsquo;allaient pas laisser passer une si belle occasion de prolonger un peu la f\u00eate ! Ainsi, lors de l&rsquo;assembl\u00e9e g\u00e9n\u00e9rale d&rsquo;AEM qui a eu lieu au Grand H\u00f4tel vendredi soir, Henri Loevenbruck et les chevilles ouvri\u00e8res de l&rsquo;\u00e9v\u00e9nement ont annonc\u00e9 qu&rsquo;il y aurait une soir\u00e9e suppl\u00e9mentaires \u00e0 l&rsquo;agenda : ce sera le dimanche soir et avec une t\u00eate d&rsquo;affiche en bonus, car autant faire les choses jusqu&rsquo;au bout !\u00a0 \u00ab\u00a0Nous avons d\u00e9j\u00e0 pos\u00e9 des options concernant les artistes qui se produiront, mais le programme des concerts ne sera r\u00e9v\u00e9l\u00e9 qu&rsquo;en janvier 2020. Nous souhaitons faire venir des groupes encore plus prestigieux et f\u00e9d\u00e9rateurs\u00a0\u00bb pr\u00e9cisait ainsi l&rsquo;\u00e9crivain qui est aussi l&rsquo;un des principaux instigateurs des Motordays.<\/p>\n<p><a href=\"\/2019\/02\/MOTORDAYS-2020.jpg\"><img decoding=\"async\" class=\"alignleft size-medium wp-image-141378\" src=\"\/2019\/02\/MOTORDAYS-2020-179x255.jpg\" alt=\"MOTORDAYS 2020\" width=\"179\" height=\"255\" \/><\/a>Des propos prolong\u00e9s par Fred Jacquot, membre du bureau d&rsquo;AEM : On reste sur le m\u00eame principe et on se d\u00e9veloppe. On va aussi continuer \u00e0 proposer encore plus de loisirs et de gratuit, notamment avec une sc\u00e8ne r\u00e9gionale sur un site proche du centre de la ville.\u00a0\u00bb Le festival qui va \u00e9galement se mettre en qu\u00eate d&rsquo;un parrain ou d&rsquo;une marraine, l\u00e0 aussi toujours dans le m\u00eame esprit : \u00ab\u00a0Nous voulons un parrain accessible, disponible, qui joue le jeu, un parrain qui vient de bon c\u0153ur, il n&rsquo;est pas question d&rsquo;argent, c&rsquo;est clair\u00a0\u00bb ajoute Fred Jacquot. On peut donc s&rsquo;attendre \u00e0 ce que les Motordays prennent encore un peu plus de hauteur, ou mettent un s\u00e9rieux coup de gaz en 2020, \u00e0 vous de voir !<\/p>\n<div id=\"attachment_141376\" style=\"width: 350px\" class=\"wp-caption alignright\"><a href=\"\/2019\/02\/AEM-Motordays-1.jpg\"><img decoding=\"async\" aria-describedby=\"caption-attachment-141376\" class=\"size-medium wp-image-141376\" src=\"\/2019\/02\/AEM-Motordays-1-340x255.jpg\" alt=\"L\u00e6titia Bourgeois, nouvelle pr\u00e9sidente d'AEM.\" width=\"340\" height=\"255\" \/><\/a><p id=\"caption-attachment-141376\" class=\"wp-caption-text\">L\u00e6titia Bourgeois, nouvelle pr\u00e9sidente d&rsquo;AEM.<\/p><\/div>\n<p>Dans cette optique, le bureau d&rsquo;AEM fait peau neuve et s&rsquo;agrandit. On salue ainsi l&rsquo;arriv\u00e9e d&rsquo;un nouveau membre en la personne de Xavier Laroutis, et surtout d&rsquo;une nouvelle pr\u00e9sidente en la personne de L\u00e6titia Bourgeois, g\u00e9rante de l&rsquo;H\u00f4tel Les Bains \u00e0 G\u00e9rardmer. Originaire de Besan\u00e7on, la jeune femme \u00e9tait d\u00e9j\u00e0 impliqu\u00e9e dans les Motordays et appr\u00e9cie particuli\u00e8rement l&rsquo;univers \u00ab\u00a0biker\u00a0\u00bb ! Sans \u00eatre exhaustif sur la composition du bureau, elle sera accompagn\u00e9e d&rsquo;Yves Raggazzoli au poste de vice-pr\u00e9sident, Fred Jacquot au poste de tr\u00e9sorier, et Olivier Girardot au poste de secr\u00e9taire. Ajoutons enfin que les Motordays,\u00a0 c&rsquo;est aussi un comit\u00e9 d&rsquo;organisation et ses diff\u00e9rentes commissions avec aux manettes (ou au guidon&#8230;) un peu plus d&rsquo;une vingtaine de personnes. Bref, \u00e7a promet !<\/p>\n<p><a href=\"\/2019\/02\/MOTORDAYS-2020.jpg\"><img decoding=\"async\" class=\"aligncenter size-full wp-image-141378\" src=\"\/2019\/02\/MOTORDAYS-2020.jpg\" alt=\"MOTORDAYS 2020\" width=\"560\" height=\"800\" \/><\/a><\/p>\n","protected":false},"excerpt":{"rendered":"<p>Organisatrice des Motordays de G\u00e9rardmer, l&rsquo;association AEM change de pr\u00e9sident et met un petit coup d&rsquo;acc\u00e9l\u00e9rateur en vue de la [&hellip;]<\/p>\n","protected":false},"author":42,"featured_media":39516,"comment_status":"open","ping_status":"open","sticky":false,"template":"","format":"standard","meta":{"footnotes":""},"categories":[20,4],"tags":[2190],"class_list":["post-39515","post","type-post","status-publish","format-standard","has-post-thumbnail","hentry","category-a-la-une","category-culture","tag-motordays-gerardmer"],"acf":[],"yoast_head":"<!-- This site is optimized with the Yoast SEO plugin v22.5 - https:\/\/yoast.com\/wordpress\/plugins\/seo\/ -->\n<title>Les Motordays prennent de l&#039;altitude - Gerardmer Info<\/title>\n<meta name=\"robots\" content=\"index, follow, max-snippet:-1, max-image-preview:large, max-video-preview:-1\" \/>\n<link rel=\"canonical\" href=\"https:\/\/vosgesinfo.fr\/gerardmerinfo\/2019\/02\/motordays-prennent-de-laltitude\/\" \/>\n<meta name=\"twitter:card\" content=\"summary_large_image\" \/>\n<meta name=\"twitter:title\" content=\"Les Motordays prennent de l&#039;altitude - Gerardmer Info\" \/>\n<meta name=\"twitter:description\" content=\"Organisatrice des Motordays de G\u00e9rardmer, l&rsquo;association AEM change de pr\u00e9sident et met un petit coup d&rsquo;acc\u00e9l\u00e9rateur en vue de la [&hellip;]\" \/>\n<meta name=\"twitter:image\" content=\"https:\/\/vosgesinfo.fr\/app\/uploads\/sites\/6\/2024\/07\/201902aem-motordays-2.jpg\" \/>\n<meta name=\"twitter:creator\" content=\"@VosgesInfo88\" \/>\n<meta name=\"twitter:site\" content=\"@VosgesInfo88\" \/>\n<meta name=\"twitter:label1\" content=\"\u00c9crit par\" \/>\n\t<meta name=\"twitter:data1\" content=\"QG\" \/>\n\t<meta name=\"twitter:label2\" content=\"Dur\u00e9e de lecture estim\u00e9e\" \/>\n\t<meta name=\"twitter:data2\" content=\"2 minutes\" \/>\n<script type=\"application\/ld+json\" class=\"yoast-schema-graph\">{\"@context\":\"https:\/\/schema.org\",\"@graph\":[{\"@type\":\"Article\",\"@id\":\"https:\/\/vosgesinfo.fr\/gerardmerinfo\/2019\/02\/motordays-prennent-de-laltitude\/#article\",\"isPartOf\":{\"@id\":\"https:\/\/vosgesinfo.fr\/gerardmerinfo\/2019\/02\/motordays-prennent-de-laltitude\/\"},\"author\":{\"name\":\"QG\",\"@id\":\"https:\/\/vosgesinfo.fr\/gerardmerinfo\/#\/schema\/person\/db5605779a843dad16b5368f3e7613a5\"},\"headline\":\"Les Motordays prennent de l&rsquo;altitude\",\"datePublished\":\"2019-02-01T18:40:10+00:00\",\"dateModified\":\"2019-02-01T18:40:10+00:00\",\"mainEntityOfPage\":{\"@id\":\"https:\/\/vosgesinfo.fr\/gerardmerinfo\/2019\/02\/motordays-prennent-de-laltitude\/\"},\"wordCount\":489,\"commentCount\":0,\"publisher\":{\"@id\":\"https:\/\/vosgesinfo.fr\/gerardmerinfo\/#organization\"},\"image\":{\"@id\":\"https:\/\/vosgesinfo.fr\/gerardmerinfo\/2019\/02\/motordays-prennent-de-laltitude\/#primaryimage\"},\"thumbnailUrl\":\"https:\/\/vosgesinfo.fr\/app\/uploads\/sites\/6\/2024\/07\/201902aem-motordays-2.jpg\",\"keywords\":[\"motordays g\u00e9rardmer\"],\"articleSection\":[\"A la une\",\"Culture\"],\"inLanguage\":\"fr-FR\",\"potentialAction\":[{\"@type\":\"CommentAction\",\"name\":\"Comment\",\"target\":[\"https:\/\/vosgesinfo.fr\/gerardmerinfo\/2019\/02\/motordays-prennent-de-laltitude\/#respond\"]}]},{\"@type\":\"WebPage\",\"@id\":\"https:\/\/vosgesinfo.fr\/gerardmerinfo\/2019\/02\/motordays-prennent-de-laltitude\/\",\"url\":\"https:\/\/vosgesinfo.fr\/gerardmerinfo\/2019\/02\/motordays-prennent-de-laltitude\/\",\"name\":\"Les Motordays prennent de l'altitude - Gerardmer Info\",\"isPartOf\":{\"@id\":\"https:\/\/vosgesinfo.fr\/gerardmerinfo\/#website\"},\"primaryImageOfPage\":{\"@id\":\"https:\/\/vosgesinfo.fr\/gerardmerinfo\/2019\/02\/motordays-prennent-de-laltitude\/#primaryimage\"},\"image\":{\"@id\":\"https:\/\/vosgesinfo.fr\/gerardmerinfo\/2019\/02\/motordays-prennent-de-laltitude\/#primaryimage\"},\"thumbnailUrl\":\"https:\/\/vosgesinfo.fr\/app\/uploads\/sites\/6\/2024\/07\/201902aem-motordays-2.jpg\",\"datePublished\":\"2019-02-01T18:40:10+00:00\",\"dateModified\":\"2019-02-01T18:40:10+00:00\",\"breadcrumb\":{\"@id\":\"https:\/\/vosgesinfo.fr\/gerardmerinfo\/2019\/02\/motordays-prennent-de-laltitude\/#breadcrumb\"},\"inLanguage\":\"fr-FR\",\"potentialAction\":[{\"@type\":\"ReadAction\",\"target\":[\"https:\/\/vosgesinfo.fr\/gerardmerinfo\/2019\/02\/motordays-prennent-de-laltitude\/\"]}]},{\"@type\":\"ImageObject\",\"inLanguage\":\"fr-FR\",\"@id\":\"https:\/\/vosgesinfo.fr\/gerardmerinfo\/2019\/02\/motordays-prennent-de-laltitude\/#primaryimage\",\"url\":\"https:\/\/vosgesinfo.fr\/app\/uploads\/sites\/6\/2024\/07\/201902aem-motordays-2.jpg\",\"contentUrl\":\"https:\/\/vosgesinfo.fr\/app\/uploads\/sites\/6\/2024\/07\/201902aem-motordays-2.jpg\",\"width\":800,\"height\":600},{\"@type\":\"BreadcrumbList\",\"@id\":\"https:\/\/vosgesinfo.fr\/gerardmerinfo\/2019\/02\/motordays-prennent-de-laltitude\/#breadcrumb\",\"itemListElement\":[{\"@type\":\"ListItem\",\"position\":1,\"name\":\"Home\",\"item\":\"https:\/\/vosgesinfo.fr\/gerardmerinfo\/\"},{\"@type\":\"ListItem\",\"position\":2,\"name\":\"Les Motordays prennent de l&rsquo;altitude\"}]},{\"@type\":\"WebSite\",\"@id\":\"https:\/\/vosgesinfo.fr\/gerardmerinfo\/#website\",\"url\":\"https:\/\/vosgesinfo.fr\/gerardmerinfo\/\",\"name\":\"Gerardmer Info\",\"description\":\"Toute l&#039;actualit\u00e9 de G\u00e9rardmer\",\"publisher\":{\"@id\":\"https:\/\/vosgesinfo.fr\/gerardmerinfo\/#organization\"},\"alternateName\":\"Toute l'actualit\u00e9 de G\u00e9rardmer\",\"potentialAction\":[{\"@type\":\"SearchAction\",\"target\":{\"@type\":\"EntryPoint\",\"urlTemplate\":\"https:\/\/vosgesinfo.fr\/gerardmerinfo\/?s={search_term_string}\"},\"query-input\":\"required name=search_term_string\"}],\"inLanguage\":\"fr-FR\"},{\"@type\":\"Organization\",\"@id\":\"https:\/\/vosgesinfo.fr\/gerardmerinfo\/#organization\",\"name\":\"Gerardmer Info\",\"url\":\"https:\/\/vosgesinfo.fr\/gerardmerinfo\/\",\"logo\":{\"@type\":\"ImageObject\",\"inLanguage\":\"fr-FR\",\"@id\":\"https:\/\/vosgesinfo.fr\/gerardmerinfo\/#\/schema\/logo\/image\/\",\"url\":\"https:\/\/vosgesinfo.fr\/app\/uploads\/sites\/6\/2023\/08\/favicon-gerardmerinfo.png\",\"contentUrl\":\"https:\/\/vosgesinfo.fr\/app\/uploads\/sites\/6\/2023\/08\/favicon-gerardmerinfo.png\",\"width\":512,\"height\":512,\"caption\":\"Gerardmer Info\"},\"image\":{\"@id\":\"https:\/\/vosgesinfo.fr\/gerardmerinfo\/#\/schema\/logo\/image\/\"},\"sameAs\":[\"https:\/\/www.facebook.com\/profile.php?id=100049475262660\",\"https:\/\/x.com\/VosgesInfo88\",\"https:\/\/www.youtube.com\/@vosgesinfo\"]},{\"@type\":\"Person\",\"@id\":\"https:\/\/vosgesinfo.fr\/gerardmerinfo\/#\/schema\/person\/db5605779a843dad16b5368f3e7613a5\",\"name\":\"QG\",\"image\":{\"@type\":\"ImageObject\",\"inLanguage\":\"fr-FR\",\"@id\":\"https:\/\/vosgesinfo.fr\/gerardmerinfo\/#\/schema\/person\/image\/\",\"url\":\"https:\/\/secure.gravatar.com\/avatar\/ea80c42c204b534408512832fde52504ecabb9706bcb6151cf6175e5b64e6793?s=96&d=mm&r=g\",\"contentUrl\":\"https:\/\/secure.gravatar.com\/avatar\/ea80c42c204b534408512832fde52504ecabb9706bcb6151cf6175e5b64e6793?s=96&d=mm&r=g\",\"caption\":\"QG\"},\"url\":\"https:\/\/vosgesinfo.fr\/gerardmerinfo\/author\/quentin88\/\"}]}<\/script>\n<!-- \/ Yoast SEO plugin. -->","yoast_head_json":{"title":"Les Motordays prennent de l'altitude - Gerardmer Info","robots":{"index":"index","follow":"follow","max-snippet":"max-snippet:-1","max-image-preview":"max-image-preview:large","max-video-preview":"max-video-preview:-1"},"canonical":"https:\/\/vosgesinfo.fr\/gerardmerinfo\/2019\/02\/motordays-prennent-de-laltitude\/","twitter_card":"summary_large_image","twitter_title":"Les Motordays prennent de l'altitude - Gerardmer Info","twitter_description":"Organisatrice des Motordays de G\u00e9rardmer, l&rsquo;association AEM change de pr\u00e9sident et met un petit coup d&rsquo;acc\u00e9l\u00e9rateur en vue de la [&hellip;]","twitter_image":"https:\/\/vosgesinfo.fr\/app\/uploads\/sites\/6\/2024\/07\/201902aem-motordays-2.jpg","twitter_creator":"@VosgesInfo88","twitter_site":"@VosgesInfo88","twitter_misc":{"\u00c9crit par":"QG","Dur\u00e9e de lecture estim\u00e9e":"2 minutes"},"schema":{"@context":"https:\/\/schema.org","@graph":[{"@type":"Article","@id":"https:\/\/vosgesinfo.fr\/gerardmerinfo\/2019\/02\/motordays-prennent-de-laltitude\/#article","isPartOf":{"@id":"https:\/\/vosgesinfo.fr\/gerardmerinfo\/2019\/02\/motordays-prennent-de-laltitude\/"},"author":{"name":"QG","@id":"https:\/\/vosgesinfo.fr\/gerardmerinfo\/#\/schema\/person\/db5605779a843dad16b5368f3e7613a5"},"headline":"Les Motordays prennent de l&rsquo;altitude","datePublished":"2019-02-01T18:40:10+00:00","dateModified":"2019-02-01T18:40:10+00:00","mainEntityOfPage":{"@id":"https:\/\/vosgesinfo.fr\/gerardmerinfo\/2019\/02\/motordays-prennent-de-laltitude\/"},"wordCount":489,"commentCount":0,"publisher":{"@id":"https:\/\/vosgesinfo.fr\/gerardmerinfo\/#organization"},"image":{"@id":"https:\/\/vosgesinfo.fr\/gerardmerinfo\/2019\/02\/motordays-prennent-de-laltitude\/#primaryimage"},"thumbnailUrl":"https:\/\/vosgesinfo.fr\/app\/uploads\/sites\/6\/2024\/07\/201902aem-motordays-2.jpg","keywords":["motordays g\u00e9rardmer"],"articleSection":["A la une","Culture"],"inLanguage":"fr-FR","potentialAction":[{"@type":"CommentAction","name":"Comment","target":["https:\/\/vosgesinfo.fr\/gerardmerinfo\/2019\/02\/motordays-prennent-de-laltitude\/#respond"]}]},{"@type":"WebPage","@id":"https:\/\/vosgesinfo.fr\/gerardmerinfo\/2019\/02\/motordays-prennent-de-laltitude\/","url":"https:\/\/vosgesinfo.fr\/gerardmerinfo\/2019\/02\/motordays-prennent-de-laltitude\/","name":"Les Motordays prennent de l'altitude - Gerardmer Info","isPartOf":{"@id":"https:\/\/vosgesinfo.fr\/gerardmerinfo\/#website"},"primaryImageOfPage":{"@id":"https:\/\/vosgesinfo.fr\/gerardmerinfo\/2019\/02\/motordays-prennent-de-laltitude\/#primaryimage"},"image":{"@id":"https:\/\/vosgesinfo.fr\/gerardmerinfo\/2019\/02\/motordays-prennent-de-laltitude\/#primaryimage"},"thumbnailUrl":"https:\/\/vosgesinfo.fr\/app\/uploads\/sites\/6\/2024\/07\/201902aem-motordays-2.jpg","datePublished":"2019-02-01T18:40:10+00:00","dateModified":"2019-02-01T18:40:10+00:00","breadcrumb":{"@id":"https:\/\/vosgesinfo.fr\/gerardmerinfo\/2019\/02\/motordays-prennent-de-laltitude\/#breadcrumb"},"inLanguage":"fr-FR","potentialAction":[{"@type":"ReadAction","target":["https:\/\/vosgesinfo.fr\/gerardmerinfo\/2019\/02\/motordays-prennent-de-laltitude\/"]}]},{"@type":"ImageObject","inLanguage":"fr-FR","@id":"https:\/\/vosgesinfo.fr\/gerardmerinfo\/2019\/02\/motordays-prennent-de-laltitude\/#primaryimage","url":"https:\/\/vosgesinfo.fr\/app\/uploads\/sites\/6\/2024\/07\/201902aem-motordays-2.jpg","contentUrl":"https:\/\/vosgesinfo.fr\/app\/uploads\/sites\/6\/2024\/07\/201902aem-motordays-2.jpg","width":800,"height":600},{"@type":"BreadcrumbList","@id":"https:\/\/vosgesinfo.fr\/gerardmerinfo\/2019\/02\/motordays-prennent-de-laltitude\/#breadcrumb","itemListElement":[{"@type":"ListItem","position":1,"name":"Home","item":"https:\/\/vosgesinfo.fr\/gerardmerinfo\/"},{"@type":"ListItem","position":2,"name":"Les Motordays prennent de l&rsquo;altitude"}]},{"@type":"WebSite","@id":"https:\/\/vosgesinfo.fr\/gerardmerinfo\/#website","url":"https:\/\/vosgesinfo.fr\/gerardmerinfo\/","name":"Gerardmer Info","description":"Toute l&#039;actualit\u00e9 de G\u00e9rardmer","publisher":{"@id":"https:\/\/vosgesinfo.fr\/gerardmerinfo\/#organization"},"alternateName":"Toute l'actualit\u00e9 de G\u00e9rardmer","potentialAction":[{"@type":"SearchAction","target":{"@type":"EntryPoint","urlTemplate":"https:\/\/vosgesinfo.fr\/gerardmerinfo\/?s={search_term_string}"},"query-input":"required name=search_term_string"}],"inLanguage":"fr-FR"},{"@type":"Organization","@id":"https:\/\/vosgesinfo.fr\/gerardmerinfo\/#organization","name":"Gerardmer Info","url":"https:\/\/vosgesinfo.fr\/gerardmerinfo\/","logo":{"@type":"ImageObject","inLanguage":"fr-FR","@id":"https:\/\/vosgesinfo.fr\/gerardmerinfo\/#\/schema\/logo\/image\/","url":"https:\/\/vosgesinfo.fr\/app\/uploads\/sites\/6\/2023\/08\/favicon-gerardmerinfo.png","contentUrl":"https:\/\/vosgesinfo.fr\/app\/uploads\/sites\/6\/2023\/08\/favicon-gerardmerinfo.png","width":512,"height":512,"caption":"Gerardmer Info"},"image":{"@id":"https:\/\/vosgesinfo.fr\/gerardmerinfo\/#\/schema\/logo\/image\/"},"sameAs":["https:\/\/www.facebook.com\/profile.php?id=100049475262660","https:\/\/x.com\/VosgesInfo88","https:\/\/www.youtube.com\/@vosgesinfo"]},{"@type":"Person","@id":"https:\/\/vosgesinfo.fr\/gerardmerinfo\/#\/schema\/person\/db5605779a843dad16b5368f3e7613a5","name":"QG","image":{"@type":"ImageObject","inLanguage":"fr-FR","@id":"https:\/\/vosgesinfo.fr\/gerardmerinfo\/#\/schema\/person\/image\/","url":"https:\/\/secure.gravatar.com\/avatar\/ea80c42c204b534408512832fde52504ecabb9706bcb6151cf6175e5b64e6793?s=96&d=mm&r=g","contentUrl":"https:\/\/secure.gravatar.com\/avatar\/ea80c42c204b534408512832fde52504ecabb9706bcb6151cf6175e5b64e6793?s=96&d=mm&r=g","caption":"QG"},"url":"https:\/\/vosgesinfo.fr\/gerardmerinfo\/author\/quentin88\/"}]}},"_links":{"self":[{"href":"https:\/\/vosgesinfo.fr\/gerardmerinfo\/wp-json\/wp\/v2\/posts\/39515","targetHints":{"allow":["GET"]}}],"collection":[{"href":"https:\/\/vosgesinfo.fr\/gerardmerinfo\/wp-json\/wp\/v2\/posts"}],"about":[{"href":"https:\/\/vosgesinfo.fr\/gerardmerinfo\/wp-json\/wp\/v2\/types\/post"}],"author":[{"embeddable":true,"href":"https:\/\/vosgesinfo.fr\/gerardmerinfo\/wp-json\/wp\/v2\/users\/42"}],"replies":[{"embeddable":true,"href":"https:\/\/vosgesinfo.fr\/gerardmerinfo\/wp-json\/wp\/v2\/comments?post=39515"}],"version-history":[{"count":0,"href":"https:\/\/vosgesinfo.fr\/gerardmerinfo\/wp-json\/wp\/v2\/posts\/39515\/revisions"}],"wp:featuredmedia":[{"embeddable":true,"href":"https:\/\/vosgesinfo.fr\/gerardmerinfo\/wp-json\/wp\/v2\/media\/39516"}],"wp:attachment":[{"href":"https:\/\/vosgesinfo.fr\/gerardmerinfo\/wp-json\/wp\/v2\/media?parent=39515"}],"wp:term":[{"taxonomy":"category","embeddable":true,"href":"https:\/\/vosgesinfo.fr\/gerardmerinfo\/wp-json\/wp\/v2\/categories?post=39515"},{"taxonomy":"post_tag","embeddable":true,"href":"https:\/\/vosgesinfo.fr\/gerardmerinfo\/wp-json\/wp\/v2\/tags?post=39515"}],"curies":[{"name":"wp","href":"https:\/\/api.w.org\/{rel}","templated":true}]}}