{"id":39549,"date":"2019-02-02T18:50:22","date_gmt":"2019-02-02T17:50:22","guid":{"rendered":"https:\/\/vosgesinfo.fr\/gerardmerinfo\/2019\/02\/licencie-de-las-gerardmer-adrien-backscheider-remporte-50-km-skate-de-konig-ludwig-lauf\/"},"modified":"2019-02-02T18:50:22","modified_gmt":"2019-02-02T17:50:22","slug":"licencie-de-las-gerardmer-adrien-backscheider-remporte-50-km-skate-de-konig-ludwig-lauf","status":"publish","type":"post","link":"https:\/\/vosgesinfo.fr\/gerardmerinfo\/2019\/02\/licencie-de-las-gerardmer-adrien-backscheider-remporte-50-km-skate-de-konig-ludwig-lauf\/","title":{"rendered":"Le licenci\u00e9 de l&rsquo;AS G\u00e9rardmer Adrien Backscheider a remport\u00e9 le 50 km skate de la K\u00f6nig Ludwig Lauf."},"content":{"rendered":"<div id=\"attachment_141445\" style=\"width: 630px\" class=\"wp-caption aligncenter\"><a href=\"https:\/\/gerardmerinfo.fr\/2019\/02\/licencie-de-las-gerardmer-adrien-backscheider-remporte-50-km-skate-de-konig-ludwig-lauf\/skype_picture-1-620x400\/\" rel=\"attachment wp-att-141445\"><img decoding=\"async\" aria-describedby=\"caption-attachment-141445\" class=\"wp-image-141445 size-full\" src=\"\/2019\/02\/Skype_Picture-1-620x400.jpeg\" alt=\"Skype_Picture-1-620x400\" width=\"620\" height=\"400\" \/><\/a><p id=\"caption-attachment-141445\" class=\"wp-caption-text\">Skype_Picture<\/p><\/div>\n<p><span style=\"font-size: 14pt;\">Une information du site Nordic Magazine<\/span><\/p>\n<p><span style=\"font-size: 14pt;\"><em>Ce samedi 2 f\u00e9vrier, en <strong>Allemagne<\/strong>, se tenait la<strong> K\u00f6nig Ludwig Lauf <\/strong>en style libre avant l\u2019\u00e9preuve reine de ce dimanche en classique.\u00a0Lors de cette course, c\u2019est le fondeur fran\u00e7ais Adrien Backscheider\u00a0\u00a0 qui s\u2019est impos\u00e9. <\/em><\/span><\/p>\n<p><span style=\"font-size: 14pt;\">lire la suite ici<\/span><span style=\"color: #0000ff;\"><strong><span style=\"font-size: 14pt;\"> <a style=\"color: #0000ff;\" href=\"http:\/\/www.nordicmag.info\/ski-de-fond-konig-ludwig-lauf-la-victoire-pour-adrien-backscheider-0202\/\">www.nordicmag.info\/ski-de-fond-konig-ludwig-lauf-la-victoire-pour-adrien-backscheider-0202\/<\/a><\/span><\/strong><em><br \/>\n<\/em><\/span><\/p>\n","protected":false},"excerpt":{"rendered":"<p>Une information du site Nordic Magazine Ce samedi 2 f\u00e9vrier, en Allemagne, se tenait la K\u00f6nig Ludwig Lauf en style [&hellip;]<\/p>\n","protected":false},"author":1,"featured_media":39550,"comment_status":"open","ping_status":"open","sticky":false,"template":"","format":"standard","meta":{"footnotes":""},"categories":[20,14],"tags":[],"class_list":["post-39549","post","type-post","status-publish","format-standard","has-post-thumbnail","hentry","category-a-la-une","category-sport"],"acf":[],"yoast_head":"<!-- This site is optimized with the Yoast SEO plugin v22.5 - https:\/\/yoast.com\/wordpress\/plugins\/seo\/ -->\n<title>Le licenci\u00e9 de l&#039;AS G\u00e9rardmer Adrien Backscheider a remport\u00e9 le 50 km skate de la K\u00f6nig Ludwig Lauf. - Gerardmer Info<\/title>\n<meta name=\"robots\" content=\"index, follow, max-snippet:-1, max-image-preview:large, max-video-preview:-1\" \/>\n<link rel=\"canonical\" href=\"https:\/\/vosgesinfo.fr\/gerardmerinfo\/2019\/02\/licencie-de-las-gerardmer-adrien-backscheider-remporte-50-km-skate-de-konig-ludwig-lauf\/\" \/>\n<meta name=\"twitter:card\" content=\"summary_large_image\" \/>\n<meta name=\"twitter:title\" content=\"Le licenci\u00e9 de l&#039;AS G\u00e9rardmer Adrien Backscheider a remport\u00e9 le 50 km skate de la K\u00f6nig Ludwig Lauf. - Gerardmer Info\" \/>\n<meta name=\"twitter:description\" content=\"Une information du site Nordic Magazine Ce samedi 2 f\u00e9vrier, en Allemagne, se tenait la K\u00f6nig Ludwig Lauf en style [&hellip;]\" \/>\n<meta name=\"twitter:image\" content=\"https:\/\/vosgesinfo.fr\/app\/uploads\/sites\/6\/2024\/07\/201902skype-picture-1-620x400-1.jpeg\" \/>\n<meta name=\"twitter:creator\" content=\"@VosgesInfo88\" \/>\n<meta name=\"twitter:site\" content=\"@VosgesInfo88\" \/>\n<meta name=\"twitter:label1\" content=\"\u00c9crit par\" \/>\n\t<meta name=\"twitter:data1\" content=\"qs_admin\" \/>\n<script type=\"application\/ld+json\" class=\"yoast-schema-graph\">{\"@context\":\"https:\/\/schema.org\",\"@graph\":[{\"@type\":\"Article\",\"@id\":\"https:\/\/vosgesinfo.fr\/gerardmerinfo\/2019\/02\/licencie-de-las-gerardmer-adrien-backscheider-remporte-50-km-skate-de-konig-ludwig-lauf\/#article\",\"isPartOf\":{\"@id\":\"https:\/\/vosgesinfo.fr\/gerardmerinfo\/2019\/02\/licencie-de-las-gerardmer-adrien-backscheider-remporte-50-km-skate-de-konig-ludwig-lauf\/\"},\"author\":{\"name\":\"qs_admin\",\"@id\":\"https:\/\/vosgesinfo.fr\/gerardmerinfo\/#\/schema\/person\/bc5d02d71e6932e81b6dadb7386667b1\"},\"headline\":\"Le licenci\u00e9 de l&rsquo;AS G\u00e9rardmer Adrien Backscheider a remport\u00e9 le 50 km skate de la K\u00f6nig Ludwig Lauf.\",\"datePublished\":\"2019-02-02T17:50:22+00:00\",\"dateModified\":\"2019-02-02T17:50:22+00:00\",\"mainEntityOfPage\":{\"@id\":\"https:\/\/vosgesinfo.fr\/gerardmerinfo\/2019\/02\/licencie-de-las-gerardmer-adrien-backscheider-remporte-50-km-skate-de-konig-ludwig-lauf\/\"},\"wordCount\":84,\"commentCount\":0,\"publisher\":{\"@id\":\"https:\/\/vosgesinfo.fr\/gerardmerinfo\/#organization\"},\"image\":{\"@id\":\"https:\/\/vosgesinfo.fr\/gerardmerinfo\/2019\/02\/licencie-de-las-gerardmer-adrien-backscheider-remporte-50-km-skate-de-konig-ludwig-lauf\/#primaryimage\"},\"thumbnailUrl\":\"https:\/\/vosgesinfo.fr\/app\/uploads\/sites\/6\/2024\/07\/201902skype-picture-1-620x400-1.jpeg\",\"articleSection\":[\"A la une\",\"Sport\"],\"inLanguage\":\"fr-FR\",\"potentialAction\":[{\"@type\":\"CommentAction\",\"name\":\"Comment\",\"target\":[\"https:\/\/vosgesinfo.fr\/gerardmerinfo\/2019\/02\/licencie-de-las-gerardmer-adrien-backscheider-remporte-50-km-skate-de-konig-ludwig-lauf\/#respond\"]}]},{\"@type\":\"WebPage\",\"@id\":\"https:\/\/vosgesinfo.fr\/gerardmerinfo\/2019\/02\/licencie-de-las-gerardmer-adrien-backscheider-remporte-50-km-skate-de-konig-ludwig-lauf\/\",\"url\":\"https:\/\/vosgesinfo.fr\/gerardmerinfo\/2019\/02\/licencie-de-las-gerardmer-adrien-backscheider-remporte-50-km-skate-de-konig-ludwig-lauf\/\",\"name\":\"Le licenci\u00e9 de l'AS G\u00e9rardmer Adrien Backscheider a remport\u00e9 le 50 km skate de la K\u00f6nig Ludwig Lauf. - Gerardmer Info\",\"isPartOf\":{\"@id\":\"https:\/\/vosgesinfo.fr\/gerardmerinfo\/#website\"},\"primaryImageOfPage\":{\"@id\":\"https:\/\/vosgesinfo.fr\/gerardmerinfo\/2019\/02\/licencie-de-las-gerardmer-adrien-backscheider-remporte-50-km-skate-de-konig-ludwig-lauf\/#primaryimage\"},\"image\":{\"@id\":\"https:\/\/vosgesinfo.fr\/gerardmerinfo\/2019\/02\/licencie-de-las-gerardmer-adrien-backscheider-remporte-50-km-skate-de-konig-ludwig-lauf\/#primaryimage\"},\"thumbnailUrl\":\"https:\/\/vosgesinfo.fr\/app\/uploads\/sites\/6\/2024\/07\/201902skype-picture-1-620x400-1.jpeg\",\"datePublished\":\"2019-02-02T17:50:22+00:00\",\"dateModified\":\"2019-02-02T17:50:22+00:00\",\"breadcrumb\":{\"@id\":\"https:\/\/vosgesinfo.fr\/gerardmerinfo\/2019\/02\/licencie-de-las-gerardmer-adrien-backscheider-remporte-50-km-skate-de-konig-ludwig-lauf\/#breadcrumb\"},\"inLanguage\":\"fr-FR\",\"potentialAction\":[{\"@type\":\"ReadAction\",\"target\":[\"https:\/\/vosgesinfo.fr\/gerardmerinfo\/2019\/02\/licencie-de-las-gerardmer-adrien-backscheider-remporte-50-km-skate-de-konig-ludwig-lauf\/\"]}]},{\"@type\":\"ImageObject\",\"inLanguage\":\"fr-FR\",\"@id\":\"https:\/\/vosgesinfo.fr\/gerardmerinfo\/2019\/02\/licencie-de-las-gerardmer-adrien-backscheider-remporte-50-km-skate-de-konig-ludwig-lauf\/#primaryimage\",\"url\":\"https:\/\/vosgesinfo.fr\/app\/uploads\/sites\/6\/2024\/07\/201902skype-picture-1-620x400-1.jpeg\",\"contentUrl\":\"https:\/\/vosgesinfo.fr\/app\/uploads\/sites\/6\/2024\/07\/201902skype-picture-1-620x400-1.jpeg\",\"width\":620,\"height\":400},{\"@type\":\"BreadcrumbList\",\"@id\":\"https:\/\/vosgesinfo.fr\/gerardmerinfo\/2019\/02\/licencie-de-las-gerardmer-adrien-backscheider-remporte-50-km-skate-de-konig-ludwig-lauf\/#breadcrumb\",\"itemListElement\":[{\"@type\":\"ListItem\",\"position\":1,\"name\":\"Home\",\"item\":\"https:\/\/vosgesinfo.fr\/gerardmerinfo\/\"},{\"@type\":\"ListItem\",\"position\":2,\"name\":\"Le licenci\u00e9 de l&rsquo;AS G\u00e9rardmer Adrien Backscheider a remport\u00e9 le 50 km skate de la K\u00f6nig Ludwig Lauf.\"}]},{\"@type\":\"WebSite\",\"@id\":\"https:\/\/vosgesinfo.fr\/gerardmerinfo\/#website\",\"url\":\"https:\/\/vosgesinfo.fr\/gerardmerinfo\/\",\"name\":\"Gerardmer Info\",\"description\":\"Toute l&#039;actualit\u00e9 de G\u00e9rardmer\",\"publisher\":{\"@id\":\"https:\/\/vosgesinfo.fr\/gerardmerinfo\/#organization\"},\"alternateName\":\"Toute l'actualit\u00e9 de G\u00e9rardmer\",\"potentialAction\":[{\"@type\":\"SearchAction\",\"target\":{\"@type\":\"EntryPoint\",\"urlTemplate\":\"https:\/\/vosgesinfo.fr\/gerardmerinfo\/?s={search_term_string}\"},\"query-input\":\"required name=search_term_string\"}],\"inLanguage\":\"fr-FR\"},{\"@type\":\"Organization\",\"@id\":\"https:\/\/vosgesinfo.fr\/gerardmerinfo\/#organization\",\"name\":\"Gerardmer Info\",\"url\":\"https:\/\/vosgesinfo.fr\/gerardmerinfo\/\",\"logo\":{\"@type\":\"ImageObject\",\"inLanguage\":\"fr-FR\",\"@id\":\"https:\/\/vosgesinfo.fr\/gerardmerinfo\/#\/schema\/logo\/image\/\",\"url\":\"https:\/\/vosgesinfo.fr\/app\/uploads\/sites\/6\/2023\/08\/favicon-gerardmerinfo.png\",\"contentUrl\":\"https:\/\/vosgesinfo.fr\/app\/uploads\/sites\/6\/2023\/08\/favicon-gerardmerinfo.png\",\"width\":512,\"height\":512,\"caption\":\"Gerardmer Info\"},\"image\":{\"@id\":\"https:\/\/vosgesinfo.fr\/gerardmerinfo\/#\/schema\/logo\/image\/\"},\"sameAs\":[\"https:\/\/www.facebook.com\/profile.php?id=100049475262660\",\"https:\/\/x.com\/VosgesInfo88\",\"https:\/\/www.youtube.com\/@vosgesinfo\"]},{\"@type\":\"Person\",\"@id\":\"https:\/\/vosgesinfo.fr\/gerardmerinfo\/#\/schema\/person\/bc5d02d71e6932e81b6dadb7386667b1\",\"name\":\"qs_admin\",\"image\":{\"@type\":\"ImageObject\",\"inLanguage\":\"fr-FR\",\"@id\":\"https:\/\/vosgesinfo.fr\/gerardmerinfo\/#\/schema\/person\/image\/\",\"url\":\"https:\/\/secure.gravatar.com\/avatar\/94b18ee0ed79e4a42ea2f2931277b6841a8999fc6fde214600c78057cf1fe1de?s=96&d=mm&r=g\",\"contentUrl\":\"https:\/\/secure.gravatar.com\/avatar\/94b18ee0ed79e4a42ea2f2931277b6841a8999fc6fde214600c78057cf1fe1de?s=96&d=mm&r=g\",\"caption\":\"qs_admin\"},\"sameAs\":[\"https:\/\/vosgesinfo.fr\/wp\"],\"url\":\"https:\/\/vosgesinfo.fr\/gerardmerinfo\/author\/qs_admin\/\"}]}<\/script>\n<!-- \/ Yoast SEO plugin. -->","yoast_head_json":{"title":"Le licenci\u00e9 de l'AS G\u00e9rardmer Adrien Backscheider a remport\u00e9 le 50 km skate de la K\u00f6nig Ludwig Lauf. - Gerardmer Info","robots":{"index":"index","follow":"follow","max-snippet":"max-snippet:-1","max-image-preview":"max-image-preview:large","max-video-preview":"max-video-preview:-1"},"canonical":"https:\/\/vosgesinfo.fr\/gerardmerinfo\/2019\/02\/licencie-de-las-gerardmer-adrien-backscheider-remporte-50-km-skate-de-konig-ludwig-lauf\/","twitter_card":"summary_large_image","twitter_title":"Le licenci\u00e9 de l'AS G\u00e9rardmer Adrien Backscheider a remport\u00e9 le 50 km skate de la K\u00f6nig Ludwig Lauf. - Gerardmer Info","twitter_description":"Une information du site Nordic Magazine Ce samedi 2 f\u00e9vrier, en Allemagne, se tenait la K\u00f6nig Ludwig Lauf en style [&hellip;]","twitter_image":"https:\/\/vosgesinfo.fr\/app\/uploads\/sites\/6\/2024\/07\/201902skype-picture-1-620x400-1.jpeg","twitter_creator":"@VosgesInfo88","twitter_site":"@VosgesInfo88","twitter_misc":{"\u00c9crit par":"qs_admin"},"schema":{"@context":"https:\/\/schema.org","@graph":[{"@type":"Article","@id":"https:\/\/vosgesinfo.fr\/gerardmerinfo\/2019\/02\/licencie-de-las-gerardmer-adrien-backscheider-remporte-50-km-skate-de-konig-ludwig-lauf\/#article","isPartOf":{"@id":"https:\/\/vosgesinfo.fr\/gerardmerinfo\/2019\/02\/licencie-de-las-gerardmer-adrien-backscheider-remporte-50-km-skate-de-konig-ludwig-lauf\/"},"author":{"name":"qs_admin","@id":"https:\/\/vosgesinfo.fr\/gerardmerinfo\/#\/schema\/person\/bc5d02d71e6932e81b6dadb7386667b1"},"headline":"Le licenci\u00e9 de l&rsquo;AS G\u00e9rardmer Adrien Backscheider a remport\u00e9 le 50 km skate de la K\u00f6nig Ludwig Lauf.","datePublished":"2019-02-02T17:50:22+00:00","dateModified":"2019-02-02T17:50:22+00:00","mainEntityOfPage":{"@id":"https:\/\/vosgesinfo.fr\/gerardmerinfo\/2019\/02\/licencie-de-las-gerardmer-adrien-backscheider-remporte-50-km-skate-de-konig-ludwig-lauf\/"},"wordCount":84,"commentCount":0,"publisher":{"@id":"https:\/\/vosgesinfo.fr\/gerardmerinfo\/#organization"},"image":{"@id":"https:\/\/vosgesinfo.fr\/gerardmerinfo\/2019\/02\/licencie-de-las-gerardmer-adrien-backscheider-remporte-50-km-skate-de-konig-ludwig-lauf\/#primaryimage"},"thumbnailUrl":"https:\/\/vosgesinfo.fr\/app\/uploads\/sites\/6\/2024\/07\/201902skype-picture-1-620x400-1.jpeg","articleSection":["A la une","Sport"],"inLanguage":"fr-FR","potentialAction":[{"@type":"CommentAction","name":"Comment","target":["https:\/\/vosgesinfo.fr\/gerardmerinfo\/2019\/02\/licencie-de-las-gerardmer-adrien-backscheider-remporte-50-km-skate-de-konig-ludwig-lauf\/#respond"]}]},{"@type":"WebPage","@id":"https:\/\/vosgesinfo.fr\/gerardmerinfo\/2019\/02\/licencie-de-las-gerardmer-adrien-backscheider-remporte-50-km-skate-de-konig-ludwig-lauf\/","url":"https:\/\/vosgesinfo.fr\/gerardmerinfo\/2019\/02\/licencie-de-las-gerardmer-adrien-backscheider-remporte-50-km-skate-de-konig-ludwig-lauf\/","name":"Le licenci\u00e9 de l'AS G\u00e9rardmer Adrien Backscheider a remport\u00e9 le 50 km skate de la K\u00f6nig Ludwig Lauf. - Gerardmer Info","isPartOf":{"@id":"https:\/\/vosgesinfo.fr\/gerardmerinfo\/#website"},"primaryImageOfPage":{"@id":"https:\/\/vosgesinfo.fr\/gerardmerinfo\/2019\/02\/licencie-de-las-gerardmer-adrien-backscheider-remporte-50-km-skate-de-konig-ludwig-lauf\/#primaryimage"},"image":{"@id":"https:\/\/vosgesinfo.fr\/gerardmerinfo\/2019\/02\/licencie-de-las-gerardmer-adrien-backscheider-remporte-50-km-skate-de-konig-ludwig-lauf\/#primaryimage"},"thumbnailUrl":"https:\/\/vosgesinfo.fr\/app\/uploads\/sites\/6\/2024\/07\/201902skype-picture-1-620x400-1.jpeg","datePublished":"2019-02-02T17:50:22+00:00","dateModified":"2019-02-02T17:50:22+00:00","breadcrumb":{"@id":"https:\/\/vosgesinfo.fr\/gerardmerinfo\/2019\/02\/licencie-de-las-gerardmer-adrien-backscheider-remporte-50-km-skate-de-konig-ludwig-lauf\/#breadcrumb"},"inLanguage":"fr-FR","potentialAction":[{"@type":"ReadAction","target":["https:\/\/vosgesinfo.fr\/gerardmerinfo\/2019\/02\/licencie-de-las-gerardmer-adrien-backscheider-remporte-50-km-skate-de-konig-ludwig-lauf\/"]}]},{"@type":"ImageObject","inLanguage":"fr-FR","@id":"https:\/\/vosgesinfo.fr\/gerardmerinfo\/2019\/02\/licencie-de-las-gerardmer-adrien-backscheider-remporte-50-km-skate-de-konig-ludwig-lauf\/#primaryimage","url":"https:\/\/vosgesinfo.fr\/app\/uploads\/sites\/6\/2024\/07\/201902skype-picture-1-620x400-1.jpeg","contentUrl":"https:\/\/vosgesinfo.fr\/app\/uploads\/sites\/6\/2024\/07\/201902skype-picture-1-620x400-1.jpeg","width":620,"height":400},{"@type":"BreadcrumbList","@id":"https:\/\/vosgesinfo.fr\/gerardmerinfo\/2019\/02\/licencie-de-las-gerardmer-adrien-backscheider-remporte-50-km-skate-de-konig-ludwig-lauf\/#breadcrumb","itemListElement":[{"@type":"ListItem","position":1,"name":"Home","item":"https:\/\/vosgesinfo.fr\/gerardmerinfo\/"},{"@type":"ListItem","position":2,"name":"Le licenci\u00e9 de l&rsquo;AS G\u00e9rardmer Adrien Backscheider a remport\u00e9 le 50 km skate de la K\u00f6nig Ludwig Lauf."}]},{"@type":"WebSite","@id":"https:\/\/vosgesinfo.fr\/gerardmerinfo\/#website","url":"https:\/\/vosgesinfo.fr\/gerardmerinfo\/","name":"Gerardmer Info","description":"Toute l&#039;actualit\u00e9 de G\u00e9rardmer","publisher":{"@id":"https:\/\/vosgesinfo.fr\/gerardmerinfo\/#organization"},"alternateName":"Toute l'actualit\u00e9 de G\u00e9rardmer","potentialAction":[{"@type":"SearchAction","target":{"@type":"EntryPoint","urlTemplate":"https:\/\/vosgesinfo.fr\/gerardmerinfo\/?s={search_term_string}"},"query-input":"required name=search_term_string"}],"inLanguage":"fr-FR"},{"@type":"Organization","@id":"https:\/\/vosgesinfo.fr\/gerardmerinfo\/#organization","name":"Gerardmer Info","url":"https:\/\/vosgesinfo.fr\/gerardmerinfo\/","logo":{"@type":"ImageObject","inLanguage":"fr-FR","@id":"https:\/\/vosgesinfo.fr\/gerardmerinfo\/#\/schema\/logo\/image\/","url":"https:\/\/vosgesinfo.fr\/app\/uploads\/sites\/6\/2023\/08\/favicon-gerardmerinfo.png","contentUrl":"https:\/\/vosgesinfo.fr\/app\/uploads\/sites\/6\/2023\/08\/favicon-gerardmerinfo.png","width":512,"height":512,"caption":"Gerardmer Info"},"image":{"@id":"https:\/\/vosgesinfo.fr\/gerardmerinfo\/#\/schema\/logo\/image\/"},"sameAs":["https:\/\/www.facebook.com\/profile.php?id=100049475262660","https:\/\/x.com\/VosgesInfo88","https:\/\/www.youtube.com\/@vosgesinfo"]},{"@type":"Person","@id":"https:\/\/vosgesinfo.fr\/gerardmerinfo\/#\/schema\/person\/bc5d02d71e6932e81b6dadb7386667b1","name":"qs_admin","image":{"@type":"ImageObject","inLanguage":"fr-FR","@id":"https:\/\/vosgesinfo.fr\/gerardmerinfo\/#\/schema\/person\/image\/","url":"https:\/\/secure.gravatar.com\/avatar\/94b18ee0ed79e4a42ea2f2931277b6841a8999fc6fde214600c78057cf1fe1de?s=96&d=mm&r=g","contentUrl":"https:\/\/secure.gravatar.com\/avatar\/94b18ee0ed79e4a42ea2f2931277b6841a8999fc6fde214600c78057cf1fe1de?s=96&d=mm&r=g","caption":"qs_admin"},"sameAs":["https:\/\/vosgesinfo.fr\/wp"],"url":"https:\/\/vosgesinfo.fr\/gerardmerinfo\/author\/qs_admin\/"}]}},"_links":{"self":[{"href":"https:\/\/vosgesinfo.fr\/gerardmerinfo\/wp-json\/wp\/v2\/posts\/39549","targetHints":{"allow":["GET"]}}],"collection":[{"href":"https:\/\/vosgesinfo.fr\/gerardmerinfo\/wp-json\/wp\/v2\/posts"}],"about":[{"href":"https:\/\/vosgesinfo.fr\/gerardmerinfo\/wp-json\/wp\/v2\/types\/post"}],"author":[{"embeddable":true,"href":"https:\/\/vosgesinfo.fr\/gerardmerinfo\/wp-json\/wp\/v2\/users\/1"}],"replies":[{"embeddable":true,"href":"https:\/\/vosgesinfo.fr\/gerardmerinfo\/wp-json\/wp\/v2\/comments?post=39549"}],"version-history":[{"count":0,"href":"https:\/\/vosgesinfo.fr\/gerardmerinfo\/wp-json\/wp\/v2\/posts\/39549\/revisions"}],"wp:featuredmedia":[{"embeddable":true,"href":"https:\/\/vosgesinfo.fr\/gerardmerinfo\/wp-json\/wp\/v2\/media\/39550"}],"wp:attachment":[{"href":"https:\/\/vosgesinfo.fr\/gerardmerinfo\/wp-json\/wp\/v2\/media?parent=39549"}],"wp:term":[{"taxonomy":"category","embeddable":true,"href":"https:\/\/vosgesinfo.fr\/gerardmerinfo\/wp-json\/wp\/v2\/categories?post=39549"},{"taxonomy":"post_tag","embeddable":true,"href":"https:\/\/vosgesinfo.fr\/gerardmerinfo\/wp-json\/wp\/v2\/tags?post=39549"}],"curies":[{"name":"wp","href":"https:\/\/api.w.org\/{rel}","templated":true}]}}