{"id":39597,"date":"2019-02-03T19:46:52","date_gmt":"2019-02-03T18:46:52","guid":{"rendered":"https:\/\/vosgesinfo.fr\/gerardmerinfo\/2019\/02\/volley-lasg-prend-points\/"},"modified":"2019-02-03T19:46:52","modified_gmt":"2019-02-03T18:46:52","slug":"volley-lasg-prend-points","status":"publish","type":"post","link":"https:\/\/vosgesinfo.fr\/gerardmerinfo\/2019\/02\/volley-lasg-prend-points\/","title":{"rendered":"Volley : l&rsquo;ASG prend les points"},"content":{"rendered":"<h3 class=\"x_j\"><span style=\"font-size: 12pt;\">Ce dimanche, les seniors de l&rsquo;ASG recevaient un rel\u00e9gable pour le compte du championnat de N3. L&rsquo;occasion d&rsquo;engranger un maximum de points \u00e0 domicile face \u00e0 une \u00e9quipe un cran en-dessous sur le papier.<\/span><\/h3>\n<p class=\"x_j\">Et cela commen\u00e7ait sur de bonnes bases pour les locaux qui s&rsquo;appuyait parfaitement sur une excellente mise en jeu, des options de blocs judicieuses et deux artilleurs en forme en la personne de Dieudonn\u00e9 et Deiber. Jamais inqui\u00e9t\u00e9s, les G\u00e9r\u00f4mois remportaient le premier acte 25-17. C&rsquo;\u00e9tait presque trop facile et dans le deuxi\u00e8me set, on sentait rapidement le rel\u00e2chement s&rsquo;installer dans les rangs de l&rsquo;ASG qui remettait le pieds \u00e0 l&rsquo;\u00e9trier de l&rsquo;UGS. R\u00e9veil tardif, occasions vendang\u00e9es, malgr\u00e9 la rentr\u00e9e de Mengel pour densifier le centre la seconde manche \u00e9tait offerte sur un plateau \u00e0 leurs adversaires&#8230;<\/p>\n<p class=\"x_j\">Heureusement, le troisi\u00e8me set \u00e9tait remport\u00e9 au forceps par les G\u00e9r\u00f4mois, plus lucides cette fois malgr\u00e9 la tension. Pas un set de r\u00e9f\u00e9rence en mati\u00e8re de ma\u00eetrise et de fluidit\u00e9, mais l&rsquo;essentiel \u00e9tait assur\u00e9 sur le score \u00e9triqu\u00e9 de 27-25. Le quatri\u00e8me set voyait les locaux d\u00e9velopper un jeu moins st\u00e9r\u00e9otyp\u00e9 et plus abouti, avec notamment un Lo\u00efc Jan particuli\u00e8rement efficace en bout de filet jouant les mains comme un ancien, et un Th\u00e9o Durand des grands soirs qui multipliaient les sauvetages. L&rsquo;\u00e9quipe semble donc avoir trouver la bonne formule et du liant en int\u00e9grant ses jeunes loups \u00e0 une formation exp\u00e9riment\u00e9e ce qui est plut\u00f4t de bonne augure avant la rencontre de coupe de France qui opposera l&rsquo;ASG \u00e0 Besan\u00e7on et St Vit\u00a0 le dimanche 10 f\u00e9vrier. Il s&rsquo;agira de s&rsquo;extraire d&rsquo;une triangulaire p\u00e9rilleuse en terres francomtoise qui ne verra qu&rsquo;un seul qualifi\u00e9 pour le tour suivant. Bien que la coupe ne soit pas une priorit\u00e9 pour l&rsquo;\u00e9quipe, les G\u00e9r\u00f4mois feront tout pour bien y figurer.<\/p>\n<p class=\"x_j\">Enfin, plus t\u00f4t dans le week-end, les filles de la r\u00e9gionale s&rsquo;\u00e9taient inclin\u00e9es face \u00e0 Pouilly 3 sets \u00e0 0 et les juniors gar\u00e7ons avaient facilement dispos\u00e9 de Creutzwald dans un championnat o\u00f9 ils restent invaincus.<\/p>\n<p class=\"x_j\"><strong>Les r\u00e9sultats :<\/strong><\/p>\n<p>Victoire des M20\u00a0 Gar\u00e7ons \u00e0 Creutzwald 3 sets \u00e0 0\u00a0\u00a0 25\/08\u00a0 25\/16\u00a0 25\/13<\/p>\n<p>&nbsp;<\/p>\n<p>D\u00e9faite de laR2 filles \u00e0 Pouilly Metz 3 sets \u00e0 0\u00a0 25\/08\u00a0 25\/18\u00a0 25\/11<\/p>\n<p>&nbsp;<\/p>\n<p>Victoire de la N3 face \u00e0 UGS Porte de l&rsquo;essonne 3 sets \u00e0 1\u00a0 25\/17\u00a0 20\/25\u00a0 27\/25\u00a0 25\/21<\/p>\n<p>&nbsp;<\/p>\n<p><strong>Match \u00e0 venir :<\/strong><\/p>\n<p>La N3 se d\u00e9place le Dimanche 10 F\u00e9vrier\u00a0\u00e0 Besan\u00e7on pour jouer la coupe de France f\u00e9d\u00e9rale ( matchs face \u00e0 Besan\u00e7on et le ST Vitois)<\/p>\n","protected":false},"excerpt":{"rendered":"<p>Ce dimanche, les seniors de l&rsquo;ASG recevaient un rel\u00e9gable pour le compte du championnat de N3. L&rsquo;occasion d&rsquo;engranger un maximum [&hellip;]<\/p>\n","protected":false},"author":42,"featured_media":39598,"comment_status":"open","ping_status":"open","sticky":false,"template":"","format":"standard","meta":{"footnotes":""},"categories":[20,25,14],"tags":[119],"class_list":["post-39597","post","type-post","status-publish","format-standard","has-post-thumbnail","hentry","category-a-la-une","category-gerardmer","category-sport","tag-asg-volley"],"acf":[],"yoast_head":"<!-- This site is optimized with the Yoast SEO plugin v22.5 - https:\/\/yoast.com\/wordpress\/plugins\/seo\/ -->\n<title>Volley : l&#039;ASG prend les points - Gerardmer Info<\/title>\n<meta name=\"robots\" content=\"index, follow, max-snippet:-1, max-image-preview:large, max-video-preview:-1\" \/>\n<link rel=\"canonical\" href=\"https:\/\/vosgesinfo.fr\/gerardmerinfo\/2019\/02\/volley-lasg-prend-points\/\" \/>\n<meta name=\"twitter:card\" content=\"summary_large_image\" \/>\n<meta name=\"twitter:title\" content=\"Volley : l&#039;ASG prend les points - Gerardmer Info\" \/>\n<meta name=\"twitter:description\" content=\"Ce dimanche, les seniors de l&rsquo;ASG recevaient un rel\u00e9gable pour le compte du championnat de N3. L&rsquo;occasion d&rsquo;engranger un maximum [&hellip;]\" \/>\n<meta name=\"twitter:image\" content=\"https:\/\/vosgesinfo.fr\/app\/uploads\/sites\/6\/2024\/07\/201609ballon-1-49.jpg\" \/>\n<meta name=\"twitter:creator\" content=\"@VosgesInfo88\" \/>\n<meta name=\"twitter:site\" content=\"@VosgesInfo88\" \/>\n<meta name=\"twitter:label1\" content=\"\u00c9crit par\" \/>\n\t<meta name=\"twitter:data1\" content=\"QG\" \/>\n\t<meta name=\"twitter:label2\" content=\"Dur\u00e9e de lecture estim\u00e9e\" \/>\n\t<meta name=\"twitter:data2\" content=\"2 minutes\" \/>\n<script type=\"application\/ld+json\" class=\"yoast-schema-graph\">{\"@context\":\"https:\/\/schema.org\",\"@graph\":[{\"@type\":\"Article\",\"@id\":\"https:\/\/vosgesinfo.fr\/gerardmerinfo\/2019\/02\/volley-lasg-prend-points\/#article\",\"isPartOf\":{\"@id\":\"https:\/\/vosgesinfo.fr\/gerardmerinfo\/2019\/02\/volley-lasg-prend-points\/\"},\"author\":{\"name\":\"QG\",\"@id\":\"https:\/\/vosgesinfo.fr\/gerardmerinfo\/#\/schema\/person\/db5605779a843dad16b5368f3e7613a5\"},\"headline\":\"Volley : l&rsquo;ASG prend les points\",\"datePublished\":\"2019-02-03T18:46:52+00:00\",\"dateModified\":\"2019-02-03T18:46:52+00:00\",\"mainEntityOfPage\":{\"@id\":\"https:\/\/vosgesinfo.fr\/gerardmerinfo\/2019\/02\/volley-lasg-prend-points\/\"},\"wordCount\":447,\"commentCount\":0,\"publisher\":{\"@id\":\"https:\/\/vosgesinfo.fr\/gerardmerinfo\/#organization\"},\"image\":{\"@id\":\"https:\/\/vosgesinfo.fr\/gerardmerinfo\/2019\/02\/volley-lasg-prend-points\/#primaryimage\"},\"thumbnailUrl\":\"https:\/\/vosgesinfo.fr\/app\/uploads\/sites\/6\/2024\/07\/201609ballon-1-49.jpg\",\"keywords\":[\"ASG volley\"],\"articleSection\":[\"A la une\",\"G\u00e9rardmer\",\"Sport\"],\"inLanguage\":\"fr-FR\",\"potentialAction\":[{\"@type\":\"CommentAction\",\"name\":\"Comment\",\"target\":[\"https:\/\/vosgesinfo.fr\/gerardmerinfo\/2019\/02\/volley-lasg-prend-points\/#respond\"]}]},{\"@type\":\"WebPage\",\"@id\":\"https:\/\/vosgesinfo.fr\/gerardmerinfo\/2019\/02\/volley-lasg-prend-points\/\",\"url\":\"https:\/\/vosgesinfo.fr\/gerardmerinfo\/2019\/02\/volley-lasg-prend-points\/\",\"name\":\"Volley : l'ASG prend les points - Gerardmer Info\",\"isPartOf\":{\"@id\":\"https:\/\/vosgesinfo.fr\/gerardmerinfo\/#website\"},\"primaryImageOfPage\":{\"@id\":\"https:\/\/vosgesinfo.fr\/gerardmerinfo\/2019\/02\/volley-lasg-prend-points\/#primaryimage\"},\"image\":{\"@id\":\"https:\/\/vosgesinfo.fr\/gerardmerinfo\/2019\/02\/volley-lasg-prend-points\/#primaryimage\"},\"thumbnailUrl\":\"https:\/\/vosgesinfo.fr\/app\/uploads\/sites\/6\/2024\/07\/201609ballon-1-49.jpg\",\"datePublished\":\"2019-02-03T18:46:52+00:00\",\"dateModified\":\"2019-02-03T18:46:52+00:00\",\"breadcrumb\":{\"@id\":\"https:\/\/vosgesinfo.fr\/gerardmerinfo\/2019\/02\/volley-lasg-prend-points\/#breadcrumb\"},\"inLanguage\":\"fr-FR\",\"potentialAction\":[{\"@type\":\"ReadAction\",\"target\":[\"https:\/\/vosgesinfo.fr\/gerardmerinfo\/2019\/02\/volley-lasg-prend-points\/\"]}]},{\"@type\":\"ImageObject\",\"inLanguage\":\"fr-FR\",\"@id\":\"https:\/\/vosgesinfo.fr\/gerardmerinfo\/2019\/02\/volley-lasg-prend-points\/#primaryimage\",\"url\":\"https:\/\/vosgesinfo.fr\/app\/uploads\/sites\/6\/2024\/07\/201609ballon-1-49.jpg\",\"contentUrl\":\"https:\/\/vosgesinfo.fr\/app\/uploads\/sites\/6\/2024\/07\/201609ballon-1-49.jpg\",\"width\":600,\"height\":600},{\"@type\":\"BreadcrumbList\",\"@id\":\"https:\/\/vosgesinfo.fr\/gerardmerinfo\/2019\/02\/volley-lasg-prend-points\/#breadcrumb\",\"itemListElement\":[{\"@type\":\"ListItem\",\"position\":1,\"name\":\"Home\",\"item\":\"https:\/\/vosgesinfo.fr\/gerardmerinfo\/\"},{\"@type\":\"ListItem\",\"position\":2,\"name\":\"Volley : l&rsquo;ASG prend les points\"}]},{\"@type\":\"WebSite\",\"@id\":\"https:\/\/vosgesinfo.fr\/gerardmerinfo\/#website\",\"url\":\"https:\/\/vosgesinfo.fr\/gerardmerinfo\/\",\"name\":\"Gerardmer Info\",\"description\":\"Toute l&#039;actualit\u00e9 de G\u00e9rardmer\",\"publisher\":{\"@id\":\"https:\/\/vosgesinfo.fr\/gerardmerinfo\/#organization\"},\"alternateName\":\"Toute l'actualit\u00e9 de G\u00e9rardmer\",\"potentialAction\":[{\"@type\":\"SearchAction\",\"target\":{\"@type\":\"EntryPoint\",\"urlTemplate\":\"https:\/\/vosgesinfo.fr\/gerardmerinfo\/?s={search_term_string}\"},\"query-input\":\"required name=search_term_string\"}],\"inLanguage\":\"fr-FR\"},{\"@type\":\"Organization\",\"@id\":\"https:\/\/vosgesinfo.fr\/gerardmerinfo\/#organization\",\"name\":\"Gerardmer Info\",\"url\":\"https:\/\/vosgesinfo.fr\/gerardmerinfo\/\",\"logo\":{\"@type\":\"ImageObject\",\"inLanguage\":\"fr-FR\",\"@id\":\"https:\/\/vosgesinfo.fr\/gerardmerinfo\/#\/schema\/logo\/image\/\",\"url\":\"https:\/\/vosgesinfo.fr\/app\/uploads\/sites\/6\/2023\/08\/favicon-gerardmerinfo.png\",\"contentUrl\":\"https:\/\/vosgesinfo.fr\/app\/uploads\/sites\/6\/2023\/08\/favicon-gerardmerinfo.png\",\"width\":512,\"height\":512,\"caption\":\"Gerardmer Info\"},\"image\":{\"@id\":\"https:\/\/vosgesinfo.fr\/gerardmerinfo\/#\/schema\/logo\/image\/\"},\"sameAs\":[\"https:\/\/www.facebook.com\/profile.php?id=100049475262660\",\"https:\/\/x.com\/VosgesInfo88\",\"https:\/\/www.youtube.com\/@vosgesinfo\"]},{\"@type\":\"Person\",\"@id\":\"https:\/\/vosgesinfo.fr\/gerardmerinfo\/#\/schema\/person\/db5605779a843dad16b5368f3e7613a5\",\"name\":\"QG\",\"image\":{\"@type\":\"ImageObject\",\"inLanguage\":\"fr-FR\",\"@id\":\"https:\/\/vosgesinfo.fr\/gerardmerinfo\/#\/schema\/person\/image\/\",\"url\":\"https:\/\/secure.gravatar.com\/avatar\/ea80c42c204b534408512832fde52504ecabb9706bcb6151cf6175e5b64e6793?s=96&d=mm&r=g\",\"contentUrl\":\"https:\/\/secure.gravatar.com\/avatar\/ea80c42c204b534408512832fde52504ecabb9706bcb6151cf6175e5b64e6793?s=96&d=mm&r=g\",\"caption\":\"QG\"},\"url\":\"https:\/\/vosgesinfo.fr\/gerardmerinfo\/author\/quentin88\/\"}]}<\/script>\n<!-- \/ Yoast SEO plugin. -->","yoast_head_json":{"title":"Volley : l'ASG prend les points - Gerardmer Info","robots":{"index":"index","follow":"follow","max-snippet":"max-snippet:-1","max-image-preview":"max-image-preview:large","max-video-preview":"max-video-preview:-1"},"canonical":"https:\/\/vosgesinfo.fr\/gerardmerinfo\/2019\/02\/volley-lasg-prend-points\/","twitter_card":"summary_large_image","twitter_title":"Volley : l'ASG prend les points - Gerardmer Info","twitter_description":"Ce dimanche, les seniors de l&rsquo;ASG recevaient un rel\u00e9gable pour le compte du championnat de N3. L&rsquo;occasion d&rsquo;engranger un maximum [&hellip;]","twitter_image":"https:\/\/vosgesinfo.fr\/app\/uploads\/sites\/6\/2024\/07\/201609ballon-1-49.jpg","twitter_creator":"@VosgesInfo88","twitter_site":"@VosgesInfo88","twitter_misc":{"\u00c9crit par":"QG","Dur\u00e9e de lecture estim\u00e9e":"2 minutes"},"schema":{"@context":"https:\/\/schema.org","@graph":[{"@type":"Article","@id":"https:\/\/vosgesinfo.fr\/gerardmerinfo\/2019\/02\/volley-lasg-prend-points\/#article","isPartOf":{"@id":"https:\/\/vosgesinfo.fr\/gerardmerinfo\/2019\/02\/volley-lasg-prend-points\/"},"author":{"name":"QG","@id":"https:\/\/vosgesinfo.fr\/gerardmerinfo\/#\/schema\/person\/db5605779a843dad16b5368f3e7613a5"},"headline":"Volley : l&rsquo;ASG prend les points","datePublished":"2019-02-03T18:46:52+00:00","dateModified":"2019-02-03T18:46:52+00:00","mainEntityOfPage":{"@id":"https:\/\/vosgesinfo.fr\/gerardmerinfo\/2019\/02\/volley-lasg-prend-points\/"},"wordCount":447,"commentCount":0,"publisher":{"@id":"https:\/\/vosgesinfo.fr\/gerardmerinfo\/#organization"},"image":{"@id":"https:\/\/vosgesinfo.fr\/gerardmerinfo\/2019\/02\/volley-lasg-prend-points\/#primaryimage"},"thumbnailUrl":"https:\/\/vosgesinfo.fr\/app\/uploads\/sites\/6\/2024\/07\/201609ballon-1-49.jpg","keywords":["ASG volley"],"articleSection":["A la une","G\u00e9rardmer","Sport"],"inLanguage":"fr-FR","potentialAction":[{"@type":"CommentAction","name":"Comment","target":["https:\/\/vosgesinfo.fr\/gerardmerinfo\/2019\/02\/volley-lasg-prend-points\/#respond"]}]},{"@type":"WebPage","@id":"https:\/\/vosgesinfo.fr\/gerardmerinfo\/2019\/02\/volley-lasg-prend-points\/","url":"https:\/\/vosgesinfo.fr\/gerardmerinfo\/2019\/02\/volley-lasg-prend-points\/","name":"Volley : l'ASG prend les points - Gerardmer Info","isPartOf":{"@id":"https:\/\/vosgesinfo.fr\/gerardmerinfo\/#website"},"primaryImageOfPage":{"@id":"https:\/\/vosgesinfo.fr\/gerardmerinfo\/2019\/02\/volley-lasg-prend-points\/#primaryimage"},"image":{"@id":"https:\/\/vosgesinfo.fr\/gerardmerinfo\/2019\/02\/volley-lasg-prend-points\/#primaryimage"},"thumbnailUrl":"https:\/\/vosgesinfo.fr\/app\/uploads\/sites\/6\/2024\/07\/201609ballon-1-49.jpg","datePublished":"2019-02-03T18:46:52+00:00","dateModified":"2019-02-03T18:46:52+00:00","breadcrumb":{"@id":"https:\/\/vosgesinfo.fr\/gerardmerinfo\/2019\/02\/volley-lasg-prend-points\/#breadcrumb"},"inLanguage":"fr-FR","potentialAction":[{"@type":"ReadAction","target":["https:\/\/vosgesinfo.fr\/gerardmerinfo\/2019\/02\/volley-lasg-prend-points\/"]}]},{"@type":"ImageObject","inLanguage":"fr-FR","@id":"https:\/\/vosgesinfo.fr\/gerardmerinfo\/2019\/02\/volley-lasg-prend-points\/#primaryimage","url":"https:\/\/vosgesinfo.fr\/app\/uploads\/sites\/6\/2024\/07\/201609ballon-1-49.jpg","contentUrl":"https:\/\/vosgesinfo.fr\/app\/uploads\/sites\/6\/2024\/07\/201609ballon-1-49.jpg","width":600,"height":600},{"@type":"BreadcrumbList","@id":"https:\/\/vosgesinfo.fr\/gerardmerinfo\/2019\/02\/volley-lasg-prend-points\/#breadcrumb","itemListElement":[{"@type":"ListItem","position":1,"name":"Home","item":"https:\/\/vosgesinfo.fr\/gerardmerinfo\/"},{"@type":"ListItem","position":2,"name":"Volley : l&rsquo;ASG prend les points"}]},{"@type":"WebSite","@id":"https:\/\/vosgesinfo.fr\/gerardmerinfo\/#website","url":"https:\/\/vosgesinfo.fr\/gerardmerinfo\/","name":"Gerardmer Info","description":"Toute l&#039;actualit\u00e9 de G\u00e9rardmer","publisher":{"@id":"https:\/\/vosgesinfo.fr\/gerardmerinfo\/#organization"},"alternateName":"Toute l'actualit\u00e9 de G\u00e9rardmer","potentialAction":[{"@type":"SearchAction","target":{"@type":"EntryPoint","urlTemplate":"https:\/\/vosgesinfo.fr\/gerardmerinfo\/?s={search_term_string}"},"query-input":"required name=search_term_string"}],"inLanguage":"fr-FR"},{"@type":"Organization","@id":"https:\/\/vosgesinfo.fr\/gerardmerinfo\/#organization","name":"Gerardmer Info","url":"https:\/\/vosgesinfo.fr\/gerardmerinfo\/","logo":{"@type":"ImageObject","inLanguage":"fr-FR","@id":"https:\/\/vosgesinfo.fr\/gerardmerinfo\/#\/schema\/logo\/image\/","url":"https:\/\/vosgesinfo.fr\/app\/uploads\/sites\/6\/2023\/08\/favicon-gerardmerinfo.png","contentUrl":"https:\/\/vosgesinfo.fr\/app\/uploads\/sites\/6\/2023\/08\/favicon-gerardmerinfo.png","width":512,"height":512,"caption":"Gerardmer Info"},"image":{"@id":"https:\/\/vosgesinfo.fr\/gerardmerinfo\/#\/schema\/logo\/image\/"},"sameAs":["https:\/\/www.facebook.com\/profile.php?id=100049475262660","https:\/\/x.com\/VosgesInfo88","https:\/\/www.youtube.com\/@vosgesinfo"]},{"@type":"Person","@id":"https:\/\/vosgesinfo.fr\/gerardmerinfo\/#\/schema\/person\/db5605779a843dad16b5368f3e7613a5","name":"QG","image":{"@type":"ImageObject","inLanguage":"fr-FR","@id":"https:\/\/vosgesinfo.fr\/gerardmerinfo\/#\/schema\/person\/image\/","url":"https:\/\/secure.gravatar.com\/avatar\/ea80c42c204b534408512832fde52504ecabb9706bcb6151cf6175e5b64e6793?s=96&d=mm&r=g","contentUrl":"https:\/\/secure.gravatar.com\/avatar\/ea80c42c204b534408512832fde52504ecabb9706bcb6151cf6175e5b64e6793?s=96&d=mm&r=g","caption":"QG"},"url":"https:\/\/vosgesinfo.fr\/gerardmerinfo\/author\/quentin88\/"}]}},"_links":{"self":[{"href":"https:\/\/vosgesinfo.fr\/gerardmerinfo\/wp-json\/wp\/v2\/posts\/39597","targetHints":{"allow":["GET"]}}],"collection":[{"href":"https:\/\/vosgesinfo.fr\/gerardmerinfo\/wp-json\/wp\/v2\/posts"}],"about":[{"href":"https:\/\/vosgesinfo.fr\/gerardmerinfo\/wp-json\/wp\/v2\/types\/post"}],"author":[{"embeddable":true,"href":"https:\/\/vosgesinfo.fr\/gerardmerinfo\/wp-json\/wp\/v2\/users\/42"}],"replies":[{"embeddable":true,"href":"https:\/\/vosgesinfo.fr\/gerardmerinfo\/wp-json\/wp\/v2\/comments?post=39597"}],"version-history":[{"count":0,"href":"https:\/\/vosgesinfo.fr\/gerardmerinfo\/wp-json\/wp\/v2\/posts\/39597\/revisions"}],"wp:featuredmedia":[{"embeddable":true,"href":"https:\/\/vosgesinfo.fr\/gerardmerinfo\/wp-json\/wp\/v2\/media\/39598"}],"wp:attachment":[{"href":"https:\/\/vosgesinfo.fr\/gerardmerinfo\/wp-json\/wp\/v2\/media?parent=39597"}],"wp:term":[{"taxonomy":"category","embeddable":true,"href":"https:\/\/vosgesinfo.fr\/gerardmerinfo\/wp-json\/wp\/v2\/categories?post=39597"},{"taxonomy":"post_tag","embeddable":true,"href":"https:\/\/vosgesinfo.fr\/gerardmerinfo\/wp-json\/wp\/v2\/tags?post=39597"}],"curies":[{"name":"wp","href":"https:\/\/api.w.org\/{rel}","templated":true}]}}