{"id":39600,"date":"2019-02-04T17:03:02","date_gmt":"2019-02-04T16:03:02","guid":{"rendered":"https:\/\/vosgesinfo.fr\/gerardmerinfo\/2019\/02\/ski-alpin-beaux-podiums-geromois\/"},"modified":"2019-02-04T17:03:02","modified_gmt":"2019-02-04T16:03:02","slug":"ski-alpin-beaux-podiums-geromois","status":"publish","type":"post","link":"https:\/\/vosgesinfo.fr\/gerardmerinfo\/2019\/02\/ski-alpin-beaux-podiums-geromois\/","title":{"rendered":"Ski alpin : beaux podiums g\u00e9r\u00f4mois !"},"content":{"rendered":"\n<p>Les conditions ce dimanche n\u2019\u00e9taient pas des plus cl\u00e9mentes, que ce soit au niveau de la temp\u00e9rature ressentie, ou au niveau de la visibilit\u00e9 faible en ce d\u00e9but de matin\u00e9e\u2026<\/p>\n<p>Sur le stade de slalom de G\u00e9rardmer, avait lieu le grand prix U16 \u00e0 Masters, sponsoris\u00e9 par l\u2019H\u00f4tel des Reflets du Lac pour les gar\u00e7ons et par la boutique de v\u00eatements Exoticus pour les filles. Merci encore \u00e0 ces partenaires pour leurs tr\u00e8s belles dotations ! La course fut longue dans tous les sens du terme\u2026 Le parcours couvrait tout le stade de slalom, plus de 40 portes \u00e0 passer pour ce slalom g\u00e9ant. Il fallait les jambes, notamment en attaquant le mur du slalom, derni\u00e8re partie du trac\u00e9, pour ne rien l\u00e2cher jusqu\u2019\u00e0 l\u2019arriv\u00e9e ! Le besoin en lissage r\u00e9gulier a allong\u00e9 particuli\u00e8rement la dur\u00e9e de la premi\u00e8re manche. Au niveau classement, chez les filles U16, Lison KEMPF est 4\u00e8me, Margot GRIVEL 10\u00e8me, Eug\u00e9nie MANDRA est 12\u00e8me, suivie de Juliette MAROTEL 13\u00e8me et de Marie LARMINACH 14\u00e8me. Chez les gar\u00e7ons U16, tr\u00e8s belle victoire de Tom REMY (3\u00e8me au scratch !), Samson BERGUER se classe 18\u00e8me et Charly ANTOINE 21\u00e8me . Chez les U18 filles, tr\u00e8s belle victoire \u00e9galement de Charlotte CLEMENT, Margaux HOCQUAUX se classe 4\u00e8me, Margot ANTOINE 7\u00e8me, Julie CORNIL 12\u00e8me, Carla COMINOTTI 16\u00e8me. Estelle JEANPIERRE est 1\u00e8re Master M. Chez les gar\u00e7ons U21, Basile LECOMTE est 4\u00e8me, Corentin BLANCHEZ 5\u00e8me et Jules ANTOINE 6\u00e8me. Chez les Master M, Jean-Fran\u00e7ois ETIENNE termine 4\u00e8me, suivi de Thierry GERMAIN 5\u00e8me. Les performances de Charlotte CLEMENT, Margaux HOCQUAUX et Tom REMY ont permis de classer le club de G\u00e9rardmer meilleur des clubs sur cette course ! Bravo \u00e0 tous les comp\u00e9titeurs pour leur engagement et un grand merci \u00e0 tous les b\u00e9n\u00e9voles qui donnent de leur temps, dans des conditions difficiles, car sans eux, les comp\u00e9titions ne pourraient avoir lieu !<\/p>\n<p>Encore un beau podium g\u00e9r\u00f4mois sur la micro-coupe U8\/U10 qui s\u2019est d\u00e9roul\u00e9e au Champ du Feu ! Bravo \u00e0 Martin CORNIL qui remporte la premi\u00e8re place chez les U8 gar\u00e7ons, suivi d\u2019Ugo WISSEMBERG 2\u00e8me, Gaston HUBSCHI se classe 4\u00e8me et Gauthier MAGNIN 5\u00e8me. Chez les U10, Achille GUERY monte sur la troisi\u00e8me marche du podium, Louis MAGNIN est 13\u00e8me, Lubin HUBSCHI 14\u00e8me et Eliot LEMAIRE 19\u00e8me. C\u00e9cile FRASCHINI remporte la 8\u00e8me place au classement des filles U10. Une belle \u00e9quipe de jeunes et toujours une tr\u00e8s bonne ambiance au rendez-vous !<\/p>\n<p>Au Champ du Feu avait \u00e9galement lieu une course promo en slalom g\u00e9ant. Paula OUDOT s\u2019est class\u00e9e 3\u00e8me U14, Louise GUERY 8\u00e8me. Chez les gar\u00e7ons, Samuel LIMAUX s\u2019est class\u00e9 4\u00e8me U14.<\/p>\n<p>Les U12 couraient en Coupe d\u2019Argent au Markstein, sur un slalom g\u00e9ant o\u00f9 la visibilit\u00e9 \u00e9tait \u00e9galement r\u00e9duite ! Chez les filles, Salom\u00e9 LEMARQUIS remporte la quatri\u00e8me place, Soizig HUBSCHI termine 8\u00e8me, Mathilde FRASCHINI 11\u00e8me. Du c\u00f4t\u00e9 des gar\u00e7ons, Janis ANTOINE est 6\u00e8me, suivi de Valentin GROSSIER 7\u00e8me, Leny BREUSCH est 26\u00e8me, suivi de Lorenzo COMINOTTI 27\u00e8me et Basile VALLON 28\u00e8me, Maxime LIMAUX est 34\u00e8me, Noan LECOMTE 39\u00e8me et Marin ROUSSAT 42\u00e8me.<\/p>\n<p>Vendredi soir, les Masters ont couru au Markstein en slalom. L\u00e9a ANTOINE s\u2019est class\u00e9e 1\u00e8re U30, Jean-Fran\u00e7ois ETIENNE 2\u00e8me A4, Nicolas ANTOINE 1er A5 et Thierry MANDRA 9\u00e8me A5.<\/p>\n<p>Rendez-vous dimanche prochain sur le stade de slalom de G\u00e9rardmer pour une coupe de Bronze U8 \u00e0 U14 !<\/p>\n<p>&nbsp;<\/p>\n<p><strong>Caroline Cominotti pour l\u2019AS G\u00e9rardmer Ski Alpin<\/strong><\/p>\n","protected":false},"excerpt":{"rendered":"<p>Les conditions ce dimanche n\u2019\u00e9taient pas des plus cl\u00e9mentes, que ce soit au niveau de la temp\u00e9rature ressentie, ou au [&hellip;]<\/p>\n","protected":false},"author":42,"featured_media":39601,"comment_status":"open","ping_status":"open","sticky":false,"template":"","format":"standard","meta":{"footnotes":""},"categories":[20,25,14],"tags":[158],"class_list":["post-39600","post","type-post","status-publish","format-standard","has-post-thumbnail","hentry","category-a-la-une","category-gerardmer","category-sport","tag-asg-ski-alpin"],"acf":[],"yoast_head":"<!-- This site is optimized with the Yoast SEO plugin v22.5 - https:\/\/yoast.com\/wordpress\/plugins\/seo\/ -->\n<title>Ski alpin : beaux podiums g\u00e9r\u00f4mois ! - Gerardmer Info<\/title>\n<meta name=\"robots\" content=\"index, follow, max-snippet:-1, max-image-preview:large, max-video-preview:-1\" \/>\n<link rel=\"canonical\" href=\"https:\/\/vosgesinfo.fr\/gerardmerinfo\/2019\/02\/ski-alpin-beaux-podiums-geromois\/\" \/>\n<meta name=\"twitter:card\" content=\"summary_large_image\" \/>\n<meta name=\"twitter:title\" content=\"Ski alpin : beaux podiums g\u00e9r\u00f4mois ! - Gerardmer Info\" \/>\n<meta name=\"twitter:description\" content=\"Les conditions ce dimanche n\u2019\u00e9taient pas des plus cl\u00e9mentes, que ce soit au niveau de la temp\u00e9rature ressentie, ou au [&hellip;]\" \/>\n<meta name=\"twitter:image\" content=\"https:\/\/vosgesinfo.fr\/app\/uploads\/sites\/6\/2024\/07\/201902gerardmer-premier-club-grand-prix.jpg\" \/>\n<meta name=\"twitter:creator\" content=\"@VosgesInfo88\" \/>\n<meta name=\"twitter:site\" content=\"@VosgesInfo88\" \/>\n<meta name=\"twitter:label1\" content=\"\u00c9crit par\" \/>\n\t<meta name=\"twitter:data1\" content=\"QG\" \/>\n\t<meta name=\"twitter:label2\" content=\"Dur\u00e9e de lecture estim\u00e9e\" \/>\n\t<meta name=\"twitter:data2\" content=\"3 minutes\" \/>\n<script type=\"application\/ld+json\" class=\"yoast-schema-graph\">{\"@context\":\"https:\/\/schema.org\",\"@graph\":[{\"@type\":\"Article\",\"@id\":\"https:\/\/vosgesinfo.fr\/gerardmerinfo\/2019\/02\/ski-alpin-beaux-podiums-geromois\/#article\",\"isPartOf\":{\"@id\":\"https:\/\/vosgesinfo.fr\/gerardmerinfo\/2019\/02\/ski-alpin-beaux-podiums-geromois\/\"},\"author\":{\"name\":\"QG\",\"@id\":\"https:\/\/vosgesinfo.fr\/gerardmerinfo\/#\/schema\/person\/db5605779a843dad16b5368f3e7613a5\"},\"headline\":\"Ski alpin : beaux podiums g\u00e9r\u00f4mois !\",\"datePublished\":\"2019-02-04T16:03:02+00:00\",\"dateModified\":\"2019-02-04T16:03:02+00:00\",\"mainEntityOfPage\":{\"@id\":\"https:\/\/vosgesinfo.fr\/gerardmerinfo\/2019\/02\/ski-alpin-beaux-podiums-geromois\/\"},\"wordCount\":619,\"commentCount\":0,\"publisher\":{\"@id\":\"https:\/\/vosgesinfo.fr\/gerardmerinfo\/#organization\"},\"image\":{\"@id\":\"https:\/\/vosgesinfo.fr\/gerardmerinfo\/2019\/02\/ski-alpin-beaux-podiums-geromois\/#primaryimage\"},\"thumbnailUrl\":\"https:\/\/vosgesinfo.fr\/app\/uploads\/sites\/6\/2024\/07\/201902gerardmer-premier-club-grand-prix.jpg\",\"keywords\":[\"asg ski alpin\"],\"articleSection\":[\"A la une\",\"G\u00e9rardmer\",\"Sport\"],\"inLanguage\":\"fr-FR\",\"potentialAction\":[{\"@type\":\"CommentAction\",\"name\":\"Comment\",\"target\":[\"https:\/\/vosgesinfo.fr\/gerardmerinfo\/2019\/02\/ski-alpin-beaux-podiums-geromois\/#respond\"]}]},{\"@type\":\"WebPage\",\"@id\":\"https:\/\/vosgesinfo.fr\/gerardmerinfo\/2019\/02\/ski-alpin-beaux-podiums-geromois\/\",\"url\":\"https:\/\/vosgesinfo.fr\/gerardmerinfo\/2019\/02\/ski-alpin-beaux-podiums-geromois\/\",\"name\":\"Ski alpin : beaux podiums g\u00e9r\u00f4mois ! - Gerardmer Info\",\"isPartOf\":{\"@id\":\"https:\/\/vosgesinfo.fr\/gerardmerinfo\/#website\"},\"primaryImageOfPage\":{\"@id\":\"https:\/\/vosgesinfo.fr\/gerardmerinfo\/2019\/02\/ski-alpin-beaux-podiums-geromois\/#primaryimage\"},\"image\":{\"@id\":\"https:\/\/vosgesinfo.fr\/gerardmerinfo\/2019\/02\/ski-alpin-beaux-podiums-geromois\/#primaryimage\"},\"thumbnailUrl\":\"https:\/\/vosgesinfo.fr\/app\/uploads\/sites\/6\/2024\/07\/201902gerardmer-premier-club-grand-prix.jpg\",\"datePublished\":\"2019-02-04T16:03:02+00:00\",\"dateModified\":\"2019-02-04T16:03:02+00:00\",\"breadcrumb\":{\"@id\":\"https:\/\/vosgesinfo.fr\/gerardmerinfo\/2019\/02\/ski-alpin-beaux-podiums-geromois\/#breadcrumb\"},\"inLanguage\":\"fr-FR\",\"potentialAction\":[{\"@type\":\"ReadAction\",\"target\":[\"https:\/\/vosgesinfo.fr\/gerardmerinfo\/2019\/02\/ski-alpin-beaux-podiums-geromois\/\"]}]},{\"@type\":\"ImageObject\",\"inLanguage\":\"fr-FR\",\"@id\":\"https:\/\/vosgesinfo.fr\/gerardmerinfo\/2019\/02\/ski-alpin-beaux-podiums-geromois\/#primaryimage\",\"url\":\"https:\/\/vosgesinfo.fr\/app\/uploads\/sites\/6\/2024\/07\/201902gerardmer-premier-club-grand-prix.jpg\",\"contentUrl\":\"https:\/\/vosgesinfo.fr\/app\/uploads\/sites\/6\/2024\/07\/201902gerardmer-premier-club-grand-prix.jpg\",\"width\":600,\"height\":800},{\"@type\":\"BreadcrumbList\",\"@id\":\"https:\/\/vosgesinfo.fr\/gerardmerinfo\/2019\/02\/ski-alpin-beaux-podiums-geromois\/#breadcrumb\",\"itemListElement\":[{\"@type\":\"ListItem\",\"position\":1,\"name\":\"Home\",\"item\":\"https:\/\/vosgesinfo.fr\/gerardmerinfo\/\"},{\"@type\":\"ListItem\",\"position\":2,\"name\":\"Ski alpin : beaux podiums g\u00e9r\u00f4mois !\"}]},{\"@type\":\"WebSite\",\"@id\":\"https:\/\/vosgesinfo.fr\/gerardmerinfo\/#website\",\"url\":\"https:\/\/vosgesinfo.fr\/gerardmerinfo\/\",\"name\":\"Gerardmer Info\",\"description\":\"Toute l&#039;actualit\u00e9 de G\u00e9rardmer\",\"publisher\":{\"@id\":\"https:\/\/vosgesinfo.fr\/gerardmerinfo\/#organization\"},\"alternateName\":\"Toute l'actualit\u00e9 de G\u00e9rardmer\",\"potentialAction\":[{\"@type\":\"SearchAction\",\"target\":{\"@type\":\"EntryPoint\",\"urlTemplate\":\"https:\/\/vosgesinfo.fr\/gerardmerinfo\/?s={search_term_string}\"},\"query-input\":\"required name=search_term_string\"}],\"inLanguage\":\"fr-FR\"},{\"@type\":\"Organization\",\"@id\":\"https:\/\/vosgesinfo.fr\/gerardmerinfo\/#organization\",\"name\":\"Gerardmer Info\",\"url\":\"https:\/\/vosgesinfo.fr\/gerardmerinfo\/\",\"logo\":{\"@type\":\"ImageObject\",\"inLanguage\":\"fr-FR\",\"@id\":\"https:\/\/vosgesinfo.fr\/gerardmerinfo\/#\/schema\/logo\/image\/\",\"url\":\"https:\/\/vosgesinfo.fr\/app\/uploads\/sites\/6\/2023\/08\/favicon-gerardmerinfo.png\",\"contentUrl\":\"https:\/\/vosgesinfo.fr\/app\/uploads\/sites\/6\/2023\/08\/favicon-gerardmerinfo.png\",\"width\":512,\"height\":512,\"caption\":\"Gerardmer Info\"},\"image\":{\"@id\":\"https:\/\/vosgesinfo.fr\/gerardmerinfo\/#\/schema\/logo\/image\/\"},\"sameAs\":[\"https:\/\/www.facebook.com\/profile.php?id=100049475262660\",\"https:\/\/x.com\/VosgesInfo88\",\"https:\/\/www.youtube.com\/@vosgesinfo\"]},{\"@type\":\"Person\",\"@id\":\"https:\/\/vosgesinfo.fr\/gerardmerinfo\/#\/schema\/person\/db5605779a843dad16b5368f3e7613a5\",\"name\":\"QG\",\"image\":{\"@type\":\"ImageObject\",\"inLanguage\":\"fr-FR\",\"@id\":\"https:\/\/vosgesinfo.fr\/gerardmerinfo\/#\/schema\/person\/image\/\",\"url\":\"https:\/\/secure.gravatar.com\/avatar\/ea80c42c204b534408512832fde52504ecabb9706bcb6151cf6175e5b64e6793?s=96&d=mm&r=g\",\"contentUrl\":\"https:\/\/secure.gravatar.com\/avatar\/ea80c42c204b534408512832fde52504ecabb9706bcb6151cf6175e5b64e6793?s=96&d=mm&r=g\",\"caption\":\"QG\"},\"url\":\"https:\/\/vosgesinfo.fr\/gerardmerinfo\/author\/quentin88\/\"}]}<\/script>\n<!-- \/ Yoast SEO plugin. -->","yoast_head_json":{"title":"Ski alpin : beaux podiums g\u00e9r\u00f4mois ! - Gerardmer Info","robots":{"index":"index","follow":"follow","max-snippet":"max-snippet:-1","max-image-preview":"max-image-preview:large","max-video-preview":"max-video-preview:-1"},"canonical":"https:\/\/vosgesinfo.fr\/gerardmerinfo\/2019\/02\/ski-alpin-beaux-podiums-geromois\/","twitter_card":"summary_large_image","twitter_title":"Ski alpin : beaux podiums g\u00e9r\u00f4mois ! - Gerardmer Info","twitter_description":"Les conditions ce dimanche n\u2019\u00e9taient pas des plus cl\u00e9mentes, que ce soit au niveau de la temp\u00e9rature ressentie, ou au [&hellip;]","twitter_image":"https:\/\/vosgesinfo.fr\/app\/uploads\/sites\/6\/2024\/07\/201902gerardmer-premier-club-grand-prix.jpg","twitter_creator":"@VosgesInfo88","twitter_site":"@VosgesInfo88","twitter_misc":{"\u00c9crit par":"QG","Dur\u00e9e de lecture estim\u00e9e":"3 minutes"},"schema":{"@context":"https:\/\/schema.org","@graph":[{"@type":"Article","@id":"https:\/\/vosgesinfo.fr\/gerardmerinfo\/2019\/02\/ski-alpin-beaux-podiums-geromois\/#article","isPartOf":{"@id":"https:\/\/vosgesinfo.fr\/gerardmerinfo\/2019\/02\/ski-alpin-beaux-podiums-geromois\/"},"author":{"name":"QG","@id":"https:\/\/vosgesinfo.fr\/gerardmerinfo\/#\/schema\/person\/db5605779a843dad16b5368f3e7613a5"},"headline":"Ski alpin : beaux podiums g\u00e9r\u00f4mois !","datePublished":"2019-02-04T16:03:02+00:00","dateModified":"2019-02-04T16:03:02+00:00","mainEntityOfPage":{"@id":"https:\/\/vosgesinfo.fr\/gerardmerinfo\/2019\/02\/ski-alpin-beaux-podiums-geromois\/"},"wordCount":619,"commentCount":0,"publisher":{"@id":"https:\/\/vosgesinfo.fr\/gerardmerinfo\/#organization"},"image":{"@id":"https:\/\/vosgesinfo.fr\/gerardmerinfo\/2019\/02\/ski-alpin-beaux-podiums-geromois\/#primaryimage"},"thumbnailUrl":"https:\/\/vosgesinfo.fr\/app\/uploads\/sites\/6\/2024\/07\/201902gerardmer-premier-club-grand-prix.jpg","keywords":["asg ski alpin"],"articleSection":["A la une","G\u00e9rardmer","Sport"],"inLanguage":"fr-FR","potentialAction":[{"@type":"CommentAction","name":"Comment","target":["https:\/\/vosgesinfo.fr\/gerardmerinfo\/2019\/02\/ski-alpin-beaux-podiums-geromois\/#respond"]}]},{"@type":"WebPage","@id":"https:\/\/vosgesinfo.fr\/gerardmerinfo\/2019\/02\/ski-alpin-beaux-podiums-geromois\/","url":"https:\/\/vosgesinfo.fr\/gerardmerinfo\/2019\/02\/ski-alpin-beaux-podiums-geromois\/","name":"Ski alpin : beaux podiums g\u00e9r\u00f4mois ! - Gerardmer Info","isPartOf":{"@id":"https:\/\/vosgesinfo.fr\/gerardmerinfo\/#website"},"primaryImageOfPage":{"@id":"https:\/\/vosgesinfo.fr\/gerardmerinfo\/2019\/02\/ski-alpin-beaux-podiums-geromois\/#primaryimage"},"image":{"@id":"https:\/\/vosgesinfo.fr\/gerardmerinfo\/2019\/02\/ski-alpin-beaux-podiums-geromois\/#primaryimage"},"thumbnailUrl":"https:\/\/vosgesinfo.fr\/app\/uploads\/sites\/6\/2024\/07\/201902gerardmer-premier-club-grand-prix.jpg","datePublished":"2019-02-04T16:03:02+00:00","dateModified":"2019-02-04T16:03:02+00:00","breadcrumb":{"@id":"https:\/\/vosgesinfo.fr\/gerardmerinfo\/2019\/02\/ski-alpin-beaux-podiums-geromois\/#breadcrumb"},"inLanguage":"fr-FR","potentialAction":[{"@type":"ReadAction","target":["https:\/\/vosgesinfo.fr\/gerardmerinfo\/2019\/02\/ski-alpin-beaux-podiums-geromois\/"]}]},{"@type":"ImageObject","inLanguage":"fr-FR","@id":"https:\/\/vosgesinfo.fr\/gerardmerinfo\/2019\/02\/ski-alpin-beaux-podiums-geromois\/#primaryimage","url":"https:\/\/vosgesinfo.fr\/app\/uploads\/sites\/6\/2024\/07\/201902gerardmer-premier-club-grand-prix.jpg","contentUrl":"https:\/\/vosgesinfo.fr\/app\/uploads\/sites\/6\/2024\/07\/201902gerardmer-premier-club-grand-prix.jpg","width":600,"height":800},{"@type":"BreadcrumbList","@id":"https:\/\/vosgesinfo.fr\/gerardmerinfo\/2019\/02\/ski-alpin-beaux-podiums-geromois\/#breadcrumb","itemListElement":[{"@type":"ListItem","position":1,"name":"Home","item":"https:\/\/vosgesinfo.fr\/gerardmerinfo\/"},{"@type":"ListItem","position":2,"name":"Ski alpin : beaux podiums g\u00e9r\u00f4mois !"}]},{"@type":"WebSite","@id":"https:\/\/vosgesinfo.fr\/gerardmerinfo\/#website","url":"https:\/\/vosgesinfo.fr\/gerardmerinfo\/","name":"Gerardmer Info","description":"Toute l&#039;actualit\u00e9 de G\u00e9rardmer","publisher":{"@id":"https:\/\/vosgesinfo.fr\/gerardmerinfo\/#organization"},"alternateName":"Toute l'actualit\u00e9 de G\u00e9rardmer","potentialAction":[{"@type":"SearchAction","target":{"@type":"EntryPoint","urlTemplate":"https:\/\/vosgesinfo.fr\/gerardmerinfo\/?s={search_term_string}"},"query-input":"required name=search_term_string"}],"inLanguage":"fr-FR"},{"@type":"Organization","@id":"https:\/\/vosgesinfo.fr\/gerardmerinfo\/#organization","name":"Gerardmer Info","url":"https:\/\/vosgesinfo.fr\/gerardmerinfo\/","logo":{"@type":"ImageObject","inLanguage":"fr-FR","@id":"https:\/\/vosgesinfo.fr\/gerardmerinfo\/#\/schema\/logo\/image\/","url":"https:\/\/vosgesinfo.fr\/app\/uploads\/sites\/6\/2023\/08\/favicon-gerardmerinfo.png","contentUrl":"https:\/\/vosgesinfo.fr\/app\/uploads\/sites\/6\/2023\/08\/favicon-gerardmerinfo.png","width":512,"height":512,"caption":"Gerardmer Info"},"image":{"@id":"https:\/\/vosgesinfo.fr\/gerardmerinfo\/#\/schema\/logo\/image\/"},"sameAs":["https:\/\/www.facebook.com\/profile.php?id=100049475262660","https:\/\/x.com\/VosgesInfo88","https:\/\/www.youtube.com\/@vosgesinfo"]},{"@type":"Person","@id":"https:\/\/vosgesinfo.fr\/gerardmerinfo\/#\/schema\/person\/db5605779a843dad16b5368f3e7613a5","name":"QG","image":{"@type":"ImageObject","inLanguage":"fr-FR","@id":"https:\/\/vosgesinfo.fr\/gerardmerinfo\/#\/schema\/person\/image\/","url":"https:\/\/secure.gravatar.com\/avatar\/ea80c42c204b534408512832fde52504ecabb9706bcb6151cf6175e5b64e6793?s=96&d=mm&r=g","contentUrl":"https:\/\/secure.gravatar.com\/avatar\/ea80c42c204b534408512832fde52504ecabb9706bcb6151cf6175e5b64e6793?s=96&d=mm&r=g","caption":"QG"},"url":"https:\/\/vosgesinfo.fr\/gerardmerinfo\/author\/quentin88\/"}]}},"_links":{"self":[{"href":"https:\/\/vosgesinfo.fr\/gerardmerinfo\/wp-json\/wp\/v2\/posts\/39600","targetHints":{"allow":["GET"]}}],"collection":[{"href":"https:\/\/vosgesinfo.fr\/gerardmerinfo\/wp-json\/wp\/v2\/posts"}],"about":[{"href":"https:\/\/vosgesinfo.fr\/gerardmerinfo\/wp-json\/wp\/v2\/types\/post"}],"author":[{"embeddable":true,"href":"https:\/\/vosgesinfo.fr\/gerardmerinfo\/wp-json\/wp\/v2\/users\/42"}],"replies":[{"embeddable":true,"href":"https:\/\/vosgesinfo.fr\/gerardmerinfo\/wp-json\/wp\/v2\/comments?post=39600"}],"version-history":[{"count":0,"href":"https:\/\/vosgesinfo.fr\/gerardmerinfo\/wp-json\/wp\/v2\/posts\/39600\/revisions"}],"wp:featuredmedia":[{"embeddable":true,"href":"https:\/\/vosgesinfo.fr\/gerardmerinfo\/wp-json\/wp\/v2\/media\/39601"}],"wp:attachment":[{"href":"https:\/\/vosgesinfo.fr\/gerardmerinfo\/wp-json\/wp\/v2\/media?parent=39600"}],"wp:term":[{"taxonomy":"category","embeddable":true,"href":"https:\/\/vosgesinfo.fr\/gerardmerinfo\/wp-json\/wp\/v2\/categories?post=39600"},{"taxonomy":"post_tag","embeddable":true,"href":"https:\/\/vosgesinfo.fr\/gerardmerinfo\/wp-json\/wp\/v2\/tags?post=39600"}],"curies":[{"name":"wp","href":"https:\/\/api.w.org\/{rel}","templated":true}]}}