{"id":39607,"date":"2019-02-04T17:04:15","date_gmt":"2019-02-04T16:04:15","guid":{"rendered":"https:\/\/vosgesinfo.fr\/gerardmerinfo\/2019\/02\/eli-roth-de-cabine-fever-a-green-inferno-infernal\/"},"modified":"2019-02-04T17:04:15","modified_gmt":"2019-02-04T16:04:15","slug":"eli-roth-de-cabine-fever-a-green-inferno-infernal","status":"publish","type":"post","link":"https:\/\/vosgesinfo.fr\/gerardmerinfo\/2019\/02\/eli-roth-de-cabine-fever-a-green-inferno-infernal\/","title":{"rendered":"Eli Roth : de Cabine Fever \u00e0 un Green Inferno pas si infernal"},"content":{"rendered":"<p><a href=\"\/2019\/02\/eli-roth.jpg\"><img decoding=\"async\" class=\"aligncenter size-full wp-image-141579\" src=\"\/2019\/02\/eli-roth.jpg\" alt=\"eli roth\" width=\"800\" height=\"600\" \/><\/a><\/p>\n<h3>C&rsquo;\u00e9tait un des temps fort de ce 26\u00e8me Festival du Film Fantastique et ils \u00e9taient nombreux \u00e0 attendre cette rencontre avec impatience. Samedi apr\u00e8s-midi, l&rsquo;acteur, cin\u00e9aste et producteur Eli Roth \u00e9tait pr\u00e9sent au Grand H\u00f4tel dans le cadre d&rsquo;une master class durant laquelle il est revenu sur sa carri\u00e8re et le climat qui r\u00e8gne \u00e0 Hollywood&#8230;<\/h3>\n<p>Climat qui n&rsquo;est sans doute pas le meilleur qu&rsquo;ait connu la c\u00f4te Ouest, pour une simple et bonne raison : avec les r\u00e9seaux sociaux, Tweeter notamment, tout le monde a peur d&rsquo;offenser son prochain et d&rsquo;en subir de tr\u00e8s (trop) lourdes cons\u00e9quences. Clairement, on a plus le droit de dire grand chose, de critiquer grand chose (ou grand monde) sans se faire taper sur les doigts et se faire rayer des tablettes, ce qui ne facilite pas la t\u00e2che de cin\u00e9astes comme Eli Roth qui aime glisser une note politique, critique dans ses films&#8230; Et qui attend avec impatience que le vend tourne un peu et qu&rsquo;Hollywood sorte de cette lourdeur, de ce climat qui n&rsquo;est sans doute pas propice \u00e0 la cr\u00e9ativit\u00e9, \u00e0 l&rsquo;inventivit\u00e9, et aux projets ambitieux et satyriques.<\/p>\n<p>Mais qu&rsquo;importe, Eli Roth est revenu sur le tournage de quelques-uns de ses films, le tout en fran\u00e7ais avec l&rsquo;aide du traducteur officiel du festival. Commen\u00e7ons avec Cabine Fever qu&rsquo;il avait \u00e9crit \u00e0 seulement 22 ans avec dans l&rsquo;id\u00e9e de faire un film comme Evil Dead de Sam Raimi. Un classique qui avait marqu\u00e9 Eli Roth et qui l&rsquo;as inspir\u00e9 tout en lui donnant la force de pers\u00e9v\u00e9rer quand il a su que Raimi l&rsquo;avait tourner alors qu&rsquo;il n&rsquo;avait qu&rsquo;une vingtaine d&rsquo;ann\u00e9es.\u00a0 \u00ab\u00a0A l&rsquo;\u00e9poque j&rsquo;avais vu aussi Bad Taste, Braindead, The Feebles, j&rsquo;ai vu tout ces grands r\u00e9alisateurs qui ont commenc\u00e9 par faire des films d&rsquo;horreur, et je me suis dit : je veux une carri\u00e8re comme \u00e7a, je veux commencer par le film d&rsquo;horreur ! Et puis j&rsquo;aime les slasher movies. (&#8230;) Je suis all\u00e9 dans des festivals europ\u00e9ens o\u00f9 on voyait des films qu&rsquo;on voyait nul par ailleurs, des films asiatiques et, c&rsquo;\u00e9tait fou&#8230;\u00a0\u00bb<\/p>\n<p>Le voil\u00e0 donc partit \u00e0 l&rsquo;\u00e9poque avec 2000 000 dollars pour faire Cabine Fever et \u00e0 \u00eatre au t\u00e9l\u00e9phone chaque jour pour trouver des fonds suppl\u00e9mentaires. C&rsquo;est finalement le festival de Toronto (\u00e0 qui Eli avait envoy\u00e9 une K7 d&rsquo;une version non aboutie) qui fera d\u00e9coller le film, et aussi un gamin de 12 ans, fils d&rsquo;un financeur qui a incit\u00e9 son papa \u00e0 mettre des billes pour finaliser le projet ! \u00ab\u00a0Pour La Proph\u00e9tie de l&rsquo;Horloge, c&rsquo;est le fils de Kate Blanchett qui a incit\u00e9 sa m\u00e8re \u00e0 tourner dedans, et quand tu as Kate Blanchett dans ton film&#8230; Du coup, c&rsquo;est souvent les enfants qui ont \u00e9t\u00e9 d\u00e9terminants pour moi. Si les enfants t\u2019aiment bien, \u00e7a marche, si ils t&rsquo;aiment pas, t&rsquo;es bais\u00e9 !!\u00a0\u00bb commentera avec humour Eli Roth. Un cin\u00e9aste qui essaye de rester fid\u00e8le \u00e0 lui-m\u00eame et \u00e0 sa fa\u00e7on de voir les choses et qui refusera ainsi de tourner<em> Sh\u00e9riff Fais Moi Peur !<\/em> malgr\u00e9 les sommes astronomiques qu&rsquo;on lui proposait.<\/p>\n<p>Coup de projecteur sur Hostel pour prolonger l\u2019aventure, avec justement cette dimension tr\u00e8s politique d&rsquo;un film o\u00f9 des touristes am\u00e9ricains partent en vacances en Europe, en Slovaquie pour \u00eatre pr\u00e9cis. Un film qui \u00e9voque le fait que si on veut faire quelque chose et qu&rsquo;on sait qu&rsquo;on ne se fera pas prendre, qu&rsquo;il n&rsquo;y aura pas de repr\u00e9sailles, on n&rsquo;h\u00e9sitera pas ! Surtout \u00e0 notre \u00e9poque o\u00f9 l\u2019abolition des fronti\u00e8res peut signifier que l&rsquo;on peut aller jusqu&rsquo;au bout du monde, et surtout jusqu&rsquo;au bout de ses d\u00e9sirs&#8230; \u00ab\u00a0Ce film a beaucoup choqu\u00e9 les Am\u00e9ricains aussi car beaucoup pensent pouvoir tout acheter avec leur argent. Ici \u00e7a n&rsquo;est pas le cas, et peut importe l&rsquo;argent qu&rsquo;ils repr\u00e9sentent, l&rsquo;argent qu&rsquo;il peuvent poser sur la table, \u00e7a ne vaut plus rien, si on a envie de les tuer, on le fait ! C&rsquo;est pour cela par exemple que l\u2019\u00c9tat Islamique est si terrifiant pour les Am\u00e9ricains, car il tue, peut importe l&rsquo;argent, \u00e7a ne rendre pas en ligne de compte&#8230;\u00a0\u00bb<\/p>\n<p>Terminons avec le tournage \u00e9pique de Green Inferno au fin fond de la for\u00eat p\u00e9ruvienne&#8230; Un tournage et une quantit\u00e9 incroyable d&rsquo;anecdotes \u00e0 raconter, \u00e0 tel point qu&rsquo;on ne saurait par o\u00f9 commencer ! Par le commencement peut-\u00eatre ? Pour convaincre le village qui n&rsquo;avait jamais vu un film de sa vie, c&rsquo;est Cannibal Holocaust qui a \u00e9t\u00e9 projet\u00e9 aux villageois, avec le postula que c&rsquo;\u00e9tait une com\u00e9die. C&rsquo;\u00e9tait en fait pour qu&rsquo;ils ne soient pas choqu\u00e9s de ce qui allait \u00eatre tourn\u00e9 par la suite, mais le choix avait plus que surpris Eli Roth car les enfants du village avaient assist\u00e9 \u00e0 la projection. Passons sur les serpents, les araign\u00e9es, bref la faune de mani\u00e8re g\u00e9n\u00e9rale. On \u00e9voquera les maquilleurs qui \u00e9taient des transsexuels et faisaient des spectacles avec leurs personnages \u00e0 la nuit tomb\u00e9e, ou encore une actrice qui a faillit \u00eatre emport\u00e9e par le courant d&rsquo;un fleuve en crue, et peut-\u00eatre le meilleur pour la fin : la chef d\u00e9coratrice qui s&rsquo;est vue offrir un &#8230; nourrisson pour son d\u00e9part !!! Qu&rsquo;elle a refus\u00e9, on vous rassure ! bref, si vous n&rsquo;\u00e9tiez pas \u00e0 cette master class, vous avez vraiment manqu\u00e9 quelque chose, en tout point de vue. Alors une derni\u00e8re chose : merci Eli et merci le festival!<\/p>\n","protected":false},"excerpt":{"rendered":"<p>C&rsquo;\u00e9tait un des temps fort de ce 26\u00e8me Festival du Film Fantastique et ils \u00e9taient nombreux \u00e0 attendre cette rencontre [&hellip;]<\/p>\n","protected":false},"author":42,"featured_media":39608,"comment_status":"open","ping_status":"open","sticky":false,"template":"","format":"standard","meta":{"footnotes":""},"categories":[20,4,18],"tags":[4004,91],"class_list":["post-39607","post","type-post","status-publish","format-standard","has-post-thumbnail","hentry","category-a-la-une","category-culture","category-vosges","tag-eli-roth","tag-festival-du-film-fantastique-gerardmer"],"acf":[],"yoast_head":"<!-- This site is optimized with the Yoast SEO plugin v22.5 - https:\/\/yoast.com\/wordpress\/plugins\/seo\/ -->\n<title>Eli Roth : de Cabine Fever \u00e0 un Green Inferno pas si infernal - Gerardmer Info<\/title>\n<meta name=\"robots\" content=\"index, follow, max-snippet:-1, max-image-preview:large, max-video-preview:-1\" \/>\n<link rel=\"canonical\" href=\"https:\/\/vosgesinfo.fr\/gerardmerinfo\/2019\/02\/eli-roth-de-cabine-fever-a-green-inferno-infernal\/\" \/>\n<meta name=\"twitter:card\" content=\"summary_large_image\" \/>\n<meta name=\"twitter:title\" content=\"Eli Roth : de Cabine Fever \u00e0 un Green Inferno pas si infernal - Gerardmer Info\" \/>\n<meta name=\"twitter:description\" content=\"C&rsquo;\u00e9tait un des temps fort de ce 26\u00e8me Festival du Film Fantastique et ils \u00e9taient nombreux \u00e0 attendre cette rencontre [&hellip;]\" \/>\n<meta name=\"twitter:image\" content=\"https:\/\/vosgesinfo.fr\/app\/uploads\/sites\/6\/2024\/07\/201902eli-roth.jpg\" \/>\n<meta name=\"twitter:creator\" content=\"@VosgesInfo88\" \/>\n<meta name=\"twitter:site\" content=\"@VosgesInfo88\" \/>\n<meta name=\"twitter:label1\" content=\"\u00c9crit par\" \/>\n\t<meta name=\"twitter:data1\" content=\"QG\" \/>\n\t<meta name=\"twitter:label2\" content=\"Dur\u00e9e de lecture estim\u00e9e\" \/>\n\t<meta name=\"twitter:data2\" content=\"5 minutes\" \/>\n<script type=\"application\/ld+json\" class=\"yoast-schema-graph\">{\"@context\":\"https:\/\/schema.org\",\"@graph\":[{\"@type\":\"Article\",\"@id\":\"https:\/\/vosgesinfo.fr\/gerardmerinfo\/2019\/02\/eli-roth-de-cabine-fever-a-green-inferno-infernal\/#article\",\"isPartOf\":{\"@id\":\"https:\/\/vosgesinfo.fr\/gerardmerinfo\/2019\/02\/eli-roth-de-cabine-fever-a-green-inferno-infernal\/\"},\"author\":{\"name\":\"QG\",\"@id\":\"https:\/\/vosgesinfo.fr\/gerardmerinfo\/#\/schema\/person\/db5605779a843dad16b5368f3e7613a5\"},\"headline\":\"Eli Roth : de Cabine Fever \u00e0 un Green Inferno pas si infernal\",\"datePublished\":\"2019-02-04T16:04:15+00:00\",\"dateModified\":\"2019-02-04T16:04:15+00:00\",\"mainEntityOfPage\":{\"@id\":\"https:\/\/vosgesinfo.fr\/gerardmerinfo\/2019\/02\/eli-roth-de-cabine-fever-a-green-inferno-infernal\/\"},\"wordCount\":989,\"commentCount\":0,\"publisher\":{\"@id\":\"https:\/\/vosgesinfo.fr\/gerardmerinfo\/#organization\"},\"image\":{\"@id\":\"https:\/\/vosgesinfo.fr\/gerardmerinfo\/2019\/02\/eli-roth-de-cabine-fever-a-green-inferno-infernal\/#primaryimage\"},\"thumbnailUrl\":\"https:\/\/vosgesinfo.fr\/app\/uploads\/sites\/6\/2024\/07\/201902eli-roth.jpg\",\"keywords\":[\"Eli Roth\",\"festival du film fantastique G\u00e9rardmer\"],\"articleSection\":[\"A la une\",\"Culture\",\"Vosges\"],\"inLanguage\":\"fr-FR\",\"potentialAction\":[{\"@type\":\"CommentAction\",\"name\":\"Comment\",\"target\":[\"https:\/\/vosgesinfo.fr\/gerardmerinfo\/2019\/02\/eli-roth-de-cabine-fever-a-green-inferno-infernal\/#respond\"]}]},{\"@type\":\"WebPage\",\"@id\":\"https:\/\/vosgesinfo.fr\/gerardmerinfo\/2019\/02\/eli-roth-de-cabine-fever-a-green-inferno-infernal\/\",\"url\":\"https:\/\/vosgesinfo.fr\/gerardmerinfo\/2019\/02\/eli-roth-de-cabine-fever-a-green-inferno-infernal\/\",\"name\":\"Eli Roth : de Cabine Fever \u00e0 un Green Inferno pas si infernal - Gerardmer Info\",\"isPartOf\":{\"@id\":\"https:\/\/vosgesinfo.fr\/gerardmerinfo\/#website\"},\"primaryImageOfPage\":{\"@id\":\"https:\/\/vosgesinfo.fr\/gerardmerinfo\/2019\/02\/eli-roth-de-cabine-fever-a-green-inferno-infernal\/#primaryimage\"},\"image\":{\"@id\":\"https:\/\/vosgesinfo.fr\/gerardmerinfo\/2019\/02\/eli-roth-de-cabine-fever-a-green-inferno-infernal\/#primaryimage\"},\"thumbnailUrl\":\"https:\/\/vosgesinfo.fr\/app\/uploads\/sites\/6\/2024\/07\/201902eli-roth.jpg\",\"datePublished\":\"2019-02-04T16:04:15+00:00\",\"dateModified\":\"2019-02-04T16:04:15+00:00\",\"breadcrumb\":{\"@id\":\"https:\/\/vosgesinfo.fr\/gerardmerinfo\/2019\/02\/eli-roth-de-cabine-fever-a-green-inferno-infernal\/#breadcrumb\"},\"inLanguage\":\"fr-FR\",\"potentialAction\":[{\"@type\":\"ReadAction\",\"target\":[\"https:\/\/vosgesinfo.fr\/gerardmerinfo\/2019\/02\/eli-roth-de-cabine-fever-a-green-inferno-infernal\/\"]}]},{\"@type\":\"ImageObject\",\"inLanguage\":\"fr-FR\",\"@id\":\"https:\/\/vosgesinfo.fr\/gerardmerinfo\/2019\/02\/eli-roth-de-cabine-fever-a-green-inferno-infernal\/#primaryimage\",\"url\":\"https:\/\/vosgesinfo.fr\/app\/uploads\/sites\/6\/2024\/07\/201902eli-roth.jpg\",\"contentUrl\":\"https:\/\/vosgesinfo.fr\/app\/uploads\/sites\/6\/2024\/07\/201902eli-roth.jpg\",\"width\":800,\"height\":600},{\"@type\":\"BreadcrumbList\",\"@id\":\"https:\/\/vosgesinfo.fr\/gerardmerinfo\/2019\/02\/eli-roth-de-cabine-fever-a-green-inferno-infernal\/#breadcrumb\",\"itemListElement\":[{\"@type\":\"ListItem\",\"position\":1,\"name\":\"Home\",\"item\":\"https:\/\/vosgesinfo.fr\/gerardmerinfo\/\"},{\"@type\":\"ListItem\",\"position\":2,\"name\":\"Eli Roth : de Cabine Fever \u00e0 un Green Inferno pas si infernal\"}]},{\"@type\":\"WebSite\",\"@id\":\"https:\/\/vosgesinfo.fr\/gerardmerinfo\/#website\",\"url\":\"https:\/\/vosgesinfo.fr\/gerardmerinfo\/\",\"name\":\"Gerardmer Info\",\"description\":\"Toute l&#039;actualit\u00e9 de G\u00e9rardmer\",\"publisher\":{\"@id\":\"https:\/\/vosgesinfo.fr\/gerardmerinfo\/#organization\"},\"alternateName\":\"Toute l'actualit\u00e9 de G\u00e9rardmer\",\"potentialAction\":[{\"@type\":\"SearchAction\",\"target\":{\"@type\":\"EntryPoint\",\"urlTemplate\":\"https:\/\/vosgesinfo.fr\/gerardmerinfo\/?s={search_term_string}\"},\"query-input\":\"required name=search_term_string\"}],\"inLanguage\":\"fr-FR\"},{\"@type\":\"Organization\",\"@id\":\"https:\/\/vosgesinfo.fr\/gerardmerinfo\/#organization\",\"name\":\"Gerardmer Info\",\"url\":\"https:\/\/vosgesinfo.fr\/gerardmerinfo\/\",\"logo\":{\"@type\":\"ImageObject\",\"inLanguage\":\"fr-FR\",\"@id\":\"https:\/\/vosgesinfo.fr\/gerardmerinfo\/#\/schema\/logo\/image\/\",\"url\":\"https:\/\/vosgesinfo.fr\/app\/uploads\/sites\/6\/2023\/08\/favicon-gerardmerinfo.png\",\"contentUrl\":\"https:\/\/vosgesinfo.fr\/app\/uploads\/sites\/6\/2023\/08\/favicon-gerardmerinfo.png\",\"width\":512,\"height\":512,\"caption\":\"Gerardmer Info\"},\"image\":{\"@id\":\"https:\/\/vosgesinfo.fr\/gerardmerinfo\/#\/schema\/logo\/image\/\"},\"sameAs\":[\"https:\/\/www.facebook.com\/profile.php?id=100049475262660\",\"https:\/\/x.com\/VosgesInfo88\",\"https:\/\/www.youtube.com\/@vosgesinfo\"]},{\"@type\":\"Person\",\"@id\":\"https:\/\/vosgesinfo.fr\/gerardmerinfo\/#\/schema\/person\/db5605779a843dad16b5368f3e7613a5\",\"name\":\"QG\",\"image\":{\"@type\":\"ImageObject\",\"inLanguage\":\"fr-FR\",\"@id\":\"https:\/\/vosgesinfo.fr\/gerardmerinfo\/#\/schema\/person\/image\/\",\"url\":\"https:\/\/secure.gravatar.com\/avatar\/ea80c42c204b534408512832fde52504ecabb9706bcb6151cf6175e5b64e6793?s=96&d=mm&r=g\",\"contentUrl\":\"https:\/\/secure.gravatar.com\/avatar\/ea80c42c204b534408512832fde52504ecabb9706bcb6151cf6175e5b64e6793?s=96&d=mm&r=g\",\"caption\":\"QG\"},\"url\":\"https:\/\/vosgesinfo.fr\/gerardmerinfo\/author\/quentin88\/\"}]}<\/script>\n<!-- \/ Yoast SEO plugin. -->","yoast_head_json":{"title":"Eli Roth : de Cabine Fever \u00e0 un Green Inferno pas si infernal - Gerardmer Info","robots":{"index":"index","follow":"follow","max-snippet":"max-snippet:-1","max-image-preview":"max-image-preview:large","max-video-preview":"max-video-preview:-1"},"canonical":"https:\/\/vosgesinfo.fr\/gerardmerinfo\/2019\/02\/eli-roth-de-cabine-fever-a-green-inferno-infernal\/","twitter_card":"summary_large_image","twitter_title":"Eli Roth : de Cabine Fever \u00e0 un Green Inferno pas si infernal - Gerardmer Info","twitter_description":"C&rsquo;\u00e9tait un des temps fort de ce 26\u00e8me Festival du Film Fantastique et ils \u00e9taient nombreux \u00e0 attendre cette rencontre [&hellip;]","twitter_image":"https:\/\/vosgesinfo.fr\/app\/uploads\/sites\/6\/2024\/07\/201902eli-roth.jpg","twitter_creator":"@VosgesInfo88","twitter_site":"@VosgesInfo88","twitter_misc":{"\u00c9crit par":"QG","Dur\u00e9e de lecture estim\u00e9e":"5 minutes"},"schema":{"@context":"https:\/\/schema.org","@graph":[{"@type":"Article","@id":"https:\/\/vosgesinfo.fr\/gerardmerinfo\/2019\/02\/eli-roth-de-cabine-fever-a-green-inferno-infernal\/#article","isPartOf":{"@id":"https:\/\/vosgesinfo.fr\/gerardmerinfo\/2019\/02\/eli-roth-de-cabine-fever-a-green-inferno-infernal\/"},"author":{"name":"QG","@id":"https:\/\/vosgesinfo.fr\/gerardmerinfo\/#\/schema\/person\/db5605779a843dad16b5368f3e7613a5"},"headline":"Eli Roth : de Cabine Fever \u00e0 un Green Inferno pas si infernal","datePublished":"2019-02-04T16:04:15+00:00","dateModified":"2019-02-04T16:04:15+00:00","mainEntityOfPage":{"@id":"https:\/\/vosgesinfo.fr\/gerardmerinfo\/2019\/02\/eli-roth-de-cabine-fever-a-green-inferno-infernal\/"},"wordCount":989,"commentCount":0,"publisher":{"@id":"https:\/\/vosgesinfo.fr\/gerardmerinfo\/#organization"},"image":{"@id":"https:\/\/vosgesinfo.fr\/gerardmerinfo\/2019\/02\/eli-roth-de-cabine-fever-a-green-inferno-infernal\/#primaryimage"},"thumbnailUrl":"https:\/\/vosgesinfo.fr\/app\/uploads\/sites\/6\/2024\/07\/201902eli-roth.jpg","keywords":["Eli Roth","festival du film fantastique G\u00e9rardmer"],"articleSection":["A la une","Culture","Vosges"],"inLanguage":"fr-FR","potentialAction":[{"@type":"CommentAction","name":"Comment","target":["https:\/\/vosgesinfo.fr\/gerardmerinfo\/2019\/02\/eli-roth-de-cabine-fever-a-green-inferno-infernal\/#respond"]}]},{"@type":"WebPage","@id":"https:\/\/vosgesinfo.fr\/gerardmerinfo\/2019\/02\/eli-roth-de-cabine-fever-a-green-inferno-infernal\/","url":"https:\/\/vosgesinfo.fr\/gerardmerinfo\/2019\/02\/eli-roth-de-cabine-fever-a-green-inferno-infernal\/","name":"Eli Roth : de Cabine Fever \u00e0 un Green Inferno pas si infernal - Gerardmer Info","isPartOf":{"@id":"https:\/\/vosgesinfo.fr\/gerardmerinfo\/#website"},"primaryImageOfPage":{"@id":"https:\/\/vosgesinfo.fr\/gerardmerinfo\/2019\/02\/eli-roth-de-cabine-fever-a-green-inferno-infernal\/#primaryimage"},"image":{"@id":"https:\/\/vosgesinfo.fr\/gerardmerinfo\/2019\/02\/eli-roth-de-cabine-fever-a-green-inferno-infernal\/#primaryimage"},"thumbnailUrl":"https:\/\/vosgesinfo.fr\/app\/uploads\/sites\/6\/2024\/07\/201902eli-roth.jpg","datePublished":"2019-02-04T16:04:15+00:00","dateModified":"2019-02-04T16:04:15+00:00","breadcrumb":{"@id":"https:\/\/vosgesinfo.fr\/gerardmerinfo\/2019\/02\/eli-roth-de-cabine-fever-a-green-inferno-infernal\/#breadcrumb"},"inLanguage":"fr-FR","potentialAction":[{"@type":"ReadAction","target":["https:\/\/vosgesinfo.fr\/gerardmerinfo\/2019\/02\/eli-roth-de-cabine-fever-a-green-inferno-infernal\/"]}]},{"@type":"ImageObject","inLanguage":"fr-FR","@id":"https:\/\/vosgesinfo.fr\/gerardmerinfo\/2019\/02\/eli-roth-de-cabine-fever-a-green-inferno-infernal\/#primaryimage","url":"https:\/\/vosgesinfo.fr\/app\/uploads\/sites\/6\/2024\/07\/201902eli-roth.jpg","contentUrl":"https:\/\/vosgesinfo.fr\/app\/uploads\/sites\/6\/2024\/07\/201902eli-roth.jpg","width":800,"height":600},{"@type":"BreadcrumbList","@id":"https:\/\/vosgesinfo.fr\/gerardmerinfo\/2019\/02\/eli-roth-de-cabine-fever-a-green-inferno-infernal\/#breadcrumb","itemListElement":[{"@type":"ListItem","position":1,"name":"Home","item":"https:\/\/vosgesinfo.fr\/gerardmerinfo\/"},{"@type":"ListItem","position":2,"name":"Eli Roth : de Cabine Fever \u00e0 un Green Inferno pas si infernal"}]},{"@type":"WebSite","@id":"https:\/\/vosgesinfo.fr\/gerardmerinfo\/#website","url":"https:\/\/vosgesinfo.fr\/gerardmerinfo\/","name":"Gerardmer Info","description":"Toute l&#039;actualit\u00e9 de G\u00e9rardmer","publisher":{"@id":"https:\/\/vosgesinfo.fr\/gerardmerinfo\/#organization"},"alternateName":"Toute l'actualit\u00e9 de G\u00e9rardmer","potentialAction":[{"@type":"SearchAction","target":{"@type":"EntryPoint","urlTemplate":"https:\/\/vosgesinfo.fr\/gerardmerinfo\/?s={search_term_string}"},"query-input":"required name=search_term_string"}],"inLanguage":"fr-FR"},{"@type":"Organization","@id":"https:\/\/vosgesinfo.fr\/gerardmerinfo\/#organization","name":"Gerardmer Info","url":"https:\/\/vosgesinfo.fr\/gerardmerinfo\/","logo":{"@type":"ImageObject","inLanguage":"fr-FR","@id":"https:\/\/vosgesinfo.fr\/gerardmerinfo\/#\/schema\/logo\/image\/","url":"https:\/\/vosgesinfo.fr\/app\/uploads\/sites\/6\/2023\/08\/favicon-gerardmerinfo.png","contentUrl":"https:\/\/vosgesinfo.fr\/app\/uploads\/sites\/6\/2023\/08\/favicon-gerardmerinfo.png","width":512,"height":512,"caption":"Gerardmer Info"},"image":{"@id":"https:\/\/vosgesinfo.fr\/gerardmerinfo\/#\/schema\/logo\/image\/"},"sameAs":["https:\/\/www.facebook.com\/profile.php?id=100049475262660","https:\/\/x.com\/VosgesInfo88","https:\/\/www.youtube.com\/@vosgesinfo"]},{"@type":"Person","@id":"https:\/\/vosgesinfo.fr\/gerardmerinfo\/#\/schema\/person\/db5605779a843dad16b5368f3e7613a5","name":"QG","image":{"@type":"ImageObject","inLanguage":"fr-FR","@id":"https:\/\/vosgesinfo.fr\/gerardmerinfo\/#\/schema\/person\/image\/","url":"https:\/\/secure.gravatar.com\/avatar\/ea80c42c204b534408512832fde52504ecabb9706bcb6151cf6175e5b64e6793?s=96&d=mm&r=g","contentUrl":"https:\/\/secure.gravatar.com\/avatar\/ea80c42c204b534408512832fde52504ecabb9706bcb6151cf6175e5b64e6793?s=96&d=mm&r=g","caption":"QG"},"url":"https:\/\/vosgesinfo.fr\/gerardmerinfo\/author\/quentin88\/"}]}},"_links":{"self":[{"href":"https:\/\/vosgesinfo.fr\/gerardmerinfo\/wp-json\/wp\/v2\/posts\/39607","targetHints":{"allow":["GET"]}}],"collection":[{"href":"https:\/\/vosgesinfo.fr\/gerardmerinfo\/wp-json\/wp\/v2\/posts"}],"about":[{"href":"https:\/\/vosgesinfo.fr\/gerardmerinfo\/wp-json\/wp\/v2\/types\/post"}],"author":[{"embeddable":true,"href":"https:\/\/vosgesinfo.fr\/gerardmerinfo\/wp-json\/wp\/v2\/users\/42"}],"replies":[{"embeddable":true,"href":"https:\/\/vosgesinfo.fr\/gerardmerinfo\/wp-json\/wp\/v2\/comments?post=39607"}],"version-history":[{"count":0,"href":"https:\/\/vosgesinfo.fr\/gerardmerinfo\/wp-json\/wp\/v2\/posts\/39607\/revisions"}],"wp:featuredmedia":[{"embeddable":true,"href":"https:\/\/vosgesinfo.fr\/gerardmerinfo\/wp-json\/wp\/v2\/media\/39608"}],"wp:attachment":[{"href":"https:\/\/vosgesinfo.fr\/gerardmerinfo\/wp-json\/wp\/v2\/media?parent=39607"}],"wp:term":[{"taxonomy":"category","embeddable":true,"href":"https:\/\/vosgesinfo.fr\/gerardmerinfo\/wp-json\/wp\/v2\/categories?post=39607"},{"taxonomy":"post_tag","embeddable":true,"href":"https:\/\/vosgesinfo.fr\/gerardmerinfo\/wp-json\/wp\/v2\/tags?post=39607"}],"curies":[{"name":"wp","href":"https:\/\/api.w.org\/{rel}","templated":true}]}}