{"id":39613,"date":"2019-02-04T16:36:50","date_gmt":"2019-02-04T15:36:50","guid":{"rendered":"https:\/\/vosgesinfo.fr\/gerardmerinfo\/2019\/02\/garnier-thiebaut-a-fibre-vosgienne-departementale\/"},"modified":"2019-02-04T16:36:50","modified_gmt":"2019-02-04T15:36:50","slug":"garnier-thiebaut-a-fibre-vosgienne-departementale","status":"publish","type":"post","link":"https:\/\/vosgesinfo.fr\/gerardmerinfo\/2019\/02\/garnier-thiebaut-a-fibre-vosgienne-departementale\/","title":{"rendered":"Garnier-Thiebaut a la fibre Vosgienne&#8230;et d\u00e9partementale"},"content":{"rendered":"<p>&nbsp;<\/p>\n\n<p><span style=\"font-size: 14pt;\">Le d\u00e9veloppement encore et toujours\u00a0 de la mondialisation de l&rsquo;\u00e9conomie passe aujourd&rsquo;hui par la transmission. De l&rsquo;information mais aussi des donn\u00e9es, de la cr\u00e9ation et des commandes. Alors forc\u00e9ment, les entreprises de pointe ont besoin du meilleur et aujourd&rsquo;hui la rapidit\u00e9 des \u00e9changes passent par internet. C&rsquo;est pourquoi le Conseil D\u00e9partement est \u00e0 l\u2019heure de l\u2019hyper num\u00e9rique avec l&rsquo;acc\u00e8s au haut d\u00e9bit et tr\u00e8s haut d\u00e9bit \u00e0 travers son plan dot\u00e9 de 60 millions d&rsquo;euros afin de permettre \u00e0 chaque vosgien de disposer d&rsquo;une connexion adapt\u00e9e . Le pr\u00e9sident du CD88 Fran\u00e7ois Vannson \u00e9tait\u00a0 ce lundi en v\u00e9ritable tourn\u00e9e des popotes avec une premi\u00e8re halte dans l&rsquo;apr\u00e8s-midi aux Ets Garnier-Thi\u00e9baut de Kichompr\u00e9. Il fut donc question de l&rsquo;arriv\u00e9e du\u00a0 haut d\u00e9bit\u00a0 sur la fibre optique. Cette derni\u00e8re\u00a0 est install\u00e9e sur les bords du lac\u00a0 et le d\u00e9partement a financ\u00e9 \u00e0 hauteur de 31 000 \u20ac TTC l&rsquo;infrastructure d&rsquo;accueil.<br \/>\n<\/span><\/p>\n<p><span style=\"font-size: 14pt;\">Le PDG de l&rsquo;entreprise Paul de Montclos a d\u00e9montr\u00e9 la n\u00e9cessit\u00e9, apr\u00e8s une visite des\u00a0 services et des ateliers, de poss\u00e9der un outil capable de rivaliser avec les soci\u00e9t\u00e9s implant\u00e9es cot\u00e9 soleil levant au risque de perdre des march\u00e9s mondiaux initialement en leur possession. Adaptabilit\u00e9 et rapidit\u00e9 sont deux gages de r\u00e9ussites imm\u00e9diates et forc\u00e9ment ensuite sur le plus long terme.<br \/>\n<\/span><\/p>\n<p><span style=\"font-size: 14pt;\">A noter, 8 entreprises vosgiennes ont \u00e9t\u00e9 ainsi \u00e9t\u00e9 raccord\u00e9es \u00e0 la fibre optique via le guichet haut-d\u00e9bit mis en place par le d\u00e9partement. Outre Garnier-Thi\u00e9baut, on compte \u00e9galement, VD Industry et Numalliance \u00e0 St-Michel sur Meurthe, Europe Camions \u00e0 Ambacourt, De Buyer au Val d&rsquo;Ajol, Labellemontagne \u00e0 La Bresse, Fraispertuis City \u00e0 Jeanm\u00e9nil et Cheval Libert\u00e9 \u00e0 Lign\u00e9ville.<\/span><\/p>\n<p><span style=\"font-size: 14pt;\">Le plan num\u00e9rique du d\u00e9partement des Vosges s\u2019ach\u00e8ve. D\u00e9sormais, les Vosges participeront au plan de la R\u00e9gion qui apportera la fibre \u00e0 l\u2019ensemble des usagers ( 92% des foyers vosgiens sont connect\u00e9s au haut d\u00e9bit via la technologie filaire. Les 8% restants ont pu b\u00e9n\u00e9fici\u00e9 de solutions alternatives (satellite, box&#8230;).\u00a0 Pour cela le Conseil d\u00e9partemental allouera plus de 13 millions d\u2019euros pour que ce dossier puisse aboutir d\u2019ici 2023.<\/span><\/p>\n<p><span style=\"font-size: 14pt;\">Fran\u00e7ois Vannson a poursuivi son apr\u00e8s midi inaugural pour se rendre ensuite dans la commune de Champdray\u00a0 accueilli par la mairesse <span class=\"st\">\u00c9lisabeth Klipfel. L\u00e0 encore les investissements du d\u00e9partement ont permis au village et \u00e0 celui de R\u00e9haupal\u00a0 d\u2019acc\u00e9der au haut-d\u00e9bit pour une facture de 386 400 \u20ac TTC. 164 foyers ont ainsi vu leur connexion am\u00e9lior\u00e9e<br \/>\n<\/span><\/span><\/p>\n<p>&nbsp;<\/p>\n","protected":false},"excerpt":{"rendered":"<p>&nbsp; Le d\u00e9veloppement encore et toujours\u00a0 de la mondialisation de l&rsquo;\u00e9conomie passe aujourd&rsquo;hui par la transmission. De l&rsquo;information mais aussi [&hellip;]<\/p>\n","protected":false},"author":1,"featured_media":39614,"comment_status":"open","ping_status":"open","sticky":false,"template":"","format":"standard","meta":{"footnotes":""},"categories":[20],"tags":[],"class_list":["post-39613","post","type-post","status-publish","format-standard","has-post-thumbnail","hentry","category-a-la-une"],"acf":[],"yoast_head":"<!-- This site is optimized with the Yoast SEO plugin v22.5 - https:\/\/yoast.com\/wordpress\/plugins\/seo\/ -->\n<title>Garnier-Thiebaut a la fibre Vosgienne...et d\u00e9partementale - Gerardmer Info<\/title>\n<meta name=\"robots\" content=\"index, follow, max-snippet:-1, max-image-preview:large, max-video-preview:-1\" \/>\n<link rel=\"canonical\" href=\"https:\/\/vosgesinfo.fr\/gerardmerinfo\/2019\/02\/garnier-thiebaut-a-fibre-vosgienne-departementale\/\" \/>\n<meta name=\"twitter:card\" content=\"summary_large_image\" \/>\n<meta name=\"twitter:title\" content=\"Garnier-Thiebaut a la fibre Vosgienne...et d\u00e9partementale - Gerardmer Info\" \/>\n<meta name=\"twitter:description\" content=\"&nbsp; Le d\u00e9veloppement encore et toujours\u00a0 de la mondialisation de l&rsquo;\u00e9conomie passe aujourd&rsquo;hui par la transmission. De l&rsquo;information mais aussi [&hellip;]\" \/>\n<meta name=\"twitter:image\" content=\"https:\/\/vosgesinfo.fr\/app\/uploads\/sites\/6\/2024\/07\/201902p1120701.jpg\" \/>\n<meta name=\"twitter:creator\" content=\"@VosgesInfo88\" \/>\n<meta name=\"twitter:site\" content=\"@VosgesInfo88\" \/>\n<meta name=\"twitter:label1\" content=\"\u00c9crit par\" \/>\n\t<meta name=\"twitter:data1\" content=\"qs_admin\" \/>\n\t<meta name=\"twitter:label2\" content=\"Dur\u00e9e de lecture estim\u00e9e\" \/>\n\t<meta name=\"twitter:data2\" content=\"2 minutes\" \/>\n<script type=\"application\/ld+json\" class=\"yoast-schema-graph\">{\"@context\":\"https:\/\/schema.org\",\"@graph\":[{\"@type\":\"Article\",\"@id\":\"https:\/\/vosgesinfo.fr\/gerardmerinfo\/2019\/02\/garnier-thiebaut-a-fibre-vosgienne-departementale\/#article\",\"isPartOf\":{\"@id\":\"https:\/\/vosgesinfo.fr\/gerardmerinfo\/2019\/02\/garnier-thiebaut-a-fibre-vosgienne-departementale\/\"},\"author\":{\"name\":\"qs_admin\",\"@id\":\"https:\/\/vosgesinfo.fr\/gerardmerinfo\/#\/schema\/person\/bc5d02d71e6932e81b6dadb7386667b1\"},\"headline\":\"Garnier-Thiebaut a la fibre Vosgienne&#8230;et d\u00e9partementale\",\"datePublished\":\"2019-02-04T15:36:50+00:00\",\"dateModified\":\"2019-02-04T15:36:50+00:00\",\"mainEntityOfPage\":{\"@id\":\"https:\/\/vosgesinfo.fr\/gerardmerinfo\/2019\/02\/garnier-thiebaut-a-fibre-vosgienne-departementale\/\"},\"wordCount\":466,\"commentCount\":0,\"publisher\":{\"@id\":\"https:\/\/vosgesinfo.fr\/gerardmerinfo\/#organization\"},\"image\":{\"@id\":\"https:\/\/vosgesinfo.fr\/gerardmerinfo\/2019\/02\/garnier-thiebaut-a-fibre-vosgienne-departementale\/#primaryimage\"},\"thumbnailUrl\":\"https:\/\/vosgesinfo.fr\/app\/uploads\/sites\/6\/2024\/07\/201902p1120701.jpg\",\"articleSection\":[\"A la une\"],\"inLanguage\":\"fr-FR\",\"potentialAction\":[{\"@type\":\"CommentAction\",\"name\":\"Comment\",\"target\":[\"https:\/\/vosgesinfo.fr\/gerardmerinfo\/2019\/02\/garnier-thiebaut-a-fibre-vosgienne-departementale\/#respond\"]}]},{\"@type\":\"WebPage\",\"@id\":\"https:\/\/vosgesinfo.fr\/gerardmerinfo\/2019\/02\/garnier-thiebaut-a-fibre-vosgienne-departementale\/\",\"url\":\"https:\/\/vosgesinfo.fr\/gerardmerinfo\/2019\/02\/garnier-thiebaut-a-fibre-vosgienne-departementale\/\",\"name\":\"Garnier-Thiebaut a la fibre Vosgienne...et d\u00e9partementale - Gerardmer Info\",\"isPartOf\":{\"@id\":\"https:\/\/vosgesinfo.fr\/gerardmerinfo\/#website\"},\"primaryImageOfPage\":{\"@id\":\"https:\/\/vosgesinfo.fr\/gerardmerinfo\/2019\/02\/garnier-thiebaut-a-fibre-vosgienne-departementale\/#primaryimage\"},\"image\":{\"@id\":\"https:\/\/vosgesinfo.fr\/gerardmerinfo\/2019\/02\/garnier-thiebaut-a-fibre-vosgienne-departementale\/#primaryimage\"},\"thumbnailUrl\":\"https:\/\/vosgesinfo.fr\/app\/uploads\/sites\/6\/2024\/07\/201902p1120701.jpg\",\"datePublished\":\"2019-02-04T15:36:50+00:00\",\"dateModified\":\"2019-02-04T15:36:50+00:00\",\"breadcrumb\":{\"@id\":\"https:\/\/vosgesinfo.fr\/gerardmerinfo\/2019\/02\/garnier-thiebaut-a-fibre-vosgienne-departementale\/#breadcrumb\"},\"inLanguage\":\"fr-FR\",\"potentialAction\":[{\"@type\":\"ReadAction\",\"target\":[\"https:\/\/vosgesinfo.fr\/gerardmerinfo\/2019\/02\/garnier-thiebaut-a-fibre-vosgienne-departementale\/\"]}]},{\"@type\":\"ImageObject\",\"inLanguage\":\"fr-FR\",\"@id\":\"https:\/\/vosgesinfo.fr\/gerardmerinfo\/2019\/02\/garnier-thiebaut-a-fibre-vosgienne-departementale\/#primaryimage\",\"url\":\"https:\/\/vosgesinfo.fr\/app\/uploads\/sites\/6\/2024\/07\/201902p1120701.jpg\",\"contentUrl\":\"https:\/\/vosgesinfo.fr\/app\/uploads\/sites\/6\/2024\/07\/201902p1120701.jpg\",\"width\":800,\"height\":600},{\"@type\":\"BreadcrumbList\",\"@id\":\"https:\/\/vosgesinfo.fr\/gerardmerinfo\/2019\/02\/garnier-thiebaut-a-fibre-vosgienne-departementale\/#breadcrumb\",\"itemListElement\":[{\"@type\":\"ListItem\",\"position\":1,\"name\":\"Home\",\"item\":\"https:\/\/vosgesinfo.fr\/gerardmerinfo\/\"},{\"@type\":\"ListItem\",\"position\":2,\"name\":\"Garnier-Thiebaut a la fibre Vosgienne&#8230;et d\u00e9partementale\"}]},{\"@type\":\"WebSite\",\"@id\":\"https:\/\/vosgesinfo.fr\/gerardmerinfo\/#website\",\"url\":\"https:\/\/vosgesinfo.fr\/gerardmerinfo\/\",\"name\":\"Gerardmer Info\",\"description\":\"Toute l&#039;actualit\u00e9 de G\u00e9rardmer\",\"publisher\":{\"@id\":\"https:\/\/vosgesinfo.fr\/gerardmerinfo\/#organization\"},\"alternateName\":\"Toute l'actualit\u00e9 de G\u00e9rardmer\",\"potentialAction\":[{\"@type\":\"SearchAction\",\"target\":{\"@type\":\"EntryPoint\",\"urlTemplate\":\"https:\/\/vosgesinfo.fr\/gerardmerinfo\/?s={search_term_string}\"},\"query-input\":\"required name=search_term_string\"}],\"inLanguage\":\"fr-FR\"},{\"@type\":\"Organization\",\"@id\":\"https:\/\/vosgesinfo.fr\/gerardmerinfo\/#organization\",\"name\":\"Gerardmer Info\",\"url\":\"https:\/\/vosgesinfo.fr\/gerardmerinfo\/\",\"logo\":{\"@type\":\"ImageObject\",\"inLanguage\":\"fr-FR\",\"@id\":\"https:\/\/vosgesinfo.fr\/gerardmerinfo\/#\/schema\/logo\/image\/\",\"url\":\"https:\/\/vosgesinfo.fr\/app\/uploads\/sites\/6\/2023\/08\/favicon-gerardmerinfo.png\",\"contentUrl\":\"https:\/\/vosgesinfo.fr\/app\/uploads\/sites\/6\/2023\/08\/favicon-gerardmerinfo.png\",\"width\":512,\"height\":512,\"caption\":\"Gerardmer Info\"},\"image\":{\"@id\":\"https:\/\/vosgesinfo.fr\/gerardmerinfo\/#\/schema\/logo\/image\/\"},\"sameAs\":[\"https:\/\/www.facebook.com\/profile.php?id=100049475262660\",\"https:\/\/x.com\/VosgesInfo88\",\"https:\/\/www.youtube.com\/@vosgesinfo\"]},{\"@type\":\"Person\",\"@id\":\"https:\/\/vosgesinfo.fr\/gerardmerinfo\/#\/schema\/person\/bc5d02d71e6932e81b6dadb7386667b1\",\"name\":\"qs_admin\",\"image\":{\"@type\":\"ImageObject\",\"inLanguage\":\"fr-FR\",\"@id\":\"https:\/\/vosgesinfo.fr\/gerardmerinfo\/#\/schema\/person\/image\/\",\"url\":\"https:\/\/secure.gravatar.com\/avatar\/94b18ee0ed79e4a42ea2f2931277b6841a8999fc6fde214600c78057cf1fe1de?s=96&d=mm&r=g\",\"contentUrl\":\"https:\/\/secure.gravatar.com\/avatar\/94b18ee0ed79e4a42ea2f2931277b6841a8999fc6fde214600c78057cf1fe1de?s=96&d=mm&r=g\",\"caption\":\"qs_admin\"},\"sameAs\":[\"https:\/\/vosgesinfo.fr\/wp\"],\"url\":\"https:\/\/vosgesinfo.fr\/gerardmerinfo\/author\/qs_admin\/\"}]}<\/script>\n<!-- \/ Yoast SEO plugin. -->","yoast_head_json":{"title":"Garnier-Thiebaut a la fibre Vosgienne...et d\u00e9partementale - Gerardmer Info","robots":{"index":"index","follow":"follow","max-snippet":"max-snippet:-1","max-image-preview":"max-image-preview:large","max-video-preview":"max-video-preview:-1"},"canonical":"https:\/\/vosgesinfo.fr\/gerardmerinfo\/2019\/02\/garnier-thiebaut-a-fibre-vosgienne-departementale\/","twitter_card":"summary_large_image","twitter_title":"Garnier-Thiebaut a la fibre Vosgienne...et d\u00e9partementale - Gerardmer Info","twitter_description":"&nbsp; Le d\u00e9veloppement encore et toujours\u00a0 de la mondialisation de l&rsquo;\u00e9conomie passe aujourd&rsquo;hui par la transmission. De l&rsquo;information mais aussi [&hellip;]","twitter_image":"https:\/\/vosgesinfo.fr\/app\/uploads\/sites\/6\/2024\/07\/201902p1120701.jpg","twitter_creator":"@VosgesInfo88","twitter_site":"@VosgesInfo88","twitter_misc":{"\u00c9crit par":"qs_admin","Dur\u00e9e de lecture estim\u00e9e":"2 minutes"},"schema":{"@context":"https:\/\/schema.org","@graph":[{"@type":"Article","@id":"https:\/\/vosgesinfo.fr\/gerardmerinfo\/2019\/02\/garnier-thiebaut-a-fibre-vosgienne-departementale\/#article","isPartOf":{"@id":"https:\/\/vosgesinfo.fr\/gerardmerinfo\/2019\/02\/garnier-thiebaut-a-fibre-vosgienne-departementale\/"},"author":{"name":"qs_admin","@id":"https:\/\/vosgesinfo.fr\/gerardmerinfo\/#\/schema\/person\/bc5d02d71e6932e81b6dadb7386667b1"},"headline":"Garnier-Thiebaut a la fibre Vosgienne&#8230;et d\u00e9partementale","datePublished":"2019-02-04T15:36:50+00:00","dateModified":"2019-02-04T15:36:50+00:00","mainEntityOfPage":{"@id":"https:\/\/vosgesinfo.fr\/gerardmerinfo\/2019\/02\/garnier-thiebaut-a-fibre-vosgienne-departementale\/"},"wordCount":466,"commentCount":0,"publisher":{"@id":"https:\/\/vosgesinfo.fr\/gerardmerinfo\/#organization"},"image":{"@id":"https:\/\/vosgesinfo.fr\/gerardmerinfo\/2019\/02\/garnier-thiebaut-a-fibre-vosgienne-departementale\/#primaryimage"},"thumbnailUrl":"https:\/\/vosgesinfo.fr\/app\/uploads\/sites\/6\/2024\/07\/201902p1120701.jpg","articleSection":["A la une"],"inLanguage":"fr-FR","potentialAction":[{"@type":"CommentAction","name":"Comment","target":["https:\/\/vosgesinfo.fr\/gerardmerinfo\/2019\/02\/garnier-thiebaut-a-fibre-vosgienne-departementale\/#respond"]}]},{"@type":"WebPage","@id":"https:\/\/vosgesinfo.fr\/gerardmerinfo\/2019\/02\/garnier-thiebaut-a-fibre-vosgienne-departementale\/","url":"https:\/\/vosgesinfo.fr\/gerardmerinfo\/2019\/02\/garnier-thiebaut-a-fibre-vosgienne-departementale\/","name":"Garnier-Thiebaut a la fibre Vosgienne...et d\u00e9partementale - Gerardmer Info","isPartOf":{"@id":"https:\/\/vosgesinfo.fr\/gerardmerinfo\/#website"},"primaryImageOfPage":{"@id":"https:\/\/vosgesinfo.fr\/gerardmerinfo\/2019\/02\/garnier-thiebaut-a-fibre-vosgienne-departementale\/#primaryimage"},"image":{"@id":"https:\/\/vosgesinfo.fr\/gerardmerinfo\/2019\/02\/garnier-thiebaut-a-fibre-vosgienne-departementale\/#primaryimage"},"thumbnailUrl":"https:\/\/vosgesinfo.fr\/app\/uploads\/sites\/6\/2024\/07\/201902p1120701.jpg","datePublished":"2019-02-04T15:36:50+00:00","dateModified":"2019-02-04T15:36:50+00:00","breadcrumb":{"@id":"https:\/\/vosgesinfo.fr\/gerardmerinfo\/2019\/02\/garnier-thiebaut-a-fibre-vosgienne-departementale\/#breadcrumb"},"inLanguage":"fr-FR","potentialAction":[{"@type":"ReadAction","target":["https:\/\/vosgesinfo.fr\/gerardmerinfo\/2019\/02\/garnier-thiebaut-a-fibre-vosgienne-departementale\/"]}]},{"@type":"ImageObject","inLanguage":"fr-FR","@id":"https:\/\/vosgesinfo.fr\/gerardmerinfo\/2019\/02\/garnier-thiebaut-a-fibre-vosgienne-departementale\/#primaryimage","url":"https:\/\/vosgesinfo.fr\/app\/uploads\/sites\/6\/2024\/07\/201902p1120701.jpg","contentUrl":"https:\/\/vosgesinfo.fr\/app\/uploads\/sites\/6\/2024\/07\/201902p1120701.jpg","width":800,"height":600},{"@type":"BreadcrumbList","@id":"https:\/\/vosgesinfo.fr\/gerardmerinfo\/2019\/02\/garnier-thiebaut-a-fibre-vosgienne-departementale\/#breadcrumb","itemListElement":[{"@type":"ListItem","position":1,"name":"Home","item":"https:\/\/vosgesinfo.fr\/gerardmerinfo\/"},{"@type":"ListItem","position":2,"name":"Garnier-Thiebaut a la fibre Vosgienne&#8230;et d\u00e9partementale"}]},{"@type":"WebSite","@id":"https:\/\/vosgesinfo.fr\/gerardmerinfo\/#website","url":"https:\/\/vosgesinfo.fr\/gerardmerinfo\/","name":"Gerardmer Info","description":"Toute l&#039;actualit\u00e9 de G\u00e9rardmer","publisher":{"@id":"https:\/\/vosgesinfo.fr\/gerardmerinfo\/#organization"},"alternateName":"Toute l'actualit\u00e9 de G\u00e9rardmer","potentialAction":[{"@type":"SearchAction","target":{"@type":"EntryPoint","urlTemplate":"https:\/\/vosgesinfo.fr\/gerardmerinfo\/?s={search_term_string}"},"query-input":"required name=search_term_string"}],"inLanguage":"fr-FR"},{"@type":"Organization","@id":"https:\/\/vosgesinfo.fr\/gerardmerinfo\/#organization","name":"Gerardmer Info","url":"https:\/\/vosgesinfo.fr\/gerardmerinfo\/","logo":{"@type":"ImageObject","inLanguage":"fr-FR","@id":"https:\/\/vosgesinfo.fr\/gerardmerinfo\/#\/schema\/logo\/image\/","url":"https:\/\/vosgesinfo.fr\/app\/uploads\/sites\/6\/2023\/08\/favicon-gerardmerinfo.png","contentUrl":"https:\/\/vosgesinfo.fr\/app\/uploads\/sites\/6\/2023\/08\/favicon-gerardmerinfo.png","width":512,"height":512,"caption":"Gerardmer Info"},"image":{"@id":"https:\/\/vosgesinfo.fr\/gerardmerinfo\/#\/schema\/logo\/image\/"},"sameAs":["https:\/\/www.facebook.com\/profile.php?id=100049475262660","https:\/\/x.com\/VosgesInfo88","https:\/\/www.youtube.com\/@vosgesinfo"]},{"@type":"Person","@id":"https:\/\/vosgesinfo.fr\/gerardmerinfo\/#\/schema\/person\/bc5d02d71e6932e81b6dadb7386667b1","name":"qs_admin","image":{"@type":"ImageObject","inLanguage":"fr-FR","@id":"https:\/\/vosgesinfo.fr\/gerardmerinfo\/#\/schema\/person\/image\/","url":"https:\/\/secure.gravatar.com\/avatar\/94b18ee0ed79e4a42ea2f2931277b6841a8999fc6fde214600c78057cf1fe1de?s=96&d=mm&r=g","contentUrl":"https:\/\/secure.gravatar.com\/avatar\/94b18ee0ed79e4a42ea2f2931277b6841a8999fc6fde214600c78057cf1fe1de?s=96&d=mm&r=g","caption":"qs_admin"},"sameAs":["https:\/\/vosgesinfo.fr\/wp"],"url":"https:\/\/vosgesinfo.fr\/gerardmerinfo\/author\/qs_admin\/"}]}},"_links":{"self":[{"href":"https:\/\/vosgesinfo.fr\/gerardmerinfo\/wp-json\/wp\/v2\/posts\/39613","targetHints":{"allow":["GET"]}}],"collection":[{"href":"https:\/\/vosgesinfo.fr\/gerardmerinfo\/wp-json\/wp\/v2\/posts"}],"about":[{"href":"https:\/\/vosgesinfo.fr\/gerardmerinfo\/wp-json\/wp\/v2\/types\/post"}],"author":[{"embeddable":true,"href":"https:\/\/vosgesinfo.fr\/gerardmerinfo\/wp-json\/wp\/v2\/users\/1"}],"replies":[{"embeddable":true,"href":"https:\/\/vosgesinfo.fr\/gerardmerinfo\/wp-json\/wp\/v2\/comments?post=39613"}],"version-history":[{"count":0,"href":"https:\/\/vosgesinfo.fr\/gerardmerinfo\/wp-json\/wp\/v2\/posts\/39613\/revisions"}],"wp:featuredmedia":[{"embeddable":true,"href":"https:\/\/vosgesinfo.fr\/gerardmerinfo\/wp-json\/wp\/v2\/media\/39614"}],"wp:attachment":[{"href":"https:\/\/vosgesinfo.fr\/gerardmerinfo\/wp-json\/wp\/v2\/media?parent=39613"}],"wp:term":[{"taxonomy":"category","embeddable":true,"href":"https:\/\/vosgesinfo.fr\/gerardmerinfo\/wp-json\/wp\/v2\/categories?post=39613"},{"taxonomy":"post_tag","embeddable":true,"href":"https:\/\/vosgesinfo.fr\/gerardmerinfo\/wp-json\/wp\/v2\/tags?post=39613"}],"curies":[{"name":"wp","href":"https:\/\/api.w.org\/{rel}","templated":true}]}}