{"id":39624,"date":"2019-02-05T16:35:50","date_gmt":"2019-02-05T15:35:50","guid":{"rendered":"https:\/\/vosgesinfo.fr\/gerardmerinfo\/2019\/02\/on-connait-fin-de-lhistoire-asterix-obelix-ca-finit-banquet\/"},"modified":"2019-02-05T16:35:50","modified_gmt":"2019-02-05T15:35:50","slug":"on-connait-fin-de-lhistoire-asterix-obelix-ca-finit-banquet","status":"publish","type":"post","link":"https:\/\/vosgesinfo.fr\/gerardmerinfo\/2019\/02\/on-connait-fin-de-lhistoire-asterix-obelix-ca-finit-banquet\/","title":{"rendered":"On conna\u00eet la fin de l&rsquo;histoire : un peu comme dans Ast\u00e9rix &#038; Ob\u00e9lix, \u00e7a finit par un banquet"},"content":{"rendered":"\n<p>Comme le veut la tradition, le Festival du Film Fantastique s&rsquo;est achev\u00e9 hier soir du c\u00f4t\u00e9 de l&rsquo;Espace LAC o\u00f9 avait lieu l&rsquo;in\u00e9vitable repas des b\u00e9n\u00e9voles. Un festin organis\u00e9 et offert par le Groupement des H\u00f4teliers-Restaurateurs et Cafetiers de la Perle des Vosges qui ont une fois de plus mis les petits plats dans les grands pour remercier les quelques 600 personnes qui ont donn\u00e9 de leur temps pour faire vivre le festival et perdurer cette fameuse culture du b\u00e9n\u00e9volat. Une culture propre \u00e0 G\u00e9rardmer et qui permet \u00e0 ce genre d&rsquo;\u00e9v\u00e9nements de perdurer et d&rsquo;\u00eatre appr\u00e9ci\u00e9 par les festivaliers. Cela m\u00e9rite donc bien une belle soir\u00e9e, et autant dire qu&rsquo;il y avait de quoi faire !<\/p>\n<div id=\"attachment_141621\" style=\"width: 610px\" class=\"wp-caption aligncenter\"><a href=\"\/2019\/02\/groupement-h\u00f4telier-repas-b\u00e9n\u00e9voles.jpg\"><img decoding=\"async\" aria-describedby=\"caption-attachment-141621\" class=\"wp-image-141621\" src=\"\/2019\/02\/groupement-h\u00f4telier-repas-b\u00e9n\u00e9voles.jpg\" alt=\"Le groupement des H\u00f4teliers a du savoir-faire \u00e0 revendre en mati\u00e8re d'organisation !\" width=\"600\" height=\"450\" \/><\/a><p id=\"caption-attachment-141621\" class=\"wp-caption-text\">Le groupement des H\u00f4teliers a du savoir-faire \u00e0 revendre en mati\u00e8re d&rsquo;organisation !<\/p><\/div>\n","protected":false},"excerpt":{"rendered":"<p>Comme le veut la tradition, le Festival du Film Fantastique s&rsquo;est achev\u00e9 hier soir du c\u00f4t\u00e9 de l&rsquo;Espace LAC o\u00f9 [&hellip;]<\/p>\n","protected":false},"author":42,"featured_media":39625,"comment_status":"open","ping_status":"open","sticky":false,"template":"","format":"standard","meta":{"footnotes":""},"categories":[20,25,17],"tags":[91],"class_list":["post-39624","post","type-post","status-publish","format-standard","has-post-thumbnail","hentry","category-a-la-une","category-gerardmer","category-vie-associative","tag-festival-du-film-fantastique-gerardmer"],"acf":[],"yoast_head":"<!-- This site is optimized with the Yoast SEO plugin v22.5 - https:\/\/yoast.com\/wordpress\/plugins\/seo\/ -->\n<title>On conna\u00eet la fin de l&#039;histoire : un peu comme dans Ast\u00e9rix &amp; Ob\u00e9lix, \u00e7a finit par un banquet - Gerardmer Info<\/title>\n<meta name=\"robots\" content=\"index, follow, max-snippet:-1, max-image-preview:large, max-video-preview:-1\" \/>\n<link rel=\"canonical\" href=\"https:\/\/vosgesinfo.fr\/gerardmerinfo\/2019\/02\/on-connait-fin-de-lhistoire-asterix-obelix-ca-finit-banquet\/\" \/>\n<meta name=\"twitter:card\" content=\"summary_large_image\" \/>\n<meta name=\"twitter:title\" content=\"On conna\u00eet la fin de l&#039;histoire : un peu comme dans Ast\u00e9rix &amp; Ob\u00e9lix, \u00e7a finit par un banquet - Gerardmer Info\" \/>\n<meta name=\"twitter:description\" content=\"Comme le veut la tradition, le Festival du Film Fantastique s&rsquo;est achev\u00e9 hier soir du c\u00f4t\u00e9 de l&rsquo;Espace LAC o\u00f9 [&hellip;]\" \/>\n<meta name=\"twitter:image\" content=\"https:\/\/vosgesinfo.fr\/app\/uploads\/sites\/6\/2024\/07\/201902repas-des-benevoles-festival-du-film-fantastique-2019-1.jpg\" \/>\n<meta name=\"twitter:creator\" content=\"@VosgesInfo88\" \/>\n<meta name=\"twitter:site\" content=\"@VosgesInfo88\" \/>\n<meta name=\"twitter:label1\" content=\"\u00c9crit par\" \/>\n\t<meta name=\"twitter:data1\" content=\"QG\" \/>\n\t<meta name=\"twitter:label2\" content=\"Dur\u00e9e de lecture estim\u00e9e\" \/>\n\t<meta name=\"twitter:data2\" content=\"1 minute\" \/>\n<script type=\"application\/ld+json\" class=\"yoast-schema-graph\">{\"@context\":\"https:\/\/schema.org\",\"@graph\":[{\"@type\":\"Article\",\"@id\":\"https:\/\/vosgesinfo.fr\/gerardmerinfo\/2019\/02\/on-connait-fin-de-lhistoire-asterix-obelix-ca-finit-banquet\/#article\",\"isPartOf\":{\"@id\":\"https:\/\/vosgesinfo.fr\/gerardmerinfo\/2019\/02\/on-connait-fin-de-lhistoire-asterix-obelix-ca-finit-banquet\/\"},\"author\":{\"name\":\"QG\",\"@id\":\"https:\/\/vosgesinfo.fr\/gerardmerinfo\/#\/schema\/person\/db5605779a843dad16b5368f3e7613a5\"},\"headline\":\"On conna\u00eet la fin de l&rsquo;histoire : un peu comme dans Ast\u00e9rix &#038; Ob\u00e9lix, \u00e7a finit par un banquet\",\"datePublished\":\"2019-02-05T15:35:50+00:00\",\"dateModified\":\"2019-02-05T15:35:50+00:00\",\"mainEntityOfPage\":{\"@id\":\"https:\/\/vosgesinfo.fr\/gerardmerinfo\/2019\/02\/on-connait-fin-de-lhistoire-asterix-obelix-ca-finit-banquet\/\"},\"wordCount\":181,\"commentCount\":0,\"publisher\":{\"@id\":\"https:\/\/vosgesinfo.fr\/gerardmerinfo\/#organization\"},\"image\":{\"@id\":\"https:\/\/vosgesinfo.fr\/gerardmerinfo\/2019\/02\/on-connait-fin-de-lhistoire-asterix-obelix-ca-finit-banquet\/#primaryimage\"},\"thumbnailUrl\":\"https:\/\/vosgesinfo.fr\/app\/uploads\/sites\/6\/2024\/07\/201902repas-des-benevoles-festival-du-film-fantastique-2019-1.jpg\",\"keywords\":[\"festival du film fantastique G\u00e9rardmer\"],\"articleSection\":[\"A la une\",\"G\u00e9rardmer\",\"Vie Associative\"],\"inLanguage\":\"fr-FR\",\"potentialAction\":[{\"@type\":\"CommentAction\",\"name\":\"Comment\",\"target\":[\"https:\/\/vosgesinfo.fr\/gerardmerinfo\/2019\/02\/on-connait-fin-de-lhistoire-asterix-obelix-ca-finit-banquet\/#respond\"]}]},{\"@type\":\"WebPage\",\"@id\":\"https:\/\/vosgesinfo.fr\/gerardmerinfo\/2019\/02\/on-connait-fin-de-lhistoire-asterix-obelix-ca-finit-banquet\/\",\"url\":\"https:\/\/vosgesinfo.fr\/gerardmerinfo\/2019\/02\/on-connait-fin-de-lhistoire-asterix-obelix-ca-finit-banquet\/\",\"name\":\"On conna\u00eet la fin de l'histoire : un peu comme dans Ast\u00e9rix & Ob\u00e9lix, \u00e7a finit par un banquet - Gerardmer Info\",\"isPartOf\":{\"@id\":\"https:\/\/vosgesinfo.fr\/gerardmerinfo\/#website\"},\"primaryImageOfPage\":{\"@id\":\"https:\/\/vosgesinfo.fr\/gerardmerinfo\/2019\/02\/on-connait-fin-de-lhistoire-asterix-obelix-ca-finit-banquet\/#primaryimage\"},\"image\":{\"@id\":\"https:\/\/vosgesinfo.fr\/gerardmerinfo\/2019\/02\/on-connait-fin-de-lhistoire-asterix-obelix-ca-finit-banquet\/#primaryimage\"},\"thumbnailUrl\":\"https:\/\/vosgesinfo.fr\/app\/uploads\/sites\/6\/2024\/07\/201902repas-des-benevoles-festival-du-film-fantastique-2019-1.jpg\",\"datePublished\":\"2019-02-05T15:35:50+00:00\",\"dateModified\":\"2019-02-05T15:35:50+00:00\",\"breadcrumb\":{\"@id\":\"https:\/\/vosgesinfo.fr\/gerardmerinfo\/2019\/02\/on-connait-fin-de-lhistoire-asterix-obelix-ca-finit-banquet\/#breadcrumb\"},\"inLanguage\":\"fr-FR\",\"potentialAction\":[{\"@type\":\"ReadAction\",\"target\":[\"https:\/\/vosgesinfo.fr\/gerardmerinfo\/2019\/02\/on-connait-fin-de-lhistoire-asterix-obelix-ca-finit-banquet\/\"]}]},{\"@type\":\"ImageObject\",\"inLanguage\":\"fr-FR\",\"@id\":\"https:\/\/vosgesinfo.fr\/gerardmerinfo\/2019\/02\/on-connait-fin-de-lhistoire-asterix-obelix-ca-finit-banquet\/#primaryimage\",\"url\":\"https:\/\/vosgesinfo.fr\/app\/uploads\/sites\/6\/2024\/07\/201902repas-des-benevoles-festival-du-film-fantastique-2019-1.jpg\",\"contentUrl\":\"https:\/\/vosgesinfo.fr\/app\/uploads\/sites\/6\/2024\/07\/201902repas-des-benevoles-festival-du-film-fantastique-2019-1.jpg\",\"width\":800,\"height\":450},{\"@type\":\"BreadcrumbList\",\"@id\":\"https:\/\/vosgesinfo.fr\/gerardmerinfo\/2019\/02\/on-connait-fin-de-lhistoire-asterix-obelix-ca-finit-banquet\/#breadcrumb\",\"itemListElement\":[{\"@type\":\"ListItem\",\"position\":1,\"name\":\"Home\",\"item\":\"https:\/\/vosgesinfo.fr\/gerardmerinfo\/\"},{\"@type\":\"ListItem\",\"position\":2,\"name\":\"On conna\u00eet la fin de l&rsquo;histoire : un peu comme dans Ast\u00e9rix &#038; Ob\u00e9lix, \u00e7a finit par un banquet\"}]},{\"@type\":\"WebSite\",\"@id\":\"https:\/\/vosgesinfo.fr\/gerardmerinfo\/#website\",\"url\":\"https:\/\/vosgesinfo.fr\/gerardmerinfo\/\",\"name\":\"Gerardmer Info\",\"description\":\"Toute l&#039;actualit\u00e9 de G\u00e9rardmer\",\"publisher\":{\"@id\":\"https:\/\/vosgesinfo.fr\/gerardmerinfo\/#organization\"},\"alternateName\":\"Toute l'actualit\u00e9 de G\u00e9rardmer\",\"potentialAction\":[{\"@type\":\"SearchAction\",\"target\":{\"@type\":\"EntryPoint\",\"urlTemplate\":\"https:\/\/vosgesinfo.fr\/gerardmerinfo\/?s={search_term_string}\"},\"query-input\":\"required name=search_term_string\"}],\"inLanguage\":\"fr-FR\"},{\"@type\":\"Organization\",\"@id\":\"https:\/\/vosgesinfo.fr\/gerardmerinfo\/#organization\",\"name\":\"Gerardmer Info\",\"url\":\"https:\/\/vosgesinfo.fr\/gerardmerinfo\/\",\"logo\":{\"@type\":\"ImageObject\",\"inLanguage\":\"fr-FR\",\"@id\":\"https:\/\/vosgesinfo.fr\/gerardmerinfo\/#\/schema\/logo\/image\/\",\"url\":\"https:\/\/vosgesinfo.fr\/app\/uploads\/sites\/6\/2023\/08\/favicon-gerardmerinfo.png\",\"contentUrl\":\"https:\/\/vosgesinfo.fr\/app\/uploads\/sites\/6\/2023\/08\/favicon-gerardmerinfo.png\",\"width\":512,\"height\":512,\"caption\":\"Gerardmer Info\"},\"image\":{\"@id\":\"https:\/\/vosgesinfo.fr\/gerardmerinfo\/#\/schema\/logo\/image\/\"},\"sameAs\":[\"https:\/\/www.facebook.com\/profile.php?id=100049475262660\",\"https:\/\/x.com\/VosgesInfo88\",\"https:\/\/www.youtube.com\/@vosgesinfo\"]},{\"@type\":\"Person\",\"@id\":\"https:\/\/vosgesinfo.fr\/gerardmerinfo\/#\/schema\/person\/db5605779a843dad16b5368f3e7613a5\",\"name\":\"QG\",\"image\":{\"@type\":\"ImageObject\",\"inLanguage\":\"fr-FR\",\"@id\":\"https:\/\/vosgesinfo.fr\/gerardmerinfo\/#\/schema\/person\/image\/\",\"url\":\"https:\/\/secure.gravatar.com\/avatar\/ea80c42c204b534408512832fde52504ecabb9706bcb6151cf6175e5b64e6793?s=96&d=mm&r=g\",\"contentUrl\":\"https:\/\/secure.gravatar.com\/avatar\/ea80c42c204b534408512832fde52504ecabb9706bcb6151cf6175e5b64e6793?s=96&d=mm&r=g\",\"caption\":\"QG\"},\"url\":\"https:\/\/vosgesinfo.fr\/gerardmerinfo\/author\/quentin88\/\"}]}<\/script>\n<!-- \/ Yoast SEO plugin. -->","yoast_head_json":{"title":"On conna\u00eet la fin de l'histoire : un peu comme dans Ast\u00e9rix & Ob\u00e9lix, \u00e7a finit par un banquet - Gerardmer Info","robots":{"index":"index","follow":"follow","max-snippet":"max-snippet:-1","max-image-preview":"max-image-preview:large","max-video-preview":"max-video-preview:-1"},"canonical":"https:\/\/vosgesinfo.fr\/gerardmerinfo\/2019\/02\/on-connait-fin-de-lhistoire-asterix-obelix-ca-finit-banquet\/","twitter_card":"summary_large_image","twitter_title":"On conna\u00eet la fin de l'histoire : un peu comme dans Ast\u00e9rix & Ob\u00e9lix, \u00e7a finit par un banquet - Gerardmer Info","twitter_description":"Comme le veut la tradition, le Festival du Film Fantastique s&rsquo;est achev\u00e9 hier soir du c\u00f4t\u00e9 de l&rsquo;Espace LAC o\u00f9 [&hellip;]","twitter_image":"https:\/\/vosgesinfo.fr\/app\/uploads\/sites\/6\/2024\/07\/201902repas-des-benevoles-festival-du-film-fantastique-2019-1.jpg","twitter_creator":"@VosgesInfo88","twitter_site":"@VosgesInfo88","twitter_misc":{"\u00c9crit par":"QG","Dur\u00e9e de lecture estim\u00e9e":"1 minute"},"schema":{"@context":"https:\/\/schema.org","@graph":[{"@type":"Article","@id":"https:\/\/vosgesinfo.fr\/gerardmerinfo\/2019\/02\/on-connait-fin-de-lhistoire-asterix-obelix-ca-finit-banquet\/#article","isPartOf":{"@id":"https:\/\/vosgesinfo.fr\/gerardmerinfo\/2019\/02\/on-connait-fin-de-lhistoire-asterix-obelix-ca-finit-banquet\/"},"author":{"name":"QG","@id":"https:\/\/vosgesinfo.fr\/gerardmerinfo\/#\/schema\/person\/db5605779a843dad16b5368f3e7613a5"},"headline":"On conna\u00eet la fin de l&rsquo;histoire : un peu comme dans Ast\u00e9rix &#038; Ob\u00e9lix, \u00e7a finit par un banquet","datePublished":"2019-02-05T15:35:50+00:00","dateModified":"2019-02-05T15:35:50+00:00","mainEntityOfPage":{"@id":"https:\/\/vosgesinfo.fr\/gerardmerinfo\/2019\/02\/on-connait-fin-de-lhistoire-asterix-obelix-ca-finit-banquet\/"},"wordCount":181,"commentCount":0,"publisher":{"@id":"https:\/\/vosgesinfo.fr\/gerardmerinfo\/#organization"},"image":{"@id":"https:\/\/vosgesinfo.fr\/gerardmerinfo\/2019\/02\/on-connait-fin-de-lhistoire-asterix-obelix-ca-finit-banquet\/#primaryimage"},"thumbnailUrl":"https:\/\/vosgesinfo.fr\/app\/uploads\/sites\/6\/2024\/07\/201902repas-des-benevoles-festival-du-film-fantastique-2019-1.jpg","keywords":["festival du film fantastique G\u00e9rardmer"],"articleSection":["A la une","G\u00e9rardmer","Vie Associative"],"inLanguage":"fr-FR","potentialAction":[{"@type":"CommentAction","name":"Comment","target":["https:\/\/vosgesinfo.fr\/gerardmerinfo\/2019\/02\/on-connait-fin-de-lhistoire-asterix-obelix-ca-finit-banquet\/#respond"]}]},{"@type":"WebPage","@id":"https:\/\/vosgesinfo.fr\/gerardmerinfo\/2019\/02\/on-connait-fin-de-lhistoire-asterix-obelix-ca-finit-banquet\/","url":"https:\/\/vosgesinfo.fr\/gerardmerinfo\/2019\/02\/on-connait-fin-de-lhistoire-asterix-obelix-ca-finit-banquet\/","name":"On conna\u00eet la fin de l'histoire : un peu comme dans Ast\u00e9rix & Ob\u00e9lix, \u00e7a finit par un banquet - Gerardmer Info","isPartOf":{"@id":"https:\/\/vosgesinfo.fr\/gerardmerinfo\/#website"},"primaryImageOfPage":{"@id":"https:\/\/vosgesinfo.fr\/gerardmerinfo\/2019\/02\/on-connait-fin-de-lhistoire-asterix-obelix-ca-finit-banquet\/#primaryimage"},"image":{"@id":"https:\/\/vosgesinfo.fr\/gerardmerinfo\/2019\/02\/on-connait-fin-de-lhistoire-asterix-obelix-ca-finit-banquet\/#primaryimage"},"thumbnailUrl":"https:\/\/vosgesinfo.fr\/app\/uploads\/sites\/6\/2024\/07\/201902repas-des-benevoles-festival-du-film-fantastique-2019-1.jpg","datePublished":"2019-02-05T15:35:50+00:00","dateModified":"2019-02-05T15:35:50+00:00","breadcrumb":{"@id":"https:\/\/vosgesinfo.fr\/gerardmerinfo\/2019\/02\/on-connait-fin-de-lhistoire-asterix-obelix-ca-finit-banquet\/#breadcrumb"},"inLanguage":"fr-FR","potentialAction":[{"@type":"ReadAction","target":["https:\/\/vosgesinfo.fr\/gerardmerinfo\/2019\/02\/on-connait-fin-de-lhistoire-asterix-obelix-ca-finit-banquet\/"]}]},{"@type":"ImageObject","inLanguage":"fr-FR","@id":"https:\/\/vosgesinfo.fr\/gerardmerinfo\/2019\/02\/on-connait-fin-de-lhistoire-asterix-obelix-ca-finit-banquet\/#primaryimage","url":"https:\/\/vosgesinfo.fr\/app\/uploads\/sites\/6\/2024\/07\/201902repas-des-benevoles-festival-du-film-fantastique-2019-1.jpg","contentUrl":"https:\/\/vosgesinfo.fr\/app\/uploads\/sites\/6\/2024\/07\/201902repas-des-benevoles-festival-du-film-fantastique-2019-1.jpg","width":800,"height":450},{"@type":"BreadcrumbList","@id":"https:\/\/vosgesinfo.fr\/gerardmerinfo\/2019\/02\/on-connait-fin-de-lhistoire-asterix-obelix-ca-finit-banquet\/#breadcrumb","itemListElement":[{"@type":"ListItem","position":1,"name":"Home","item":"https:\/\/vosgesinfo.fr\/gerardmerinfo\/"},{"@type":"ListItem","position":2,"name":"On conna\u00eet la fin de l&rsquo;histoire : un peu comme dans Ast\u00e9rix &#038; Ob\u00e9lix, \u00e7a finit par un banquet"}]},{"@type":"WebSite","@id":"https:\/\/vosgesinfo.fr\/gerardmerinfo\/#website","url":"https:\/\/vosgesinfo.fr\/gerardmerinfo\/","name":"Gerardmer Info","description":"Toute l&#039;actualit\u00e9 de G\u00e9rardmer","publisher":{"@id":"https:\/\/vosgesinfo.fr\/gerardmerinfo\/#organization"},"alternateName":"Toute l'actualit\u00e9 de G\u00e9rardmer","potentialAction":[{"@type":"SearchAction","target":{"@type":"EntryPoint","urlTemplate":"https:\/\/vosgesinfo.fr\/gerardmerinfo\/?s={search_term_string}"},"query-input":"required name=search_term_string"}],"inLanguage":"fr-FR"},{"@type":"Organization","@id":"https:\/\/vosgesinfo.fr\/gerardmerinfo\/#organization","name":"Gerardmer Info","url":"https:\/\/vosgesinfo.fr\/gerardmerinfo\/","logo":{"@type":"ImageObject","inLanguage":"fr-FR","@id":"https:\/\/vosgesinfo.fr\/gerardmerinfo\/#\/schema\/logo\/image\/","url":"https:\/\/vosgesinfo.fr\/app\/uploads\/sites\/6\/2023\/08\/favicon-gerardmerinfo.png","contentUrl":"https:\/\/vosgesinfo.fr\/app\/uploads\/sites\/6\/2023\/08\/favicon-gerardmerinfo.png","width":512,"height":512,"caption":"Gerardmer Info"},"image":{"@id":"https:\/\/vosgesinfo.fr\/gerardmerinfo\/#\/schema\/logo\/image\/"},"sameAs":["https:\/\/www.facebook.com\/profile.php?id=100049475262660","https:\/\/x.com\/VosgesInfo88","https:\/\/www.youtube.com\/@vosgesinfo"]},{"@type":"Person","@id":"https:\/\/vosgesinfo.fr\/gerardmerinfo\/#\/schema\/person\/db5605779a843dad16b5368f3e7613a5","name":"QG","image":{"@type":"ImageObject","inLanguage":"fr-FR","@id":"https:\/\/vosgesinfo.fr\/gerardmerinfo\/#\/schema\/person\/image\/","url":"https:\/\/secure.gravatar.com\/avatar\/ea80c42c204b534408512832fde52504ecabb9706bcb6151cf6175e5b64e6793?s=96&d=mm&r=g","contentUrl":"https:\/\/secure.gravatar.com\/avatar\/ea80c42c204b534408512832fde52504ecabb9706bcb6151cf6175e5b64e6793?s=96&d=mm&r=g","caption":"QG"},"url":"https:\/\/vosgesinfo.fr\/gerardmerinfo\/author\/quentin88\/"}]}},"_links":{"self":[{"href":"https:\/\/vosgesinfo.fr\/gerardmerinfo\/wp-json\/wp\/v2\/posts\/39624","targetHints":{"allow":["GET"]}}],"collection":[{"href":"https:\/\/vosgesinfo.fr\/gerardmerinfo\/wp-json\/wp\/v2\/posts"}],"about":[{"href":"https:\/\/vosgesinfo.fr\/gerardmerinfo\/wp-json\/wp\/v2\/types\/post"}],"author":[{"embeddable":true,"href":"https:\/\/vosgesinfo.fr\/gerardmerinfo\/wp-json\/wp\/v2\/users\/42"}],"replies":[{"embeddable":true,"href":"https:\/\/vosgesinfo.fr\/gerardmerinfo\/wp-json\/wp\/v2\/comments?post=39624"}],"version-history":[{"count":0,"href":"https:\/\/vosgesinfo.fr\/gerardmerinfo\/wp-json\/wp\/v2\/posts\/39624\/revisions"}],"wp:featuredmedia":[{"embeddable":true,"href":"https:\/\/vosgesinfo.fr\/gerardmerinfo\/wp-json\/wp\/v2\/media\/39625"}],"wp:attachment":[{"href":"https:\/\/vosgesinfo.fr\/gerardmerinfo\/wp-json\/wp\/v2\/media?parent=39624"}],"wp:term":[{"taxonomy":"category","embeddable":true,"href":"https:\/\/vosgesinfo.fr\/gerardmerinfo\/wp-json\/wp\/v2\/categories?post=39624"},{"taxonomy":"post_tag","embeddable":true,"href":"https:\/\/vosgesinfo.fr\/gerardmerinfo\/wp-json\/wp\/v2\/tags?post=39624"}],"curies":[{"name":"wp","href":"https:\/\/api.w.org\/{rel}","templated":true}]}}