{"id":39635,"date":"2019-02-06T16:44:35","date_gmt":"2019-02-06T15:44:35","guid":{"rendered":"https:\/\/vosgesinfo.fr\/gerardmerinfo\/2019\/02\/enedis-coupures-de-courant-travaux-4\/"},"modified":"2019-02-06T16:44:35","modified_gmt":"2019-02-06T15:44:35","slug":"enedis-coupures-de-courant-travaux-4","status":"publish","type":"post","link":"https:\/\/vosgesinfo.fr\/gerardmerinfo\/2019\/02\/enedis-coupures-de-courant-travaux-4\/","title":{"rendered":"ENEDIS, Coupures de courant pour travaux"},"content":{"rendered":"<p class=\"\"><a href=\"\/2018\/06\/20-01-2017_Coupure_Electrique_ENEDIS.png\"><img decoding=\"async\" class=\"aligncenter size-full wp-image-129221\" src=\"\/2018\/06\/20-01-2017_Coupure_Electrique_ENEDIS.png\" alt=\"Coupure_Electrique_ENEDIS\" width=\"360\" height=\"210\" \/><\/a><\/p>\n<h3 style=\"text-align: center;\">ENEDIS communique :<\/h3>\n<p class=\"\">\u00ab\u00a0Afin d\u2019am\u00e9liorer la qualit\u00e9 de la distribution \u00e9lectrique et de r\u00e9pondre aux besoins de notre client\u00e8le, nous r\u00e9alisons des travaux sur le r\u00e9seau \u00e9lectrique qui vous alimente qui entra\u00eeneront une ou plusieurs coupures d\u2019\u00e9lectricit\u00e9.<\/p>\n<div class=\"\"><\/div>\n<p class=\"\">&gt;&gt; Horaires des coupures\u00a0:<\/p>\n<div class=\"\"><\/div>\n<p class=\"\">MARDI 12 FEVRIER 2019\u00a0DE 9H A 11H30<\/p>\n<p class=\"\">Quartiers ou lieux-dits\u00a0:<\/p>\n<p class=\"\">11 CHEMIN DES MENESTRELS<br class=\"\" \/> 131, 124 AU 126, 130 AU 132 CHEMIN DES EPINETTES<br class=\"\" \/> 93, 119, 102 AU 114, 118 CHEMIN DE LA TRINITE<br class=\"\" \/> 3, 9 AU 13, 23, 8, 12 AU 16, 24 CHEMIN DES BEUGUILLONS<\/p>\n<p class=\"\">&#8212;<\/p>\n<p class=\"\">MARDI 12 FEVRIER 2019\u00a0DE 14H A 16H<\/p>\n<p class=\"\">Quartiers ou lieux-dits\u00a0:<\/p>\n<p class=\"\">17, 21, 29, 45, 57, 50, 190 CHEMIN DE LA FERME<br class=\"\" \/> 182 CHEMIN DE LA PEPINIERE<br class=\"\" \/> 21 AU 31, 2, 8, 20 CHEMIN DES GENIEVRES<\/p>\n<p class=\"\">&#8212;<\/p>\n<p class=\"\">LUNDI 18 FEVRIER 2019\u00a0DE 14H A 15H<\/p>\n<p class=\"\">Quartiers ou lieux-dits\u00a0:<\/p>\n<p class=\"\">17, 21, 28 CHEMIN DU CHENEZEAU<br class=\"\" \/> 45, 51, 44, 52 AU 54, 88, 100 CHEMIN DE FREMONT<br class=\"\" \/> 35, 39 AU 41, 45, 34, 38 COL DE SAPOIS<br class=\"\" \/> 16, 20 CHEMIN DES GROS MEIX<br class=\"\" \/> 1, 11, 25, 31, 45, 51, 42, 48 CHEMIN DU BADON<br class=\"\" \/> 59, 91, CH FORESTIER DU NOIR RUPT<br class=\"\" \/> 185, 199, 253, 190, 240, 264 AU 268 CHEMIN DE SAPOIS<br class=\"\" \/> 50 CHEMIN DU CUL DE LA HOTTE<br class=\"\" \/> 3 AU 7, 15 AU 17, 2, 8, 14 AU 16, 196 CHEMIN SOUS BADON<br class=\"\" \/> 3, 79, 109, 123, 127, 6, 120, 128, 136 CHEMIN DES ROCHOTTES<br class=\"\" \/> 17, 20 CHEMIN DE L URSON<br class=\"\" \/> 3, 27, 49 CH DE LA GRANGE GROFFE<br class=\"\" \/> 261, 265, 305, 2, 50, 56, 78, 258 CH DU CUL DE LA HOTTE<br class=\"\" \/> 268 CHEMIN DE SAPOIS<\/p>\n<p class=\"\">&#8212;<\/p>\n<p class=\"\">MARDI 19 FEVRIER 2019\u00a0DE 9H A 10H<\/p>\n<p class=\"\">Quartiers ou lieux-dits\u00a0:<\/p>\n<p class=\"\">60 AU 62, 70, 74 CH DE LA BASSE DES RUPTS<br class=\"\" \/> 69, 75 AU 77, 81, 46 AU 48, 52, 56, 66, 70, 38 A CH DU BAS DES GOUTTRIDOS<br class=\"\" \/> 65 CHE DU BAS DES GOUTTRIDOS<br class=\"\" \/> 40 RUE DE LA BASSE DES RUPTS<br class=\"\" \/> 31, 41, 14 AU 16, 32 CHEMIN ST HUBERT<br class=\"\" \/> 11, 31, 37, 47, 36 AU 38, 52 AU 56, 76, 80, 78A MONTEE DU PRE DES CLEFS<br class=\"\" \/> 46 CHEMIN DU BAS DES GOUTTRIDOS<br class=\"\" \/> 19, 2, 12 CHEMIN DES PRIVILEGES<\/p>\n<p class=\"\">&#8212;<\/p>\n<p class=\"\">MARDI 19 FEVRIER 2019\u00a0DE 9H A 10H<\/p>\n<p class=\"\">Quartiers ou lieux-dits\u00a0:<\/p>\n<p class=\"\">1, 7, 13, 2, 8 AU 10, 14 CHEMIN DES LIEVRES<br class=\"\" \/> 7, 15, 23, 27, 35 AU 37, 41, 6, 18, 24, 30, 46 AU 48, 25B, 17A, 25A, 25C, 25E CH DE LA TETE DU COSTET<br class=\"\" \/> 9 CHEMIN DES LIEVRES<br class=\"\" \/> 7 CHEMIN DES LIEVRES<br class=\"\" \/> 33, 39, 45, 49, 53 AU 59, 28 AU 30, 56, 64 CHEMIN DES SORBIERS<br class=\"\" \/> 5, 13, 8 AU 10 CHEMIN DU LAITIER<br class=\"\" \/> 25 AU 27, 31, 35 AU 37, 6, 12, 18, 22 AU 24 CHEMIN BELLEVUE<\/p>\n<div class=\"\"><\/div>\n<div class=\"\"><\/div>\n<p class=\"\">Rappel\u00a0:<\/p>\n<p class=\"\">Notre personnel et nos prestataires travaillent sur le r\u00e9seau \u00e9lectrique afin d\u2019assurer la qualit\u00e9 et la continuit\u00e9 du service public de la distribution d\u2019\u00e9lectricit\u00e9. Pour que ces travaux puissent \u00eatre r\u00e9alis\u00e9s en toute s\u00e9curit\u00e9, nous vous rappelons que si vous deviez utiliser un moyen de r\u00e9alimentation (groupe \u00e9lectrog\u00e8ne, alternateur sur tracteur\u2026) il est obligatoire d\u2019ouvrir votre disjoncteur g\u00e9n\u00e9ral ENEDIS (le positionner sur 0). \u00ab\u00a0\u200b<\/p>\n","protected":false},"excerpt":{"rendered":"<p>ENEDIS communique : \u00ab\u00a0Afin d\u2019am\u00e9liorer la qualit\u00e9 de la distribution \u00e9lectrique et de r\u00e9pondre aux besoins de notre client\u00e8le, nous [&hellip;]<\/p>\n","protected":false},"author":1,"featured_media":39636,"comment_status":"open","ping_status":"open","sticky":false,"template":"","format":"standard","meta":{"footnotes":""},"categories":[20,25],"tags":[3270],"class_list":["post-39635","post","type-post","status-publish","format-standard","has-post-thumbnail","hentry","category-a-la-une","category-gerardmer","tag-enedis"],"acf":[],"yoast_head":"<!-- This site is optimized with the Yoast SEO plugin v22.5 - https:\/\/yoast.com\/wordpress\/plugins\/seo\/ -->\n<title>ENEDIS, Coupures de courant pour travaux - Gerardmer Info<\/title>\n<meta name=\"robots\" content=\"index, follow, max-snippet:-1, max-image-preview:large, max-video-preview:-1\" \/>\n<link rel=\"canonical\" href=\"https:\/\/vosgesinfo.fr\/gerardmerinfo\/2019\/02\/enedis-coupures-de-courant-travaux-4\/\" \/>\n<meta name=\"twitter:card\" content=\"summary_large_image\" \/>\n<meta name=\"twitter:title\" content=\"ENEDIS, Coupures de courant pour travaux - Gerardmer Info\" \/>\n<meta name=\"twitter:description\" content=\"ENEDIS communique : \u00ab\u00a0Afin d\u2019am\u00e9liorer la qualit\u00e9 de la distribution \u00e9lectrique et de r\u00e9pondre aux besoins de notre client\u00e8le, nous [&hellip;]\" \/>\n<meta name=\"twitter:image\" content=\"https:\/\/vosgesinfo.fr\/app\/uploads\/sites\/6\/2024\/07\/20180620-01-2017-coupure-electrique-enedis-6.png\" \/>\n<meta name=\"twitter:creator\" content=\"@VosgesInfo88\" \/>\n<meta name=\"twitter:site\" content=\"@VosgesInfo88\" \/>\n<meta name=\"twitter:label1\" content=\"\u00c9crit par\" \/>\n\t<meta name=\"twitter:data1\" content=\"qs_admin\" \/>\n\t<meta name=\"twitter:label2\" content=\"Dur\u00e9e de lecture estim\u00e9e\" \/>\n\t<meta name=\"twitter:data2\" content=\"2 minutes\" \/>\n<script type=\"application\/ld+json\" class=\"yoast-schema-graph\">{\"@context\":\"https:\/\/schema.org\",\"@graph\":[{\"@type\":\"Article\",\"@id\":\"https:\/\/vosgesinfo.fr\/gerardmerinfo\/2019\/02\/enedis-coupures-de-courant-travaux-4\/#article\",\"isPartOf\":{\"@id\":\"https:\/\/vosgesinfo.fr\/gerardmerinfo\/2019\/02\/enedis-coupures-de-courant-travaux-4\/\"},\"author\":{\"name\":\"qs_admin\",\"@id\":\"https:\/\/vosgesinfo.fr\/gerardmerinfo\/#\/schema\/person\/bc5d02d71e6932e81b6dadb7386667b1\"},\"headline\":\"ENEDIS, Coupures de courant pour travaux\",\"datePublished\":\"2019-02-06T15:44:35+00:00\",\"dateModified\":\"2019-02-06T15:44:35+00:00\",\"mainEntityOfPage\":{\"@id\":\"https:\/\/vosgesinfo.fr\/gerardmerinfo\/2019\/02\/enedis-coupures-de-courant-travaux-4\/\"},\"wordCount\":351,\"commentCount\":0,\"publisher\":{\"@id\":\"https:\/\/vosgesinfo.fr\/gerardmerinfo\/#organization\"},\"image\":{\"@id\":\"https:\/\/vosgesinfo.fr\/gerardmerinfo\/2019\/02\/enedis-coupures-de-courant-travaux-4\/#primaryimage\"},\"thumbnailUrl\":\"https:\/\/vosgesinfo.fr\/app\/uploads\/sites\/6\/2024\/07\/20180620-01-2017-coupure-electrique-enedis-6.png\",\"keywords\":[\"ENEDIS\"],\"articleSection\":[\"A la une\",\"G\u00e9rardmer\"],\"inLanguage\":\"fr-FR\",\"potentialAction\":[{\"@type\":\"CommentAction\",\"name\":\"Comment\",\"target\":[\"https:\/\/vosgesinfo.fr\/gerardmerinfo\/2019\/02\/enedis-coupures-de-courant-travaux-4\/#respond\"]}]},{\"@type\":\"WebPage\",\"@id\":\"https:\/\/vosgesinfo.fr\/gerardmerinfo\/2019\/02\/enedis-coupures-de-courant-travaux-4\/\",\"url\":\"https:\/\/vosgesinfo.fr\/gerardmerinfo\/2019\/02\/enedis-coupures-de-courant-travaux-4\/\",\"name\":\"ENEDIS, Coupures de courant pour travaux - Gerardmer Info\",\"isPartOf\":{\"@id\":\"https:\/\/vosgesinfo.fr\/gerardmerinfo\/#website\"},\"primaryImageOfPage\":{\"@id\":\"https:\/\/vosgesinfo.fr\/gerardmerinfo\/2019\/02\/enedis-coupures-de-courant-travaux-4\/#primaryimage\"},\"image\":{\"@id\":\"https:\/\/vosgesinfo.fr\/gerardmerinfo\/2019\/02\/enedis-coupures-de-courant-travaux-4\/#primaryimage\"},\"thumbnailUrl\":\"https:\/\/vosgesinfo.fr\/app\/uploads\/sites\/6\/2024\/07\/20180620-01-2017-coupure-electrique-enedis-6.png\",\"datePublished\":\"2019-02-06T15:44:35+00:00\",\"dateModified\":\"2019-02-06T15:44:35+00:00\",\"breadcrumb\":{\"@id\":\"https:\/\/vosgesinfo.fr\/gerardmerinfo\/2019\/02\/enedis-coupures-de-courant-travaux-4\/#breadcrumb\"},\"inLanguage\":\"fr-FR\",\"potentialAction\":[{\"@type\":\"ReadAction\",\"target\":[\"https:\/\/vosgesinfo.fr\/gerardmerinfo\/2019\/02\/enedis-coupures-de-courant-travaux-4\/\"]}]},{\"@type\":\"ImageObject\",\"inLanguage\":\"fr-FR\",\"@id\":\"https:\/\/vosgesinfo.fr\/gerardmerinfo\/2019\/02\/enedis-coupures-de-courant-travaux-4\/#primaryimage\",\"url\":\"https:\/\/vosgesinfo.fr\/app\/uploads\/sites\/6\/2024\/07\/20180620-01-2017-coupure-electrique-enedis-6.png\",\"contentUrl\":\"https:\/\/vosgesinfo.fr\/app\/uploads\/sites\/6\/2024\/07\/20180620-01-2017-coupure-electrique-enedis-6.png\",\"width\":360,\"height\":210},{\"@type\":\"BreadcrumbList\",\"@id\":\"https:\/\/vosgesinfo.fr\/gerardmerinfo\/2019\/02\/enedis-coupures-de-courant-travaux-4\/#breadcrumb\",\"itemListElement\":[{\"@type\":\"ListItem\",\"position\":1,\"name\":\"Home\",\"item\":\"https:\/\/vosgesinfo.fr\/gerardmerinfo\/\"},{\"@type\":\"ListItem\",\"position\":2,\"name\":\"ENEDIS, Coupures de courant pour travaux\"}]},{\"@type\":\"WebSite\",\"@id\":\"https:\/\/vosgesinfo.fr\/gerardmerinfo\/#website\",\"url\":\"https:\/\/vosgesinfo.fr\/gerardmerinfo\/\",\"name\":\"Gerardmer Info\",\"description\":\"Toute l&#039;actualit\u00e9 de G\u00e9rardmer\",\"publisher\":{\"@id\":\"https:\/\/vosgesinfo.fr\/gerardmerinfo\/#organization\"},\"alternateName\":\"Toute l'actualit\u00e9 de G\u00e9rardmer\",\"potentialAction\":[{\"@type\":\"SearchAction\",\"target\":{\"@type\":\"EntryPoint\",\"urlTemplate\":\"https:\/\/vosgesinfo.fr\/gerardmerinfo\/?s={search_term_string}\"},\"query-input\":\"required name=search_term_string\"}],\"inLanguage\":\"fr-FR\"},{\"@type\":\"Organization\",\"@id\":\"https:\/\/vosgesinfo.fr\/gerardmerinfo\/#organization\",\"name\":\"Gerardmer Info\",\"url\":\"https:\/\/vosgesinfo.fr\/gerardmerinfo\/\",\"logo\":{\"@type\":\"ImageObject\",\"inLanguage\":\"fr-FR\",\"@id\":\"https:\/\/vosgesinfo.fr\/gerardmerinfo\/#\/schema\/logo\/image\/\",\"url\":\"https:\/\/vosgesinfo.fr\/app\/uploads\/sites\/6\/2023\/08\/favicon-gerardmerinfo.png\",\"contentUrl\":\"https:\/\/vosgesinfo.fr\/app\/uploads\/sites\/6\/2023\/08\/favicon-gerardmerinfo.png\",\"width\":512,\"height\":512,\"caption\":\"Gerardmer Info\"},\"image\":{\"@id\":\"https:\/\/vosgesinfo.fr\/gerardmerinfo\/#\/schema\/logo\/image\/\"},\"sameAs\":[\"https:\/\/www.facebook.com\/profile.php?id=100049475262660\",\"https:\/\/x.com\/VosgesInfo88\",\"https:\/\/www.youtube.com\/@vosgesinfo\"]},{\"@type\":\"Person\",\"@id\":\"https:\/\/vosgesinfo.fr\/gerardmerinfo\/#\/schema\/person\/bc5d02d71e6932e81b6dadb7386667b1\",\"name\":\"qs_admin\",\"image\":{\"@type\":\"ImageObject\",\"inLanguage\":\"fr-FR\",\"@id\":\"https:\/\/vosgesinfo.fr\/gerardmerinfo\/#\/schema\/person\/image\/\",\"url\":\"https:\/\/secure.gravatar.com\/avatar\/94b18ee0ed79e4a42ea2f2931277b6841a8999fc6fde214600c78057cf1fe1de?s=96&d=mm&r=g\",\"contentUrl\":\"https:\/\/secure.gravatar.com\/avatar\/94b18ee0ed79e4a42ea2f2931277b6841a8999fc6fde214600c78057cf1fe1de?s=96&d=mm&r=g\",\"caption\":\"qs_admin\"},\"sameAs\":[\"https:\/\/vosgesinfo.fr\/wp\"],\"url\":\"https:\/\/vosgesinfo.fr\/gerardmerinfo\/author\/qs_admin\/\"}]}<\/script>\n<!-- \/ Yoast SEO plugin. -->","yoast_head_json":{"title":"ENEDIS, Coupures de courant pour travaux - Gerardmer Info","robots":{"index":"index","follow":"follow","max-snippet":"max-snippet:-1","max-image-preview":"max-image-preview:large","max-video-preview":"max-video-preview:-1"},"canonical":"https:\/\/vosgesinfo.fr\/gerardmerinfo\/2019\/02\/enedis-coupures-de-courant-travaux-4\/","twitter_card":"summary_large_image","twitter_title":"ENEDIS, Coupures de courant pour travaux - Gerardmer Info","twitter_description":"ENEDIS communique : \u00ab\u00a0Afin d\u2019am\u00e9liorer la qualit\u00e9 de la distribution \u00e9lectrique et de r\u00e9pondre aux besoins de notre client\u00e8le, nous [&hellip;]","twitter_image":"https:\/\/vosgesinfo.fr\/app\/uploads\/sites\/6\/2024\/07\/20180620-01-2017-coupure-electrique-enedis-6.png","twitter_creator":"@VosgesInfo88","twitter_site":"@VosgesInfo88","twitter_misc":{"\u00c9crit par":"qs_admin","Dur\u00e9e de lecture estim\u00e9e":"2 minutes"},"schema":{"@context":"https:\/\/schema.org","@graph":[{"@type":"Article","@id":"https:\/\/vosgesinfo.fr\/gerardmerinfo\/2019\/02\/enedis-coupures-de-courant-travaux-4\/#article","isPartOf":{"@id":"https:\/\/vosgesinfo.fr\/gerardmerinfo\/2019\/02\/enedis-coupures-de-courant-travaux-4\/"},"author":{"name":"qs_admin","@id":"https:\/\/vosgesinfo.fr\/gerardmerinfo\/#\/schema\/person\/bc5d02d71e6932e81b6dadb7386667b1"},"headline":"ENEDIS, Coupures de courant pour travaux","datePublished":"2019-02-06T15:44:35+00:00","dateModified":"2019-02-06T15:44:35+00:00","mainEntityOfPage":{"@id":"https:\/\/vosgesinfo.fr\/gerardmerinfo\/2019\/02\/enedis-coupures-de-courant-travaux-4\/"},"wordCount":351,"commentCount":0,"publisher":{"@id":"https:\/\/vosgesinfo.fr\/gerardmerinfo\/#organization"},"image":{"@id":"https:\/\/vosgesinfo.fr\/gerardmerinfo\/2019\/02\/enedis-coupures-de-courant-travaux-4\/#primaryimage"},"thumbnailUrl":"https:\/\/vosgesinfo.fr\/app\/uploads\/sites\/6\/2024\/07\/20180620-01-2017-coupure-electrique-enedis-6.png","keywords":["ENEDIS"],"articleSection":["A la une","G\u00e9rardmer"],"inLanguage":"fr-FR","potentialAction":[{"@type":"CommentAction","name":"Comment","target":["https:\/\/vosgesinfo.fr\/gerardmerinfo\/2019\/02\/enedis-coupures-de-courant-travaux-4\/#respond"]}]},{"@type":"WebPage","@id":"https:\/\/vosgesinfo.fr\/gerardmerinfo\/2019\/02\/enedis-coupures-de-courant-travaux-4\/","url":"https:\/\/vosgesinfo.fr\/gerardmerinfo\/2019\/02\/enedis-coupures-de-courant-travaux-4\/","name":"ENEDIS, Coupures de courant pour travaux - Gerardmer Info","isPartOf":{"@id":"https:\/\/vosgesinfo.fr\/gerardmerinfo\/#website"},"primaryImageOfPage":{"@id":"https:\/\/vosgesinfo.fr\/gerardmerinfo\/2019\/02\/enedis-coupures-de-courant-travaux-4\/#primaryimage"},"image":{"@id":"https:\/\/vosgesinfo.fr\/gerardmerinfo\/2019\/02\/enedis-coupures-de-courant-travaux-4\/#primaryimage"},"thumbnailUrl":"https:\/\/vosgesinfo.fr\/app\/uploads\/sites\/6\/2024\/07\/20180620-01-2017-coupure-electrique-enedis-6.png","datePublished":"2019-02-06T15:44:35+00:00","dateModified":"2019-02-06T15:44:35+00:00","breadcrumb":{"@id":"https:\/\/vosgesinfo.fr\/gerardmerinfo\/2019\/02\/enedis-coupures-de-courant-travaux-4\/#breadcrumb"},"inLanguage":"fr-FR","potentialAction":[{"@type":"ReadAction","target":["https:\/\/vosgesinfo.fr\/gerardmerinfo\/2019\/02\/enedis-coupures-de-courant-travaux-4\/"]}]},{"@type":"ImageObject","inLanguage":"fr-FR","@id":"https:\/\/vosgesinfo.fr\/gerardmerinfo\/2019\/02\/enedis-coupures-de-courant-travaux-4\/#primaryimage","url":"https:\/\/vosgesinfo.fr\/app\/uploads\/sites\/6\/2024\/07\/20180620-01-2017-coupure-electrique-enedis-6.png","contentUrl":"https:\/\/vosgesinfo.fr\/app\/uploads\/sites\/6\/2024\/07\/20180620-01-2017-coupure-electrique-enedis-6.png","width":360,"height":210},{"@type":"BreadcrumbList","@id":"https:\/\/vosgesinfo.fr\/gerardmerinfo\/2019\/02\/enedis-coupures-de-courant-travaux-4\/#breadcrumb","itemListElement":[{"@type":"ListItem","position":1,"name":"Home","item":"https:\/\/vosgesinfo.fr\/gerardmerinfo\/"},{"@type":"ListItem","position":2,"name":"ENEDIS, Coupures de courant pour travaux"}]},{"@type":"WebSite","@id":"https:\/\/vosgesinfo.fr\/gerardmerinfo\/#website","url":"https:\/\/vosgesinfo.fr\/gerardmerinfo\/","name":"Gerardmer Info","description":"Toute l&#039;actualit\u00e9 de G\u00e9rardmer","publisher":{"@id":"https:\/\/vosgesinfo.fr\/gerardmerinfo\/#organization"},"alternateName":"Toute l'actualit\u00e9 de G\u00e9rardmer","potentialAction":[{"@type":"SearchAction","target":{"@type":"EntryPoint","urlTemplate":"https:\/\/vosgesinfo.fr\/gerardmerinfo\/?s={search_term_string}"},"query-input":"required name=search_term_string"}],"inLanguage":"fr-FR"},{"@type":"Organization","@id":"https:\/\/vosgesinfo.fr\/gerardmerinfo\/#organization","name":"Gerardmer Info","url":"https:\/\/vosgesinfo.fr\/gerardmerinfo\/","logo":{"@type":"ImageObject","inLanguage":"fr-FR","@id":"https:\/\/vosgesinfo.fr\/gerardmerinfo\/#\/schema\/logo\/image\/","url":"https:\/\/vosgesinfo.fr\/app\/uploads\/sites\/6\/2023\/08\/favicon-gerardmerinfo.png","contentUrl":"https:\/\/vosgesinfo.fr\/app\/uploads\/sites\/6\/2023\/08\/favicon-gerardmerinfo.png","width":512,"height":512,"caption":"Gerardmer Info"},"image":{"@id":"https:\/\/vosgesinfo.fr\/gerardmerinfo\/#\/schema\/logo\/image\/"},"sameAs":["https:\/\/www.facebook.com\/profile.php?id=100049475262660","https:\/\/x.com\/VosgesInfo88","https:\/\/www.youtube.com\/@vosgesinfo"]},{"@type":"Person","@id":"https:\/\/vosgesinfo.fr\/gerardmerinfo\/#\/schema\/person\/bc5d02d71e6932e81b6dadb7386667b1","name":"qs_admin","image":{"@type":"ImageObject","inLanguage":"fr-FR","@id":"https:\/\/vosgesinfo.fr\/gerardmerinfo\/#\/schema\/person\/image\/","url":"https:\/\/secure.gravatar.com\/avatar\/94b18ee0ed79e4a42ea2f2931277b6841a8999fc6fde214600c78057cf1fe1de?s=96&d=mm&r=g","contentUrl":"https:\/\/secure.gravatar.com\/avatar\/94b18ee0ed79e4a42ea2f2931277b6841a8999fc6fde214600c78057cf1fe1de?s=96&d=mm&r=g","caption":"qs_admin"},"sameAs":["https:\/\/vosgesinfo.fr\/wp"],"url":"https:\/\/vosgesinfo.fr\/gerardmerinfo\/author\/qs_admin\/"}]}},"_links":{"self":[{"href":"https:\/\/vosgesinfo.fr\/gerardmerinfo\/wp-json\/wp\/v2\/posts\/39635","targetHints":{"allow":["GET"]}}],"collection":[{"href":"https:\/\/vosgesinfo.fr\/gerardmerinfo\/wp-json\/wp\/v2\/posts"}],"about":[{"href":"https:\/\/vosgesinfo.fr\/gerardmerinfo\/wp-json\/wp\/v2\/types\/post"}],"author":[{"embeddable":true,"href":"https:\/\/vosgesinfo.fr\/gerardmerinfo\/wp-json\/wp\/v2\/users\/1"}],"replies":[{"embeddable":true,"href":"https:\/\/vosgesinfo.fr\/gerardmerinfo\/wp-json\/wp\/v2\/comments?post=39635"}],"version-history":[{"count":0,"href":"https:\/\/vosgesinfo.fr\/gerardmerinfo\/wp-json\/wp\/v2\/posts\/39635\/revisions"}],"wp:featuredmedia":[{"embeddable":true,"href":"https:\/\/vosgesinfo.fr\/gerardmerinfo\/wp-json\/wp\/v2\/media\/39636"}],"wp:attachment":[{"href":"https:\/\/vosgesinfo.fr\/gerardmerinfo\/wp-json\/wp\/v2\/media?parent=39635"}],"wp:term":[{"taxonomy":"category","embeddable":true,"href":"https:\/\/vosgesinfo.fr\/gerardmerinfo\/wp-json\/wp\/v2\/categories?post=39635"},{"taxonomy":"post_tag","embeddable":true,"href":"https:\/\/vosgesinfo.fr\/gerardmerinfo\/wp-json\/wp\/v2\/tags?post=39635"}],"curies":[{"name":"wp","href":"https:\/\/api.w.org\/{rel}","templated":true}]}}