{"id":39644,"date":"2019-02-06T08:36:06","date_gmt":"2019-02-06T07:36:06","guid":{"rendered":"https:\/\/vosgesinfo.fr\/gerardmerinfo\/2019\/02\/basket-u15-enchainent-victoires-perles-vosges\/"},"modified":"2019-02-06T08:36:06","modified_gmt":"2019-02-06T07:36:06","slug":"basket-u15-enchainent-victoires-perles-vosges","status":"publish","type":"post","link":"https:\/\/vosgesinfo.fr\/gerardmerinfo\/2019\/02\/basket-u15-enchainent-victoires-perles-vosges\/","title":{"rendered":"Basket : les U15 encha\u00eenent les victoires comme des perles (des Vosges&#8230;)"},"content":{"rendered":"<p style=\"text-align: center;\"><a href=\"\/2019\/02\/CTC-hautes-Vosges-U15-st-di\u00e9-1.jpg\"><img decoding=\"async\" class=\"aligncenter size-full wp-image-141657\" src=\"\/2019\/02\/CTC-hautes-Vosges-U15-st-di\u00e9-1.jpg\" alt=\"CTC hautes Vosges U15 - st di\u00e9 (1)\" width=\"800\" height=\"600\" \/><\/a><\/p>\n<p style=\"text-align: center;\"><em><strong>R\u00c9SULTATS WEEK-END DU 02-03 FEVRIER<\/strong><\/em><\/p>\n<p><em><strong>Ent. St Am\u00e9\/La Bresse <\/strong><\/em>66-48 U17M<br \/>\nGET Vosges 28-56 <strong><em>U13M<\/em><\/strong><br \/>\n<em><strong>Arnaville <\/strong><\/em>60-31 S\u00e9niores 1<br \/>\nMirecourt 2 32-58 <em><strong>S\u00e9niores 2<\/strong><\/em><br \/>\n<span class=\"x_text_exposed_show\"><em><strong>Corcieux 1 <\/strong><\/em>64-60 Seniors 1<br \/>\n<em><strong>U15F <\/strong><\/em>101-35 Sel &amp; Vermois<br \/>\n<em><strong>U11M <\/strong><\/em>69-13 T\u00e9tras Basket<\/span><\/p>\n<p>Ce dimanche 03 f\u00e9vrier, l&rsquo;\u00e9quipe des U15 filles de la CTC des Hautes Vosges recevait leurs homologues de St Nicolas de Port \u00e0 la salle Omnisport de St Di\u00e9 des Vosges. D\u00e8s le d\u00e9but de la rencontre, nos filles ont mis la pression \u00e0 leurs adversaires en menant au premier quart-temps sur le score de 19 \u00e0 6. A la pause, la CTC devan\u00e7ait largement L&rsquo;\u00e9quipe de St Nicolas de Port 45 \u00e0 13.<\/p>\n<p>A la reprise, les U15 de la CTC continuaient sur leur lanc\u00e9e (71 \u00e0 23 ). Au dernier quart-temps, les vosgiennes ont continu\u00e9 \u00e0 atomiser leurs adversaires du jour et ont poursuivi leur promenade triomphale en \u00e9crasant l\u2019\u00e9quipe de Sel Vermois 101 \u00e0 35. Elles sont toujours invaincues cette saison invaincues et tournent \u00e0 un rythme infernal pour les \u00e9quipes qu&rsquo;elles ont rencontr\u00e9 jusqu&rsquo;alors&#8230;<\/p>\n<p><a href=\"\/2019\/02\/CTC-hautes-Vosges-U15-st-di\u00e9-2.jpg\"><img decoding=\"async\" class=\"aligncenter size-full wp-image-141656\" src=\"\/2019\/02\/CTC-hautes-Vosges-U15-st-di\u00e9-2.jpg\" alt=\"CTC hautes Vosges U15 - st di\u00e9 (2)\" width=\"800\" height=\"600\" \/><\/a><\/p>\n","protected":false},"excerpt":{"rendered":"<p>R\u00c9SULTATS WEEK-END DU 02-03 FEVRIER Ent. St Am\u00e9\/La Bresse 66-48 U17M GET Vosges 28-56 U13M Arnaville 60-31 S\u00e9niores 1 Mirecourt [&hellip;]<\/p>\n","protected":false},"author":42,"featured_media":39645,"comment_status":"open","ping_status":"open","sticky":false,"template":"","format":"standard","meta":{"footnotes":""},"categories":[20,14,18],"tags":[3435],"class_list":["post-39644","post","type-post","status-publish","format-standard","has-post-thumbnail","hentry","category-a-la-une","category-sport","category-vosges","tag-ctc-des-hautes-vosges"],"acf":[],"yoast_head":"<!-- This site is optimized with the Yoast SEO plugin v22.5 - https:\/\/yoast.com\/wordpress\/plugins\/seo\/ -->\n<title>Basket : les U15 encha\u00eenent les victoires comme des perles (des Vosges...) - Gerardmer Info<\/title>\n<meta name=\"robots\" content=\"index, follow, max-snippet:-1, max-image-preview:large, max-video-preview:-1\" \/>\n<link rel=\"canonical\" href=\"https:\/\/vosgesinfo.fr\/gerardmerinfo\/2019\/02\/basket-u15-enchainent-victoires-perles-vosges\/\" \/>\n<meta name=\"twitter:card\" content=\"summary_large_image\" \/>\n<meta name=\"twitter:title\" content=\"Basket : les U15 encha\u00eenent les victoires comme des perles (des Vosges...) - Gerardmer Info\" \/>\n<meta name=\"twitter:description\" content=\"R\u00c9SULTATS WEEK-END DU 02-03 FEVRIER Ent. St Am\u00e9\/La Bresse 66-48 U17M GET Vosges 28-56 U13M Arnaville 60-31 S\u00e9niores 1 Mirecourt [&hellip;]\" \/>\n<meta name=\"twitter:image\" content=\"https:\/\/vosgesinfo.fr\/app\/uploads\/sites\/6\/2024\/07\/201902ctc-hautes-vosges-u15-st-die-2.jpg\" \/>\n<meta name=\"twitter:creator\" content=\"@VosgesInfo88\" \/>\n<meta name=\"twitter:site\" content=\"@VosgesInfo88\" \/>\n<meta name=\"twitter:label1\" content=\"\u00c9crit par\" \/>\n\t<meta name=\"twitter:data1\" content=\"QG\" \/>\n\t<meta name=\"twitter:label2\" content=\"Dur\u00e9e de lecture estim\u00e9e\" \/>\n\t<meta name=\"twitter:data2\" content=\"1 minute\" \/>\n<script type=\"application\/ld+json\" class=\"yoast-schema-graph\">{\"@context\":\"https:\/\/schema.org\",\"@graph\":[{\"@type\":\"Article\",\"@id\":\"https:\/\/vosgesinfo.fr\/gerardmerinfo\/2019\/02\/basket-u15-enchainent-victoires-perles-vosges\/#article\",\"isPartOf\":{\"@id\":\"https:\/\/vosgesinfo.fr\/gerardmerinfo\/2019\/02\/basket-u15-enchainent-victoires-perles-vosges\/\"},\"author\":{\"name\":\"QG\",\"@id\":\"https:\/\/vosgesinfo.fr\/gerardmerinfo\/#\/schema\/person\/db5605779a843dad16b5368f3e7613a5\"},\"headline\":\"Basket : les U15 encha\u00eenent les victoires comme des perles (des Vosges&#8230;)\",\"datePublished\":\"2019-02-06T07:36:06+00:00\",\"dateModified\":\"2019-02-06T07:36:06+00:00\",\"mainEntityOfPage\":{\"@id\":\"https:\/\/vosgesinfo.fr\/gerardmerinfo\/2019\/02\/basket-u15-enchainent-victoires-perles-vosges\/\"},\"wordCount\":184,\"commentCount\":0,\"publisher\":{\"@id\":\"https:\/\/vosgesinfo.fr\/gerardmerinfo\/#organization\"},\"image\":{\"@id\":\"https:\/\/vosgesinfo.fr\/gerardmerinfo\/2019\/02\/basket-u15-enchainent-victoires-perles-vosges\/#primaryimage\"},\"thumbnailUrl\":\"https:\/\/vosgesinfo.fr\/app\/uploads\/sites\/6\/2024\/07\/201902ctc-hautes-vosges-u15-st-die-2.jpg\",\"keywords\":[\"ctc des hautes vosges\"],\"articleSection\":[\"A la une\",\"Sport\",\"Vosges\"],\"inLanguage\":\"fr-FR\",\"potentialAction\":[{\"@type\":\"CommentAction\",\"name\":\"Comment\",\"target\":[\"https:\/\/vosgesinfo.fr\/gerardmerinfo\/2019\/02\/basket-u15-enchainent-victoires-perles-vosges\/#respond\"]}]},{\"@type\":\"WebPage\",\"@id\":\"https:\/\/vosgesinfo.fr\/gerardmerinfo\/2019\/02\/basket-u15-enchainent-victoires-perles-vosges\/\",\"url\":\"https:\/\/vosgesinfo.fr\/gerardmerinfo\/2019\/02\/basket-u15-enchainent-victoires-perles-vosges\/\",\"name\":\"Basket : les U15 encha\u00eenent les victoires comme des perles (des Vosges...) - Gerardmer Info\",\"isPartOf\":{\"@id\":\"https:\/\/vosgesinfo.fr\/gerardmerinfo\/#website\"},\"primaryImageOfPage\":{\"@id\":\"https:\/\/vosgesinfo.fr\/gerardmerinfo\/2019\/02\/basket-u15-enchainent-victoires-perles-vosges\/#primaryimage\"},\"image\":{\"@id\":\"https:\/\/vosgesinfo.fr\/gerardmerinfo\/2019\/02\/basket-u15-enchainent-victoires-perles-vosges\/#primaryimage\"},\"thumbnailUrl\":\"https:\/\/vosgesinfo.fr\/app\/uploads\/sites\/6\/2024\/07\/201902ctc-hautes-vosges-u15-st-die-2.jpg\",\"datePublished\":\"2019-02-06T07:36:06+00:00\",\"dateModified\":\"2019-02-06T07:36:06+00:00\",\"breadcrumb\":{\"@id\":\"https:\/\/vosgesinfo.fr\/gerardmerinfo\/2019\/02\/basket-u15-enchainent-victoires-perles-vosges\/#breadcrumb\"},\"inLanguage\":\"fr-FR\",\"potentialAction\":[{\"@type\":\"ReadAction\",\"target\":[\"https:\/\/vosgesinfo.fr\/gerardmerinfo\/2019\/02\/basket-u15-enchainent-victoires-perles-vosges\/\"]}]},{\"@type\":\"ImageObject\",\"inLanguage\":\"fr-FR\",\"@id\":\"https:\/\/vosgesinfo.fr\/gerardmerinfo\/2019\/02\/basket-u15-enchainent-victoires-perles-vosges\/#primaryimage\",\"url\":\"https:\/\/vosgesinfo.fr\/app\/uploads\/sites\/6\/2024\/07\/201902ctc-hautes-vosges-u15-st-die-2.jpg\",\"contentUrl\":\"https:\/\/vosgesinfo.fr\/app\/uploads\/sites\/6\/2024\/07\/201902ctc-hautes-vosges-u15-st-die-2.jpg\",\"width\":800,\"height\":600},{\"@type\":\"BreadcrumbList\",\"@id\":\"https:\/\/vosgesinfo.fr\/gerardmerinfo\/2019\/02\/basket-u15-enchainent-victoires-perles-vosges\/#breadcrumb\",\"itemListElement\":[{\"@type\":\"ListItem\",\"position\":1,\"name\":\"Home\",\"item\":\"https:\/\/vosgesinfo.fr\/gerardmerinfo\/\"},{\"@type\":\"ListItem\",\"position\":2,\"name\":\"Basket : les U15 encha\u00eenent les victoires comme des perles (des Vosges&#8230;)\"}]},{\"@type\":\"WebSite\",\"@id\":\"https:\/\/vosgesinfo.fr\/gerardmerinfo\/#website\",\"url\":\"https:\/\/vosgesinfo.fr\/gerardmerinfo\/\",\"name\":\"Gerardmer Info\",\"description\":\"Toute l&#039;actualit\u00e9 de G\u00e9rardmer\",\"publisher\":{\"@id\":\"https:\/\/vosgesinfo.fr\/gerardmerinfo\/#organization\"},\"alternateName\":\"Toute l'actualit\u00e9 de G\u00e9rardmer\",\"potentialAction\":[{\"@type\":\"SearchAction\",\"target\":{\"@type\":\"EntryPoint\",\"urlTemplate\":\"https:\/\/vosgesinfo.fr\/gerardmerinfo\/?s={search_term_string}\"},\"query-input\":\"required name=search_term_string\"}],\"inLanguage\":\"fr-FR\"},{\"@type\":\"Organization\",\"@id\":\"https:\/\/vosgesinfo.fr\/gerardmerinfo\/#organization\",\"name\":\"Gerardmer Info\",\"url\":\"https:\/\/vosgesinfo.fr\/gerardmerinfo\/\",\"logo\":{\"@type\":\"ImageObject\",\"inLanguage\":\"fr-FR\",\"@id\":\"https:\/\/vosgesinfo.fr\/gerardmerinfo\/#\/schema\/logo\/image\/\",\"url\":\"https:\/\/vosgesinfo.fr\/app\/uploads\/sites\/6\/2023\/08\/favicon-gerardmerinfo.png\",\"contentUrl\":\"https:\/\/vosgesinfo.fr\/app\/uploads\/sites\/6\/2023\/08\/favicon-gerardmerinfo.png\",\"width\":512,\"height\":512,\"caption\":\"Gerardmer Info\"},\"image\":{\"@id\":\"https:\/\/vosgesinfo.fr\/gerardmerinfo\/#\/schema\/logo\/image\/\"},\"sameAs\":[\"https:\/\/www.facebook.com\/profile.php?id=100049475262660\",\"https:\/\/x.com\/VosgesInfo88\",\"https:\/\/www.youtube.com\/@vosgesinfo\"]},{\"@type\":\"Person\",\"@id\":\"https:\/\/vosgesinfo.fr\/gerardmerinfo\/#\/schema\/person\/db5605779a843dad16b5368f3e7613a5\",\"name\":\"QG\",\"image\":{\"@type\":\"ImageObject\",\"inLanguage\":\"fr-FR\",\"@id\":\"https:\/\/vosgesinfo.fr\/gerardmerinfo\/#\/schema\/person\/image\/\",\"url\":\"https:\/\/secure.gravatar.com\/avatar\/ea80c42c204b534408512832fde52504ecabb9706bcb6151cf6175e5b64e6793?s=96&d=mm&r=g\",\"contentUrl\":\"https:\/\/secure.gravatar.com\/avatar\/ea80c42c204b534408512832fde52504ecabb9706bcb6151cf6175e5b64e6793?s=96&d=mm&r=g\",\"caption\":\"QG\"},\"url\":\"https:\/\/vosgesinfo.fr\/gerardmerinfo\/author\/quentin88\/\"}]}<\/script>\n<!-- \/ Yoast SEO plugin. -->","yoast_head_json":{"title":"Basket : les U15 encha\u00eenent les victoires comme des perles (des Vosges...) - Gerardmer Info","robots":{"index":"index","follow":"follow","max-snippet":"max-snippet:-1","max-image-preview":"max-image-preview:large","max-video-preview":"max-video-preview:-1"},"canonical":"https:\/\/vosgesinfo.fr\/gerardmerinfo\/2019\/02\/basket-u15-enchainent-victoires-perles-vosges\/","twitter_card":"summary_large_image","twitter_title":"Basket : les U15 encha\u00eenent les victoires comme des perles (des Vosges...) - Gerardmer Info","twitter_description":"R\u00c9SULTATS WEEK-END DU 02-03 FEVRIER Ent. St Am\u00e9\/La Bresse 66-48 U17M GET Vosges 28-56 U13M Arnaville 60-31 S\u00e9niores 1 Mirecourt [&hellip;]","twitter_image":"https:\/\/vosgesinfo.fr\/app\/uploads\/sites\/6\/2024\/07\/201902ctc-hautes-vosges-u15-st-die-2.jpg","twitter_creator":"@VosgesInfo88","twitter_site":"@VosgesInfo88","twitter_misc":{"\u00c9crit par":"QG","Dur\u00e9e de lecture estim\u00e9e":"1 minute"},"schema":{"@context":"https:\/\/schema.org","@graph":[{"@type":"Article","@id":"https:\/\/vosgesinfo.fr\/gerardmerinfo\/2019\/02\/basket-u15-enchainent-victoires-perles-vosges\/#article","isPartOf":{"@id":"https:\/\/vosgesinfo.fr\/gerardmerinfo\/2019\/02\/basket-u15-enchainent-victoires-perles-vosges\/"},"author":{"name":"QG","@id":"https:\/\/vosgesinfo.fr\/gerardmerinfo\/#\/schema\/person\/db5605779a843dad16b5368f3e7613a5"},"headline":"Basket : les U15 encha\u00eenent les victoires comme des perles (des Vosges&#8230;)","datePublished":"2019-02-06T07:36:06+00:00","dateModified":"2019-02-06T07:36:06+00:00","mainEntityOfPage":{"@id":"https:\/\/vosgesinfo.fr\/gerardmerinfo\/2019\/02\/basket-u15-enchainent-victoires-perles-vosges\/"},"wordCount":184,"commentCount":0,"publisher":{"@id":"https:\/\/vosgesinfo.fr\/gerardmerinfo\/#organization"},"image":{"@id":"https:\/\/vosgesinfo.fr\/gerardmerinfo\/2019\/02\/basket-u15-enchainent-victoires-perles-vosges\/#primaryimage"},"thumbnailUrl":"https:\/\/vosgesinfo.fr\/app\/uploads\/sites\/6\/2024\/07\/201902ctc-hautes-vosges-u15-st-die-2.jpg","keywords":["ctc des hautes vosges"],"articleSection":["A la une","Sport","Vosges"],"inLanguage":"fr-FR","potentialAction":[{"@type":"CommentAction","name":"Comment","target":["https:\/\/vosgesinfo.fr\/gerardmerinfo\/2019\/02\/basket-u15-enchainent-victoires-perles-vosges\/#respond"]}]},{"@type":"WebPage","@id":"https:\/\/vosgesinfo.fr\/gerardmerinfo\/2019\/02\/basket-u15-enchainent-victoires-perles-vosges\/","url":"https:\/\/vosgesinfo.fr\/gerardmerinfo\/2019\/02\/basket-u15-enchainent-victoires-perles-vosges\/","name":"Basket : les U15 encha\u00eenent les victoires comme des perles (des Vosges...) - Gerardmer Info","isPartOf":{"@id":"https:\/\/vosgesinfo.fr\/gerardmerinfo\/#website"},"primaryImageOfPage":{"@id":"https:\/\/vosgesinfo.fr\/gerardmerinfo\/2019\/02\/basket-u15-enchainent-victoires-perles-vosges\/#primaryimage"},"image":{"@id":"https:\/\/vosgesinfo.fr\/gerardmerinfo\/2019\/02\/basket-u15-enchainent-victoires-perles-vosges\/#primaryimage"},"thumbnailUrl":"https:\/\/vosgesinfo.fr\/app\/uploads\/sites\/6\/2024\/07\/201902ctc-hautes-vosges-u15-st-die-2.jpg","datePublished":"2019-02-06T07:36:06+00:00","dateModified":"2019-02-06T07:36:06+00:00","breadcrumb":{"@id":"https:\/\/vosgesinfo.fr\/gerardmerinfo\/2019\/02\/basket-u15-enchainent-victoires-perles-vosges\/#breadcrumb"},"inLanguage":"fr-FR","potentialAction":[{"@type":"ReadAction","target":["https:\/\/vosgesinfo.fr\/gerardmerinfo\/2019\/02\/basket-u15-enchainent-victoires-perles-vosges\/"]}]},{"@type":"ImageObject","inLanguage":"fr-FR","@id":"https:\/\/vosgesinfo.fr\/gerardmerinfo\/2019\/02\/basket-u15-enchainent-victoires-perles-vosges\/#primaryimage","url":"https:\/\/vosgesinfo.fr\/app\/uploads\/sites\/6\/2024\/07\/201902ctc-hautes-vosges-u15-st-die-2.jpg","contentUrl":"https:\/\/vosgesinfo.fr\/app\/uploads\/sites\/6\/2024\/07\/201902ctc-hautes-vosges-u15-st-die-2.jpg","width":800,"height":600},{"@type":"BreadcrumbList","@id":"https:\/\/vosgesinfo.fr\/gerardmerinfo\/2019\/02\/basket-u15-enchainent-victoires-perles-vosges\/#breadcrumb","itemListElement":[{"@type":"ListItem","position":1,"name":"Home","item":"https:\/\/vosgesinfo.fr\/gerardmerinfo\/"},{"@type":"ListItem","position":2,"name":"Basket : les U15 encha\u00eenent les victoires comme des perles (des Vosges&#8230;)"}]},{"@type":"WebSite","@id":"https:\/\/vosgesinfo.fr\/gerardmerinfo\/#website","url":"https:\/\/vosgesinfo.fr\/gerardmerinfo\/","name":"Gerardmer Info","description":"Toute l&#039;actualit\u00e9 de G\u00e9rardmer","publisher":{"@id":"https:\/\/vosgesinfo.fr\/gerardmerinfo\/#organization"},"alternateName":"Toute l'actualit\u00e9 de G\u00e9rardmer","potentialAction":[{"@type":"SearchAction","target":{"@type":"EntryPoint","urlTemplate":"https:\/\/vosgesinfo.fr\/gerardmerinfo\/?s={search_term_string}"},"query-input":"required name=search_term_string"}],"inLanguage":"fr-FR"},{"@type":"Organization","@id":"https:\/\/vosgesinfo.fr\/gerardmerinfo\/#organization","name":"Gerardmer Info","url":"https:\/\/vosgesinfo.fr\/gerardmerinfo\/","logo":{"@type":"ImageObject","inLanguage":"fr-FR","@id":"https:\/\/vosgesinfo.fr\/gerardmerinfo\/#\/schema\/logo\/image\/","url":"https:\/\/vosgesinfo.fr\/app\/uploads\/sites\/6\/2023\/08\/favicon-gerardmerinfo.png","contentUrl":"https:\/\/vosgesinfo.fr\/app\/uploads\/sites\/6\/2023\/08\/favicon-gerardmerinfo.png","width":512,"height":512,"caption":"Gerardmer Info"},"image":{"@id":"https:\/\/vosgesinfo.fr\/gerardmerinfo\/#\/schema\/logo\/image\/"},"sameAs":["https:\/\/www.facebook.com\/profile.php?id=100049475262660","https:\/\/x.com\/VosgesInfo88","https:\/\/www.youtube.com\/@vosgesinfo"]},{"@type":"Person","@id":"https:\/\/vosgesinfo.fr\/gerardmerinfo\/#\/schema\/person\/db5605779a843dad16b5368f3e7613a5","name":"QG","image":{"@type":"ImageObject","inLanguage":"fr-FR","@id":"https:\/\/vosgesinfo.fr\/gerardmerinfo\/#\/schema\/person\/image\/","url":"https:\/\/secure.gravatar.com\/avatar\/ea80c42c204b534408512832fde52504ecabb9706bcb6151cf6175e5b64e6793?s=96&d=mm&r=g","contentUrl":"https:\/\/secure.gravatar.com\/avatar\/ea80c42c204b534408512832fde52504ecabb9706bcb6151cf6175e5b64e6793?s=96&d=mm&r=g","caption":"QG"},"url":"https:\/\/vosgesinfo.fr\/gerardmerinfo\/author\/quentin88\/"}]}},"_links":{"self":[{"href":"https:\/\/vosgesinfo.fr\/gerardmerinfo\/wp-json\/wp\/v2\/posts\/39644","targetHints":{"allow":["GET"]}}],"collection":[{"href":"https:\/\/vosgesinfo.fr\/gerardmerinfo\/wp-json\/wp\/v2\/posts"}],"about":[{"href":"https:\/\/vosgesinfo.fr\/gerardmerinfo\/wp-json\/wp\/v2\/types\/post"}],"author":[{"embeddable":true,"href":"https:\/\/vosgesinfo.fr\/gerardmerinfo\/wp-json\/wp\/v2\/users\/42"}],"replies":[{"embeddable":true,"href":"https:\/\/vosgesinfo.fr\/gerardmerinfo\/wp-json\/wp\/v2\/comments?post=39644"}],"version-history":[{"count":0,"href":"https:\/\/vosgesinfo.fr\/gerardmerinfo\/wp-json\/wp\/v2\/posts\/39644\/revisions"}],"wp:featuredmedia":[{"embeddable":true,"href":"https:\/\/vosgesinfo.fr\/gerardmerinfo\/wp-json\/wp\/v2\/media\/39645"}],"wp:attachment":[{"href":"https:\/\/vosgesinfo.fr\/gerardmerinfo\/wp-json\/wp\/v2\/media?parent=39644"}],"wp:term":[{"taxonomy":"category","embeddable":true,"href":"https:\/\/vosgesinfo.fr\/gerardmerinfo\/wp-json\/wp\/v2\/categories?post=39644"},{"taxonomy":"post_tag","embeddable":true,"href":"https:\/\/vosgesinfo.fr\/gerardmerinfo\/wp-json\/wp\/v2\/tags?post=39644"}],"curies":[{"name":"wp","href":"https:\/\/api.w.org\/{rel}","templated":true}]}}