{"id":39652,"date":"2019-02-06T17:01:59","date_gmt":"2019-02-06T16:01:59","guid":{"rendered":"https:\/\/vosgesinfo.fr\/gerardmerinfo\/2019\/02\/judo-jdc-11eme-eurometropole-masters-de-lille\/"},"modified":"2019-02-06T17:01:59","modified_gmt":"2019-02-06T16:01:59","slug":"judo-jdc-11eme-eurometropole-masters-de-lille","status":"publish","type":"post","link":"https:\/\/vosgesinfo.fr\/gerardmerinfo\/2019\/02\/judo-jdc-11eme-eurometropole-masters-de-lille\/","title":{"rendered":"Judo : le JDC au 11\u00e8me Eurom\u00e9tropole Masters de Lille"},"content":{"rendered":"<div id=\"attachment_141672\" style=\"width: 810px\" class=\"wp-caption aligncenter\"><a href=\"\/2019\/02\/Judo-Masters-Lille-2.jpg\"><img decoding=\"async\" aria-describedby=\"caption-attachment-141672\" class=\"size-full wp-image-141672\" src=\"\/2019\/02\/Judo-Masters-Lille-2.jpg\" alt=\"Olivier Lina en action\" width=\"800\" height=\"532\" \/><\/a><p id=\"caption-attachment-141672\" class=\"wp-caption-text\">Olivier Lina en action<\/p><\/div>\n<p align=\"LEFT\"><span style=\"color: #111111;\"><span style=\"font-family: Times New Roman, serif;\"><span style=\"font-size: medium;\"><b>\u00a0<\/b><\/span><\/span><\/span><\/p>\n<p align=\"LEFT\"><span style=\"color: #111111; font-size: 14pt;\"><span style=\"font-family: Times New Roman, serif;\">L\u2019ann\u00e9e 2019 commence sur les chapeaux de roues pour le judo club de G\u00e9rardmer. Ce n\u2019est pas une ni deux mais trois m\u00e9dailles qu\u2019ont obtenus les trois \u00e9ducateurs sportifs G\u00e9r\u00f4mois lors du 11\u00e8me Eurom\u00e9tropole Masters de Lille. Ce tournoi v\u00e9t\u00e9ran est le plus grand rassemblement europ\u00e9en de l\u2019ann\u00e9e, avec quasiment 650 combattants sur 22 nations repr\u00e9sent\u00e9es.<\/span><\/span><\/p>\n<p align=\"LEFT\"><span style=\"font-size: 14pt;\"><span style=\"color: #111111;\"><span style=\"font-family: Times New Roman, serif;\">Que du bonheur pour nos quatre athl\u00e8tes ! <b>Mika\u00ebl Bussi\u00e8re <\/b>d\u00e9croche <b>une m\u00e9daille d\u2019or. Stany Simon <\/b>et <b>Olivier Lina <\/b>obtiennent quant \u00e0 eux chacun une m\u00e9daille de bronze. Les Masters sont des comp\u00e9titions internationales destin\u00e9es aux judokas v\u00e9t\u00e9rans, f\u00e9minins et masculins, de 30 \u00e0 80 ans. <\/span><\/span><span style=\"color: #111111;\"><span style=\"font-family: Times New Roman, serif;\">Olivier PETITEAU, n\u2019a pas d\u00e9m\u00e9rit\u00e9, malgr\u00e9 de magnifiques et spectaculaires combats il n\u2019a pas r\u00e9ussi \u00e0 monter sur le podium.<\/span><\/span><\/span><\/p>\n<p align=\"LEFT\"><span style=\"color: #111111; font-size: 14pt;\"><span style=\"font-family: Times New Roman, serif;\">Ces comp\u00e9titions se d\u00e9roulent non-stop sur une seule journ\u00e9e marathon, avec 11 cat\u00e9gories d\u2019\u00e2ge et 7 cat\u00e9gories de poids chez les hommes comme chez les femmes. Nos v\u00e9t\u00e9rans puisent leurs motivations dans la recherche d\u2019adr\u00e9naline, l\u2019exemple \u00e0 transmettre aux jeunes et, cerise sur le g\u00e2teau, vivre des moments riches en rencontres notamment avec d\u2019anciens internationaux de tous pays.<\/span><\/span><\/p>\n<p align=\"LEFT\"><a href=\"\/2019\/02\/Judo-Masters-Lille-1.jpg\"><img decoding=\"async\" class=\"aligncenter size-full wp-image-141671\" src=\"\/2019\/02\/Judo-Masters-Lille-1.jpg\" alt=\"Judo Masters Lille (1)\" width=\"800\" height=\"532\" \/><\/a><\/p>\n<p><span style=\"color: #111111;\"><span style=\"font-family: Times New Roman, serif;\"><span style=\"font-size: medium;\">\u00a0<\/span><\/span><\/span><\/p>\n","protected":false},"excerpt":{"rendered":"<p>\u00a0 L\u2019ann\u00e9e 2019 commence sur les chapeaux de roues pour le judo club de G\u00e9rardmer. Ce n\u2019est pas une ni [&hellip;]<\/p>\n","protected":false},"author":1,"featured_media":39653,"comment_status":"open","ping_status":"open","sticky":false,"template":"","format":"standard","meta":{"footnotes":""},"categories":[20,25,14],"tags":[514],"class_list":["post-39652","post","type-post","status-publish","format-standard","has-post-thumbnail","hentry","category-a-la-une","category-gerardmer","category-sport","tag-judo-club-de-gerardmer"],"acf":[],"yoast_head":"<!-- This site is optimized with the Yoast SEO plugin v22.5 - https:\/\/yoast.com\/wordpress\/plugins\/seo\/ -->\n<title>Judo : le JDC au 11\u00e8me Eurom\u00e9tropole Masters de Lille - Gerardmer Info<\/title>\n<meta name=\"robots\" content=\"index, follow, max-snippet:-1, max-image-preview:large, max-video-preview:-1\" \/>\n<link rel=\"canonical\" href=\"https:\/\/vosgesinfo.fr\/gerardmerinfo\/2019\/02\/judo-jdc-11eme-eurometropole-masters-de-lille\/\" \/>\n<meta name=\"twitter:card\" content=\"summary_large_image\" \/>\n<meta name=\"twitter:title\" content=\"Judo : le JDC au 11\u00e8me Eurom\u00e9tropole Masters de Lille - Gerardmer Info\" \/>\n<meta name=\"twitter:description\" content=\"\u00a0 L\u2019ann\u00e9e 2019 commence sur les chapeaux de roues pour le judo club de G\u00e9rardmer. Ce n\u2019est pas une ni [&hellip;]\" \/>\n<meta name=\"twitter:image\" content=\"https:\/\/vosgesinfo.fr\/app\/uploads\/sites\/6\/2024\/07\/201902judo-masters-lille-1.jpg\" \/>\n<meta name=\"twitter:creator\" content=\"@VosgesInfo88\" \/>\n<meta name=\"twitter:site\" content=\"@VosgesInfo88\" \/>\n<meta name=\"twitter:label1\" content=\"\u00c9crit par\" \/>\n\t<meta name=\"twitter:data1\" content=\"qs_admin\" \/>\n\t<meta name=\"twitter:label2\" content=\"Dur\u00e9e de lecture estim\u00e9e\" \/>\n\t<meta name=\"twitter:data2\" content=\"1 minute\" \/>\n<script type=\"application\/ld+json\" class=\"yoast-schema-graph\">{\"@context\":\"https:\/\/schema.org\",\"@graph\":[{\"@type\":\"Article\",\"@id\":\"https:\/\/vosgesinfo.fr\/gerardmerinfo\/2019\/02\/judo-jdc-11eme-eurometropole-masters-de-lille\/#article\",\"isPartOf\":{\"@id\":\"https:\/\/vosgesinfo.fr\/gerardmerinfo\/2019\/02\/judo-jdc-11eme-eurometropole-masters-de-lille\/\"},\"author\":{\"name\":\"qs_admin\",\"@id\":\"https:\/\/vosgesinfo.fr\/gerardmerinfo\/#\/schema\/person\/bc5d02d71e6932e81b6dadb7386667b1\"},\"headline\":\"Judo : le JDC au 11\u00e8me Eurom\u00e9tropole Masters de Lille\",\"datePublished\":\"2019-02-06T16:01:59+00:00\",\"dateModified\":\"2019-02-06T16:01:59+00:00\",\"mainEntityOfPage\":{\"@id\":\"https:\/\/vosgesinfo.fr\/gerardmerinfo\/2019\/02\/judo-jdc-11eme-eurometropole-masters-de-lille\/\"},\"wordCount\":235,\"commentCount\":0,\"publisher\":{\"@id\":\"https:\/\/vosgesinfo.fr\/gerardmerinfo\/#organization\"},\"image\":{\"@id\":\"https:\/\/vosgesinfo.fr\/gerardmerinfo\/2019\/02\/judo-jdc-11eme-eurometropole-masters-de-lille\/#primaryimage\"},\"thumbnailUrl\":\"https:\/\/vosgesinfo.fr\/app\/uploads\/sites\/6\/2024\/07\/201902judo-masters-lille-1.jpg\",\"keywords\":[\"judo club de g\u00e9rardmer\"],\"articleSection\":[\"A la une\",\"G\u00e9rardmer\",\"Sport\"],\"inLanguage\":\"fr-FR\",\"potentialAction\":[{\"@type\":\"CommentAction\",\"name\":\"Comment\",\"target\":[\"https:\/\/vosgesinfo.fr\/gerardmerinfo\/2019\/02\/judo-jdc-11eme-eurometropole-masters-de-lille\/#respond\"]}]},{\"@type\":\"WebPage\",\"@id\":\"https:\/\/vosgesinfo.fr\/gerardmerinfo\/2019\/02\/judo-jdc-11eme-eurometropole-masters-de-lille\/\",\"url\":\"https:\/\/vosgesinfo.fr\/gerardmerinfo\/2019\/02\/judo-jdc-11eme-eurometropole-masters-de-lille\/\",\"name\":\"Judo : le JDC au 11\u00e8me Eurom\u00e9tropole Masters de Lille - Gerardmer Info\",\"isPartOf\":{\"@id\":\"https:\/\/vosgesinfo.fr\/gerardmerinfo\/#website\"},\"primaryImageOfPage\":{\"@id\":\"https:\/\/vosgesinfo.fr\/gerardmerinfo\/2019\/02\/judo-jdc-11eme-eurometropole-masters-de-lille\/#primaryimage\"},\"image\":{\"@id\":\"https:\/\/vosgesinfo.fr\/gerardmerinfo\/2019\/02\/judo-jdc-11eme-eurometropole-masters-de-lille\/#primaryimage\"},\"thumbnailUrl\":\"https:\/\/vosgesinfo.fr\/app\/uploads\/sites\/6\/2024\/07\/201902judo-masters-lille-1.jpg\",\"datePublished\":\"2019-02-06T16:01:59+00:00\",\"dateModified\":\"2019-02-06T16:01:59+00:00\",\"breadcrumb\":{\"@id\":\"https:\/\/vosgesinfo.fr\/gerardmerinfo\/2019\/02\/judo-jdc-11eme-eurometropole-masters-de-lille\/#breadcrumb\"},\"inLanguage\":\"fr-FR\",\"potentialAction\":[{\"@type\":\"ReadAction\",\"target\":[\"https:\/\/vosgesinfo.fr\/gerardmerinfo\/2019\/02\/judo-jdc-11eme-eurometropole-masters-de-lille\/\"]}]},{\"@type\":\"ImageObject\",\"inLanguage\":\"fr-FR\",\"@id\":\"https:\/\/vosgesinfo.fr\/gerardmerinfo\/2019\/02\/judo-jdc-11eme-eurometropole-masters-de-lille\/#primaryimage\",\"url\":\"https:\/\/vosgesinfo.fr\/app\/uploads\/sites\/6\/2024\/07\/201902judo-masters-lille-1.jpg\",\"contentUrl\":\"https:\/\/vosgesinfo.fr\/app\/uploads\/sites\/6\/2024\/07\/201902judo-masters-lille-1.jpg\",\"width\":800,\"height\":532},{\"@type\":\"BreadcrumbList\",\"@id\":\"https:\/\/vosgesinfo.fr\/gerardmerinfo\/2019\/02\/judo-jdc-11eme-eurometropole-masters-de-lille\/#breadcrumb\",\"itemListElement\":[{\"@type\":\"ListItem\",\"position\":1,\"name\":\"Home\",\"item\":\"https:\/\/vosgesinfo.fr\/gerardmerinfo\/\"},{\"@type\":\"ListItem\",\"position\":2,\"name\":\"Judo : le JDC au 11\u00e8me Eurom\u00e9tropole Masters de Lille\"}]},{\"@type\":\"WebSite\",\"@id\":\"https:\/\/vosgesinfo.fr\/gerardmerinfo\/#website\",\"url\":\"https:\/\/vosgesinfo.fr\/gerardmerinfo\/\",\"name\":\"Gerardmer Info\",\"description\":\"Toute l&#039;actualit\u00e9 de G\u00e9rardmer\",\"publisher\":{\"@id\":\"https:\/\/vosgesinfo.fr\/gerardmerinfo\/#organization\"},\"alternateName\":\"Toute l'actualit\u00e9 de G\u00e9rardmer\",\"potentialAction\":[{\"@type\":\"SearchAction\",\"target\":{\"@type\":\"EntryPoint\",\"urlTemplate\":\"https:\/\/vosgesinfo.fr\/gerardmerinfo\/?s={search_term_string}\"},\"query-input\":\"required name=search_term_string\"}],\"inLanguage\":\"fr-FR\"},{\"@type\":\"Organization\",\"@id\":\"https:\/\/vosgesinfo.fr\/gerardmerinfo\/#organization\",\"name\":\"Gerardmer Info\",\"url\":\"https:\/\/vosgesinfo.fr\/gerardmerinfo\/\",\"logo\":{\"@type\":\"ImageObject\",\"inLanguage\":\"fr-FR\",\"@id\":\"https:\/\/vosgesinfo.fr\/gerardmerinfo\/#\/schema\/logo\/image\/\",\"url\":\"https:\/\/vosgesinfo.fr\/app\/uploads\/sites\/6\/2023\/08\/favicon-gerardmerinfo.png\",\"contentUrl\":\"https:\/\/vosgesinfo.fr\/app\/uploads\/sites\/6\/2023\/08\/favicon-gerardmerinfo.png\",\"width\":512,\"height\":512,\"caption\":\"Gerardmer Info\"},\"image\":{\"@id\":\"https:\/\/vosgesinfo.fr\/gerardmerinfo\/#\/schema\/logo\/image\/\"},\"sameAs\":[\"https:\/\/www.facebook.com\/profile.php?id=100049475262660\",\"https:\/\/x.com\/VosgesInfo88\",\"https:\/\/www.youtube.com\/@vosgesinfo\"]},{\"@type\":\"Person\",\"@id\":\"https:\/\/vosgesinfo.fr\/gerardmerinfo\/#\/schema\/person\/bc5d02d71e6932e81b6dadb7386667b1\",\"name\":\"qs_admin\",\"image\":{\"@type\":\"ImageObject\",\"inLanguage\":\"fr-FR\",\"@id\":\"https:\/\/vosgesinfo.fr\/gerardmerinfo\/#\/schema\/person\/image\/\",\"url\":\"https:\/\/secure.gravatar.com\/avatar\/94b18ee0ed79e4a42ea2f2931277b6841a8999fc6fde214600c78057cf1fe1de?s=96&d=mm&r=g\",\"contentUrl\":\"https:\/\/secure.gravatar.com\/avatar\/94b18ee0ed79e4a42ea2f2931277b6841a8999fc6fde214600c78057cf1fe1de?s=96&d=mm&r=g\",\"caption\":\"qs_admin\"},\"sameAs\":[\"https:\/\/vosgesinfo.fr\/wp\"],\"url\":\"https:\/\/vosgesinfo.fr\/gerardmerinfo\/author\/qs_admin\/\"}]}<\/script>\n<!-- \/ Yoast SEO plugin. -->","yoast_head_json":{"title":"Judo : le JDC au 11\u00e8me Eurom\u00e9tropole Masters de Lille - Gerardmer Info","robots":{"index":"index","follow":"follow","max-snippet":"max-snippet:-1","max-image-preview":"max-image-preview:large","max-video-preview":"max-video-preview:-1"},"canonical":"https:\/\/vosgesinfo.fr\/gerardmerinfo\/2019\/02\/judo-jdc-11eme-eurometropole-masters-de-lille\/","twitter_card":"summary_large_image","twitter_title":"Judo : le JDC au 11\u00e8me Eurom\u00e9tropole Masters de Lille - Gerardmer Info","twitter_description":"\u00a0 L\u2019ann\u00e9e 2019 commence sur les chapeaux de roues pour le judo club de G\u00e9rardmer. Ce n\u2019est pas une ni [&hellip;]","twitter_image":"https:\/\/vosgesinfo.fr\/app\/uploads\/sites\/6\/2024\/07\/201902judo-masters-lille-1.jpg","twitter_creator":"@VosgesInfo88","twitter_site":"@VosgesInfo88","twitter_misc":{"\u00c9crit par":"qs_admin","Dur\u00e9e de lecture estim\u00e9e":"1 minute"},"schema":{"@context":"https:\/\/schema.org","@graph":[{"@type":"Article","@id":"https:\/\/vosgesinfo.fr\/gerardmerinfo\/2019\/02\/judo-jdc-11eme-eurometropole-masters-de-lille\/#article","isPartOf":{"@id":"https:\/\/vosgesinfo.fr\/gerardmerinfo\/2019\/02\/judo-jdc-11eme-eurometropole-masters-de-lille\/"},"author":{"name":"qs_admin","@id":"https:\/\/vosgesinfo.fr\/gerardmerinfo\/#\/schema\/person\/bc5d02d71e6932e81b6dadb7386667b1"},"headline":"Judo : le JDC au 11\u00e8me Eurom\u00e9tropole Masters de Lille","datePublished":"2019-02-06T16:01:59+00:00","dateModified":"2019-02-06T16:01:59+00:00","mainEntityOfPage":{"@id":"https:\/\/vosgesinfo.fr\/gerardmerinfo\/2019\/02\/judo-jdc-11eme-eurometropole-masters-de-lille\/"},"wordCount":235,"commentCount":0,"publisher":{"@id":"https:\/\/vosgesinfo.fr\/gerardmerinfo\/#organization"},"image":{"@id":"https:\/\/vosgesinfo.fr\/gerardmerinfo\/2019\/02\/judo-jdc-11eme-eurometropole-masters-de-lille\/#primaryimage"},"thumbnailUrl":"https:\/\/vosgesinfo.fr\/app\/uploads\/sites\/6\/2024\/07\/201902judo-masters-lille-1.jpg","keywords":["judo club de g\u00e9rardmer"],"articleSection":["A la une","G\u00e9rardmer","Sport"],"inLanguage":"fr-FR","potentialAction":[{"@type":"CommentAction","name":"Comment","target":["https:\/\/vosgesinfo.fr\/gerardmerinfo\/2019\/02\/judo-jdc-11eme-eurometropole-masters-de-lille\/#respond"]}]},{"@type":"WebPage","@id":"https:\/\/vosgesinfo.fr\/gerardmerinfo\/2019\/02\/judo-jdc-11eme-eurometropole-masters-de-lille\/","url":"https:\/\/vosgesinfo.fr\/gerardmerinfo\/2019\/02\/judo-jdc-11eme-eurometropole-masters-de-lille\/","name":"Judo : le JDC au 11\u00e8me Eurom\u00e9tropole Masters de Lille - Gerardmer Info","isPartOf":{"@id":"https:\/\/vosgesinfo.fr\/gerardmerinfo\/#website"},"primaryImageOfPage":{"@id":"https:\/\/vosgesinfo.fr\/gerardmerinfo\/2019\/02\/judo-jdc-11eme-eurometropole-masters-de-lille\/#primaryimage"},"image":{"@id":"https:\/\/vosgesinfo.fr\/gerardmerinfo\/2019\/02\/judo-jdc-11eme-eurometropole-masters-de-lille\/#primaryimage"},"thumbnailUrl":"https:\/\/vosgesinfo.fr\/app\/uploads\/sites\/6\/2024\/07\/201902judo-masters-lille-1.jpg","datePublished":"2019-02-06T16:01:59+00:00","dateModified":"2019-02-06T16:01:59+00:00","breadcrumb":{"@id":"https:\/\/vosgesinfo.fr\/gerardmerinfo\/2019\/02\/judo-jdc-11eme-eurometropole-masters-de-lille\/#breadcrumb"},"inLanguage":"fr-FR","potentialAction":[{"@type":"ReadAction","target":["https:\/\/vosgesinfo.fr\/gerardmerinfo\/2019\/02\/judo-jdc-11eme-eurometropole-masters-de-lille\/"]}]},{"@type":"ImageObject","inLanguage":"fr-FR","@id":"https:\/\/vosgesinfo.fr\/gerardmerinfo\/2019\/02\/judo-jdc-11eme-eurometropole-masters-de-lille\/#primaryimage","url":"https:\/\/vosgesinfo.fr\/app\/uploads\/sites\/6\/2024\/07\/201902judo-masters-lille-1.jpg","contentUrl":"https:\/\/vosgesinfo.fr\/app\/uploads\/sites\/6\/2024\/07\/201902judo-masters-lille-1.jpg","width":800,"height":532},{"@type":"BreadcrumbList","@id":"https:\/\/vosgesinfo.fr\/gerardmerinfo\/2019\/02\/judo-jdc-11eme-eurometropole-masters-de-lille\/#breadcrumb","itemListElement":[{"@type":"ListItem","position":1,"name":"Home","item":"https:\/\/vosgesinfo.fr\/gerardmerinfo\/"},{"@type":"ListItem","position":2,"name":"Judo : le JDC au 11\u00e8me Eurom\u00e9tropole Masters de Lille"}]},{"@type":"WebSite","@id":"https:\/\/vosgesinfo.fr\/gerardmerinfo\/#website","url":"https:\/\/vosgesinfo.fr\/gerardmerinfo\/","name":"Gerardmer Info","description":"Toute l&#039;actualit\u00e9 de G\u00e9rardmer","publisher":{"@id":"https:\/\/vosgesinfo.fr\/gerardmerinfo\/#organization"},"alternateName":"Toute l'actualit\u00e9 de G\u00e9rardmer","potentialAction":[{"@type":"SearchAction","target":{"@type":"EntryPoint","urlTemplate":"https:\/\/vosgesinfo.fr\/gerardmerinfo\/?s={search_term_string}"},"query-input":"required name=search_term_string"}],"inLanguage":"fr-FR"},{"@type":"Organization","@id":"https:\/\/vosgesinfo.fr\/gerardmerinfo\/#organization","name":"Gerardmer Info","url":"https:\/\/vosgesinfo.fr\/gerardmerinfo\/","logo":{"@type":"ImageObject","inLanguage":"fr-FR","@id":"https:\/\/vosgesinfo.fr\/gerardmerinfo\/#\/schema\/logo\/image\/","url":"https:\/\/vosgesinfo.fr\/app\/uploads\/sites\/6\/2023\/08\/favicon-gerardmerinfo.png","contentUrl":"https:\/\/vosgesinfo.fr\/app\/uploads\/sites\/6\/2023\/08\/favicon-gerardmerinfo.png","width":512,"height":512,"caption":"Gerardmer Info"},"image":{"@id":"https:\/\/vosgesinfo.fr\/gerardmerinfo\/#\/schema\/logo\/image\/"},"sameAs":["https:\/\/www.facebook.com\/profile.php?id=100049475262660","https:\/\/x.com\/VosgesInfo88","https:\/\/www.youtube.com\/@vosgesinfo"]},{"@type":"Person","@id":"https:\/\/vosgesinfo.fr\/gerardmerinfo\/#\/schema\/person\/bc5d02d71e6932e81b6dadb7386667b1","name":"qs_admin","image":{"@type":"ImageObject","inLanguage":"fr-FR","@id":"https:\/\/vosgesinfo.fr\/gerardmerinfo\/#\/schema\/person\/image\/","url":"https:\/\/secure.gravatar.com\/avatar\/94b18ee0ed79e4a42ea2f2931277b6841a8999fc6fde214600c78057cf1fe1de?s=96&d=mm&r=g","contentUrl":"https:\/\/secure.gravatar.com\/avatar\/94b18ee0ed79e4a42ea2f2931277b6841a8999fc6fde214600c78057cf1fe1de?s=96&d=mm&r=g","caption":"qs_admin"},"sameAs":["https:\/\/vosgesinfo.fr\/wp"],"url":"https:\/\/vosgesinfo.fr\/gerardmerinfo\/author\/qs_admin\/"}]}},"_links":{"self":[{"href":"https:\/\/vosgesinfo.fr\/gerardmerinfo\/wp-json\/wp\/v2\/posts\/39652","targetHints":{"allow":["GET"]}}],"collection":[{"href":"https:\/\/vosgesinfo.fr\/gerardmerinfo\/wp-json\/wp\/v2\/posts"}],"about":[{"href":"https:\/\/vosgesinfo.fr\/gerardmerinfo\/wp-json\/wp\/v2\/types\/post"}],"author":[{"embeddable":true,"href":"https:\/\/vosgesinfo.fr\/gerardmerinfo\/wp-json\/wp\/v2\/users\/1"}],"replies":[{"embeddable":true,"href":"https:\/\/vosgesinfo.fr\/gerardmerinfo\/wp-json\/wp\/v2\/comments?post=39652"}],"version-history":[{"count":0,"href":"https:\/\/vosgesinfo.fr\/gerardmerinfo\/wp-json\/wp\/v2\/posts\/39652\/revisions"}],"wp:featuredmedia":[{"embeddable":true,"href":"https:\/\/vosgesinfo.fr\/gerardmerinfo\/wp-json\/wp\/v2\/media\/39653"}],"wp:attachment":[{"href":"https:\/\/vosgesinfo.fr\/gerardmerinfo\/wp-json\/wp\/v2\/media?parent=39652"}],"wp:term":[{"taxonomy":"category","embeddable":true,"href":"https:\/\/vosgesinfo.fr\/gerardmerinfo\/wp-json\/wp\/v2\/categories?post=39652"},{"taxonomy":"post_tag","embeddable":true,"href":"https:\/\/vosgesinfo.fr\/gerardmerinfo\/wp-json\/wp\/v2\/tags?post=39652"}],"curies":[{"name":"wp","href":"https:\/\/api.w.org\/{rel}","templated":true}]}}