{"id":39668,"date":"2019-02-07T12:21:25","date_gmt":"2019-02-07T11:21:25","guid":{"rendered":"https:\/\/vosgesinfo.fr\/gerardmerinfo\/2019\/02\/salon-de-lagriculture-marjorie-presente-loula-vosgienne-7eme-salon-parisien\/"},"modified":"2019-02-07T12:21:25","modified_gmt":"2019-02-07T11:21:25","slug":"salon-de-lagriculture-marjorie-presente-loula-vosgienne-7eme-salon-parisien","status":"publish","type":"post","link":"https:\/\/vosgesinfo.fr\/gerardmerinfo\/2019\/02\/salon-de-lagriculture-marjorie-presente-loula-vosgienne-7eme-salon-parisien\/","title":{"rendered":"Salon de l\u2019Agriculture \u2013 Marjorie pr\u00e9sente Loula, la Vosgienne, pour son 7\u00e8me salon Parisien"},"content":{"rendered":"<h2 class=\"p1\"><strong><span class=\"s1\">L\u2019\u00e9dition 2019 du Salon International de l\u2019Agriculture se tient du samedi 23 f\u00e9vrier au dimanche 3 mars. C\u2019est le 7\u00e8me salon pour Marjorie, \u00e9leveuse \u00e0 La Croisette, pr\u00e8s du Val d\u2019Ajol. Elle va pr\u00e9senter Loula, une vache de race vosgienne.<\/span><\/strong><\/h2>\n<p class=\"p1\"><span class=\"s1\">Marjorie a 14 ans quand elle entre dans le monde agricole. Son p\u00e8re travaille dans le domaine de la ma\u00e7onnerie, et sa m\u00e8re est cuisini\u00e8re au coll\u00e8ge de Plombi\u00e8res. C\u2019est gr\u00e2ce \u00e0 un ami de ses parents, Mark Spenle, qu\u2019elle d\u00e9couvre l\u2019\u00e9levage :<em> \u00ab\u00a0J\u2019ai accroch\u00e9 tout de suite avec les animaux\u00a0\u00bb<\/em>. Elle choisit au coll\u00e8ge de suivre une 3\u00e8me agricole :\u00a0<em>\u00ab\u00a0Ca a \u00e9t\u00e9 une vraie passion \u00bb.<\/em>\u00a0Elle obtient par la suite une Baccalaur\u00e9at professionnel en gestion d\u2019entreprise agricole, puis un BTS en apprentissage. <\/span><\/p>\n<p class=\"p1\"><span class=\"s1\">Marjorie est reconnaissante envers Mark Spenle : <em>\u00ab\u00a0Il a r\u00e9ussi \u00e0 me transmettre son amour du m\u00e9tier et de la race vosgienne\u00a0\u00bb<\/em>. Lorsqu\u2019il a quitt\u00e9 cette vie, il y a maintenant pr\u00e8s d\u2019un an et demi, Marjorie a acquis aux ench\u00e8re l\u2019une de ses vaches, pr\u00e9nomm\u00e9e Loula :<em> \u00ab\u00a0Je tenais vraiment \u00e0 la racheter\u00a0\u00bb<\/em>. <\/span><\/p>\n","protected":false},"excerpt":{"rendered":"<p>L\u2019\u00e9dition 2019 du Salon International de l\u2019Agriculture se tient du samedi 23 f\u00e9vrier au dimanche 3 mars. C\u2019est le 7\u00e8me [&hellip;]<\/p>\n","protected":false},"author":1,"featured_media":39669,"comment_status":"open","ping_status":"open","sticky":false,"template":"","format":"standard","meta":{"footnotes":""},"categories":[20,23,18],"tags":[3472],"class_list":["post-39668","post","type-post","status-publish","format-standard","has-post-thumbnail","hentry","category-a-la-une","category-agriculture","category-vosges","tag-salon-de-lagriculture"],"acf":[],"yoast_head":"<!-- This site is optimized with the Yoast SEO plugin v22.5 - https:\/\/yoast.com\/wordpress\/plugins\/seo\/ -->\n<title>Salon de l\u2019Agriculture \u2013 Marjorie pr\u00e9sente Loula, la Vosgienne, pour son 7\u00e8me salon Parisien - Gerardmer Info<\/title>\n<meta name=\"robots\" content=\"index, follow, max-snippet:-1, max-image-preview:large, max-video-preview:-1\" \/>\n<link rel=\"canonical\" href=\"https:\/\/vosgesinfo.fr\/gerardmerinfo\/2019\/02\/salon-de-lagriculture-marjorie-presente-loula-vosgienne-7eme-salon-parisien\/\" \/>\n<meta name=\"twitter:card\" content=\"summary_large_image\" \/>\n<meta name=\"twitter:title\" content=\"Salon de l\u2019Agriculture \u2013 Marjorie pr\u00e9sente Loula, la Vosgienne, pour son 7\u00e8me salon Parisien - Gerardmer Info\" \/>\n<meta name=\"twitter:description\" content=\"L\u2019\u00e9dition 2019 du Salon International de l\u2019Agriculture se tient du samedi 23 f\u00e9vrier au dimanche 3 mars. C\u2019est le 7\u00e8me [&hellip;]\" \/>\n<meta name=\"twitter:image\" content=\"https:\/\/vosgesinfo.fr\/app\/uploads\/sites\/6\/2024\/07\/201902marjorie-loula.jpg\" \/>\n<meta name=\"twitter:creator\" content=\"@VosgesInfo88\" \/>\n<meta name=\"twitter:site\" content=\"@VosgesInfo88\" \/>\n<meta name=\"twitter:label1\" content=\"\u00c9crit par\" \/>\n\t<meta name=\"twitter:data1\" content=\"qs_admin\" \/>\n\t<meta name=\"twitter:label2\" content=\"Dur\u00e9e de lecture estim\u00e9e\" \/>\n\t<meta name=\"twitter:data2\" content=\"1 minute\" \/>\n<script type=\"application\/ld+json\" class=\"yoast-schema-graph\">{\"@context\":\"https:\/\/schema.org\",\"@graph\":[{\"@type\":\"Article\",\"@id\":\"https:\/\/vosgesinfo.fr\/gerardmerinfo\/2019\/02\/salon-de-lagriculture-marjorie-presente-loula-vosgienne-7eme-salon-parisien\/#article\",\"isPartOf\":{\"@id\":\"https:\/\/vosgesinfo.fr\/gerardmerinfo\/2019\/02\/salon-de-lagriculture-marjorie-presente-loula-vosgienne-7eme-salon-parisien\/\"},\"author\":{\"name\":\"qs_admin\",\"@id\":\"https:\/\/vosgesinfo.fr\/gerardmerinfo\/#\/schema\/person\/bc5d02d71e6932e81b6dadb7386667b1\"},\"headline\":\"Salon de l\u2019Agriculture \u2013 Marjorie pr\u00e9sente Loula, la Vosgienne, pour son 7\u00e8me salon Parisien\",\"datePublished\":\"2019-02-07T11:21:25+00:00\",\"dateModified\":\"2019-02-07T11:21:25+00:00\",\"mainEntityOfPage\":{\"@id\":\"https:\/\/vosgesinfo.fr\/gerardmerinfo\/2019\/02\/salon-de-lagriculture-marjorie-presente-loula-vosgienne-7eme-salon-parisien\/\"},\"wordCount\":212,\"commentCount\":0,\"publisher\":{\"@id\":\"https:\/\/vosgesinfo.fr\/gerardmerinfo\/#organization\"},\"image\":{\"@id\":\"https:\/\/vosgesinfo.fr\/gerardmerinfo\/2019\/02\/salon-de-lagriculture-marjorie-presente-loula-vosgienne-7eme-salon-parisien\/#primaryimage\"},\"thumbnailUrl\":\"https:\/\/vosgesinfo.fr\/app\/uploads\/sites\/6\/2024\/07\/201902marjorie-loula.jpg\",\"keywords\":[\"salon de l'agriculture\"],\"articleSection\":[\"A la une\",\"agriculture\",\"Vosges\"],\"inLanguage\":\"fr-FR\",\"potentialAction\":[{\"@type\":\"CommentAction\",\"name\":\"Comment\",\"target\":[\"https:\/\/vosgesinfo.fr\/gerardmerinfo\/2019\/02\/salon-de-lagriculture-marjorie-presente-loula-vosgienne-7eme-salon-parisien\/#respond\"]}]},{\"@type\":\"WebPage\",\"@id\":\"https:\/\/vosgesinfo.fr\/gerardmerinfo\/2019\/02\/salon-de-lagriculture-marjorie-presente-loula-vosgienne-7eme-salon-parisien\/\",\"url\":\"https:\/\/vosgesinfo.fr\/gerardmerinfo\/2019\/02\/salon-de-lagriculture-marjorie-presente-loula-vosgienne-7eme-salon-parisien\/\",\"name\":\"Salon de l\u2019Agriculture \u2013 Marjorie pr\u00e9sente Loula, la Vosgienne, pour son 7\u00e8me salon Parisien - Gerardmer Info\",\"isPartOf\":{\"@id\":\"https:\/\/vosgesinfo.fr\/gerardmerinfo\/#website\"},\"primaryImageOfPage\":{\"@id\":\"https:\/\/vosgesinfo.fr\/gerardmerinfo\/2019\/02\/salon-de-lagriculture-marjorie-presente-loula-vosgienne-7eme-salon-parisien\/#primaryimage\"},\"image\":{\"@id\":\"https:\/\/vosgesinfo.fr\/gerardmerinfo\/2019\/02\/salon-de-lagriculture-marjorie-presente-loula-vosgienne-7eme-salon-parisien\/#primaryimage\"},\"thumbnailUrl\":\"https:\/\/vosgesinfo.fr\/app\/uploads\/sites\/6\/2024\/07\/201902marjorie-loula.jpg\",\"datePublished\":\"2019-02-07T11:21:25+00:00\",\"dateModified\":\"2019-02-07T11:21:25+00:00\",\"breadcrumb\":{\"@id\":\"https:\/\/vosgesinfo.fr\/gerardmerinfo\/2019\/02\/salon-de-lagriculture-marjorie-presente-loula-vosgienne-7eme-salon-parisien\/#breadcrumb\"},\"inLanguage\":\"fr-FR\",\"potentialAction\":[{\"@type\":\"ReadAction\",\"target\":[\"https:\/\/vosgesinfo.fr\/gerardmerinfo\/2019\/02\/salon-de-lagriculture-marjorie-presente-loula-vosgienne-7eme-salon-parisien\/\"]}]},{\"@type\":\"ImageObject\",\"inLanguage\":\"fr-FR\",\"@id\":\"https:\/\/vosgesinfo.fr\/gerardmerinfo\/2019\/02\/salon-de-lagriculture-marjorie-presente-loula-vosgienne-7eme-salon-parisien\/#primaryimage\",\"url\":\"https:\/\/vosgesinfo.fr\/app\/uploads\/sites\/6\/2024\/07\/201902marjorie-loula.jpg\",\"contentUrl\":\"https:\/\/vosgesinfo.fr\/app\/uploads\/sites\/6\/2024\/07\/201902marjorie-loula.jpg\",\"width\":800,\"height\":600},{\"@type\":\"BreadcrumbList\",\"@id\":\"https:\/\/vosgesinfo.fr\/gerardmerinfo\/2019\/02\/salon-de-lagriculture-marjorie-presente-loula-vosgienne-7eme-salon-parisien\/#breadcrumb\",\"itemListElement\":[{\"@type\":\"ListItem\",\"position\":1,\"name\":\"Home\",\"item\":\"https:\/\/vosgesinfo.fr\/gerardmerinfo\/\"},{\"@type\":\"ListItem\",\"position\":2,\"name\":\"Salon de l\u2019Agriculture \u2013 Marjorie pr\u00e9sente Loula, la Vosgienne, pour son 7\u00e8me salon Parisien\"}]},{\"@type\":\"WebSite\",\"@id\":\"https:\/\/vosgesinfo.fr\/gerardmerinfo\/#website\",\"url\":\"https:\/\/vosgesinfo.fr\/gerardmerinfo\/\",\"name\":\"Gerardmer Info\",\"description\":\"Toute l&#039;actualit\u00e9 de G\u00e9rardmer\",\"publisher\":{\"@id\":\"https:\/\/vosgesinfo.fr\/gerardmerinfo\/#organization\"},\"alternateName\":\"Toute l'actualit\u00e9 de G\u00e9rardmer\",\"potentialAction\":[{\"@type\":\"SearchAction\",\"target\":{\"@type\":\"EntryPoint\",\"urlTemplate\":\"https:\/\/vosgesinfo.fr\/gerardmerinfo\/?s={search_term_string}\"},\"query-input\":\"required name=search_term_string\"}],\"inLanguage\":\"fr-FR\"},{\"@type\":\"Organization\",\"@id\":\"https:\/\/vosgesinfo.fr\/gerardmerinfo\/#organization\",\"name\":\"Gerardmer Info\",\"url\":\"https:\/\/vosgesinfo.fr\/gerardmerinfo\/\",\"logo\":{\"@type\":\"ImageObject\",\"inLanguage\":\"fr-FR\",\"@id\":\"https:\/\/vosgesinfo.fr\/gerardmerinfo\/#\/schema\/logo\/image\/\",\"url\":\"https:\/\/vosgesinfo.fr\/app\/uploads\/sites\/6\/2023\/08\/favicon-gerardmerinfo.png\",\"contentUrl\":\"https:\/\/vosgesinfo.fr\/app\/uploads\/sites\/6\/2023\/08\/favicon-gerardmerinfo.png\",\"width\":512,\"height\":512,\"caption\":\"Gerardmer Info\"},\"image\":{\"@id\":\"https:\/\/vosgesinfo.fr\/gerardmerinfo\/#\/schema\/logo\/image\/\"},\"sameAs\":[\"https:\/\/www.facebook.com\/profile.php?id=100049475262660\",\"https:\/\/x.com\/VosgesInfo88\",\"https:\/\/www.youtube.com\/@vosgesinfo\"]},{\"@type\":\"Person\",\"@id\":\"https:\/\/vosgesinfo.fr\/gerardmerinfo\/#\/schema\/person\/bc5d02d71e6932e81b6dadb7386667b1\",\"name\":\"qs_admin\",\"image\":{\"@type\":\"ImageObject\",\"inLanguage\":\"fr-FR\",\"@id\":\"https:\/\/vosgesinfo.fr\/gerardmerinfo\/#\/schema\/person\/image\/\",\"url\":\"https:\/\/secure.gravatar.com\/avatar\/94b18ee0ed79e4a42ea2f2931277b6841a8999fc6fde214600c78057cf1fe1de?s=96&d=mm&r=g\",\"contentUrl\":\"https:\/\/secure.gravatar.com\/avatar\/94b18ee0ed79e4a42ea2f2931277b6841a8999fc6fde214600c78057cf1fe1de?s=96&d=mm&r=g\",\"caption\":\"qs_admin\"},\"sameAs\":[\"https:\/\/vosgesinfo.fr\/wp\"],\"url\":\"https:\/\/vosgesinfo.fr\/gerardmerinfo\/author\/qs_admin\/\"}]}<\/script>\n<!-- \/ Yoast SEO plugin. -->","yoast_head_json":{"title":"Salon de l\u2019Agriculture \u2013 Marjorie pr\u00e9sente Loula, la Vosgienne, pour son 7\u00e8me salon Parisien - Gerardmer Info","robots":{"index":"index","follow":"follow","max-snippet":"max-snippet:-1","max-image-preview":"max-image-preview:large","max-video-preview":"max-video-preview:-1"},"canonical":"https:\/\/vosgesinfo.fr\/gerardmerinfo\/2019\/02\/salon-de-lagriculture-marjorie-presente-loula-vosgienne-7eme-salon-parisien\/","twitter_card":"summary_large_image","twitter_title":"Salon de l\u2019Agriculture \u2013 Marjorie pr\u00e9sente Loula, la Vosgienne, pour son 7\u00e8me salon Parisien - Gerardmer Info","twitter_description":"L\u2019\u00e9dition 2019 du Salon International de l\u2019Agriculture se tient du samedi 23 f\u00e9vrier au dimanche 3 mars. C\u2019est le 7\u00e8me [&hellip;]","twitter_image":"https:\/\/vosgesinfo.fr\/app\/uploads\/sites\/6\/2024\/07\/201902marjorie-loula.jpg","twitter_creator":"@VosgesInfo88","twitter_site":"@VosgesInfo88","twitter_misc":{"\u00c9crit par":"qs_admin","Dur\u00e9e de lecture estim\u00e9e":"1 minute"},"schema":{"@context":"https:\/\/schema.org","@graph":[{"@type":"Article","@id":"https:\/\/vosgesinfo.fr\/gerardmerinfo\/2019\/02\/salon-de-lagriculture-marjorie-presente-loula-vosgienne-7eme-salon-parisien\/#article","isPartOf":{"@id":"https:\/\/vosgesinfo.fr\/gerardmerinfo\/2019\/02\/salon-de-lagriculture-marjorie-presente-loula-vosgienne-7eme-salon-parisien\/"},"author":{"name":"qs_admin","@id":"https:\/\/vosgesinfo.fr\/gerardmerinfo\/#\/schema\/person\/bc5d02d71e6932e81b6dadb7386667b1"},"headline":"Salon de l\u2019Agriculture \u2013 Marjorie pr\u00e9sente Loula, la Vosgienne, pour son 7\u00e8me salon Parisien","datePublished":"2019-02-07T11:21:25+00:00","dateModified":"2019-02-07T11:21:25+00:00","mainEntityOfPage":{"@id":"https:\/\/vosgesinfo.fr\/gerardmerinfo\/2019\/02\/salon-de-lagriculture-marjorie-presente-loula-vosgienne-7eme-salon-parisien\/"},"wordCount":212,"commentCount":0,"publisher":{"@id":"https:\/\/vosgesinfo.fr\/gerardmerinfo\/#organization"},"image":{"@id":"https:\/\/vosgesinfo.fr\/gerardmerinfo\/2019\/02\/salon-de-lagriculture-marjorie-presente-loula-vosgienne-7eme-salon-parisien\/#primaryimage"},"thumbnailUrl":"https:\/\/vosgesinfo.fr\/app\/uploads\/sites\/6\/2024\/07\/201902marjorie-loula.jpg","keywords":["salon de l'agriculture"],"articleSection":["A la une","agriculture","Vosges"],"inLanguage":"fr-FR","potentialAction":[{"@type":"CommentAction","name":"Comment","target":["https:\/\/vosgesinfo.fr\/gerardmerinfo\/2019\/02\/salon-de-lagriculture-marjorie-presente-loula-vosgienne-7eme-salon-parisien\/#respond"]}]},{"@type":"WebPage","@id":"https:\/\/vosgesinfo.fr\/gerardmerinfo\/2019\/02\/salon-de-lagriculture-marjorie-presente-loula-vosgienne-7eme-salon-parisien\/","url":"https:\/\/vosgesinfo.fr\/gerardmerinfo\/2019\/02\/salon-de-lagriculture-marjorie-presente-loula-vosgienne-7eme-salon-parisien\/","name":"Salon de l\u2019Agriculture \u2013 Marjorie pr\u00e9sente Loula, la Vosgienne, pour son 7\u00e8me salon Parisien - Gerardmer Info","isPartOf":{"@id":"https:\/\/vosgesinfo.fr\/gerardmerinfo\/#website"},"primaryImageOfPage":{"@id":"https:\/\/vosgesinfo.fr\/gerardmerinfo\/2019\/02\/salon-de-lagriculture-marjorie-presente-loula-vosgienne-7eme-salon-parisien\/#primaryimage"},"image":{"@id":"https:\/\/vosgesinfo.fr\/gerardmerinfo\/2019\/02\/salon-de-lagriculture-marjorie-presente-loula-vosgienne-7eme-salon-parisien\/#primaryimage"},"thumbnailUrl":"https:\/\/vosgesinfo.fr\/app\/uploads\/sites\/6\/2024\/07\/201902marjorie-loula.jpg","datePublished":"2019-02-07T11:21:25+00:00","dateModified":"2019-02-07T11:21:25+00:00","breadcrumb":{"@id":"https:\/\/vosgesinfo.fr\/gerardmerinfo\/2019\/02\/salon-de-lagriculture-marjorie-presente-loula-vosgienne-7eme-salon-parisien\/#breadcrumb"},"inLanguage":"fr-FR","potentialAction":[{"@type":"ReadAction","target":["https:\/\/vosgesinfo.fr\/gerardmerinfo\/2019\/02\/salon-de-lagriculture-marjorie-presente-loula-vosgienne-7eme-salon-parisien\/"]}]},{"@type":"ImageObject","inLanguage":"fr-FR","@id":"https:\/\/vosgesinfo.fr\/gerardmerinfo\/2019\/02\/salon-de-lagriculture-marjorie-presente-loula-vosgienne-7eme-salon-parisien\/#primaryimage","url":"https:\/\/vosgesinfo.fr\/app\/uploads\/sites\/6\/2024\/07\/201902marjorie-loula.jpg","contentUrl":"https:\/\/vosgesinfo.fr\/app\/uploads\/sites\/6\/2024\/07\/201902marjorie-loula.jpg","width":800,"height":600},{"@type":"BreadcrumbList","@id":"https:\/\/vosgesinfo.fr\/gerardmerinfo\/2019\/02\/salon-de-lagriculture-marjorie-presente-loula-vosgienne-7eme-salon-parisien\/#breadcrumb","itemListElement":[{"@type":"ListItem","position":1,"name":"Home","item":"https:\/\/vosgesinfo.fr\/gerardmerinfo\/"},{"@type":"ListItem","position":2,"name":"Salon de l\u2019Agriculture \u2013 Marjorie pr\u00e9sente Loula, la Vosgienne, pour son 7\u00e8me salon Parisien"}]},{"@type":"WebSite","@id":"https:\/\/vosgesinfo.fr\/gerardmerinfo\/#website","url":"https:\/\/vosgesinfo.fr\/gerardmerinfo\/","name":"Gerardmer Info","description":"Toute l&#039;actualit\u00e9 de G\u00e9rardmer","publisher":{"@id":"https:\/\/vosgesinfo.fr\/gerardmerinfo\/#organization"},"alternateName":"Toute l'actualit\u00e9 de G\u00e9rardmer","potentialAction":[{"@type":"SearchAction","target":{"@type":"EntryPoint","urlTemplate":"https:\/\/vosgesinfo.fr\/gerardmerinfo\/?s={search_term_string}"},"query-input":"required name=search_term_string"}],"inLanguage":"fr-FR"},{"@type":"Organization","@id":"https:\/\/vosgesinfo.fr\/gerardmerinfo\/#organization","name":"Gerardmer Info","url":"https:\/\/vosgesinfo.fr\/gerardmerinfo\/","logo":{"@type":"ImageObject","inLanguage":"fr-FR","@id":"https:\/\/vosgesinfo.fr\/gerardmerinfo\/#\/schema\/logo\/image\/","url":"https:\/\/vosgesinfo.fr\/app\/uploads\/sites\/6\/2023\/08\/favicon-gerardmerinfo.png","contentUrl":"https:\/\/vosgesinfo.fr\/app\/uploads\/sites\/6\/2023\/08\/favicon-gerardmerinfo.png","width":512,"height":512,"caption":"Gerardmer Info"},"image":{"@id":"https:\/\/vosgesinfo.fr\/gerardmerinfo\/#\/schema\/logo\/image\/"},"sameAs":["https:\/\/www.facebook.com\/profile.php?id=100049475262660","https:\/\/x.com\/VosgesInfo88","https:\/\/www.youtube.com\/@vosgesinfo"]},{"@type":"Person","@id":"https:\/\/vosgesinfo.fr\/gerardmerinfo\/#\/schema\/person\/bc5d02d71e6932e81b6dadb7386667b1","name":"qs_admin","image":{"@type":"ImageObject","inLanguage":"fr-FR","@id":"https:\/\/vosgesinfo.fr\/gerardmerinfo\/#\/schema\/person\/image\/","url":"https:\/\/secure.gravatar.com\/avatar\/94b18ee0ed79e4a42ea2f2931277b6841a8999fc6fde214600c78057cf1fe1de?s=96&d=mm&r=g","contentUrl":"https:\/\/secure.gravatar.com\/avatar\/94b18ee0ed79e4a42ea2f2931277b6841a8999fc6fde214600c78057cf1fe1de?s=96&d=mm&r=g","caption":"qs_admin"},"sameAs":["https:\/\/vosgesinfo.fr\/wp"],"url":"https:\/\/vosgesinfo.fr\/gerardmerinfo\/author\/qs_admin\/"}]}},"_links":{"self":[{"href":"https:\/\/vosgesinfo.fr\/gerardmerinfo\/wp-json\/wp\/v2\/posts\/39668","targetHints":{"allow":["GET"]}}],"collection":[{"href":"https:\/\/vosgesinfo.fr\/gerardmerinfo\/wp-json\/wp\/v2\/posts"}],"about":[{"href":"https:\/\/vosgesinfo.fr\/gerardmerinfo\/wp-json\/wp\/v2\/types\/post"}],"author":[{"embeddable":true,"href":"https:\/\/vosgesinfo.fr\/gerardmerinfo\/wp-json\/wp\/v2\/users\/1"}],"replies":[{"embeddable":true,"href":"https:\/\/vosgesinfo.fr\/gerardmerinfo\/wp-json\/wp\/v2\/comments?post=39668"}],"version-history":[{"count":0,"href":"https:\/\/vosgesinfo.fr\/gerardmerinfo\/wp-json\/wp\/v2\/posts\/39668\/revisions"}],"wp:featuredmedia":[{"embeddable":true,"href":"https:\/\/vosgesinfo.fr\/gerardmerinfo\/wp-json\/wp\/v2\/media\/39669"}],"wp:attachment":[{"href":"https:\/\/vosgesinfo.fr\/gerardmerinfo\/wp-json\/wp\/v2\/media?parent=39668"}],"wp:term":[{"taxonomy":"category","embeddable":true,"href":"https:\/\/vosgesinfo.fr\/gerardmerinfo\/wp-json\/wp\/v2\/categories?post=39668"},{"taxonomy":"post_tag","embeddable":true,"href":"https:\/\/vosgesinfo.fr\/gerardmerinfo\/wp-json\/wp\/v2\/tags?post=39668"}],"curies":[{"name":"wp","href":"https:\/\/api.w.org\/{rel}","templated":true}]}}