{"id":39682,"date":"2019-04-27T15:45:18","date_gmt":"2019-04-27T13:45:18","guid":{"rendered":"https:\/\/vosgesinfo.fr\/gerardmerinfo\/2019\/04\/championnats-de-france-individuel-clubs-de-course-dorientation-a-gerardmer\/"},"modified":"2019-04-27T15:45:18","modified_gmt":"2019-04-27T13:45:18","slug":"championnats-de-france-individuel-clubs-de-course-dorientation-a-gerardmer","status":"publish","type":"post","link":"https:\/\/vosgesinfo.fr\/gerardmerinfo\/2019\/04\/championnats-de-france-individuel-clubs-de-course-dorientation-a-gerardmer\/","title":{"rendered":"Championnats de France individuels et des clubs de course d&rsquo;orientation \u00e0 G\u00e9rardmer"},"content":{"rendered":"\n<p align=\"LEFT\"><span style=\"color: #000000; font-size: 14pt;\"><span style=\"font-family: Times New Roman, serif;\">\u00a0<\/span><\/span><\/p>\n<p><span style=\"color: #333333; font-size: 14pt;\"><span style=\"font-family: Times New Roman, serif;\"><b>Le club Hautes Vosges Orientation (HVO) organise les 4 &amp; 5 mai prochains, les championnats de France individuels et des clubs de course d&rsquo;orientation \u00e0 G\u00e9rardmer. L&rsquo;occasion vous sera donn\u00e9e de participer activement \u00e0 cette manifestation le vendredi avec une animation tout public. <\/b><\/span><\/span><\/p>\n<p>&nbsp;<\/p>\n<p><span style=\"font-size: 14pt;\"><span style=\"color: #333333;\"><span style=\"font-family: Times New Roman, serif;\">En effet, en pr\u00e9ambule de cette rencontre qui va regrouper l&rsquo;ensemble des clubs fran\u00e7ais, soit pr\u00e8s de 2500 participants pour ces 2 jours, HVO organisera une course r\u00e9gionale d\u00e8s le mercredi 1er mai, mais surtout le club vous proposera une animation gratuite et ouverte \u00e0 tous. Cette derni\u00e8re aura lieu le vendredi 3 mai e<\/span><\/span><span style=\"color: #000000;\"><span style=\"font-family: Times New Roman, serif;\">n fin d\u2019apr\u00e8s midi \u00e0 Proximit\u00e9 de l\u2019espace lac \u00e0 G\u00e9rardmer et sera suivie d&rsquo;un point presse et de la remise des dossards aux comp\u00e9titeurs du week-end. <\/span><\/span><\/span><\/p>\n<p><span style=\"color: #000000; font-size: 14pt;\"><span style=\"font-family: Times New Roman, serif;\"><a href=\"\/2019\/02\/projet-affiche-CFC2019-A4-V234529.jpg\"><img decoding=\"async\" class=\"alignright wp-image-141748\" src=\"\/2019\/02\/projet-affiche-CFC2019-A4-V234529.jpg\" alt=\"projet affiche CFC2019 A4 V2[34529]\" width=\"265\" height=\"375\" \/><\/a>Seul, en famille ou entre amis, vous aurez donc l&rsquo;occasion de vous initier \u00e0 la course d&rsquo;orientation \u00e0 travers une \u00e9preuve ludique de type course au score. A l&rsquo;aide d&rsquo;une carte simplifi\u00e9e, il s&rsquo;agira de retrouver dans un laps de temps d\u00e9fini des balises plac\u00e9es dans le secteur du lac, chacune vous rapportant un certains nombre de points. Vous l&rsquo;aurez compris, l&rsquo;objectif sera d&rsquo;engranger un maximum de points\u00a0!<\/span><\/span><\/p>\n<p align=\"LEFT\"><span style=\"color: #000000; font-size: 14pt;\"><span style=\"font-family: Calibri, sans-serif;\"><span style=\"color: #000000;\"><span style=\"font-family: Times New Roman, serif;\"><i><b>Lac de G\u00e9rardmer: <\/b><\/i><\/span><\/span><span style=\"color: #000000;\"><span style=\"font-family: Times New Roman, serif;\"><i>D&rsquo;origine glaciaire et situ\u00e9 \u00e0 660m d&rsquo;altitude c\u2019est le plus grand lac naturel des Vosges avec ses 155ha de surface. Les am\u00e9nagements en bordure de lac et la proximit\u00e9 de la ville vont permettre aux d\u00e9butants de s\u2019initier facilement \u00e0 l\u2019orientation que l\u2019on propose en comp\u00e9tition sur les \u00e9preuves de sprint. <\/i><\/span><\/span><\/span><\/span><\/p>\n<p align=\"LEFT\"><span style=\"color: #000000; font-size: 14pt;\"><span style=\"font-family: Times New Roman, serif;\">Plus d&rsquo;info sur la page web et le Facebook de l&rsquo;\u00e9v\u00e9nement\u00a0: <\/span><\/span><\/p>\n<p>&nbsp;<\/p>\n<p><span style=\"color: #000080; font-size: 14pt;\"><span lang=\"zxx\"><a href=\"https:\/\/www.cfc2019.fr\/\" target=\"_blank\" rel=\"noopener\"><span style=\"color: #333333;\"><span style=\"font-family: Times New Roman, serif;\">https:\/\/www.cfc2019.fr\/<\/span><\/span><\/a><\/span><\/span><\/p>\n<p><span style=\"color: #000080; font-size: 14pt;\"><span lang=\"zxx\"><a href=\"https:\/\/www.facebook.com\/cfc2O19\/\"><span style=\"color: #333333;\"><span style=\"font-family: Times New Roman, serif;\">https:\/\/www.facebook.com\/cfc2O19\/<\/span><\/span><\/a><\/span><\/span><\/p>\n<p>&nbsp;<\/p>\n<h3 class=\"western\"><span style=\"color: #000000; font-size: 14pt;\"><span style=\"font-family: Times New Roman, serif;\"><b>LE PROGRAMME DES 5 JOURS\u00a0: <\/b><\/span><\/span><\/h3>\n<div id=\"Section1\" dir=\"LTR\">\n<p><span style=\"font-size: 14pt;\"><a href=\"https:\/\/www.cfc2019.fr\/copie-de-cfmd-2019\" target=\"_blank\" rel=\"noopener\"><span style=\"color: #000080;\"><span lang=\"zxx\"><span style=\"color: #000000;\"><span style=\"font-family: Times New Roman, serif;\"><b>Mercredi 01 mai\u00a0:<\/b><\/span><\/span><\/span><\/span><span style=\"color: #000080;\"><span lang=\"zxx\"><span style=\"color: #000000;\"><span style=\"font-family: Times New Roman, serif;\"> Course R\u00e9gionale Grand Est moyenne distance comptant pour le classement national<\/span><\/span><\/span><\/span><\/a><\/span><\/p>\n<p><span style=\"font-size: 14pt;\"><a href=\"https:\/\/www.cfc2019.fr\/copie-de-cfmd-induviduel-2019\" target=\"_blank\" rel=\"noopener\"><span style=\"color: #000080;\"><span lang=\"zxx\"><span style=\"color: #000000;\"><span style=\"font-family: Times New Roman, serif;\"><b>Jeudi 02 et Vendredi 03 Mai :<\/b><\/span><\/span><\/span><\/span><span style=\"color: #000080;\"><span lang=\"zxx\"><span style=\"color: #000000;\"><span style=\"font-family: Times New Roman, serif;\"> 2 sites disponibles<\/span><\/span><\/span><\/span><\/a><\/span><\/p>\n<p><span style=\"color: #000000; font-size: 14pt;\"><span style=\"font-family: Times New Roman, serif;\">Entra\u00eenement libre sur la commune de La Bresse \u00e0 Proximit\u00e9 de la tourbi\u00e8re de Lispach<\/span><\/span><\/p>\n<p><span style=\"color: #000000; font-size: 14pt;\"><span style=\"font-family: Times New Roman, serif;\">Entra\u00eenement libre sur la commune de G\u00e9rardmer \u00e0 proximit\u00e9 de la station de ski de la Chaume Francis<\/span><\/span><\/p>\n<p><span style=\"font-size: 14pt;\"><a href=\"https:\/\/www.cfc2019.fr\/copie-de-entrainements\" target=\"_blank\" rel=\"noopener\"><span style=\"color: #000080;\"><span lang=\"zxx\"><span style=\"color: #000000;\"><span style=\"font-family: Times New Roman, serif;\"><b>Vendredi 03 Mai :<\/b><\/span><\/span><\/span><\/span><span style=\"color: #000080;\"><span lang=\"zxx\"><span style=\"color: #000000;\"><span style=\"font-family: Times New Roman, serif;\"> Animation tout Public<\/span><\/span><\/span><\/span><\/a><\/span><\/p>\n<p><span style=\"font-size: 14pt;\"><a href=\"https:\/\/www.cfc2019.fr\/copie-de-cfc-2019\" target=\"_blank\" rel=\"noopener\"><span style=\"color: #000080;\"><span lang=\"zxx\"><span style=\"color: #000000;\"><span style=\"font-family: Times New Roman, serif;\"><b>Samedi 04 Mai : <\/b><\/span><\/span><\/span><\/span><span style=\"color: #000080;\"><span lang=\"zxx\"><span style=\"color: #000000;\"><span style=\"font-family: Times New Roman, serif;\">Championnat de France Moyenne Distance individuel (CFMD)<\/span><\/span><\/span><\/span><\/a><\/span><\/p>\n<p><span style=\"font-size: 14pt;\"><a href=\"https:\/\/www.cfc2019.fr\/copie-de-competitions\" target=\"_blank\" rel=\"noopener\"><span style=\"color: #000080;\"><span lang=\"zxx\"><span style=\"color: #000000;\"><span style=\"font-family: Times New Roman, serif;\"><b>Dimanche 05 Mai :<\/b><\/span><\/span><\/span><\/span><span style=\"color: #000080;\"><span lang=\"zxx\"><span style=\"color: #000000;\"><span style=\"font-family: Times New Roman, serif;\"> Championnat de France Des Clubs (CFC)<\/span><\/span><\/span><\/span><\/a><\/span><\/p>\n<\/div>\n<p>&nbsp;<\/p>\n","protected":false},"excerpt":{"rendered":"<p>\u00a0 Le club Hautes Vosges Orientation (HVO) organise les 4 &amp; 5 mai prochains, les championnats de France individuels et [&hellip;]<\/p>\n","protected":false},"author":42,"featured_media":39683,"comment_status":"open","ping_status":"open","sticky":false,"template":"","format":"standard","meta":{"footnotes":""},"categories":[20,14,18],"tags":[1914,4019],"class_list":["post-39682","post","type-post","status-publish","format-standard","has-post-thumbnail","hentry","category-a-la-une","category-sport","category-vosges","tag-championnat-de-france","tag-course-dorientation"],"acf":[],"yoast_head":"<!-- This site is optimized with the Yoast SEO plugin v22.5 - https:\/\/yoast.com\/wordpress\/plugins\/seo\/ -->\n<title>Championnats de France individuels et des clubs de course d&#039;orientation \u00e0 G\u00e9rardmer - Gerardmer Info<\/title>\n<meta name=\"robots\" content=\"index, follow, max-snippet:-1, max-image-preview:large, max-video-preview:-1\" \/>\n<link rel=\"canonical\" href=\"https:\/\/vosgesinfo.fr\/gerardmerinfo\/2019\/04\/championnats-de-france-individuel-clubs-de-course-dorientation-a-gerardmer\/\" \/>\n<meta name=\"twitter:card\" content=\"summary_large_image\" \/>\n<meta name=\"twitter:title\" content=\"Championnats de France individuels et des clubs de course d&#039;orientation \u00e0 G\u00e9rardmer - Gerardmer Info\" \/>\n<meta name=\"twitter:description\" content=\"\u00a0 Le club Hautes Vosges Orientation (HVO) organise les 4 &amp; 5 mai prochains, les championnats de France individuels et [&hellip;]\" \/>\n<meta name=\"twitter:image\" content=\"https:\/\/vosgesinfo.fr\/app\/uploads\/sites\/6\/2024\/07\/201902course-dorientation-4.jpg\" \/>\n<meta name=\"twitter:creator\" content=\"@VosgesInfo88\" \/>\n<meta name=\"twitter:site\" content=\"@VosgesInfo88\" \/>\n<meta name=\"twitter:label1\" content=\"\u00c9crit par\" \/>\n\t<meta name=\"twitter:data1\" content=\"QG\" \/>\n\t<meta name=\"twitter:label2\" content=\"Dur\u00e9e de lecture estim\u00e9e\" \/>\n\t<meta name=\"twitter:data2\" content=\"2 minutes\" \/>\n<script type=\"application\/ld+json\" class=\"yoast-schema-graph\">{\"@context\":\"https:\/\/schema.org\",\"@graph\":[{\"@type\":\"Article\",\"@id\":\"https:\/\/vosgesinfo.fr\/gerardmerinfo\/2019\/04\/championnats-de-france-individuel-clubs-de-course-dorientation-a-gerardmer\/#article\",\"isPartOf\":{\"@id\":\"https:\/\/vosgesinfo.fr\/gerardmerinfo\/2019\/04\/championnats-de-france-individuel-clubs-de-course-dorientation-a-gerardmer\/\"},\"author\":{\"name\":\"QG\",\"@id\":\"https:\/\/vosgesinfo.fr\/gerardmerinfo\/#\/schema\/person\/db5605779a843dad16b5368f3e7613a5\"},\"headline\":\"Championnats de France individuels et des clubs de course d&rsquo;orientation \u00e0 G\u00e9rardmer\",\"datePublished\":\"2019-04-27T13:45:18+00:00\",\"dateModified\":\"2019-04-27T13:45:18+00:00\",\"mainEntityOfPage\":{\"@id\":\"https:\/\/vosgesinfo.fr\/gerardmerinfo\/2019\/04\/championnats-de-france-individuel-clubs-de-course-dorientation-a-gerardmer\/\"},\"wordCount\":399,\"commentCount\":0,\"publisher\":{\"@id\":\"https:\/\/vosgesinfo.fr\/gerardmerinfo\/#organization\"},\"image\":{\"@id\":\"https:\/\/vosgesinfo.fr\/gerardmerinfo\/2019\/04\/championnats-de-france-individuel-clubs-de-course-dorientation-a-gerardmer\/#primaryimage\"},\"thumbnailUrl\":\"https:\/\/vosgesinfo.fr\/app\/uploads\/sites\/6\/2024\/07\/201902course-dorientation-4.jpg\",\"keywords\":[\"championnat de France\",\"course d'orientation\"],\"articleSection\":[\"A la une\",\"Sport\",\"Vosges\"],\"inLanguage\":\"fr-FR\",\"potentialAction\":[{\"@type\":\"CommentAction\",\"name\":\"Comment\",\"target\":[\"https:\/\/vosgesinfo.fr\/gerardmerinfo\/2019\/04\/championnats-de-france-individuel-clubs-de-course-dorientation-a-gerardmer\/#respond\"]}]},{\"@type\":\"WebPage\",\"@id\":\"https:\/\/vosgesinfo.fr\/gerardmerinfo\/2019\/04\/championnats-de-france-individuel-clubs-de-course-dorientation-a-gerardmer\/\",\"url\":\"https:\/\/vosgesinfo.fr\/gerardmerinfo\/2019\/04\/championnats-de-france-individuel-clubs-de-course-dorientation-a-gerardmer\/\",\"name\":\"Championnats de France individuels et des clubs de course d'orientation \u00e0 G\u00e9rardmer - Gerardmer Info\",\"isPartOf\":{\"@id\":\"https:\/\/vosgesinfo.fr\/gerardmerinfo\/#website\"},\"primaryImageOfPage\":{\"@id\":\"https:\/\/vosgesinfo.fr\/gerardmerinfo\/2019\/04\/championnats-de-france-individuel-clubs-de-course-dorientation-a-gerardmer\/#primaryimage\"},\"image\":{\"@id\":\"https:\/\/vosgesinfo.fr\/gerardmerinfo\/2019\/04\/championnats-de-france-individuel-clubs-de-course-dorientation-a-gerardmer\/#primaryimage\"},\"thumbnailUrl\":\"https:\/\/vosgesinfo.fr\/app\/uploads\/sites\/6\/2024\/07\/201902course-dorientation-4.jpg\",\"datePublished\":\"2019-04-27T13:45:18+00:00\",\"dateModified\":\"2019-04-27T13:45:18+00:00\",\"breadcrumb\":{\"@id\":\"https:\/\/vosgesinfo.fr\/gerardmerinfo\/2019\/04\/championnats-de-france-individuel-clubs-de-course-dorientation-a-gerardmer\/#breadcrumb\"},\"inLanguage\":\"fr-FR\",\"potentialAction\":[{\"@type\":\"ReadAction\",\"target\":[\"https:\/\/vosgesinfo.fr\/gerardmerinfo\/2019\/04\/championnats-de-france-individuel-clubs-de-course-dorientation-a-gerardmer\/\"]}]},{\"@type\":\"ImageObject\",\"inLanguage\":\"fr-FR\",\"@id\":\"https:\/\/vosgesinfo.fr\/gerardmerinfo\/2019\/04\/championnats-de-france-individuel-clubs-de-course-dorientation-a-gerardmer\/#primaryimage\",\"url\":\"https:\/\/vosgesinfo.fr\/app\/uploads\/sites\/6\/2024\/07\/201902course-dorientation-4.jpg\",\"contentUrl\":\"https:\/\/vosgesinfo.fr\/app\/uploads\/sites\/6\/2024\/07\/201902course-dorientation-4.jpg\",\"width\":800,\"height\":450},{\"@type\":\"BreadcrumbList\",\"@id\":\"https:\/\/vosgesinfo.fr\/gerardmerinfo\/2019\/04\/championnats-de-france-individuel-clubs-de-course-dorientation-a-gerardmer\/#breadcrumb\",\"itemListElement\":[{\"@type\":\"ListItem\",\"position\":1,\"name\":\"Home\",\"item\":\"https:\/\/vosgesinfo.fr\/gerardmerinfo\/\"},{\"@type\":\"ListItem\",\"position\":2,\"name\":\"Championnats de France individuels et des clubs de course d&rsquo;orientation \u00e0 G\u00e9rardmer\"}]},{\"@type\":\"WebSite\",\"@id\":\"https:\/\/vosgesinfo.fr\/gerardmerinfo\/#website\",\"url\":\"https:\/\/vosgesinfo.fr\/gerardmerinfo\/\",\"name\":\"Gerardmer Info\",\"description\":\"Toute l&#039;actualit\u00e9 de G\u00e9rardmer\",\"publisher\":{\"@id\":\"https:\/\/vosgesinfo.fr\/gerardmerinfo\/#organization\"},\"alternateName\":\"Toute l'actualit\u00e9 de G\u00e9rardmer\",\"potentialAction\":[{\"@type\":\"SearchAction\",\"target\":{\"@type\":\"EntryPoint\",\"urlTemplate\":\"https:\/\/vosgesinfo.fr\/gerardmerinfo\/?s={search_term_string}\"},\"query-input\":\"required name=search_term_string\"}],\"inLanguage\":\"fr-FR\"},{\"@type\":\"Organization\",\"@id\":\"https:\/\/vosgesinfo.fr\/gerardmerinfo\/#organization\",\"name\":\"Gerardmer Info\",\"url\":\"https:\/\/vosgesinfo.fr\/gerardmerinfo\/\",\"logo\":{\"@type\":\"ImageObject\",\"inLanguage\":\"fr-FR\",\"@id\":\"https:\/\/vosgesinfo.fr\/gerardmerinfo\/#\/schema\/logo\/image\/\",\"url\":\"https:\/\/vosgesinfo.fr\/app\/uploads\/sites\/6\/2023\/08\/favicon-gerardmerinfo.png\",\"contentUrl\":\"https:\/\/vosgesinfo.fr\/app\/uploads\/sites\/6\/2023\/08\/favicon-gerardmerinfo.png\",\"width\":512,\"height\":512,\"caption\":\"Gerardmer Info\"},\"image\":{\"@id\":\"https:\/\/vosgesinfo.fr\/gerardmerinfo\/#\/schema\/logo\/image\/\"},\"sameAs\":[\"https:\/\/www.facebook.com\/profile.php?id=100049475262660\",\"https:\/\/x.com\/VosgesInfo88\",\"https:\/\/www.youtube.com\/@vosgesinfo\"]},{\"@type\":\"Person\",\"@id\":\"https:\/\/vosgesinfo.fr\/gerardmerinfo\/#\/schema\/person\/db5605779a843dad16b5368f3e7613a5\",\"name\":\"QG\",\"image\":{\"@type\":\"ImageObject\",\"inLanguage\":\"fr-FR\",\"@id\":\"https:\/\/vosgesinfo.fr\/gerardmerinfo\/#\/schema\/person\/image\/\",\"url\":\"https:\/\/secure.gravatar.com\/avatar\/ea80c42c204b534408512832fde52504ecabb9706bcb6151cf6175e5b64e6793?s=96&d=mm&r=g\",\"contentUrl\":\"https:\/\/secure.gravatar.com\/avatar\/ea80c42c204b534408512832fde52504ecabb9706bcb6151cf6175e5b64e6793?s=96&d=mm&r=g\",\"caption\":\"QG\"},\"url\":\"https:\/\/vosgesinfo.fr\/gerardmerinfo\/author\/quentin88\/\"}]}<\/script>\n<!-- \/ Yoast SEO plugin. -->","yoast_head_json":{"title":"Championnats de France individuels et des clubs de course d'orientation \u00e0 G\u00e9rardmer - Gerardmer Info","robots":{"index":"index","follow":"follow","max-snippet":"max-snippet:-1","max-image-preview":"max-image-preview:large","max-video-preview":"max-video-preview:-1"},"canonical":"https:\/\/vosgesinfo.fr\/gerardmerinfo\/2019\/04\/championnats-de-france-individuel-clubs-de-course-dorientation-a-gerardmer\/","twitter_card":"summary_large_image","twitter_title":"Championnats de France individuels et des clubs de course d'orientation \u00e0 G\u00e9rardmer - Gerardmer Info","twitter_description":"\u00a0 Le club Hautes Vosges Orientation (HVO) organise les 4 &amp; 5 mai prochains, les championnats de France individuels et [&hellip;]","twitter_image":"https:\/\/vosgesinfo.fr\/app\/uploads\/sites\/6\/2024\/07\/201902course-dorientation-4.jpg","twitter_creator":"@VosgesInfo88","twitter_site":"@VosgesInfo88","twitter_misc":{"\u00c9crit par":"QG","Dur\u00e9e de lecture estim\u00e9e":"2 minutes"},"schema":{"@context":"https:\/\/schema.org","@graph":[{"@type":"Article","@id":"https:\/\/vosgesinfo.fr\/gerardmerinfo\/2019\/04\/championnats-de-france-individuel-clubs-de-course-dorientation-a-gerardmer\/#article","isPartOf":{"@id":"https:\/\/vosgesinfo.fr\/gerardmerinfo\/2019\/04\/championnats-de-france-individuel-clubs-de-course-dorientation-a-gerardmer\/"},"author":{"name":"QG","@id":"https:\/\/vosgesinfo.fr\/gerardmerinfo\/#\/schema\/person\/db5605779a843dad16b5368f3e7613a5"},"headline":"Championnats de France individuels et des clubs de course d&rsquo;orientation \u00e0 G\u00e9rardmer","datePublished":"2019-04-27T13:45:18+00:00","dateModified":"2019-04-27T13:45:18+00:00","mainEntityOfPage":{"@id":"https:\/\/vosgesinfo.fr\/gerardmerinfo\/2019\/04\/championnats-de-france-individuel-clubs-de-course-dorientation-a-gerardmer\/"},"wordCount":399,"commentCount":0,"publisher":{"@id":"https:\/\/vosgesinfo.fr\/gerardmerinfo\/#organization"},"image":{"@id":"https:\/\/vosgesinfo.fr\/gerardmerinfo\/2019\/04\/championnats-de-france-individuel-clubs-de-course-dorientation-a-gerardmer\/#primaryimage"},"thumbnailUrl":"https:\/\/vosgesinfo.fr\/app\/uploads\/sites\/6\/2024\/07\/201902course-dorientation-4.jpg","keywords":["championnat de France","course d'orientation"],"articleSection":["A la une","Sport","Vosges"],"inLanguage":"fr-FR","potentialAction":[{"@type":"CommentAction","name":"Comment","target":["https:\/\/vosgesinfo.fr\/gerardmerinfo\/2019\/04\/championnats-de-france-individuel-clubs-de-course-dorientation-a-gerardmer\/#respond"]}]},{"@type":"WebPage","@id":"https:\/\/vosgesinfo.fr\/gerardmerinfo\/2019\/04\/championnats-de-france-individuel-clubs-de-course-dorientation-a-gerardmer\/","url":"https:\/\/vosgesinfo.fr\/gerardmerinfo\/2019\/04\/championnats-de-france-individuel-clubs-de-course-dorientation-a-gerardmer\/","name":"Championnats de France individuels et des clubs de course d'orientation \u00e0 G\u00e9rardmer - Gerardmer Info","isPartOf":{"@id":"https:\/\/vosgesinfo.fr\/gerardmerinfo\/#website"},"primaryImageOfPage":{"@id":"https:\/\/vosgesinfo.fr\/gerardmerinfo\/2019\/04\/championnats-de-france-individuel-clubs-de-course-dorientation-a-gerardmer\/#primaryimage"},"image":{"@id":"https:\/\/vosgesinfo.fr\/gerardmerinfo\/2019\/04\/championnats-de-france-individuel-clubs-de-course-dorientation-a-gerardmer\/#primaryimage"},"thumbnailUrl":"https:\/\/vosgesinfo.fr\/app\/uploads\/sites\/6\/2024\/07\/201902course-dorientation-4.jpg","datePublished":"2019-04-27T13:45:18+00:00","dateModified":"2019-04-27T13:45:18+00:00","breadcrumb":{"@id":"https:\/\/vosgesinfo.fr\/gerardmerinfo\/2019\/04\/championnats-de-france-individuel-clubs-de-course-dorientation-a-gerardmer\/#breadcrumb"},"inLanguage":"fr-FR","potentialAction":[{"@type":"ReadAction","target":["https:\/\/vosgesinfo.fr\/gerardmerinfo\/2019\/04\/championnats-de-france-individuel-clubs-de-course-dorientation-a-gerardmer\/"]}]},{"@type":"ImageObject","inLanguage":"fr-FR","@id":"https:\/\/vosgesinfo.fr\/gerardmerinfo\/2019\/04\/championnats-de-france-individuel-clubs-de-course-dorientation-a-gerardmer\/#primaryimage","url":"https:\/\/vosgesinfo.fr\/app\/uploads\/sites\/6\/2024\/07\/201902course-dorientation-4.jpg","contentUrl":"https:\/\/vosgesinfo.fr\/app\/uploads\/sites\/6\/2024\/07\/201902course-dorientation-4.jpg","width":800,"height":450},{"@type":"BreadcrumbList","@id":"https:\/\/vosgesinfo.fr\/gerardmerinfo\/2019\/04\/championnats-de-france-individuel-clubs-de-course-dorientation-a-gerardmer\/#breadcrumb","itemListElement":[{"@type":"ListItem","position":1,"name":"Home","item":"https:\/\/vosgesinfo.fr\/gerardmerinfo\/"},{"@type":"ListItem","position":2,"name":"Championnats de France individuels et des clubs de course d&rsquo;orientation \u00e0 G\u00e9rardmer"}]},{"@type":"WebSite","@id":"https:\/\/vosgesinfo.fr\/gerardmerinfo\/#website","url":"https:\/\/vosgesinfo.fr\/gerardmerinfo\/","name":"Gerardmer Info","description":"Toute l&#039;actualit\u00e9 de G\u00e9rardmer","publisher":{"@id":"https:\/\/vosgesinfo.fr\/gerardmerinfo\/#organization"},"alternateName":"Toute l'actualit\u00e9 de G\u00e9rardmer","potentialAction":[{"@type":"SearchAction","target":{"@type":"EntryPoint","urlTemplate":"https:\/\/vosgesinfo.fr\/gerardmerinfo\/?s={search_term_string}"},"query-input":"required name=search_term_string"}],"inLanguage":"fr-FR"},{"@type":"Organization","@id":"https:\/\/vosgesinfo.fr\/gerardmerinfo\/#organization","name":"Gerardmer Info","url":"https:\/\/vosgesinfo.fr\/gerardmerinfo\/","logo":{"@type":"ImageObject","inLanguage":"fr-FR","@id":"https:\/\/vosgesinfo.fr\/gerardmerinfo\/#\/schema\/logo\/image\/","url":"https:\/\/vosgesinfo.fr\/app\/uploads\/sites\/6\/2023\/08\/favicon-gerardmerinfo.png","contentUrl":"https:\/\/vosgesinfo.fr\/app\/uploads\/sites\/6\/2023\/08\/favicon-gerardmerinfo.png","width":512,"height":512,"caption":"Gerardmer Info"},"image":{"@id":"https:\/\/vosgesinfo.fr\/gerardmerinfo\/#\/schema\/logo\/image\/"},"sameAs":["https:\/\/www.facebook.com\/profile.php?id=100049475262660","https:\/\/x.com\/VosgesInfo88","https:\/\/www.youtube.com\/@vosgesinfo"]},{"@type":"Person","@id":"https:\/\/vosgesinfo.fr\/gerardmerinfo\/#\/schema\/person\/db5605779a843dad16b5368f3e7613a5","name":"QG","image":{"@type":"ImageObject","inLanguage":"fr-FR","@id":"https:\/\/vosgesinfo.fr\/gerardmerinfo\/#\/schema\/person\/image\/","url":"https:\/\/secure.gravatar.com\/avatar\/ea80c42c204b534408512832fde52504ecabb9706bcb6151cf6175e5b64e6793?s=96&d=mm&r=g","contentUrl":"https:\/\/secure.gravatar.com\/avatar\/ea80c42c204b534408512832fde52504ecabb9706bcb6151cf6175e5b64e6793?s=96&d=mm&r=g","caption":"QG"},"url":"https:\/\/vosgesinfo.fr\/gerardmerinfo\/author\/quentin88\/"}]}},"_links":{"self":[{"href":"https:\/\/vosgesinfo.fr\/gerardmerinfo\/wp-json\/wp\/v2\/posts\/39682","targetHints":{"allow":["GET"]}}],"collection":[{"href":"https:\/\/vosgesinfo.fr\/gerardmerinfo\/wp-json\/wp\/v2\/posts"}],"about":[{"href":"https:\/\/vosgesinfo.fr\/gerardmerinfo\/wp-json\/wp\/v2\/types\/post"}],"author":[{"embeddable":true,"href":"https:\/\/vosgesinfo.fr\/gerardmerinfo\/wp-json\/wp\/v2\/users\/42"}],"replies":[{"embeddable":true,"href":"https:\/\/vosgesinfo.fr\/gerardmerinfo\/wp-json\/wp\/v2\/comments?post=39682"}],"version-history":[{"count":0,"href":"https:\/\/vosgesinfo.fr\/gerardmerinfo\/wp-json\/wp\/v2\/posts\/39682\/revisions"}],"wp:featuredmedia":[{"embeddable":true,"href":"https:\/\/vosgesinfo.fr\/gerardmerinfo\/wp-json\/wp\/v2\/media\/39683"}],"wp:attachment":[{"href":"https:\/\/vosgesinfo.fr\/gerardmerinfo\/wp-json\/wp\/v2\/media?parent=39682"}],"wp:term":[{"taxonomy":"category","embeddable":true,"href":"https:\/\/vosgesinfo.fr\/gerardmerinfo\/wp-json\/wp\/v2\/categories?post=39682"},{"taxonomy":"post_tag","embeddable":true,"href":"https:\/\/vosgesinfo.fr\/gerardmerinfo\/wp-json\/wp\/v2\/tags?post=39682"}],"curies":[{"name":"wp","href":"https:\/\/api.w.org\/{rel}","templated":true}]}}