{"id":39758,"date":"2019-02-12T17:11:07","date_gmt":"2019-02-12T16:11:07","guid":{"rendered":"https:\/\/vosgesinfo.fr\/gerardmerinfo\/2019\/02\/exposition-bzzzzz-petit-entomologiste-vernissage-lundi-18-fevrier-a-17-h-00\/"},"modified":"2019-02-12T17:11:07","modified_gmt":"2019-02-12T16:11:07","slug":"exposition-bzzzzz-petit-entomologiste-vernissage-lundi-18-fevrier-a-17-h-00","status":"publish","type":"post","link":"https:\/\/vosgesinfo.fr\/gerardmerinfo\/2019\/02\/exposition-bzzzzz-petit-entomologiste-vernissage-lundi-18-fevrier-a-17-h-00\/","title":{"rendered":"Exposition \u00abBzzzzz&#8230;! Le petit entomologiste\u00bb &#8211; vernissage Lundi 18 f\u00e9vrier \u00e0 17 h 00"},"content":{"rendered":"<div><a href=\"\/2019\/02\/invitation.jpg\"><img decoding=\"async\" class=\"aligncenter size-medium wp-image-141973\" src=\"\/2019\/02\/invitation-400x200.jpg\" alt=\"invitation\" width=\"400\" height=\"200\" \/><\/a><\/div>\n<div><\/div>\n<h3>Vous \u00eates les bienvenus au vernissage de l\u2019exposition <i><b><span style=\"color: #669c35;\">\u00abBzzzzz&#8230;! Le petit entomologiste\u00bb <\/span><\/b><\/i>qui aura lieu au Foyer bar de la MCL le <b> <span style=\"color: #4f7a28;\">lundi 18 f\u00e9vrier \u00e0 17h<\/span><\/b>.<\/h3>\n<div>\n<div><\/div>\n<div>Vous pourrez y d\u00e9couvrir les cr\u00e9ations des enfants &amp; des adolescents\u00a0de l\u2019Accueil de Loisirs &amp; de l\u2019Accueil jeunes.<\/div>\n<div><b>Des travaux r\u00e9alis\u00e9s du 11 au 16 f\u00e9vrier 2019<\/b> lors d\u2019un stage d\u2019arts plastiques\u00a0encadr\u00e9 par Delphine Aubry \u00e0 la MCL de G\u00e9rardmer.<\/div>\n<\/div>\n<div><\/div>\n<div>Au programme de ce stage, 4 ateliers, en lien avec les \u0153uvres de Marianne Blanchard actuellement \u00e0 la galerie de la MCL :<\/div>\n<div>&#8211; Illustration de planches entomologiques<\/div>\n<div>&#8211; Miniature en carte \u00e0 gratter et cadres dor\u00e9s<\/div>\n<div>&#8211; Photographies de cr\u00e9ations d\u2019insectes floraux<\/div>\n<div>&#8211; Insectes pr\u00e9cieux en perles et papiers \u00e0 motifs<\/div>\n<div>Et un apr\u00e8s-midi cin\u00e9 avec la projection de Minuscule 2.<\/div>\n<div><\/div>\n<div><b><i><span style=\"color: #4f7a28;\">Une exposition \u00e0 d\u00e9couvrir du 18 au 28 f\u00e9vrier au Foyer bar de la MCL.<\/span><\/i><\/b><\/div>\n<div><\/div>\n<div>\n<div>Par avance, merci de partager cette information.<\/div>\n<div>Bonne r\u00e9ception et \u00e0 bient\u00f4t \u00e0 la MCL\u2026<\/div>\n<div>Bien cordialement,<\/div>\n<div><\/div>\n<div>Delphine &#8211; MCL G\u00e9rardmer<\/div>\n<\/div>\n","protected":false},"excerpt":{"rendered":"<p>Vous \u00eates les bienvenus au vernissage de l\u2019exposition \u00abBzzzzz&#8230;! Le petit entomologiste\u00bb qui aura lieu au Foyer bar de la [&hellip;]<\/p>\n","protected":false},"author":1,"featured_media":39759,"comment_status":"open","ping_status":"open","sticky":false,"template":"","format":"standard","meta":{"footnotes":""},"categories":[20,4],"tags":[3047,4025,103],"class_list":["post-39758","post","type-post","status-publish","format-standard","has-post-thumbnail","hentry","category-a-la-une","category-culture","tag-delphine-aubry","tag-foyer-bar","tag-mcl-gerardmer"],"acf":[],"yoast_head":"<!-- This site is optimized with the Yoast SEO plugin v22.5 - https:\/\/yoast.com\/wordpress\/plugins\/seo\/ -->\n<title>Exposition \u00abBzzzzz...! Le petit entomologiste\u00bb - vernissage Lundi 18 f\u00e9vrier \u00e0 17 h 00 - Gerardmer Info<\/title>\n<meta name=\"robots\" content=\"index, follow, max-snippet:-1, max-image-preview:large, max-video-preview:-1\" \/>\n<link rel=\"canonical\" href=\"https:\/\/vosgesinfo.fr\/gerardmerinfo\/2019\/02\/exposition-bzzzzz-petit-entomologiste-vernissage-lundi-18-fevrier-a-17-h-00\/\" \/>\n<meta name=\"twitter:card\" content=\"summary_large_image\" \/>\n<meta name=\"twitter:title\" content=\"Exposition \u00abBzzzzz...! Le petit entomologiste\u00bb - vernissage Lundi 18 f\u00e9vrier \u00e0 17 h 00 - Gerardmer Info\" \/>\n<meta name=\"twitter:description\" content=\"Vous \u00eates les bienvenus au vernissage de l\u2019exposition \u00abBzzzzz&#8230;! Le petit entomologiste\u00bb qui aura lieu au Foyer bar de la [&hellip;]\" \/>\n<meta name=\"twitter:image\" content=\"https:\/\/vosgesinfo.fr\/app\/uploads\/sites\/6\/2024\/07\/201902invitation.jpg\" \/>\n<meta name=\"twitter:creator\" content=\"@VosgesInfo88\" \/>\n<meta name=\"twitter:site\" content=\"@VosgesInfo88\" \/>\n<meta name=\"twitter:label1\" content=\"\u00c9crit par\" \/>\n\t<meta name=\"twitter:data1\" content=\"qs_admin\" \/>\n\t<meta name=\"twitter:label2\" content=\"Dur\u00e9e de lecture estim\u00e9e\" \/>\n\t<meta name=\"twitter:data2\" content=\"1 minute\" \/>\n<script type=\"application\/ld+json\" class=\"yoast-schema-graph\">{\"@context\":\"https:\/\/schema.org\",\"@graph\":[{\"@type\":\"Article\",\"@id\":\"https:\/\/vosgesinfo.fr\/gerardmerinfo\/2019\/02\/exposition-bzzzzz-petit-entomologiste-vernissage-lundi-18-fevrier-a-17-h-00\/#article\",\"isPartOf\":{\"@id\":\"https:\/\/vosgesinfo.fr\/gerardmerinfo\/2019\/02\/exposition-bzzzzz-petit-entomologiste-vernissage-lundi-18-fevrier-a-17-h-00\/\"},\"author\":{\"name\":\"qs_admin\",\"@id\":\"https:\/\/vosgesinfo.fr\/gerardmerinfo\/#\/schema\/person\/bc5d02d71e6932e81b6dadb7386667b1\"},\"headline\":\"Exposition \u00abBzzzzz&#8230;! Le petit entomologiste\u00bb &#8211; vernissage Lundi 18 f\u00e9vrier \u00e0 17 h 00\",\"datePublished\":\"2019-02-12T16:11:07+00:00\",\"dateModified\":\"2019-02-12T16:11:07+00:00\",\"mainEntityOfPage\":{\"@id\":\"https:\/\/vosgesinfo.fr\/gerardmerinfo\/2019\/02\/exposition-bzzzzz-petit-entomologiste-vernissage-lundi-18-fevrier-a-17-h-00\/\"},\"wordCount\":183,\"commentCount\":0,\"publisher\":{\"@id\":\"https:\/\/vosgesinfo.fr\/gerardmerinfo\/#organization\"},\"image\":{\"@id\":\"https:\/\/vosgesinfo.fr\/gerardmerinfo\/2019\/02\/exposition-bzzzzz-petit-entomologiste-vernissage-lundi-18-fevrier-a-17-h-00\/#primaryimage\"},\"thumbnailUrl\":\"https:\/\/vosgesinfo.fr\/app\/uploads\/sites\/6\/2024\/07\/201902invitation.jpg\",\"keywords\":[\"Delphine Aubry\",\"foyer bar\",\"MCL G\u00e9rardmer\"],\"articleSection\":[\"A la une\",\"Culture\"],\"inLanguage\":\"fr-FR\",\"potentialAction\":[{\"@type\":\"CommentAction\",\"name\":\"Comment\",\"target\":[\"https:\/\/vosgesinfo.fr\/gerardmerinfo\/2019\/02\/exposition-bzzzzz-petit-entomologiste-vernissage-lundi-18-fevrier-a-17-h-00\/#respond\"]}]},{\"@type\":\"WebPage\",\"@id\":\"https:\/\/vosgesinfo.fr\/gerardmerinfo\/2019\/02\/exposition-bzzzzz-petit-entomologiste-vernissage-lundi-18-fevrier-a-17-h-00\/\",\"url\":\"https:\/\/vosgesinfo.fr\/gerardmerinfo\/2019\/02\/exposition-bzzzzz-petit-entomologiste-vernissage-lundi-18-fevrier-a-17-h-00\/\",\"name\":\"Exposition \u00abBzzzzz...! Le petit entomologiste\u00bb - vernissage Lundi 18 f\u00e9vrier \u00e0 17 h 00 - Gerardmer Info\",\"isPartOf\":{\"@id\":\"https:\/\/vosgesinfo.fr\/gerardmerinfo\/#website\"},\"primaryImageOfPage\":{\"@id\":\"https:\/\/vosgesinfo.fr\/gerardmerinfo\/2019\/02\/exposition-bzzzzz-petit-entomologiste-vernissage-lundi-18-fevrier-a-17-h-00\/#primaryimage\"},\"image\":{\"@id\":\"https:\/\/vosgesinfo.fr\/gerardmerinfo\/2019\/02\/exposition-bzzzzz-petit-entomologiste-vernissage-lundi-18-fevrier-a-17-h-00\/#primaryimage\"},\"thumbnailUrl\":\"https:\/\/vosgesinfo.fr\/app\/uploads\/sites\/6\/2024\/07\/201902invitation.jpg\",\"datePublished\":\"2019-02-12T16:11:07+00:00\",\"dateModified\":\"2019-02-12T16:11:07+00:00\",\"breadcrumb\":{\"@id\":\"https:\/\/vosgesinfo.fr\/gerardmerinfo\/2019\/02\/exposition-bzzzzz-petit-entomologiste-vernissage-lundi-18-fevrier-a-17-h-00\/#breadcrumb\"},\"inLanguage\":\"fr-FR\",\"potentialAction\":[{\"@type\":\"ReadAction\",\"target\":[\"https:\/\/vosgesinfo.fr\/gerardmerinfo\/2019\/02\/exposition-bzzzzz-petit-entomologiste-vernissage-lundi-18-fevrier-a-17-h-00\/\"]}]},{\"@type\":\"ImageObject\",\"inLanguage\":\"fr-FR\",\"@id\":\"https:\/\/vosgesinfo.fr\/gerardmerinfo\/2019\/02\/exposition-bzzzzz-petit-entomologiste-vernissage-lundi-18-fevrier-a-17-h-00\/#primaryimage\",\"url\":\"https:\/\/vosgesinfo.fr\/app\/uploads\/sites\/6\/2024\/07\/201902invitation.jpg\",\"contentUrl\":\"https:\/\/vosgesinfo.fr\/app\/uploads\/sites\/6\/2024\/07\/201902invitation.jpg\",\"width\":800,\"height\":400},{\"@type\":\"BreadcrumbList\",\"@id\":\"https:\/\/vosgesinfo.fr\/gerardmerinfo\/2019\/02\/exposition-bzzzzz-petit-entomologiste-vernissage-lundi-18-fevrier-a-17-h-00\/#breadcrumb\",\"itemListElement\":[{\"@type\":\"ListItem\",\"position\":1,\"name\":\"Home\",\"item\":\"https:\/\/vosgesinfo.fr\/gerardmerinfo\/\"},{\"@type\":\"ListItem\",\"position\":2,\"name\":\"Exposition \u00abBzzzzz&#8230;! Le petit entomologiste\u00bb &#8211; vernissage Lundi 18 f\u00e9vrier \u00e0 17 h 00\"}]},{\"@type\":\"WebSite\",\"@id\":\"https:\/\/vosgesinfo.fr\/gerardmerinfo\/#website\",\"url\":\"https:\/\/vosgesinfo.fr\/gerardmerinfo\/\",\"name\":\"Gerardmer Info\",\"description\":\"Toute l&#039;actualit\u00e9 de G\u00e9rardmer\",\"publisher\":{\"@id\":\"https:\/\/vosgesinfo.fr\/gerardmerinfo\/#organization\"},\"alternateName\":\"Toute l'actualit\u00e9 de G\u00e9rardmer\",\"potentialAction\":[{\"@type\":\"SearchAction\",\"target\":{\"@type\":\"EntryPoint\",\"urlTemplate\":\"https:\/\/vosgesinfo.fr\/gerardmerinfo\/?s={search_term_string}\"},\"query-input\":\"required name=search_term_string\"}],\"inLanguage\":\"fr-FR\"},{\"@type\":\"Organization\",\"@id\":\"https:\/\/vosgesinfo.fr\/gerardmerinfo\/#organization\",\"name\":\"Gerardmer Info\",\"url\":\"https:\/\/vosgesinfo.fr\/gerardmerinfo\/\",\"logo\":{\"@type\":\"ImageObject\",\"inLanguage\":\"fr-FR\",\"@id\":\"https:\/\/vosgesinfo.fr\/gerardmerinfo\/#\/schema\/logo\/image\/\",\"url\":\"https:\/\/vosgesinfo.fr\/app\/uploads\/sites\/6\/2023\/08\/favicon-gerardmerinfo.png\",\"contentUrl\":\"https:\/\/vosgesinfo.fr\/app\/uploads\/sites\/6\/2023\/08\/favicon-gerardmerinfo.png\",\"width\":512,\"height\":512,\"caption\":\"Gerardmer Info\"},\"image\":{\"@id\":\"https:\/\/vosgesinfo.fr\/gerardmerinfo\/#\/schema\/logo\/image\/\"},\"sameAs\":[\"https:\/\/www.facebook.com\/profile.php?id=100049475262660\",\"https:\/\/x.com\/VosgesInfo88\",\"https:\/\/www.youtube.com\/@vosgesinfo\"]},{\"@type\":\"Person\",\"@id\":\"https:\/\/vosgesinfo.fr\/gerardmerinfo\/#\/schema\/person\/bc5d02d71e6932e81b6dadb7386667b1\",\"name\":\"qs_admin\",\"image\":{\"@type\":\"ImageObject\",\"inLanguage\":\"fr-FR\",\"@id\":\"https:\/\/vosgesinfo.fr\/gerardmerinfo\/#\/schema\/person\/image\/\",\"url\":\"https:\/\/secure.gravatar.com\/avatar\/94b18ee0ed79e4a42ea2f2931277b6841a8999fc6fde214600c78057cf1fe1de?s=96&d=mm&r=g\",\"contentUrl\":\"https:\/\/secure.gravatar.com\/avatar\/94b18ee0ed79e4a42ea2f2931277b6841a8999fc6fde214600c78057cf1fe1de?s=96&d=mm&r=g\",\"caption\":\"qs_admin\"},\"sameAs\":[\"https:\/\/vosgesinfo.fr\/wp\"],\"url\":\"https:\/\/vosgesinfo.fr\/gerardmerinfo\/author\/qs_admin\/\"}]}<\/script>\n<!-- \/ Yoast SEO plugin. -->","yoast_head_json":{"title":"Exposition \u00abBzzzzz...! Le petit entomologiste\u00bb - vernissage Lundi 18 f\u00e9vrier \u00e0 17 h 00 - Gerardmer Info","robots":{"index":"index","follow":"follow","max-snippet":"max-snippet:-1","max-image-preview":"max-image-preview:large","max-video-preview":"max-video-preview:-1"},"canonical":"https:\/\/vosgesinfo.fr\/gerardmerinfo\/2019\/02\/exposition-bzzzzz-petit-entomologiste-vernissage-lundi-18-fevrier-a-17-h-00\/","twitter_card":"summary_large_image","twitter_title":"Exposition \u00abBzzzzz...! Le petit entomologiste\u00bb - vernissage Lundi 18 f\u00e9vrier \u00e0 17 h 00 - Gerardmer Info","twitter_description":"Vous \u00eates les bienvenus au vernissage de l\u2019exposition \u00abBzzzzz&#8230;! Le petit entomologiste\u00bb qui aura lieu au Foyer bar de la [&hellip;]","twitter_image":"https:\/\/vosgesinfo.fr\/app\/uploads\/sites\/6\/2024\/07\/201902invitation.jpg","twitter_creator":"@VosgesInfo88","twitter_site":"@VosgesInfo88","twitter_misc":{"\u00c9crit par":"qs_admin","Dur\u00e9e de lecture estim\u00e9e":"1 minute"},"schema":{"@context":"https:\/\/schema.org","@graph":[{"@type":"Article","@id":"https:\/\/vosgesinfo.fr\/gerardmerinfo\/2019\/02\/exposition-bzzzzz-petit-entomologiste-vernissage-lundi-18-fevrier-a-17-h-00\/#article","isPartOf":{"@id":"https:\/\/vosgesinfo.fr\/gerardmerinfo\/2019\/02\/exposition-bzzzzz-petit-entomologiste-vernissage-lundi-18-fevrier-a-17-h-00\/"},"author":{"name":"qs_admin","@id":"https:\/\/vosgesinfo.fr\/gerardmerinfo\/#\/schema\/person\/bc5d02d71e6932e81b6dadb7386667b1"},"headline":"Exposition \u00abBzzzzz&#8230;! Le petit entomologiste\u00bb &#8211; vernissage Lundi 18 f\u00e9vrier \u00e0 17 h 00","datePublished":"2019-02-12T16:11:07+00:00","dateModified":"2019-02-12T16:11:07+00:00","mainEntityOfPage":{"@id":"https:\/\/vosgesinfo.fr\/gerardmerinfo\/2019\/02\/exposition-bzzzzz-petit-entomologiste-vernissage-lundi-18-fevrier-a-17-h-00\/"},"wordCount":183,"commentCount":0,"publisher":{"@id":"https:\/\/vosgesinfo.fr\/gerardmerinfo\/#organization"},"image":{"@id":"https:\/\/vosgesinfo.fr\/gerardmerinfo\/2019\/02\/exposition-bzzzzz-petit-entomologiste-vernissage-lundi-18-fevrier-a-17-h-00\/#primaryimage"},"thumbnailUrl":"https:\/\/vosgesinfo.fr\/app\/uploads\/sites\/6\/2024\/07\/201902invitation.jpg","keywords":["Delphine Aubry","foyer bar","MCL G\u00e9rardmer"],"articleSection":["A la une","Culture"],"inLanguage":"fr-FR","potentialAction":[{"@type":"CommentAction","name":"Comment","target":["https:\/\/vosgesinfo.fr\/gerardmerinfo\/2019\/02\/exposition-bzzzzz-petit-entomologiste-vernissage-lundi-18-fevrier-a-17-h-00\/#respond"]}]},{"@type":"WebPage","@id":"https:\/\/vosgesinfo.fr\/gerardmerinfo\/2019\/02\/exposition-bzzzzz-petit-entomologiste-vernissage-lundi-18-fevrier-a-17-h-00\/","url":"https:\/\/vosgesinfo.fr\/gerardmerinfo\/2019\/02\/exposition-bzzzzz-petit-entomologiste-vernissage-lundi-18-fevrier-a-17-h-00\/","name":"Exposition \u00abBzzzzz...! Le petit entomologiste\u00bb - vernissage Lundi 18 f\u00e9vrier \u00e0 17 h 00 - Gerardmer Info","isPartOf":{"@id":"https:\/\/vosgesinfo.fr\/gerardmerinfo\/#website"},"primaryImageOfPage":{"@id":"https:\/\/vosgesinfo.fr\/gerardmerinfo\/2019\/02\/exposition-bzzzzz-petit-entomologiste-vernissage-lundi-18-fevrier-a-17-h-00\/#primaryimage"},"image":{"@id":"https:\/\/vosgesinfo.fr\/gerardmerinfo\/2019\/02\/exposition-bzzzzz-petit-entomologiste-vernissage-lundi-18-fevrier-a-17-h-00\/#primaryimage"},"thumbnailUrl":"https:\/\/vosgesinfo.fr\/app\/uploads\/sites\/6\/2024\/07\/201902invitation.jpg","datePublished":"2019-02-12T16:11:07+00:00","dateModified":"2019-02-12T16:11:07+00:00","breadcrumb":{"@id":"https:\/\/vosgesinfo.fr\/gerardmerinfo\/2019\/02\/exposition-bzzzzz-petit-entomologiste-vernissage-lundi-18-fevrier-a-17-h-00\/#breadcrumb"},"inLanguage":"fr-FR","potentialAction":[{"@type":"ReadAction","target":["https:\/\/vosgesinfo.fr\/gerardmerinfo\/2019\/02\/exposition-bzzzzz-petit-entomologiste-vernissage-lundi-18-fevrier-a-17-h-00\/"]}]},{"@type":"ImageObject","inLanguage":"fr-FR","@id":"https:\/\/vosgesinfo.fr\/gerardmerinfo\/2019\/02\/exposition-bzzzzz-petit-entomologiste-vernissage-lundi-18-fevrier-a-17-h-00\/#primaryimage","url":"https:\/\/vosgesinfo.fr\/app\/uploads\/sites\/6\/2024\/07\/201902invitation.jpg","contentUrl":"https:\/\/vosgesinfo.fr\/app\/uploads\/sites\/6\/2024\/07\/201902invitation.jpg","width":800,"height":400},{"@type":"BreadcrumbList","@id":"https:\/\/vosgesinfo.fr\/gerardmerinfo\/2019\/02\/exposition-bzzzzz-petit-entomologiste-vernissage-lundi-18-fevrier-a-17-h-00\/#breadcrumb","itemListElement":[{"@type":"ListItem","position":1,"name":"Home","item":"https:\/\/vosgesinfo.fr\/gerardmerinfo\/"},{"@type":"ListItem","position":2,"name":"Exposition \u00abBzzzzz&#8230;! Le petit entomologiste\u00bb &#8211; vernissage Lundi 18 f\u00e9vrier \u00e0 17 h 00"}]},{"@type":"WebSite","@id":"https:\/\/vosgesinfo.fr\/gerardmerinfo\/#website","url":"https:\/\/vosgesinfo.fr\/gerardmerinfo\/","name":"Gerardmer Info","description":"Toute l&#039;actualit\u00e9 de G\u00e9rardmer","publisher":{"@id":"https:\/\/vosgesinfo.fr\/gerardmerinfo\/#organization"},"alternateName":"Toute l'actualit\u00e9 de G\u00e9rardmer","potentialAction":[{"@type":"SearchAction","target":{"@type":"EntryPoint","urlTemplate":"https:\/\/vosgesinfo.fr\/gerardmerinfo\/?s={search_term_string}"},"query-input":"required name=search_term_string"}],"inLanguage":"fr-FR"},{"@type":"Organization","@id":"https:\/\/vosgesinfo.fr\/gerardmerinfo\/#organization","name":"Gerardmer Info","url":"https:\/\/vosgesinfo.fr\/gerardmerinfo\/","logo":{"@type":"ImageObject","inLanguage":"fr-FR","@id":"https:\/\/vosgesinfo.fr\/gerardmerinfo\/#\/schema\/logo\/image\/","url":"https:\/\/vosgesinfo.fr\/app\/uploads\/sites\/6\/2023\/08\/favicon-gerardmerinfo.png","contentUrl":"https:\/\/vosgesinfo.fr\/app\/uploads\/sites\/6\/2023\/08\/favicon-gerardmerinfo.png","width":512,"height":512,"caption":"Gerardmer Info"},"image":{"@id":"https:\/\/vosgesinfo.fr\/gerardmerinfo\/#\/schema\/logo\/image\/"},"sameAs":["https:\/\/www.facebook.com\/profile.php?id=100049475262660","https:\/\/x.com\/VosgesInfo88","https:\/\/www.youtube.com\/@vosgesinfo"]},{"@type":"Person","@id":"https:\/\/vosgesinfo.fr\/gerardmerinfo\/#\/schema\/person\/bc5d02d71e6932e81b6dadb7386667b1","name":"qs_admin","image":{"@type":"ImageObject","inLanguage":"fr-FR","@id":"https:\/\/vosgesinfo.fr\/gerardmerinfo\/#\/schema\/person\/image\/","url":"https:\/\/secure.gravatar.com\/avatar\/94b18ee0ed79e4a42ea2f2931277b6841a8999fc6fde214600c78057cf1fe1de?s=96&d=mm&r=g","contentUrl":"https:\/\/secure.gravatar.com\/avatar\/94b18ee0ed79e4a42ea2f2931277b6841a8999fc6fde214600c78057cf1fe1de?s=96&d=mm&r=g","caption":"qs_admin"},"sameAs":["https:\/\/vosgesinfo.fr\/wp"],"url":"https:\/\/vosgesinfo.fr\/gerardmerinfo\/author\/qs_admin\/"}]}},"_links":{"self":[{"href":"https:\/\/vosgesinfo.fr\/gerardmerinfo\/wp-json\/wp\/v2\/posts\/39758","targetHints":{"allow":["GET"]}}],"collection":[{"href":"https:\/\/vosgesinfo.fr\/gerardmerinfo\/wp-json\/wp\/v2\/posts"}],"about":[{"href":"https:\/\/vosgesinfo.fr\/gerardmerinfo\/wp-json\/wp\/v2\/types\/post"}],"author":[{"embeddable":true,"href":"https:\/\/vosgesinfo.fr\/gerardmerinfo\/wp-json\/wp\/v2\/users\/1"}],"replies":[{"embeddable":true,"href":"https:\/\/vosgesinfo.fr\/gerardmerinfo\/wp-json\/wp\/v2\/comments?post=39758"}],"version-history":[{"count":0,"href":"https:\/\/vosgesinfo.fr\/gerardmerinfo\/wp-json\/wp\/v2\/posts\/39758\/revisions"}],"wp:featuredmedia":[{"embeddable":true,"href":"https:\/\/vosgesinfo.fr\/gerardmerinfo\/wp-json\/wp\/v2\/media\/39759"}],"wp:attachment":[{"href":"https:\/\/vosgesinfo.fr\/gerardmerinfo\/wp-json\/wp\/v2\/media?parent=39758"}],"wp:term":[{"taxonomy":"category","embeddable":true,"href":"https:\/\/vosgesinfo.fr\/gerardmerinfo\/wp-json\/wp\/v2\/categories?post=39758"},{"taxonomy":"post_tag","embeddable":true,"href":"https:\/\/vosgesinfo.fr\/gerardmerinfo\/wp-json\/wp\/v2\/tags?post=39758"}],"curies":[{"name":"wp","href":"https:\/\/api.w.org\/{rel}","templated":true}]}}