{"id":3984,"date":"2023-10-06T03:57:12","date_gmt":"2023-10-06T01:57:12","guid":{"rendered":"https:\/\/vosgesinfo.fr\/gerardmerinfo\/2023\/10\/centre-aquatique-de-bien-etre-arrive-facebook\/"},"modified":"2023-10-06T03:57:12","modified_gmt":"2023-10-06T01:57:12","slug":"centre-aquatique-de-bien-etre-arrive-facebook","status":"publish","type":"post","link":"https:\/\/vosgesinfo.fr\/gerardmerinfo\/2023\/10\/centre-aquatique-de-bien-etre-arrive-facebook\/","title":{"rendered":"Le Centre Aquatique et de Bien-\u00catre arrive sur Facebook !"},"content":{"rendered":"<p><a href=\"https:\/\/gerardmerinfo.fr\/wp-content\/uploads\/2023\/10\/com-facebook-cabe1.jpg\"><img decoding=\"async\" class=\"size-medium wp-image-210551 aligncenter\" src=\"https:\/\/vosgesinfo.fr\/app\/uploads\/sites\/6\/2023\/10\/com-facebook-cabe1-385x255-1.jpg\" alt=\"com facebook cabe(1)\" width=\"385\" height=\"255\" \/><\/a><\/p>\n<p>&nbsp;<\/p>\n<p style=\"text-align: center;\">Le Centre Aquatique et de Bien-\u00catre arrive sur Facebook\u00a0!<\/p>\n<p style=\"text-align: center;\">Venez \u00ab\u00a0liker\u00a0\u00bb la page Officielle et suivez toute l\u2019actualit\u00e9 du CABE.<\/p>\n<p style=\"text-align: center;\">Horaires, \u00e9v\u00e9nements \u00e0 venir \u2026<\/p>\n<p style=\"text-align: center;\">Rendez-vous sur Facebook en tapant directement :<\/p>\n<p style=\"text-align: center;\"><strong>\u00ab\u00a0Centre Aquatique et de Bien-\u00catre de G\u00e9rardmer\u00a0\u00bb<\/strong><\/p>\n<p style=\"text-align: center;\"><strong><a href=\"https:\/\/www.facebook.com\/Centre.Aquatique.Bien.Etre.Gerardmer\" data-saferedirecturl=\"https:\/\/www.google.com\/url?q=https:\/\/www.facebook.com\/Centre.Aquatique.Bien.Etre.Gerardmer&amp;source=gmail&amp;ust=1696579018072000&amp;usg=AOvVaw2C0Otg0MLmjogeYGihViIj\">https:\/\/www.facebook.com\/Centre.Aquatique.Bien.Etre.Gerardmer<\/a><\/strong><\/p>\n","protected":false},"excerpt":{"rendered":"<p>&nbsp; Le Centre Aquatique et de Bien-\u00catre arrive sur Facebook\u00a0! Venez \u00ab\u00a0liker\u00a0\u00bb la page Officielle et suivez toute l\u2019actualit\u00e9 du [&hellip;]<\/p>\n","protected":false},"author":1,"featured_media":2866,"comment_status":"open","ping_status":"open","sticky":false,"template":"","format":"standard","meta":{"footnotes":""},"categories":[25,14,15],"tags":[594,595],"class_list":["post-3984","post","type-post","status-publish","format-standard","has-post-thumbnail","hentry","category-gerardmer","category-sport","category-tourisme","tag-centre-aquatique","tag-facebook"],"acf":[],"yoast_head":"<!-- This site is optimized with the Yoast SEO plugin v22.5 - https:\/\/yoast.com\/wordpress\/plugins\/seo\/ -->\n<title>Le Centre Aquatique et de Bien-\u00catre arrive sur Facebook ! - Gerardmer Info<\/title>\n<meta name=\"robots\" content=\"index, follow, max-snippet:-1, max-image-preview:large, max-video-preview:-1\" \/>\n<link rel=\"canonical\" href=\"https:\/\/vosgesinfo.fr\/gerardmerinfo\/2023\/10\/centre-aquatique-de-bien-etre-arrive-facebook\/\" \/>\n<meta name=\"twitter:card\" content=\"summary_large_image\" \/>\n<meta name=\"twitter:title\" content=\"Le Centre Aquatique et de Bien-\u00catre arrive sur Facebook ! - Gerardmer Info\" \/>\n<meta name=\"twitter:description\" content=\"&nbsp; Le Centre Aquatique et de Bien-\u00catre arrive sur Facebook\u00a0! Venez \u00ab\u00a0liker\u00a0\u00bb la page Officielle et suivez toute l\u2019actualit\u00e9 du [&hellip;]\" \/>\n<meta name=\"twitter:image\" content=\"https:\/\/vosgesinfo.fr\/app\/uploads\/sites\/6\/2022\/04\/cabe.jpg\" \/>\n<meta name=\"twitter:creator\" content=\"@VosgesInfo88\" \/>\n<meta name=\"twitter:site\" content=\"@VosgesInfo88\" \/>\n<meta name=\"twitter:label1\" content=\"\u00c9crit par\" \/>\n\t<meta name=\"twitter:data1\" content=\"qs_admin\" \/>\n<script type=\"application\/ld+json\" class=\"yoast-schema-graph\">{\"@context\":\"https:\/\/schema.org\",\"@graph\":[{\"@type\":\"Article\",\"@id\":\"https:\/\/vosgesinfo.fr\/gerardmerinfo\/2023\/10\/centre-aquatique-de-bien-etre-arrive-facebook\/#article\",\"isPartOf\":{\"@id\":\"https:\/\/vosgesinfo.fr\/gerardmerinfo\/2023\/10\/centre-aquatique-de-bien-etre-arrive-facebook\/\"},\"author\":{\"name\":\"qs_admin\",\"@id\":\"https:\/\/vosgesinfo.fr\/gerardmerinfo\/#\/schema\/person\/bc5d02d71e6932e81b6dadb7386667b1\"},\"headline\":\"Le Centre Aquatique et de Bien-\u00catre arrive sur Facebook !\",\"datePublished\":\"2023-10-06T01:57:12+00:00\",\"dateModified\":\"2023-10-06T01:57:12+00:00\",\"mainEntityOfPage\":{\"@id\":\"https:\/\/vosgesinfo.fr\/gerardmerinfo\/2023\/10\/centre-aquatique-de-bien-etre-arrive-facebook\/\"},\"wordCount\":61,\"commentCount\":0,\"publisher\":{\"@id\":\"https:\/\/vosgesinfo.fr\/gerardmerinfo\/#organization\"},\"image\":{\"@id\":\"https:\/\/vosgesinfo.fr\/gerardmerinfo\/2023\/10\/centre-aquatique-de-bien-etre-arrive-facebook\/#primaryimage\"},\"thumbnailUrl\":\"https:\/\/vosgesinfo.fr\/app\/uploads\/sites\/6\/2022\/04\/cabe.jpg\",\"keywords\":[\"centre aquatique\",\"Facebook\"],\"articleSection\":[\"G\u00e9rardmer\",\"Sport\",\"Tourisme\"],\"inLanguage\":\"fr-FR\",\"potentialAction\":[{\"@type\":\"CommentAction\",\"name\":\"Comment\",\"target\":[\"https:\/\/vosgesinfo.fr\/gerardmerinfo\/2023\/10\/centre-aquatique-de-bien-etre-arrive-facebook\/#respond\"]}]},{\"@type\":\"WebPage\",\"@id\":\"https:\/\/vosgesinfo.fr\/gerardmerinfo\/2023\/10\/centre-aquatique-de-bien-etre-arrive-facebook\/\",\"url\":\"https:\/\/vosgesinfo.fr\/gerardmerinfo\/2023\/10\/centre-aquatique-de-bien-etre-arrive-facebook\/\",\"name\":\"Le Centre Aquatique et de Bien-\u00catre arrive sur Facebook ! - Gerardmer Info\",\"isPartOf\":{\"@id\":\"https:\/\/vosgesinfo.fr\/gerardmerinfo\/#website\"},\"primaryImageOfPage\":{\"@id\":\"https:\/\/vosgesinfo.fr\/gerardmerinfo\/2023\/10\/centre-aquatique-de-bien-etre-arrive-facebook\/#primaryimage\"},\"image\":{\"@id\":\"https:\/\/vosgesinfo.fr\/gerardmerinfo\/2023\/10\/centre-aquatique-de-bien-etre-arrive-facebook\/#primaryimage\"},\"thumbnailUrl\":\"https:\/\/vosgesinfo.fr\/app\/uploads\/sites\/6\/2022\/04\/cabe.jpg\",\"datePublished\":\"2023-10-06T01:57:12+00:00\",\"dateModified\":\"2023-10-06T01:57:12+00:00\",\"breadcrumb\":{\"@id\":\"https:\/\/vosgesinfo.fr\/gerardmerinfo\/2023\/10\/centre-aquatique-de-bien-etre-arrive-facebook\/#breadcrumb\"},\"inLanguage\":\"fr-FR\",\"potentialAction\":[{\"@type\":\"ReadAction\",\"target\":[\"https:\/\/vosgesinfo.fr\/gerardmerinfo\/2023\/10\/centre-aquatique-de-bien-etre-arrive-facebook\/\"]}]},{\"@type\":\"ImageObject\",\"inLanguage\":\"fr-FR\",\"@id\":\"https:\/\/vosgesinfo.fr\/gerardmerinfo\/2023\/10\/centre-aquatique-de-bien-etre-arrive-facebook\/#primaryimage\",\"url\":\"https:\/\/vosgesinfo.fr\/app\/uploads\/sites\/6\/2022\/04\/cabe.jpg\",\"contentUrl\":\"https:\/\/vosgesinfo.fr\/app\/uploads\/sites\/6\/2022\/04\/cabe.jpg\"},{\"@type\":\"BreadcrumbList\",\"@id\":\"https:\/\/vosgesinfo.fr\/gerardmerinfo\/2023\/10\/centre-aquatique-de-bien-etre-arrive-facebook\/#breadcrumb\",\"itemListElement\":[{\"@type\":\"ListItem\",\"position\":1,\"name\":\"Home\",\"item\":\"https:\/\/vosgesinfo.fr\/gerardmerinfo\/\"},{\"@type\":\"ListItem\",\"position\":2,\"name\":\"Le Centre Aquatique et de Bien-\u00catre arrive sur Facebook !\"}]},{\"@type\":\"WebSite\",\"@id\":\"https:\/\/vosgesinfo.fr\/gerardmerinfo\/#website\",\"url\":\"https:\/\/vosgesinfo.fr\/gerardmerinfo\/\",\"name\":\"Gerardmer Info\",\"description\":\"Toute l&#039;actualit\u00e9 de G\u00e9rardmer\",\"publisher\":{\"@id\":\"https:\/\/vosgesinfo.fr\/gerardmerinfo\/#organization\"},\"alternateName\":\"Toute l'actualit\u00e9 de G\u00e9rardmer\",\"potentialAction\":[{\"@type\":\"SearchAction\",\"target\":{\"@type\":\"EntryPoint\",\"urlTemplate\":\"https:\/\/vosgesinfo.fr\/gerardmerinfo\/?s={search_term_string}\"},\"query-input\":\"required name=search_term_string\"}],\"inLanguage\":\"fr-FR\"},{\"@type\":\"Organization\",\"@id\":\"https:\/\/vosgesinfo.fr\/gerardmerinfo\/#organization\",\"name\":\"Gerardmer Info\",\"url\":\"https:\/\/vosgesinfo.fr\/gerardmerinfo\/\",\"logo\":{\"@type\":\"ImageObject\",\"inLanguage\":\"fr-FR\",\"@id\":\"https:\/\/vosgesinfo.fr\/gerardmerinfo\/#\/schema\/logo\/image\/\",\"url\":\"https:\/\/vosgesinfo.fr\/app\/uploads\/sites\/6\/2023\/08\/favicon-gerardmerinfo.png\",\"contentUrl\":\"https:\/\/vosgesinfo.fr\/app\/uploads\/sites\/6\/2023\/08\/favicon-gerardmerinfo.png\",\"width\":512,\"height\":512,\"caption\":\"Gerardmer Info\"},\"image\":{\"@id\":\"https:\/\/vosgesinfo.fr\/gerardmerinfo\/#\/schema\/logo\/image\/\"},\"sameAs\":[\"https:\/\/www.facebook.com\/profile.php?id=100049475262660\",\"https:\/\/x.com\/VosgesInfo88\",\"https:\/\/www.youtube.com\/@vosgesinfo\"]},{\"@type\":\"Person\",\"@id\":\"https:\/\/vosgesinfo.fr\/gerardmerinfo\/#\/schema\/person\/bc5d02d71e6932e81b6dadb7386667b1\",\"name\":\"qs_admin\",\"image\":{\"@type\":\"ImageObject\",\"inLanguage\":\"fr-FR\",\"@id\":\"https:\/\/vosgesinfo.fr\/gerardmerinfo\/#\/schema\/person\/image\/\",\"url\":\"https:\/\/secure.gravatar.com\/avatar\/94b18ee0ed79e4a42ea2f2931277b6841a8999fc6fde214600c78057cf1fe1de?s=96&d=mm&r=g\",\"contentUrl\":\"https:\/\/secure.gravatar.com\/avatar\/94b18ee0ed79e4a42ea2f2931277b6841a8999fc6fde214600c78057cf1fe1de?s=96&d=mm&r=g\",\"caption\":\"qs_admin\"},\"sameAs\":[\"https:\/\/vosgesinfo.fr\/wp\"],\"url\":\"https:\/\/vosgesinfo.fr\/gerardmerinfo\/author\/qs_admin\/\"}]}<\/script>\n<!-- \/ Yoast SEO plugin. -->","yoast_head_json":{"title":"Le Centre Aquatique et de Bien-\u00catre arrive sur Facebook ! - Gerardmer Info","robots":{"index":"index","follow":"follow","max-snippet":"max-snippet:-1","max-image-preview":"max-image-preview:large","max-video-preview":"max-video-preview:-1"},"canonical":"https:\/\/vosgesinfo.fr\/gerardmerinfo\/2023\/10\/centre-aquatique-de-bien-etre-arrive-facebook\/","twitter_card":"summary_large_image","twitter_title":"Le Centre Aquatique et de Bien-\u00catre arrive sur Facebook ! - Gerardmer Info","twitter_description":"&nbsp; Le Centre Aquatique et de Bien-\u00catre arrive sur Facebook\u00a0! Venez \u00ab\u00a0liker\u00a0\u00bb la page Officielle et suivez toute l\u2019actualit\u00e9 du [&hellip;]","twitter_image":"https:\/\/vosgesinfo.fr\/app\/uploads\/sites\/6\/2022\/04\/cabe.jpg","twitter_creator":"@VosgesInfo88","twitter_site":"@VosgesInfo88","twitter_misc":{"\u00c9crit par":"qs_admin"},"schema":{"@context":"https:\/\/schema.org","@graph":[{"@type":"Article","@id":"https:\/\/vosgesinfo.fr\/gerardmerinfo\/2023\/10\/centre-aquatique-de-bien-etre-arrive-facebook\/#article","isPartOf":{"@id":"https:\/\/vosgesinfo.fr\/gerardmerinfo\/2023\/10\/centre-aquatique-de-bien-etre-arrive-facebook\/"},"author":{"name":"qs_admin","@id":"https:\/\/vosgesinfo.fr\/gerardmerinfo\/#\/schema\/person\/bc5d02d71e6932e81b6dadb7386667b1"},"headline":"Le Centre Aquatique et de Bien-\u00catre arrive sur Facebook !","datePublished":"2023-10-06T01:57:12+00:00","dateModified":"2023-10-06T01:57:12+00:00","mainEntityOfPage":{"@id":"https:\/\/vosgesinfo.fr\/gerardmerinfo\/2023\/10\/centre-aquatique-de-bien-etre-arrive-facebook\/"},"wordCount":61,"commentCount":0,"publisher":{"@id":"https:\/\/vosgesinfo.fr\/gerardmerinfo\/#organization"},"image":{"@id":"https:\/\/vosgesinfo.fr\/gerardmerinfo\/2023\/10\/centre-aquatique-de-bien-etre-arrive-facebook\/#primaryimage"},"thumbnailUrl":"https:\/\/vosgesinfo.fr\/app\/uploads\/sites\/6\/2022\/04\/cabe.jpg","keywords":["centre aquatique","Facebook"],"articleSection":["G\u00e9rardmer","Sport","Tourisme"],"inLanguage":"fr-FR","potentialAction":[{"@type":"CommentAction","name":"Comment","target":["https:\/\/vosgesinfo.fr\/gerardmerinfo\/2023\/10\/centre-aquatique-de-bien-etre-arrive-facebook\/#respond"]}]},{"@type":"WebPage","@id":"https:\/\/vosgesinfo.fr\/gerardmerinfo\/2023\/10\/centre-aquatique-de-bien-etre-arrive-facebook\/","url":"https:\/\/vosgesinfo.fr\/gerardmerinfo\/2023\/10\/centre-aquatique-de-bien-etre-arrive-facebook\/","name":"Le Centre Aquatique et de Bien-\u00catre arrive sur Facebook ! - Gerardmer Info","isPartOf":{"@id":"https:\/\/vosgesinfo.fr\/gerardmerinfo\/#website"},"primaryImageOfPage":{"@id":"https:\/\/vosgesinfo.fr\/gerardmerinfo\/2023\/10\/centre-aquatique-de-bien-etre-arrive-facebook\/#primaryimage"},"image":{"@id":"https:\/\/vosgesinfo.fr\/gerardmerinfo\/2023\/10\/centre-aquatique-de-bien-etre-arrive-facebook\/#primaryimage"},"thumbnailUrl":"https:\/\/vosgesinfo.fr\/app\/uploads\/sites\/6\/2022\/04\/cabe.jpg","datePublished":"2023-10-06T01:57:12+00:00","dateModified":"2023-10-06T01:57:12+00:00","breadcrumb":{"@id":"https:\/\/vosgesinfo.fr\/gerardmerinfo\/2023\/10\/centre-aquatique-de-bien-etre-arrive-facebook\/#breadcrumb"},"inLanguage":"fr-FR","potentialAction":[{"@type":"ReadAction","target":["https:\/\/vosgesinfo.fr\/gerardmerinfo\/2023\/10\/centre-aquatique-de-bien-etre-arrive-facebook\/"]}]},{"@type":"ImageObject","inLanguage":"fr-FR","@id":"https:\/\/vosgesinfo.fr\/gerardmerinfo\/2023\/10\/centre-aquatique-de-bien-etre-arrive-facebook\/#primaryimage","url":"https:\/\/vosgesinfo.fr\/app\/uploads\/sites\/6\/2022\/04\/cabe.jpg","contentUrl":"https:\/\/vosgesinfo.fr\/app\/uploads\/sites\/6\/2022\/04\/cabe.jpg"},{"@type":"BreadcrumbList","@id":"https:\/\/vosgesinfo.fr\/gerardmerinfo\/2023\/10\/centre-aquatique-de-bien-etre-arrive-facebook\/#breadcrumb","itemListElement":[{"@type":"ListItem","position":1,"name":"Home","item":"https:\/\/vosgesinfo.fr\/gerardmerinfo\/"},{"@type":"ListItem","position":2,"name":"Le Centre Aquatique et de Bien-\u00catre arrive sur Facebook !"}]},{"@type":"WebSite","@id":"https:\/\/vosgesinfo.fr\/gerardmerinfo\/#website","url":"https:\/\/vosgesinfo.fr\/gerardmerinfo\/","name":"Gerardmer Info","description":"Toute l&#039;actualit\u00e9 de G\u00e9rardmer","publisher":{"@id":"https:\/\/vosgesinfo.fr\/gerardmerinfo\/#organization"},"alternateName":"Toute l'actualit\u00e9 de G\u00e9rardmer","potentialAction":[{"@type":"SearchAction","target":{"@type":"EntryPoint","urlTemplate":"https:\/\/vosgesinfo.fr\/gerardmerinfo\/?s={search_term_string}"},"query-input":"required name=search_term_string"}],"inLanguage":"fr-FR"},{"@type":"Organization","@id":"https:\/\/vosgesinfo.fr\/gerardmerinfo\/#organization","name":"Gerardmer Info","url":"https:\/\/vosgesinfo.fr\/gerardmerinfo\/","logo":{"@type":"ImageObject","inLanguage":"fr-FR","@id":"https:\/\/vosgesinfo.fr\/gerardmerinfo\/#\/schema\/logo\/image\/","url":"https:\/\/vosgesinfo.fr\/app\/uploads\/sites\/6\/2023\/08\/favicon-gerardmerinfo.png","contentUrl":"https:\/\/vosgesinfo.fr\/app\/uploads\/sites\/6\/2023\/08\/favicon-gerardmerinfo.png","width":512,"height":512,"caption":"Gerardmer Info"},"image":{"@id":"https:\/\/vosgesinfo.fr\/gerardmerinfo\/#\/schema\/logo\/image\/"},"sameAs":["https:\/\/www.facebook.com\/profile.php?id=100049475262660","https:\/\/x.com\/VosgesInfo88","https:\/\/www.youtube.com\/@vosgesinfo"]},{"@type":"Person","@id":"https:\/\/vosgesinfo.fr\/gerardmerinfo\/#\/schema\/person\/bc5d02d71e6932e81b6dadb7386667b1","name":"qs_admin","image":{"@type":"ImageObject","inLanguage":"fr-FR","@id":"https:\/\/vosgesinfo.fr\/gerardmerinfo\/#\/schema\/person\/image\/","url":"https:\/\/secure.gravatar.com\/avatar\/94b18ee0ed79e4a42ea2f2931277b6841a8999fc6fde214600c78057cf1fe1de?s=96&d=mm&r=g","contentUrl":"https:\/\/secure.gravatar.com\/avatar\/94b18ee0ed79e4a42ea2f2931277b6841a8999fc6fde214600c78057cf1fe1de?s=96&d=mm&r=g","caption":"qs_admin"},"sameAs":["https:\/\/vosgesinfo.fr\/wp"],"url":"https:\/\/vosgesinfo.fr\/gerardmerinfo\/author\/qs_admin\/"}]}},"_links":{"self":[{"href":"https:\/\/vosgesinfo.fr\/gerardmerinfo\/wp-json\/wp\/v2\/posts\/3984","targetHints":{"allow":["GET"]}}],"collection":[{"href":"https:\/\/vosgesinfo.fr\/gerardmerinfo\/wp-json\/wp\/v2\/posts"}],"about":[{"href":"https:\/\/vosgesinfo.fr\/gerardmerinfo\/wp-json\/wp\/v2\/types\/post"}],"author":[{"embeddable":true,"href":"https:\/\/vosgesinfo.fr\/gerardmerinfo\/wp-json\/wp\/v2\/users\/1"}],"replies":[{"embeddable":true,"href":"https:\/\/vosgesinfo.fr\/gerardmerinfo\/wp-json\/wp\/v2\/comments?post=3984"}],"version-history":[{"count":0,"href":"https:\/\/vosgesinfo.fr\/gerardmerinfo\/wp-json\/wp\/v2\/posts\/3984\/revisions"}],"wp:featuredmedia":[{"embeddable":true,"href":"https:\/\/vosgesinfo.fr\/gerardmerinfo\/wp-json\/wp\/v2\/media\/2866"}],"wp:attachment":[{"href":"https:\/\/vosgesinfo.fr\/gerardmerinfo\/wp-json\/wp\/v2\/media?parent=3984"}],"wp:term":[{"taxonomy":"category","embeddable":true,"href":"https:\/\/vosgesinfo.fr\/gerardmerinfo\/wp-json\/wp\/v2\/categories?post=3984"},{"taxonomy":"post_tag","embeddable":true,"href":"https:\/\/vosgesinfo.fr\/gerardmerinfo\/wp-json\/wp\/v2\/tags?post=3984"}],"curies":[{"name":"wp","href":"https:\/\/api.w.org\/{rel}","templated":true}]}}