{"id":39910,"date":"2019-02-25T17:03:11","date_gmt":"2019-02-25T16:03:11","guid":{"rendered":"https:\/\/vosgesinfo.fr\/gerardmerinfo\/2019\/02\/souvenir-francais-andre-debruyne-prepare-passage-de-flambeau\/"},"modified":"2019-02-25T17:03:11","modified_gmt":"2019-02-25T16:03:11","slug":"souvenir-francais-andre-debruyne-prepare-passage-de-flambeau","status":"publish","type":"post","link":"https:\/\/vosgesinfo.fr\/gerardmerinfo\/2019\/02\/souvenir-francais-andre-debruyne-prepare-passage-de-flambeau\/","title":{"rendered":"Souvenir Fran\u00e7ais : Andr\u00e9 Debruyne pr\u00e9pare le passage de flambeau"},"content":{"rendered":"<div id=\"attachment_142412\" style=\"width: 810px\" class=\"wp-caption aligncenter\"><a href=\"\/2019\/02\/souvenir-fran\u00e7ais-comit\u00e9-g\u00e9rardmer-2.jpg\"><img decoding=\"async\" aria-describedby=\"caption-attachment-142412\" class=\"size-full wp-image-142412\" src=\"\/2019\/02\/souvenir-fran\u00e7ais-comit\u00e9-g\u00e9rardmer-2.jpg\" alt=\"Andr\u00e9 Debruyne et \" width=\"800\" height=\"600\" \/><\/a><p id=\"caption-attachment-142412\" class=\"wp-caption-text\">Andr\u00e9 Debruyne et Nicolas Desprey pr\u00e9parent l&rsquo;assembl\u00e9e g\u00e9n\u00e9rale.<\/p><\/div>\n<h3><span style=\"font-size: 12pt;\">Les assises annuelles du Comit\u00e9 local du Souvenir Fran\u00e7ais se sont d\u00e9roul\u00e9es \u00e0 la salle des Armes o\u00f9 l&rsquo;actuel pr\u00e9sident Andr\u00e9 Debruyne a eu le plaisir de pr\u00e9senter celui qui devrait prochainement lui succ\u00e9der : Nicolas Desprey.<\/span><\/h3>\n<p>En effet, \u00e2g\u00e9 de 81 ans et apr\u00e8s de nombreuses ann\u00e9es pass\u00e9es \u00e0 la t\u00eate du Souvenir Fran\u00e7ais local, Andr\u00e9 Debruyne avait le souci de pr\u00e9parer sa succession, et si possible en passant le flambeau \u00e0 un jeune. Cela devrait \u00eatre chose faite et bien faite gr\u00e2ce \u00e0 l&rsquo;arriv\u00e9e au sein de l&rsquo;amicale de Nicolas Desprey, ing\u00e9nieur textile \u00e2g\u00e9 de 35 ans, originaire de Douai (59) et install\u00e9 \u00e0 G\u00e9rardmer depuis 2007. Comp\u00e9tent, motiv\u00e9 et dynamique, il est passionn\u00e9 d&rsquo;histoire et notamment des deux conflits mondiaux, lui qui dit avoir le plus grand respect pour les morts pour la France. Ce dernier a conscience de la n\u00e9cessit\u00e9 de ne pas oublier et de perp\u00e9trer le souvenir de ces \u00e9v\u00e9nements et surtout de tous ceux qui sont tomb\u00e9s au combat, des victimes de la guerre.<\/p>\n<p><a href=\"\/2019\/02\/souvenir-fran\u00e7ais-comit\u00e9-g\u00e9rardmer-1.jpg\"><img decoding=\"async\" class=\"alignright size-medium wp-image-142413\" src=\"\/2019\/02\/souvenir-fran\u00e7ais-comit\u00e9-g\u00e9rardmer-1-340x255.jpg\" alt=\"souvenir fran\u00e7ais comit\u00e9 g\u00e9rardmer (1)\" width=\"340\" height=\"255\" \/><\/a>\u00ab\u00a0Je vais essayer de ramener un peu de jeunesse et je vais continuer le travail d&rsquo;Andr\u00e9 aupr\u00e8s des \u00e9coles. Il ne faut pas oublier, et c&rsquo;est d&rsquo;actualit\u00e9 quand on voit que l&rsquo;antis\u00e9mitisme ressurgit r\u00e9guli\u00e8rement, ce qui laisse penser qu&rsquo;il y a encore beaucoup de travail \u00e0 faire&#8230; Les gens oublient vite, surtout ceux de notre g\u00e9n\u00e9ration ou de celle de nos parents qui n&rsquo;ont pas connu la guerre. Pourtant ce n&rsquo;est pas si loin, ce sont souvent nos grands parents qui ont connu la guerre, et aujourd&rsquo;hui, malheureusement, nous ne sommes peut-\u00eatre pas \u00e0 l&rsquo;abri\u00a0\u00bb pr\u00e9cise Nicolas Desprey. Ce dernier a donc officiellement \u00e9t\u00e9 nomm\u00e9 premier vice-pr\u00e9sident et pourra d\u00e9j\u00e0 suppl\u00e9er Andr\u00e9 Debruyne si le besoin s&rsquo;en fait sentir. Une bonne nouvelle pour le Souvenir Fran\u00e7ais et la continuit\u00e9 dans les actions du Comit\u00e9 de G\u00e9rardmer, un comit\u00e9 solide.<\/p>\n<p>Et surtout un comit\u00e9 r\u00e9solument tourn\u00e9 vars l&rsquo;avenir avec notamment un projet d&rsquo;accompagnement des \u00e9l\u00e8ves de l&rsquo;\u00e9cole Marie Curie sous la direction de St\u00e9phane Mansuy et avec le concours de l&rsquo;ONAC VG. L&rsquo;\u00e9tablissement scolaire a souhait\u00e9 poursuivre l&rsquo;op\u00e9ration \u00ab\u00a0Les Petits Artistes de la Grande Guerre vus par les enfants\u00a0\u00bb qui consiste \u00e0 les amener sur des lieux de combats devenus historiques, tel que le M\u00e9morial du Linge ou de Verdun afin de les aider \u00e0 imaginer un projet \u00ab\u00a0\u00e9l\u00e8ves et professeur\u00a0\u00bb associ\u00e9s autour d&rsquo;une action collective. Le Comit\u00e9 soutiendra financi\u00e8rement cette sortie scolaire, puis un groupe de quelques membres accompagneront les \u00e9l\u00e8ves, et pour maintenir le lien inter-g\u00e9n\u00e9rationnel, une reconnaissance du Souvenir Fran\u00e7ais viendra f\u00e9liciter les enfants pour cette action.<\/p>\n<p>Enfin, on notera que le Comit\u00e9 pr\u00e9voit d&rsquo;organiser une journ\u00e9e au Grand Ballon du Guebwiller avec passage au m\u00e9morial du Vieil Armand, puis un d\u00e9p\u00f4t de gerbe du Souvenir Fran\u00e7ais \u00e0 la st\u00e8le du Chef d&rsquo;escadrons Louis Montjean qui, \u00e0 la t\u00eate du d\u00e9tachement du Morvan, a plant\u00e9 le drapeau de leur R\u00e9giment le 4 f\u00e9vrier 1945, dans un froid glacial t une temp\u00eate de neige&#8230; Enfin, autre bonne nouvelle, le Comit\u00e9 local est charg\u00e9 cette ann\u00e9e d&rsquo;organiser le traditionnel Repas des Retrouvailles Patriotiques 2019, au cours duquel plusieurs m\u00e9dailles seront remises&#8230;<\/p>\n","protected":false},"excerpt":{"rendered":"<p>Les assises annuelles du Comit\u00e9 local du Souvenir Fran\u00e7ais se sont d\u00e9roul\u00e9es \u00e0 la salle des Armes o\u00f9 l&rsquo;actuel pr\u00e9sident [&hellip;]<\/p>\n","protected":false},"author":42,"featured_media":39911,"comment_status":"open","ping_status":"open","sticky":false,"template":"","format":"standard","meta":{"footnotes":""},"categories":[20,25,17],"tags":[3462],"class_list":["post-39910","post","type-post","status-publish","format-standard","has-post-thumbnail","hentry","category-a-la-une","category-gerardmer","category-vie-associative","tag-souvenir-francais"],"acf":[],"yoast_head":"<!-- This site is optimized with the Yoast SEO plugin v22.5 - https:\/\/yoast.com\/wordpress\/plugins\/seo\/ -->\n<title>Souvenir Fran\u00e7ais : Andr\u00e9 Debruyne pr\u00e9pare le passage de flambeau - Gerardmer Info<\/title>\n<meta name=\"robots\" content=\"index, follow, max-snippet:-1, max-image-preview:large, max-video-preview:-1\" \/>\n<link rel=\"canonical\" href=\"https:\/\/vosgesinfo.fr\/gerardmerinfo\/2019\/02\/souvenir-francais-andre-debruyne-prepare-passage-de-flambeau\/\" \/>\n<meta name=\"twitter:card\" content=\"summary_large_image\" \/>\n<meta name=\"twitter:title\" content=\"Souvenir Fran\u00e7ais : Andr\u00e9 Debruyne pr\u00e9pare le passage de flambeau - Gerardmer Info\" \/>\n<meta name=\"twitter:description\" content=\"Les assises annuelles du Comit\u00e9 local du Souvenir Fran\u00e7ais se sont d\u00e9roul\u00e9es \u00e0 la salle des Armes o\u00f9 l&rsquo;actuel pr\u00e9sident [&hellip;]\" \/>\n<meta name=\"twitter:image\" content=\"https:\/\/vosgesinfo.fr\/app\/uploads\/sites\/6\/2024\/07\/201902souvenir-francais-comite-gerardmer-2.jpg\" \/>\n<meta name=\"twitter:creator\" content=\"@VosgesInfo88\" \/>\n<meta name=\"twitter:site\" content=\"@VosgesInfo88\" \/>\n<meta name=\"twitter:label1\" content=\"\u00c9crit par\" \/>\n\t<meta name=\"twitter:data1\" content=\"QG\" \/>\n\t<meta name=\"twitter:label2\" content=\"Dur\u00e9e de lecture estim\u00e9e\" \/>\n\t<meta name=\"twitter:data2\" content=\"3 minutes\" \/>\n<script type=\"application\/ld+json\" class=\"yoast-schema-graph\">{\"@context\":\"https:\/\/schema.org\",\"@graph\":[{\"@type\":\"Article\",\"@id\":\"https:\/\/vosgesinfo.fr\/gerardmerinfo\/2019\/02\/souvenir-francais-andre-debruyne-prepare-passage-de-flambeau\/#article\",\"isPartOf\":{\"@id\":\"https:\/\/vosgesinfo.fr\/gerardmerinfo\/2019\/02\/souvenir-francais-andre-debruyne-prepare-passage-de-flambeau\/\"},\"author\":{\"name\":\"QG\",\"@id\":\"https:\/\/vosgesinfo.fr\/gerardmerinfo\/#\/schema\/person\/db5605779a843dad16b5368f3e7613a5\"},\"headline\":\"Souvenir Fran\u00e7ais : Andr\u00e9 Debruyne pr\u00e9pare le passage de flambeau\",\"datePublished\":\"2019-02-25T16:03:11+00:00\",\"dateModified\":\"2019-02-25T16:03:11+00:00\",\"mainEntityOfPage\":{\"@id\":\"https:\/\/vosgesinfo.fr\/gerardmerinfo\/2019\/02\/souvenir-francais-andre-debruyne-prepare-passage-de-flambeau\/\"},\"wordCount\":619,\"commentCount\":0,\"publisher\":{\"@id\":\"https:\/\/vosgesinfo.fr\/gerardmerinfo\/#organization\"},\"image\":{\"@id\":\"https:\/\/vosgesinfo.fr\/gerardmerinfo\/2019\/02\/souvenir-francais-andre-debruyne-prepare-passage-de-flambeau\/#primaryimage\"},\"thumbnailUrl\":\"https:\/\/vosgesinfo.fr\/app\/uploads\/sites\/6\/2024\/07\/201902souvenir-francais-comite-gerardmer-2.jpg\",\"keywords\":[\"souvenir fran\u00e7ais\"],\"articleSection\":[\"A la une\",\"G\u00e9rardmer\",\"Vie Associative\"],\"inLanguage\":\"fr-FR\",\"potentialAction\":[{\"@type\":\"CommentAction\",\"name\":\"Comment\",\"target\":[\"https:\/\/vosgesinfo.fr\/gerardmerinfo\/2019\/02\/souvenir-francais-andre-debruyne-prepare-passage-de-flambeau\/#respond\"]}]},{\"@type\":\"WebPage\",\"@id\":\"https:\/\/vosgesinfo.fr\/gerardmerinfo\/2019\/02\/souvenir-francais-andre-debruyne-prepare-passage-de-flambeau\/\",\"url\":\"https:\/\/vosgesinfo.fr\/gerardmerinfo\/2019\/02\/souvenir-francais-andre-debruyne-prepare-passage-de-flambeau\/\",\"name\":\"Souvenir Fran\u00e7ais : Andr\u00e9 Debruyne pr\u00e9pare le passage de flambeau - Gerardmer Info\",\"isPartOf\":{\"@id\":\"https:\/\/vosgesinfo.fr\/gerardmerinfo\/#website\"},\"primaryImageOfPage\":{\"@id\":\"https:\/\/vosgesinfo.fr\/gerardmerinfo\/2019\/02\/souvenir-francais-andre-debruyne-prepare-passage-de-flambeau\/#primaryimage\"},\"image\":{\"@id\":\"https:\/\/vosgesinfo.fr\/gerardmerinfo\/2019\/02\/souvenir-francais-andre-debruyne-prepare-passage-de-flambeau\/#primaryimage\"},\"thumbnailUrl\":\"https:\/\/vosgesinfo.fr\/app\/uploads\/sites\/6\/2024\/07\/201902souvenir-francais-comite-gerardmer-2.jpg\",\"datePublished\":\"2019-02-25T16:03:11+00:00\",\"dateModified\":\"2019-02-25T16:03:11+00:00\",\"breadcrumb\":{\"@id\":\"https:\/\/vosgesinfo.fr\/gerardmerinfo\/2019\/02\/souvenir-francais-andre-debruyne-prepare-passage-de-flambeau\/#breadcrumb\"},\"inLanguage\":\"fr-FR\",\"potentialAction\":[{\"@type\":\"ReadAction\",\"target\":[\"https:\/\/vosgesinfo.fr\/gerardmerinfo\/2019\/02\/souvenir-francais-andre-debruyne-prepare-passage-de-flambeau\/\"]}]},{\"@type\":\"ImageObject\",\"inLanguage\":\"fr-FR\",\"@id\":\"https:\/\/vosgesinfo.fr\/gerardmerinfo\/2019\/02\/souvenir-francais-andre-debruyne-prepare-passage-de-flambeau\/#primaryimage\",\"url\":\"https:\/\/vosgesinfo.fr\/app\/uploads\/sites\/6\/2024\/07\/201902souvenir-francais-comite-gerardmer-2.jpg\",\"contentUrl\":\"https:\/\/vosgesinfo.fr\/app\/uploads\/sites\/6\/2024\/07\/201902souvenir-francais-comite-gerardmer-2.jpg\",\"width\":800,\"height\":600},{\"@type\":\"BreadcrumbList\",\"@id\":\"https:\/\/vosgesinfo.fr\/gerardmerinfo\/2019\/02\/souvenir-francais-andre-debruyne-prepare-passage-de-flambeau\/#breadcrumb\",\"itemListElement\":[{\"@type\":\"ListItem\",\"position\":1,\"name\":\"Home\",\"item\":\"https:\/\/vosgesinfo.fr\/gerardmerinfo\/\"},{\"@type\":\"ListItem\",\"position\":2,\"name\":\"Souvenir Fran\u00e7ais : Andr\u00e9 Debruyne pr\u00e9pare le passage de flambeau\"}]},{\"@type\":\"WebSite\",\"@id\":\"https:\/\/vosgesinfo.fr\/gerardmerinfo\/#website\",\"url\":\"https:\/\/vosgesinfo.fr\/gerardmerinfo\/\",\"name\":\"Gerardmer Info\",\"description\":\"Toute l&#039;actualit\u00e9 de G\u00e9rardmer\",\"publisher\":{\"@id\":\"https:\/\/vosgesinfo.fr\/gerardmerinfo\/#organization\"},\"alternateName\":\"Toute l'actualit\u00e9 de G\u00e9rardmer\",\"potentialAction\":[{\"@type\":\"SearchAction\",\"target\":{\"@type\":\"EntryPoint\",\"urlTemplate\":\"https:\/\/vosgesinfo.fr\/gerardmerinfo\/?s={search_term_string}\"},\"query-input\":\"required name=search_term_string\"}],\"inLanguage\":\"fr-FR\"},{\"@type\":\"Organization\",\"@id\":\"https:\/\/vosgesinfo.fr\/gerardmerinfo\/#organization\",\"name\":\"Gerardmer Info\",\"url\":\"https:\/\/vosgesinfo.fr\/gerardmerinfo\/\",\"logo\":{\"@type\":\"ImageObject\",\"inLanguage\":\"fr-FR\",\"@id\":\"https:\/\/vosgesinfo.fr\/gerardmerinfo\/#\/schema\/logo\/image\/\",\"url\":\"https:\/\/vosgesinfo.fr\/app\/uploads\/sites\/6\/2023\/08\/favicon-gerardmerinfo.png\",\"contentUrl\":\"https:\/\/vosgesinfo.fr\/app\/uploads\/sites\/6\/2023\/08\/favicon-gerardmerinfo.png\",\"width\":512,\"height\":512,\"caption\":\"Gerardmer Info\"},\"image\":{\"@id\":\"https:\/\/vosgesinfo.fr\/gerardmerinfo\/#\/schema\/logo\/image\/\"},\"sameAs\":[\"https:\/\/www.facebook.com\/profile.php?id=100049475262660\",\"https:\/\/x.com\/VosgesInfo88\",\"https:\/\/www.youtube.com\/@vosgesinfo\"]},{\"@type\":\"Person\",\"@id\":\"https:\/\/vosgesinfo.fr\/gerardmerinfo\/#\/schema\/person\/db5605779a843dad16b5368f3e7613a5\",\"name\":\"QG\",\"image\":{\"@type\":\"ImageObject\",\"inLanguage\":\"fr-FR\",\"@id\":\"https:\/\/vosgesinfo.fr\/gerardmerinfo\/#\/schema\/person\/image\/\",\"url\":\"https:\/\/secure.gravatar.com\/avatar\/ea80c42c204b534408512832fde52504ecabb9706bcb6151cf6175e5b64e6793?s=96&d=mm&r=g\",\"contentUrl\":\"https:\/\/secure.gravatar.com\/avatar\/ea80c42c204b534408512832fde52504ecabb9706bcb6151cf6175e5b64e6793?s=96&d=mm&r=g\",\"caption\":\"QG\"},\"url\":\"https:\/\/vosgesinfo.fr\/gerardmerinfo\/author\/quentin88\/\"}]}<\/script>\n<!-- \/ Yoast SEO plugin. -->","yoast_head_json":{"title":"Souvenir Fran\u00e7ais : Andr\u00e9 Debruyne pr\u00e9pare le passage de flambeau - Gerardmer Info","robots":{"index":"index","follow":"follow","max-snippet":"max-snippet:-1","max-image-preview":"max-image-preview:large","max-video-preview":"max-video-preview:-1"},"canonical":"https:\/\/vosgesinfo.fr\/gerardmerinfo\/2019\/02\/souvenir-francais-andre-debruyne-prepare-passage-de-flambeau\/","twitter_card":"summary_large_image","twitter_title":"Souvenir Fran\u00e7ais : Andr\u00e9 Debruyne pr\u00e9pare le passage de flambeau - Gerardmer Info","twitter_description":"Les assises annuelles du Comit\u00e9 local du Souvenir Fran\u00e7ais se sont d\u00e9roul\u00e9es \u00e0 la salle des Armes o\u00f9 l&rsquo;actuel pr\u00e9sident [&hellip;]","twitter_image":"https:\/\/vosgesinfo.fr\/app\/uploads\/sites\/6\/2024\/07\/201902souvenir-francais-comite-gerardmer-2.jpg","twitter_creator":"@VosgesInfo88","twitter_site":"@VosgesInfo88","twitter_misc":{"\u00c9crit par":"QG","Dur\u00e9e de lecture estim\u00e9e":"3 minutes"},"schema":{"@context":"https:\/\/schema.org","@graph":[{"@type":"Article","@id":"https:\/\/vosgesinfo.fr\/gerardmerinfo\/2019\/02\/souvenir-francais-andre-debruyne-prepare-passage-de-flambeau\/#article","isPartOf":{"@id":"https:\/\/vosgesinfo.fr\/gerardmerinfo\/2019\/02\/souvenir-francais-andre-debruyne-prepare-passage-de-flambeau\/"},"author":{"name":"QG","@id":"https:\/\/vosgesinfo.fr\/gerardmerinfo\/#\/schema\/person\/db5605779a843dad16b5368f3e7613a5"},"headline":"Souvenir Fran\u00e7ais : Andr\u00e9 Debruyne pr\u00e9pare le passage de flambeau","datePublished":"2019-02-25T16:03:11+00:00","dateModified":"2019-02-25T16:03:11+00:00","mainEntityOfPage":{"@id":"https:\/\/vosgesinfo.fr\/gerardmerinfo\/2019\/02\/souvenir-francais-andre-debruyne-prepare-passage-de-flambeau\/"},"wordCount":619,"commentCount":0,"publisher":{"@id":"https:\/\/vosgesinfo.fr\/gerardmerinfo\/#organization"},"image":{"@id":"https:\/\/vosgesinfo.fr\/gerardmerinfo\/2019\/02\/souvenir-francais-andre-debruyne-prepare-passage-de-flambeau\/#primaryimage"},"thumbnailUrl":"https:\/\/vosgesinfo.fr\/app\/uploads\/sites\/6\/2024\/07\/201902souvenir-francais-comite-gerardmer-2.jpg","keywords":["souvenir fran\u00e7ais"],"articleSection":["A la une","G\u00e9rardmer","Vie Associative"],"inLanguage":"fr-FR","potentialAction":[{"@type":"CommentAction","name":"Comment","target":["https:\/\/vosgesinfo.fr\/gerardmerinfo\/2019\/02\/souvenir-francais-andre-debruyne-prepare-passage-de-flambeau\/#respond"]}]},{"@type":"WebPage","@id":"https:\/\/vosgesinfo.fr\/gerardmerinfo\/2019\/02\/souvenir-francais-andre-debruyne-prepare-passage-de-flambeau\/","url":"https:\/\/vosgesinfo.fr\/gerardmerinfo\/2019\/02\/souvenir-francais-andre-debruyne-prepare-passage-de-flambeau\/","name":"Souvenir Fran\u00e7ais : Andr\u00e9 Debruyne pr\u00e9pare le passage de flambeau - Gerardmer Info","isPartOf":{"@id":"https:\/\/vosgesinfo.fr\/gerardmerinfo\/#website"},"primaryImageOfPage":{"@id":"https:\/\/vosgesinfo.fr\/gerardmerinfo\/2019\/02\/souvenir-francais-andre-debruyne-prepare-passage-de-flambeau\/#primaryimage"},"image":{"@id":"https:\/\/vosgesinfo.fr\/gerardmerinfo\/2019\/02\/souvenir-francais-andre-debruyne-prepare-passage-de-flambeau\/#primaryimage"},"thumbnailUrl":"https:\/\/vosgesinfo.fr\/app\/uploads\/sites\/6\/2024\/07\/201902souvenir-francais-comite-gerardmer-2.jpg","datePublished":"2019-02-25T16:03:11+00:00","dateModified":"2019-02-25T16:03:11+00:00","breadcrumb":{"@id":"https:\/\/vosgesinfo.fr\/gerardmerinfo\/2019\/02\/souvenir-francais-andre-debruyne-prepare-passage-de-flambeau\/#breadcrumb"},"inLanguage":"fr-FR","potentialAction":[{"@type":"ReadAction","target":["https:\/\/vosgesinfo.fr\/gerardmerinfo\/2019\/02\/souvenir-francais-andre-debruyne-prepare-passage-de-flambeau\/"]}]},{"@type":"ImageObject","inLanguage":"fr-FR","@id":"https:\/\/vosgesinfo.fr\/gerardmerinfo\/2019\/02\/souvenir-francais-andre-debruyne-prepare-passage-de-flambeau\/#primaryimage","url":"https:\/\/vosgesinfo.fr\/app\/uploads\/sites\/6\/2024\/07\/201902souvenir-francais-comite-gerardmer-2.jpg","contentUrl":"https:\/\/vosgesinfo.fr\/app\/uploads\/sites\/6\/2024\/07\/201902souvenir-francais-comite-gerardmer-2.jpg","width":800,"height":600},{"@type":"BreadcrumbList","@id":"https:\/\/vosgesinfo.fr\/gerardmerinfo\/2019\/02\/souvenir-francais-andre-debruyne-prepare-passage-de-flambeau\/#breadcrumb","itemListElement":[{"@type":"ListItem","position":1,"name":"Home","item":"https:\/\/vosgesinfo.fr\/gerardmerinfo\/"},{"@type":"ListItem","position":2,"name":"Souvenir Fran\u00e7ais : Andr\u00e9 Debruyne pr\u00e9pare le passage de flambeau"}]},{"@type":"WebSite","@id":"https:\/\/vosgesinfo.fr\/gerardmerinfo\/#website","url":"https:\/\/vosgesinfo.fr\/gerardmerinfo\/","name":"Gerardmer Info","description":"Toute l&#039;actualit\u00e9 de G\u00e9rardmer","publisher":{"@id":"https:\/\/vosgesinfo.fr\/gerardmerinfo\/#organization"},"alternateName":"Toute l'actualit\u00e9 de G\u00e9rardmer","potentialAction":[{"@type":"SearchAction","target":{"@type":"EntryPoint","urlTemplate":"https:\/\/vosgesinfo.fr\/gerardmerinfo\/?s={search_term_string}"},"query-input":"required name=search_term_string"}],"inLanguage":"fr-FR"},{"@type":"Organization","@id":"https:\/\/vosgesinfo.fr\/gerardmerinfo\/#organization","name":"Gerardmer Info","url":"https:\/\/vosgesinfo.fr\/gerardmerinfo\/","logo":{"@type":"ImageObject","inLanguage":"fr-FR","@id":"https:\/\/vosgesinfo.fr\/gerardmerinfo\/#\/schema\/logo\/image\/","url":"https:\/\/vosgesinfo.fr\/app\/uploads\/sites\/6\/2023\/08\/favicon-gerardmerinfo.png","contentUrl":"https:\/\/vosgesinfo.fr\/app\/uploads\/sites\/6\/2023\/08\/favicon-gerardmerinfo.png","width":512,"height":512,"caption":"Gerardmer Info"},"image":{"@id":"https:\/\/vosgesinfo.fr\/gerardmerinfo\/#\/schema\/logo\/image\/"},"sameAs":["https:\/\/www.facebook.com\/profile.php?id=100049475262660","https:\/\/x.com\/VosgesInfo88","https:\/\/www.youtube.com\/@vosgesinfo"]},{"@type":"Person","@id":"https:\/\/vosgesinfo.fr\/gerardmerinfo\/#\/schema\/person\/db5605779a843dad16b5368f3e7613a5","name":"QG","image":{"@type":"ImageObject","inLanguage":"fr-FR","@id":"https:\/\/vosgesinfo.fr\/gerardmerinfo\/#\/schema\/person\/image\/","url":"https:\/\/secure.gravatar.com\/avatar\/ea80c42c204b534408512832fde52504ecabb9706bcb6151cf6175e5b64e6793?s=96&d=mm&r=g","contentUrl":"https:\/\/secure.gravatar.com\/avatar\/ea80c42c204b534408512832fde52504ecabb9706bcb6151cf6175e5b64e6793?s=96&d=mm&r=g","caption":"QG"},"url":"https:\/\/vosgesinfo.fr\/gerardmerinfo\/author\/quentin88\/"}]}},"_links":{"self":[{"href":"https:\/\/vosgesinfo.fr\/gerardmerinfo\/wp-json\/wp\/v2\/posts\/39910","targetHints":{"allow":["GET"]}}],"collection":[{"href":"https:\/\/vosgesinfo.fr\/gerardmerinfo\/wp-json\/wp\/v2\/posts"}],"about":[{"href":"https:\/\/vosgesinfo.fr\/gerardmerinfo\/wp-json\/wp\/v2\/types\/post"}],"author":[{"embeddable":true,"href":"https:\/\/vosgesinfo.fr\/gerardmerinfo\/wp-json\/wp\/v2\/users\/42"}],"replies":[{"embeddable":true,"href":"https:\/\/vosgesinfo.fr\/gerardmerinfo\/wp-json\/wp\/v2\/comments?post=39910"}],"version-history":[{"count":0,"href":"https:\/\/vosgesinfo.fr\/gerardmerinfo\/wp-json\/wp\/v2\/posts\/39910\/revisions"}],"wp:featuredmedia":[{"embeddable":true,"href":"https:\/\/vosgesinfo.fr\/gerardmerinfo\/wp-json\/wp\/v2\/media\/39911"}],"wp:attachment":[{"href":"https:\/\/vosgesinfo.fr\/gerardmerinfo\/wp-json\/wp\/v2\/media?parent=39910"}],"wp:term":[{"taxonomy":"category","embeddable":true,"href":"https:\/\/vosgesinfo.fr\/gerardmerinfo\/wp-json\/wp\/v2\/categories?post=39910"},{"taxonomy":"post_tag","embeddable":true,"href":"https:\/\/vosgesinfo.fr\/gerardmerinfo\/wp-json\/wp\/v2\/tags?post=39910"}],"curies":[{"name":"wp","href":"https:\/\/api.w.org\/{rel}","templated":true}]}}