{"id":39944,"date":"2019-02-27T16:00:56","date_gmt":"2019-02-27T15:00:56","guid":{"rendered":"https:\/\/vosgesinfo.fr\/gerardmerinfo\/2019\/02\/week-end-detente-a-xonrupt\/"},"modified":"2019-02-27T16:00:56","modified_gmt":"2019-02-27T15:00:56","slug":"week-end-detente-a-xonrupt","status":"publish","type":"post","link":"https:\/\/vosgesinfo.fr\/gerardmerinfo\/2019\/02\/week-end-detente-a-xonrupt\/","title":{"rendered":"Week-end d\u00e9tente \u00e0 Xonrupt"},"content":{"rendered":"<h3 style=\"text-align: center;\">Venez vous d\u00e9tendre \u00e0 Xonrupt les 16 et 17 mars prochain !<\/h3>\n<p>Commen\u00e7ons <strong><em>samedi 16 mars<\/em><\/strong> par une bonne s\u00e9ance de rires avec <strong><em>Mademoiselle Serge<\/em><\/strong> qui pr\u00e9sentera son <strong><em>one woman show<\/em><\/strong> pour le plaisir des plus grands. R\u00e9servez vos places d\u00e8s maintenant \u00e0 la pharmacie des Lacs de Xonrupt ou par mail \u00e0 l&rsquo;adresse <span style=\"text-decoration: underline;\">xonruptamicaleparents@yahoo.fr<\/span><\/p>\n<p><a href=\"https:\/\/gerardmerinfo.fr\/2019\/02\/week-end-detente-a-xonrupt\/affiche2-2\/\" rel=\"attachment wp-att-142443\"><img decoding=\"async\" class=\"size-medium wp-image-142443 alignleft\" src=\"\/2019\/02\/affiche21-180x255.jpg\" alt=\"affiche2\" width=\"180\" height=\"255\" \/><\/a><\/p>\n<p><strong><em>Le dimanche<\/em><\/strong>, partageons un bon moment de jeux en famille ! Tentez votre chance \u00e0 notre <strong><em>loto des \u00e9coles<\/em><\/strong> !Peut \u00eatre repartirez-vous avec un s\u00e9jour d\u2019<strong>une semaine en famille<\/strong> (dans un camping CAMPEOLE au choix en France) ou une semaine de<strong> cours de ski<\/strong> ou m\u00eame une <strong>tablette<\/strong> ou encore des <strong>bons bien-\u00eatre<\/strong> (spa, massage, soins), des <strong>entr\u00e9es parcs Lorraine et Alsace<\/strong>, des <strong>repas restaurants<\/strong> g\u00e9romois et bien d&rsquo;autres lots !<\/p>\n<p><a href=\"https:\/\/gerardmerinfo.fr\/2019\/02\/week-end-detente-a-xonrupt\/affiche2-3\/\" rel=\"attachment wp-att-142444\"><img decoding=\"async\" class=\"size-medium wp-image-142444 alignright\" src=\"\/2019\/02\/affiche22-180x255.jpg\" alt=\"affiche2\" width=\"180\" height=\"255\" \/><\/a><\/p>\n<p>Les b\u00e9n\u00e9fices r\u00e9colt\u00e9s lors de ce week-end permettra d&rsquo;aider au financement des sorties p\u00e9dagogiques des \u00e9coles de Xonrupt.<\/p>\n<p>Merci d&rsquo;avance pour nos enfants !<\/p>\n<p><a href=\"https:\/\/gerardmerinfo.fr\/2019\/02\/week-end-detente-a-xonrupt\/logo-2016-4\/\" rel=\"attachment wp-att-142445\"><img decoding=\"async\" class=\"size-medium wp-image-142445 alignleft\" src=\"\/2019\/02\/logo-20161-340x255.jpg\" alt=\"logo 2016\" width=\"340\" height=\"255\" \/><\/a><\/p>\n<p>&nbsp;<\/p>\n<p>&nbsp;<\/p>\n<p>&nbsp;<\/p>\n","protected":false},"excerpt":{"rendered":"<p>Venez vous d\u00e9tendre \u00e0 Xonrupt les 16 et 17 mars prochain ! Commen\u00e7ons samedi 16 mars par une bonne s\u00e9ance [&hellip;]<\/p>\n","protected":false},"author":186,"featured_media":39945,"comment_status":"open","ping_status":"open","sticky":false,"template":"","format":"standard","meta":{"footnotes":""},"categories":[20,4,25,42,40],"tags":[2445],"class_list":["post-39944","post","type-post","status-publish","format-standard","has-post-thumbnail","hentry","category-a-la-une","category-culture","category-gerardmer","category-xonrupt-longemer","category-xonrupt-liezey","tag-melle-serge"],"acf":[],"yoast_head":"<!-- This site is optimized with the Yoast SEO plugin v22.5 - https:\/\/yoast.com\/wordpress\/plugins\/seo\/ -->\n<title>Week-end d\u00e9tente \u00e0 Xonrupt - Gerardmer Info<\/title>\n<meta name=\"robots\" content=\"index, follow, max-snippet:-1, max-image-preview:large, max-video-preview:-1\" \/>\n<link rel=\"canonical\" href=\"https:\/\/vosgesinfo.fr\/gerardmerinfo\/2019\/02\/week-end-detente-a-xonrupt\/\" \/>\n<meta name=\"twitter:card\" content=\"summary_large_image\" \/>\n<meta name=\"twitter:title\" content=\"Week-end d\u00e9tente \u00e0 Xonrupt - Gerardmer Info\" \/>\n<meta name=\"twitter:description\" content=\"Venez vous d\u00e9tendre \u00e0 Xonrupt les 16 et 17 mars prochain ! Commen\u00e7ons samedi 16 mars par une bonne s\u00e9ance [&hellip;]\" \/>\n<meta name=\"twitter:image\" content=\"https:\/\/vosgesinfo.fr\/app\/uploads\/sites\/6\/2024\/07\/201902affiche21.jpg\" \/>\n<meta name=\"twitter:creator\" content=\"@VosgesInfo88\" \/>\n<meta name=\"twitter:site\" content=\"@VosgesInfo88\" \/>\n<meta name=\"twitter:label1\" content=\"\u00c9crit par\" \/>\n\t<meta name=\"twitter:data1\" content=\"amicale2lacs\" \/>\n\t<meta name=\"twitter:label2\" content=\"Dur\u00e9e de lecture estim\u00e9e\" \/>\n\t<meta name=\"twitter:data2\" content=\"1 minute\" \/>\n<script type=\"application\/ld+json\" class=\"yoast-schema-graph\">{\"@context\":\"https:\/\/schema.org\",\"@graph\":[{\"@type\":\"Article\",\"@id\":\"https:\/\/vosgesinfo.fr\/gerardmerinfo\/2019\/02\/week-end-detente-a-xonrupt\/#article\",\"isPartOf\":{\"@id\":\"https:\/\/vosgesinfo.fr\/gerardmerinfo\/2019\/02\/week-end-detente-a-xonrupt\/\"},\"author\":{\"name\":\"amicale2lacs\",\"@id\":\"https:\/\/vosgesinfo.fr\/gerardmerinfo\/#\/schema\/person\/03771237f2dd4ca6b5d9f27a8645583e\"},\"headline\":\"Week-end d\u00e9tente \u00e0 Xonrupt\",\"datePublished\":\"2019-02-27T15:00:56+00:00\",\"dateModified\":\"2019-02-27T15:00:56+00:00\",\"mainEntityOfPage\":{\"@id\":\"https:\/\/vosgesinfo.fr\/gerardmerinfo\/2019\/02\/week-end-detente-a-xonrupt\/\"},\"wordCount\":169,\"commentCount\":0,\"publisher\":{\"@id\":\"https:\/\/vosgesinfo.fr\/gerardmerinfo\/#organization\"},\"image\":{\"@id\":\"https:\/\/vosgesinfo.fr\/gerardmerinfo\/2019\/02\/week-end-detente-a-xonrupt\/#primaryimage\"},\"thumbnailUrl\":\"https:\/\/vosgesinfo.fr\/app\/uploads\/sites\/6\/2024\/07\/201902affiche21.jpg\",\"keywords\":[\"Melle Serge\"],\"articleSection\":[\"A la une\",\"Culture\",\"G\u00e9rardmer\",\"Xonrupt-Longemer\",\"Xonrupt\/Liezey\"],\"inLanguage\":\"fr-FR\",\"potentialAction\":[{\"@type\":\"CommentAction\",\"name\":\"Comment\",\"target\":[\"https:\/\/vosgesinfo.fr\/gerardmerinfo\/2019\/02\/week-end-detente-a-xonrupt\/#respond\"]}]},{\"@type\":\"WebPage\",\"@id\":\"https:\/\/vosgesinfo.fr\/gerardmerinfo\/2019\/02\/week-end-detente-a-xonrupt\/\",\"url\":\"https:\/\/vosgesinfo.fr\/gerardmerinfo\/2019\/02\/week-end-detente-a-xonrupt\/\",\"name\":\"Week-end d\u00e9tente \u00e0 Xonrupt - Gerardmer Info\",\"isPartOf\":{\"@id\":\"https:\/\/vosgesinfo.fr\/gerardmerinfo\/#website\"},\"primaryImageOfPage\":{\"@id\":\"https:\/\/vosgesinfo.fr\/gerardmerinfo\/2019\/02\/week-end-detente-a-xonrupt\/#primaryimage\"},\"image\":{\"@id\":\"https:\/\/vosgesinfo.fr\/gerardmerinfo\/2019\/02\/week-end-detente-a-xonrupt\/#primaryimage\"},\"thumbnailUrl\":\"https:\/\/vosgesinfo.fr\/app\/uploads\/sites\/6\/2024\/07\/201902affiche21.jpg\",\"datePublished\":\"2019-02-27T15:00:56+00:00\",\"dateModified\":\"2019-02-27T15:00:56+00:00\",\"breadcrumb\":{\"@id\":\"https:\/\/vosgesinfo.fr\/gerardmerinfo\/2019\/02\/week-end-detente-a-xonrupt\/#breadcrumb\"},\"inLanguage\":\"fr-FR\",\"potentialAction\":[{\"@type\":\"ReadAction\",\"target\":[\"https:\/\/vosgesinfo.fr\/gerardmerinfo\/2019\/02\/week-end-detente-a-xonrupt\/\"]}]},{\"@type\":\"ImageObject\",\"inLanguage\":\"fr-FR\",\"@id\":\"https:\/\/vosgesinfo.fr\/gerardmerinfo\/2019\/02\/week-end-detente-a-xonrupt\/#primaryimage\",\"url\":\"https:\/\/vosgesinfo.fr\/app\/uploads\/sites\/6\/2024\/07\/201902affiche21.jpg\",\"contentUrl\":\"https:\/\/vosgesinfo.fr\/app\/uploads\/sites\/6\/2024\/07\/201902affiche21.jpg\",\"width\":566,\"height\":800},{\"@type\":\"BreadcrumbList\",\"@id\":\"https:\/\/vosgesinfo.fr\/gerardmerinfo\/2019\/02\/week-end-detente-a-xonrupt\/#breadcrumb\",\"itemListElement\":[{\"@type\":\"ListItem\",\"position\":1,\"name\":\"Home\",\"item\":\"https:\/\/vosgesinfo.fr\/gerardmerinfo\/\"},{\"@type\":\"ListItem\",\"position\":2,\"name\":\"Week-end d\u00e9tente \u00e0 Xonrupt\"}]},{\"@type\":\"WebSite\",\"@id\":\"https:\/\/vosgesinfo.fr\/gerardmerinfo\/#website\",\"url\":\"https:\/\/vosgesinfo.fr\/gerardmerinfo\/\",\"name\":\"Gerardmer Info\",\"description\":\"Toute l&#039;actualit\u00e9 de G\u00e9rardmer\",\"publisher\":{\"@id\":\"https:\/\/vosgesinfo.fr\/gerardmerinfo\/#organization\"},\"alternateName\":\"Toute l'actualit\u00e9 de G\u00e9rardmer\",\"potentialAction\":[{\"@type\":\"SearchAction\",\"target\":{\"@type\":\"EntryPoint\",\"urlTemplate\":\"https:\/\/vosgesinfo.fr\/gerardmerinfo\/?s={search_term_string}\"},\"query-input\":\"required name=search_term_string\"}],\"inLanguage\":\"fr-FR\"},{\"@type\":\"Organization\",\"@id\":\"https:\/\/vosgesinfo.fr\/gerardmerinfo\/#organization\",\"name\":\"Gerardmer Info\",\"url\":\"https:\/\/vosgesinfo.fr\/gerardmerinfo\/\",\"logo\":{\"@type\":\"ImageObject\",\"inLanguage\":\"fr-FR\",\"@id\":\"https:\/\/vosgesinfo.fr\/gerardmerinfo\/#\/schema\/logo\/image\/\",\"url\":\"https:\/\/vosgesinfo.fr\/app\/uploads\/sites\/6\/2023\/08\/favicon-gerardmerinfo.png\",\"contentUrl\":\"https:\/\/vosgesinfo.fr\/app\/uploads\/sites\/6\/2023\/08\/favicon-gerardmerinfo.png\",\"width\":512,\"height\":512,\"caption\":\"Gerardmer Info\"},\"image\":{\"@id\":\"https:\/\/vosgesinfo.fr\/gerardmerinfo\/#\/schema\/logo\/image\/\"},\"sameAs\":[\"https:\/\/www.facebook.com\/profile.php?id=100049475262660\",\"https:\/\/x.com\/VosgesInfo88\",\"https:\/\/www.youtube.com\/@vosgesinfo\"]},{\"@type\":\"Person\",\"@id\":\"https:\/\/vosgesinfo.fr\/gerardmerinfo\/#\/schema\/person\/03771237f2dd4ca6b5d9f27a8645583e\",\"name\":\"amicale2lacs\",\"image\":{\"@type\":\"ImageObject\",\"inLanguage\":\"fr-FR\",\"@id\":\"https:\/\/vosgesinfo.fr\/gerardmerinfo\/#\/schema\/person\/image\/\",\"url\":\"https:\/\/secure.gravatar.com\/avatar\/f97e886e224bde95d53a50d9e101d16b82917918eec4ea16be07c157102ea0b6?s=96&d=mm&r=g\",\"contentUrl\":\"https:\/\/secure.gravatar.com\/avatar\/f97e886e224bde95d53a50d9e101d16b82917918eec4ea16be07c157102ea0b6?s=96&d=mm&r=g\",\"caption\":\"amicale2lacs\"},\"url\":\"https:\/\/vosgesinfo.fr\/gerardmerinfo\/author\/amicale2lacs\/\"}]}<\/script>\n<!-- \/ Yoast SEO plugin. -->","yoast_head_json":{"title":"Week-end d\u00e9tente \u00e0 Xonrupt - Gerardmer Info","robots":{"index":"index","follow":"follow","max-snippet":"max-snippet:-1","max-image-preview":"max-image-preview:large","max-video-preview":"max-video-preview:-1"},"canonical":"https:\/\/vosgesinfo.fr\/gerardmerinfo\/2019\/02\/week-end-detente-a-xonrupt\/","twitter_card":"summary_large_image","twitter_title":"Week-end d\u00e9tente \u00e0 Xonrupt - Gerardmer Info","twitter_description":"Venez vous d\u00e9tendre \u00e0 Xonrupt les 16 et 17 mars prochain ! Commen\u00e7ons samedi 16 mars par une bonne s\u00e9ance [&hellip;]","twitter_image":"https:\/\/vosgesinfo.fr\/app\/uploads\/sites\/6\/2024\/07\/201902affiche21.jpg","twitter_creator":"@VosgesInfo88","twitter_site":"@VosgesInfo88","twitter_misc":{"\u00c9crit par":"amicale2lacs","Dur\u00e9e de lecture estim\u00e9e":"1 minute"},"schema":{"@context":"https:\/\/schema.org","@graph":[{"@type":"Article","@id":"https:\/\/vosgesinfo.fr\/gerardmerinfo\/2019\/02\/week-end-detente-a-xonrupt\/#article","isPartOf":{"@id":"https:\/\/vosgesinfo.fr\/gerardmerinfo\/2019\/02\/week-end-detente-a-xonrupt\/"},"author":{"name":"amicale2lacs","@id":"https:\/\/vosgesinfo.fr\/gerardmerinfo\/#\/schema\/person\/03771237f2dd4ca6b5d9f27a8645583e"},"headline":"Week-end d\u00e9tente \u00e0 Xonrupt","datePublished":"2019-02-27T15:00:56+00:00","dateModified":"2019-02-27T15:00:56+00:00","mainEntityOfPage":{"@id":"https:\/\/vosgesinfo.fr\/gerardmerinfo\/2019\/02\/week-end-detente-a-xonrupt\/"},"wordCount":169,"commentCount":0,"publisher":{"@id":"https:\/\/vosgesinfo.fr\/gerardmerinfo\/#organization"},"image":{"@id":"https:\/\/vosgesinfo.fr\/gerardmerinfo\/2019\/02\/week-end-detente-a-xonrupt\/#primaryimage"},"thumbnailUrl":"https:\/\/vosgesinfo.fr\/app\/uploads\/sites\/6\/2024\/07\/201902affiche21.jpg","keywords":["Melle Serge"],"articleSection":["A la une","Culture","G\u00e9rardmer","Xonrupt-Longemer","Xonrupt\/Liezey"],"inLanguage":"fr-FR","potentialAction":[{"@type":"CommentAction","name":"Comment","target":["https:\/\/vosgesinfo.fr\/gerardmerinfo\/2019\/02\/week-end-detente-a-xonrupt\/#respond"]}]},{"@type":"WebPage","@id":"https:\/\/vosgesinfo.fr\/gerardmerinfo\/2019\/02\/week-end-detente-a-xonrupt\/","url":"https:\/\/vosgesinfo.fr\/gerardmerinfo\/2019\/02\/week-end-detente-a-xonrupt\/","name":"Week-end d\u00e9tente \u00e0 Xonrupt - Gerardmer Info","isPartOf":{"@id":"https:\/\/vosgesinfo.fr\/gerardmerinfo\/#website"},"primaryImageOfPage":{"@id":"https:\/\/vosgesinfo.fr\/gerardmerinfo\/2019\/02\/week-end-detente-a-xonrupt\/#primaryimage"},"image":{"@id":"https:\/\/vosgesinfo.fr\/gerardmerinfo\/2019\/02\/week-end-detente-a-xonrupt\/#primaryimage"},"thumbnailUrl":"https:\/\/vosgesinfo.fr\/app\/uploads\/sites\/6\/2024\/07\/201902affiche21.jpg","datePublished":"2019-02-27T15:00:56+00:00","dateModified":"2019-02-27T15:00:56+00:00","breadcrumb":{"@id":"https:\/\/vosgesinfo.fr\/gerardmerinfo\/2019\/02\/week-end-detente-a-xonrupt\/#breadcrumb"},"inLanguage":"fr-FR","potentialAction":[{"@type":"ReadAction","target":["https:\/\/vosgesinfo.fr\/gerardmerinfo\/2019\/02\/week-end-detente-a-xonrupt\/"]}]},{"@type":"ImageObject","inLanguage":"fr-FR","@id":"https:\/\/vosgesinfo.fr\/gerardmerinfo\/2019\/02\/week-end-detente-a-xonrupt\/#primaryimage","url":"https:\/\/vosgesinfo.fr\/app\/uploads\/sites\/6\/2024\/07\/201902affiche21.jpg","contentUrl":"https:\/\/vosgesinfo.fr\/app\/uploads\/sites\/6\/2024\/07\/201902affiche21.jpg","width":566,"height":800},{"@type":"BreadcrumbList","@id":"https:\/\/vosgesinfo.fr\/gerardmerinfo\/2019\/02\/week-end-detente-a-xonrupt\/#breadcrumb","itemListElement":[{"@type":"ListItem","position":1,"name":"Home","item":"https:\/\/vosgesinfo.fr\/gerardmerinfo\/"},{"@type":"ListItem","position":2,"name":"Week-end d\u00e9tente \u00e0 Xonrupt"}]},{"@type":"WebSite","@id":"https:\/\/vosgesinfo.fr\/gerardmerinfo\/#website","url":"https:\/\/vosgesinfo.fr\/gerardmerinfo\/","name":"Gerardmer Info","description":"Toute l&#039;actualit\u00e9 de G\u00e9rardmer","publisher":{"@id":"https:\/\/vosgesinfo.fr\/gerardmerinfo\/#organization"},"alternateName":"Toute l'actualit\u00e9 de G\u00e9rardmer","potentialAction":[{"@type":"SearchAction","target":{"@type":"EntryPoint","urlTemplate":"https:\/\/vosgesinfo.fr\/gerardmerinfo\/?s={search_term_string}"},"query-input":"required name=search_term_string"}],"inLanguage":"fr-FR"},{"@type":"Organization","@id":"https:\/\/vosgesinfo.fr\/gerardmerinfo\/#organization","name":"Gerardmer Info","url":"https:\/\/vosgesinfo.fr\/gerardmerinfo\/","logo":{"@type":"ImageObject","inLanguage":"fr-FR","@id":"https:\/\/vosgesinfo.fr\/gerardmerinfo\/#\/schema\/logo\/image\/","url":"https:\/\/vosgesinfo.fr\/app\/uploads\/sites\/6\/2023\/08\/favicon-gerardmerinfo.png","contentUrl":"https:\/\/vosgesinfo.fr\/app\/uploads\/sites\/6\/2023\/08\/favicon-gerardmerinfo.png","width":512,"height":512,"caption":"Gerardmer Info"},"image":{"@id":"https:\/\/vosgesinfo.fr\/gerardmerinfo\/#\/schema\/logo\/image\/"},"sameAs":["https:\/\/www.facebook.com\/profile.php?id=100049475262660","https:\/\/x.com\/VosgesInfo88","https:\/\/www.youtube.com\/@vosgesinfo"]},{"@type":"Person","@id":"https:\/\/vosgesinfo.fr\/gerardmerinfo\/#\/schema\/person\/03771237f2dd4ca6b5d9f27a8645583e","name":"amicale2lacs","image":{"@type":"ImageObject","inLanguage":"fr-FR","@id":"https:\/\/vosgesinfo.fr\/gerardmerinfo\/#\/schema\/person\/image\/","url":"https:\/\/secure.gravatar.com\/avatar\/f97e886e224bde95d53a50d9e101d16b82917918eec4ea16be07c157102ea0b6?s=96&d=mm&r=g","contentUrl":"https:\/\/secure.gravatar.com\/avatar\/f97e886e224bde95d53a50d9e101d16b82917918eec4ea16be07c157102ea0b6?s=96&d=mm&r=g","caption":"amicale2lacs"},"url":"https:\/\/vosgesinfo.fr\/gerardmerinfo\/author\/amicale2lacs\/"}]}},"_links":{"self":[{"href":"https:\/\/vosgesinfo.fr\/gerardmerinfo\/wp-json\/wp\/v2\/posts\/39944","targetHints":{"allow":["GET"]}}],"collection":[{"href":"https:\/\/vosgesinfo.fr\/gerardmerinfo\/wp-json\/wp\/v2\/posts"}],"about":[{"href":"https:\/\/vosgesinfo.fr\/gerardmerinfo\/wp-json\/wp\/v2\/types\/post"}],"author":[{"embeddable":true,"href":"https:\/\/vosgesinfo.fr\/gerardmerinfo\/wp-json\/wp\/v2\/users\/186"}],"replies":[{"embeddable":true,"href":"https:\/\/vosgesinfo.fr\/gerardmerinfo\/wp-json\/wp\/v2\/comments?post=39944"}],"version-history":[{"count":0,"href":"https:\/\/vosgesinfo.fr\/gerardmerinfo\/wp-json\/wp\/v2\/posts\/39944\/revisions"}],"wp:featuredmedia":[{"embeddable":true,"href":"https:\/\/vosgesinfo.fr\/gerardmerinfo\/wp-json\/wp\/v2\/media\/39945"}],"wp:attachment":[{"href":"https:\/\/vosgesinfo.fr\/gerardmerinfo\/wp-json\/wp\/v2\/media?parent=39944"}],"wp:term":[{"taxonomy":"category","embeddable":true,"href":"https:\/\/vosgesinfo.fr\/gerardmerinfo\/wp-json\/wp\/v2\/categories?post=39944"},{"taxonomy":"post_tag","embeddable":true,"href":"https:\/\/vosgesinfo.fr\/gerardmerinfo\/wp-json\/wp\/v2\/tags?post=39944"}],"curies":[{"name":"wp","href":"https:\/\/api.w.org\/{rel}","templated":true}]}}