{"id":39969,"date":"2019-02-24T23:16:38","date_gmt":"2019-02-24T22:16:38","guid":{"rendered":"https:\/\/vosgesinfo.fr\/gerardmerinfo\/2019\/02\/bulletin-neige-domaine-skiable-alpin-de-mauselaine\/"},"modified":"2019-02-24T23:16:38","modified_gmt":"2019-02-24T22:16:38","slug":"bulletin-neige-domaine-skiable-alpin-de-mauselaine","status":"publish","type":"post","link":"https:\/\/vosgesinfo.fr\/gerardmerinfo\/2019\/02\/bulletin-neige-domaine-skiable-alpin-de-mauselaine\/","title":{"rendered":"Bulletin neige du domaine skiable alpin de la Mauselaine"},"content":{"rendered":"<p class=\"x_DfxFaxNum\" align=\"center\"><b>BULLETIN\u00a0POUR\u00a0:\u00a0 <\/b><b>LUNDI 25 FEVRIER 2019 <\/b><\/p>\n<p class=\"x_DfxFaxNum\" align=\"center\"><b>\u00a0<\/b><\/p>\n<div>\n<p class=\"x_DfxCompany\" align=\"center\"><b><i>DOMAINE SKIABLE ALPIN GERARDMER<\/i><\/b><\/p>\n<\/div>\n<div>\n<p class=\"x_DfxCompany\" align=\"center\"><b><i>MAUSELAINE \u2013 CHAUME FRANCIS &#8211; GROUVELIN<\/i><\/b><\/p>\n<\/div>\n<p class=\"x_MsoNormal\"><b>\u00a0<\/b><\/p>\n<p class=\"x_MsoNormal\"><b>DATE DE LA DERNIERE CHUTE DE NEIGE : <\/b>11 FEVRIER 2019<b> <\/b><\/p>\n<p class=\"x_MsoNormal\"><b>\u00a0<\/b><\/p>\n<h1>HAUTEUR MOYENNE\u00a0 DE NEIGE<\/h1>\n<p class=\"x_MsoNormal\">En haut des pistes : 50 cm\u00a0\u00a0\u00a0\u00a0\u00a0\u00a0\u00a0\u00a0\u00a0\u00a0\u00a0\u00a0\u00a0\u00a0\u00a0\u00a0\u00a0 En bas des pistes : 25 cm<\/p>\n<h1><u>SKI ALPIN<\/u><\/h1>\n<h1>\u00a0\u00a0\u00a0\u00a0\u00a0Nombre de pistes ouvertes :\u00a0\u00a0\u00a0\u00a0\u00a0 21\u00a0\u00a0\u00a0 sur 21 pistes au total<\/h1>\n<h3>\u00a0\u00a0\u00a0 \u00a0\u00a0\u00a0 8 Vertes \u00a0\u00a0\u00a0\u00a0\u00a0\u00a0\u00a0\u00a0\u00a0\u00a0\u00a0 8\u00a0\u00a0\u00a0 Rouges \u00a0\u00a0\u00a0\u00a0\u00a0\u00a0\u00a0 3\u00a0\u00a0 Bleues \u00a0\u00a0\u00a0\u00a0\u00a0\u00a0\u00a0\u00a0\u00a0 2 Noires<\/h3>\n<p class=\"x_MsoNormal\">\u00a0\u00a0\u00a0\u00a0\u00a0\u00a0\u00a0\u00a0\u00a0\u00a0\u00a0\u00a0\u00a0\u00a0\u00a0\u00a0\u00a0\u00a0\u00a0\u00a0\u00a0\u00a0\u00a0\u00a0\u00a0\u00a0\u00a0\u00a0\u00a0\u00a0 <b><\/b><\/p>\n<h3>Snowpark ouvert &#8211; Boardercross ouvert \u2013 Piste de luge ouverte<\/h3>\n<h3>Igloo de Loustic ouvert<\/h3>\n<h3><\/h3>\n<h3>Remont\u00e9es m\u00e9caniques ouvertes : 19 sur 19<\/h3>\n<h3><\/h3>\n<p class=\"x_MsoNormal\" align=\"center\"><b>NAVETTE DES NEIGES GRATUITE TOUS LES JOURS PENDANT LES VACANCES<\/b><\/p>\n<p class=\"x_MsoNormal\" align=\"center\"><b>NOCTURNE JEUDI ET SAMEDI DE 17H A 22H<\/b><\/p>\n<p class=\"x_MsoNormal\" align=\"center\"><b>PENDANT LES VACANCES<\/b><\/p>\n<p class=\"x_MsoNormal\" align=\"center\"><b>avec une piste rouge et une piste verte<\/b><\/p>\n<p class=\"x_MsoNormal\" align=\"center\"><b>TARIF ROUGE REMONTEES MECANIQUES TOUS LES JOURS PENDANT LES VACANCES<\/b><\/p>\n<p class=\"x_MsoNormal\" align=\"center\"><b>\u00a0<\/b><\/p>\n<p class=\"x_MsoNormal\" align=\"center\"><b>\u00a0<\/b><\/p>\n<table class=\"x_MsoNormalTable\" border=\"1\" width=\"737\" cellspacing=\"0\" cellpadding=\"0\">\n<tbody>\n<tr>\n<td width=\"170\">\n<p class=\"x_MsoNormal\" align=\"center\"><b>\u00a0<\/b><\/p>\n<\/td>\n<td width=\"107\"><\/td>\n<td width=\"16\">\n<p class=\"x_MsoNormal\" align=\"center\"><b>\u00a0<\/b><\/p>\n<\/td>\n<td width=\"444\">\n<p class=\"x_MsoNormal\"><b>\u00a0<\/b><\/p>\n<\/td>\n<\/tr>\n<tr>\n<td width=\"170\">\n<p class=\"x_MsoNormal\" align=\"center\"><b>Lundi 25 f\u00e9vrier <\/b><b><\/b><\/p>\n<\/td>\n<td width=\"107\">\n<p class=\"x_MsoNormal\">14h \u00e0 17h<\/p>\n<\/td>\n<td width=\"16\">\n<p class=\"x_MsoNormal\"><b>\u00a0<\/b><\/p>\n<\/td>\n<td width=\"444\">\n<p class=\"x_MsoNormal\"><b>ANIMATION JOUETS EN BOIS <\/b>(salle pique-nique)<b><\/b><\/p>\n<\/td>\n<\/tr>\n<tr>\n<td width=\"170\">\n<p class=\"x_MsoNormal\" align=\"center\"><b>Lundi 25 f\u00e9vrier <\/b><b><\/b><\/p>\n<\/td>\n<td width=\"107\">\n<p class=\"x_MsoNormal\">14h \u00e0 17h<\/p>\n<\/td>\n<td width=\"16\">\n<p class=\"x_MsoNormal\"><b>\u00a0<\/b><\/p>\n<\/td>\n<td width=\"444\">\n<p class=\"x_MsoNormal\"><b>Animation Yooner<\/b><\/p>\n<\/td>\n<\/tr>\n<tr>\n<td width=\"170\">\n<p class=\"x_MsoNormal\" align=\"center\"><b>\u00a0<\/b><\/p>\n<\/td>\n<td width=\"107\"><\/td>\n<td width=\"16\">\n<p class=\"x_MsoNormal\"><b>\u00a0<\/b><\/p>\n<\/td>\n<td width=\"444\">\n<p class=\"x_MsoNormal\"><b>\u00a0<\/b><\/p>\n<\/td>\n<\/tr>\n<tr>\n<td width=\"170\">\n<p class=\"x_MsoNormal\" align=\"center\"><b>Mardi 26 f\u00e9vrier <\/b><b><\/b><\/p>\n<\/td>\n<td width=\"107\">\n<p class=\"x_MsoNormal\">9h30 \u00e0 16h30<\/p>\n<\/td>\n<td width=\"16\">\n<p class=\"x_MsoNormal\"><b>\u00a0<\/b><\/p>\n<\/td>\n<td width=\"444\">\n<p class=\"x_MsoNormal\"><b>INITIATION BIATHLON\u00a0: CARABINE LASER<\/b><\/p>\n<p class=\"x_MsoNormal\"><b>A LA CHAUME FRANCIS<\/b><\/p>\n<\/td>\n<\/tr>\n<tr>\n<td width=\"170\">\n<p class=\"x_MsoNormal\" align=\"center\"><b>Mardi 26 f\u00e9vrier <\/b><b><\/b><\/p>\n<\/td>\n<td width=\"107\">\n<p class=\"x_MsoNormal\">15h \u00e0 16h<\/p>\n<\/td>\n<td width=\"16\">\n<p class=\"x_MsoNormal\"><b>\u00a0<\/b><\/p>\n<\/td>\n<td width=\"444\">\n<p class=\"x_MsoNormal\"><b>JUS DE POMME CHAUD SUR LES PISTES<\/b><\/p>\n<\/td>\n<\/tr>\n<tr>\n<td width=\"170\">\n<p class=\"x_MsoNormal\" align=\"center\"><b>Mardi 26 f\u00e9vrier <\/b><b><\/b><\/p>\n<\/td>\n<td width=\"107\">\n<p class=\"x_MsoNormal\">10h \u00e0 12h et 14h \u00e0 17h<\/p>\n<\/td>\n<td width=\"16\">\n<p class=\"x_MsoNormal\"><b>\u00a0<\/b><\/p>\n<\/td>\n<td width=\"444\">\n<p class=\"x_MsoNormal\"><b>Test de vitesse sur le stade de slalom<\/b><\/p>\n<\/td>\n<\/tr>\n<tr>\n<td width=\"170\">\n<p class=\"x_MsoNormal\" align=\"center\"><b>\u00a0<\/b><\/p>\n<\/td>\n<td width=\"107\"><\/td>\n<td width=\"16\">\n<p class=\"x_MsoNormal\" align=\"center\"><b>\u00a0<\/b><\/p>\n<\/td>\n<td width=\"444\">\n<p class=\"x_MsoNormal\"><b>\u00a0<\/b><\/p>\n<\/td>\n<\/tr>\n<tr>\n<td width=\"170\">\n<p class=\"x_MsoNormal\" align=\"center\"><b>Mercredi 27 f\u00e9vrier<\/b><b><\/b><\/p>\n<\/td>\n<td width=\"107\">\n<p class=\"x_MsoNormal\" align=\"center\">17h \u00e0 20h<\/p>\n<\/td>\n<td width=\"16\">\n<p class=\"x_MsoNormal\"><b>\u00a0<\/b><\/p>\n<\/td>\n<td width=\"444\">\n<p class=\"x_MsoNormal\"><b>ANIMATION LIGHTPAINTING <\/b>(photos professionnelles<\/p>\n<p class=\"x_MsoNormal\">offertes avec d\u00e9cor lumineux r\u00e9alis\u00e9 sur place)<b><\/b><\/p>\n<\/td>\n<\/tr>\n<tr>\n<td width=\"170\">\n<p class=\"x_MsoNormal\" align=\"center\"><b>Mercredi 27 f\u00e9vrier <\/b><b><\/b><\/p>\n<\/td>\n<td width=\"107\">\n<p class=\"x_MsoNormal\" align=\"center\">18h<\/p>\n<\/td>\n<td width=\"16\">\n<p class=\"x_MsoNormal\"><b>\u00a0<\/b><\/p>\n<\/td>\n<td width=\"444\">\n<p class=\"x_MsoNormal\"><b>SPECTACLE JONGLAGE DE FEU<\/b><\/p>\n<p class=\"x_MsoNormal\"><b>\u00a0<\/b><\/p>\n<\/td>\n<\/tr>\n<tr>\n<td width=\"170\">\n<p class=\"x_MsoNormal\" align=\"center\"><b>Mercredi 27 f\u00e9vrier <\/b><b><\/b><\/p>\n<\/td>\n<td width=\"107\">\n<p class=\"x_MsoNormal\" align=\"center\">19 h<\/p>\n<\/td>\n<td width=\"16\">\n<p class=\"x_MsoNormal\" align=\"center\"><b>\u00a0<\/b><\/p>\n<\/td>\n<td width=\"444\">\n<p class=\"x_MsoNormal\"><b>SHOW LASER<\/b><\/p>\n<p class=\"x_MsoNormal\"><b>\u00a0<\/b><\/p>\n<p class=\"x_MsoNormal\"><b>DESCENTE AUX FLAMBEAUX<\/b><\/p>\n<p class=\"x_MsoNormal\"><b>ET FEU D\u2019ARTIFICE<\/b><\/p>\n<p class=\"x_MsoNormal\"><b>\u00a0<\/b><\/p>\n<p class=\"x_MsoNormal\">Boisson chaude offerte par les h\u00f4teliers de G\u00e9rardmer<\/p>\n<p class=\"x_MsoNormal\"><b>\u00a0<\/b><\/p>\n<\/td>\n<\/tr>\n<tr>\n<td width=\"170\">\n<p class=\"x_MsoNormal\" align=\"center\"><b>Mercredi 27 f\u00e9vrier <\/b><b><\/b><\/p>\n<\/td>\n<td width=\"107\">\n<p class=\"x_MsoNormal\" align=\"center\">17h30 \u00e0 18h30<\/p>\n<\/td>\n<td width=\"16\">\n<p class=\"x_MsoNormal\" align=\"center\"><b>\u00a0<\/b><\/p>\n<\/td>\n<td width=\"444\">\n<p class=\"x_MsoNormal\"><b>ANIMATION LUGE SUR LA PISTE DU RENARD <\/b><\/p>\n<p class=\"x_MsoNormal\">(location et acc\u00e8s remont\u00e9es m\u00e9caniques payants,<\/p>\n<p class=\"x_MsoNormal\">casque obligatoire)<\/p>\n<p class=\"x_MsoNormal\"><b>\u00a0<\/b><\/p>\n<\/td>\n<\/tr>\n<tr>\n<td width=\"170\">\n<p class=\"x_MsoNormal\" align=\"center\"><b>\u00a0<\/b><\/p>\n<\/td>\n<td width=\"107\"><\/td>\n<td width=\"16\">\n<p class=\"x_MsoNormal\"><b>\u00a0<\/b><\/p>\n<\/td>\n<td width=\"444\">\n<p class=\"x_MsoNormal\"><b>\u00a0<\/b><\/p>\n<\/td>\n<\/tr>\n<tr>\n<td width=\"170\">\n<p class=\"x_MsoNormal\" align=\"center\"><b>Jeudi 28 f\u00e9vrier <\/b><b><\/b><\/p>\n<\/td>\n<td width=\"107\">\n<p class=\"x_MsoNormal\" align=\"center\">10 h<\/p>\n<\/td>\n<td width=\"16\">\n<p class=\"x_MsoNormal\" align=\"center\"><b>\u00a0<\/b><\/p>\n<\/td>\n<td width=\"444\">\n<p class=\"x_MsoNormal\"><b>CHALLENGE DES HIVERNANTS<\/b><\/p>\n<p class=\"x_MsoNormal\"><b>ET DES FAMILLES <\/b>(inscription sur place \u00e0 l\u2019ESF)<\/p>\n<p class=\"x_MsoNormal\"><b>\u00a0<\/b><\/p>\n<\/td>\n<\/tr>\n<tr>\n<td width=\"170\">\n<p class=\"x_MsoNormal\" align=\"center\"><b>Jeudi 28 f\u00e9vrier <\/b><b><\/b><\/p>\n<\/td>\n<td width=\"107\"><\/td>\n<td width=\"16\">\n<p class=\"x_MsoNormal\"><b>\u00a0<\/b><\/p>\n<\/td>\n<td width=\"444\">\n<p class=\"x_MsoNormal\"><b>TEST DE VITESSE SUR LE STADE DE SLALOM<\/b><\/p>\n<p class=\"x_MsoNormal\"><b>\u00a0<\/b><\/p>\n<\/td>\n<\/tr>\n<tr>\n<td width=\"170\">\n<p class=\"x_MsoNormal\" align=\"center\"><b>Jeudi 28 f\u00e9vrier <\/b><b><\/b><\/p>\n<\/td>\n<td width=\"107\">\n<p class=\"x_MsoNormal\" align=\"center\">10h \u00e0 17h<\/p>\n<\/td>\n<td width=\"16\">\n<p class=\"x_MsoNormal\"><b>\u00a0<\/b><\/p>\n<\/td>\n<td width=\"444\">\n<p class=\"x_MsoNormal\"><b>ANIMATION SNOWSCOOT <\/b>(location payante)<\/p>\n<p class=\"x_MsoNormal\"><b>\u00a0<\/b><\/p>\n<\/td>\n<\/tr>\n<tr>\n<td width=\"170\">\n<p class=\"x_MsoNormal\" align=\"center\"><b>Jeudi 28 f\u00e9vrier<\/b><b><\/b><\/p>\n<\/td>\n<td width=\"107\">\n<p class=\"x_MsoNormal\" align=\"center\">18h45<\/p>\n<\/td>\n<td width=\"16\">\n<p class=\"x_MsoNormal\" align=\"center\"><b>\u00a0<\/b><\/p>\n<\/td>\n<td width=\"444\">\n<p class=\"x_MsoNormal\"><b>\u00ab\u00a0CAFE THEATRE LES PIEDS DANS LA<\/b><\/p>\n<p class=\"x_MsoNormal\"><b>NEIGE\u00a0\u00bb A LA CHAUME FRANCIS, SUIVI D\u2019UNE<\/b><\/p>\n<p class=\"x_MsoNormal\"><b>SOIREE D.J.<\/b><\/p>\n<p class=\"x_MsoNormal\"><b>\u00a0<\/b><\/p>\n<\/td>\n<\/tr>\n<tr>\n<td width=\"170\">\n<p class=\"x_MsoNormal\" align=\"center\"><b>Vendredi 1<sup>er<\/sup> mars <\/b><b><\/b><\/p>\n<\/td>\n<td width=\"107\">\n<p class=\"x_MsoNormal\" align=\"center\">10h \u2013 11h \u2013 14h-15h-16h<\/p>\n<\/td>\n<td width=\"16\">\n<p class=\"x_MsoNormal\" align=\"center\"><b>\u00a0<\/b><\/p>\n<\/td>\n<td width=\"444\">\n<p class=\"x_MsoNormal\"><b>VISITE GRATUITE DE L\u2019USINE A NEIGE<\/b><\/p>\n<p class=\"x_MsoNormal\"><b>Inscription sur place uniquement<\/b><b> au point info de la Mauselaine <\/b><\/p>\n<\/td>\n<\/tr>\n<tr>\n<td width=\"170\">\n<p class=\"x_MsoNormal\" align=\"center\"><b>Dimanche 3 mars<\/b><b><\/b><\/p>\n<\/td>\n<td width=\"107\">\n<p class=\"x_MsoNormal\" align=\"center\">10h \u00e0 17h<\/p>\n<\/td>\n<td width=\"16\">\n<p class=\"x_MsoNormal\" align=\"center\"><b>\u00a0<\/b><\/p>\n<\/td>\n<td width=\"444\">\n<p class=\"x_MsoNormal\"><b>ANIMATION SNOWSCOOT <\/b>(location payante)<\/p>\n<p class=\"x_MsoNormal\"><b>\u00a0<\/b><\/p>\n<\/td>\n<\/tr>\n<\/tbody>\n<\/table>\n<p class=\"x_MsoFooter\"><b>\u00a0<\/b><\/p>\n<p class=\"x_MsoFooter\">&#8211;\u00a0\u00a0\u00a0\u00a0\u00a0\u00a0\u00a0\u00a0 <b>Exposition photos \u00ab\u00a0fen\u00eatres ouvertes sur la Nouvelle Cal\u00e9donie\u00a0\u00bb sur les pistes de la fourmi et du faon et le t\u00e9l\u00e9ski des h\u00eatres toute la saison jusque fin mars 2019 <\/b><\/p>\n<p align=\"center\"><b><i>Site internet\u00a0: <a href=\"http:\/\/www.ski-gerardmer.com\/\" target=\"_blank\" rel=\"noopener noreferrer\" data-auth=\"NotApplicable\"> www.ski-gerardmer.com<\/a> &#8211; Facebook\u00a0: GERARDMER SKI<\/i><\/b><b><\/b><\/p>\n<p><i>GERARDMER SKI R\u00e9gie Municipale 239 chemin de la Ray\u00e9e &#8211; 88400 GERARDMER<\/i><\/p>\n<p class=\"x_MsoNormal\"><i>T\u00e9l\u00a0: 03 29 60 04 05 &#8211; Fax\u00a0: 03 29 60 90 01 &#8211; <a href=\"mailto:info@ski-gerardmer.com\" target=\"_blank\" rel=\"noopener noreferrer\" data-auth=\"NotApplicable\"> info@ski-gerardmer.com<\/a><\/i><i>\u00a0\u00a0\u00a0 <\/i><\/p>\n","protected":false},"excerpt":{"rendered":"<p>BULLETIN\u00a0POUR\u00a0:\u00a0 LUNDI 25 FEVRIER 2019 \u00a0 DOMAINE SKIABLE ALPIN GERARDMER MAUSELAINE \u2013 CHAUME FRANCIS &#8211; GROUVELIN \u00a0 DATE DE LA [&hellip;]<\/p>\n","protected":false},"author":1,"featured_media":39970,"comment_status":"open","ping_status":"open","sticky":false,"template":"","format":"standard","meta":{"footnotes":""},"categories":[20,25,14],"tags":[124],"class_list":["post-39969","post","type-post","status-publish","format-standard","has-post-thumbnail","hentry","category-a-la-une","category-gerardmer","category-sport","tag-la-mauselaine"],"acf":[],"yoast_head":"<!-- This site is optimized with the Yoast SEO plugin v22.5 - https:\/\/yoast.com\/wordpress\/plugins\/seo\/ -->\n<title>Bulletin neige du domaine skiable alpin de la Mauselaine - Gerardmer Info<\/title>\n<meta name=\"robots\" content=\"index, follow, max-snippet:-1, max-image-preview:large, max-video-preview:-1\" \/>\n<link rel=\"canonical\" href=\"https:\/\/vosgesinfo.fr\/gerardmerinfo\/2019\/02\/bulletin-neige-domaine-skiable-alpin-de-mauselaine\/\" \/>\n<meta name=\"twitter:card\" content=\"summary_large_image\" \/>\n<meta name=\"twitter:title\" content=\"Bulletin neige du domaine skiable alpin de la Mauselaine - Gerardmer Info\" \/>\n<meta name=\"twitter:description\" content=\"BULLETIN\u00a0POUR\u00a0:\u00a0 LUNDI 25 FEVRIER 2019 \u00a0 DOMAINE SKIABLE ALPIN GERARDMER MAUSELAINE \u2013 CHAUME FRANCIS &#8211; GROUVELIN \u00a0 DATE DE LA [&hellip;]\" \/>\n<meta name=\"twitter:image\" content=\"https:\/\/vosgesinfo.fr\/app\/uploads\/sites\/6\/2024\/07\/2017115-19.jpg\" \/>\n<meta name=\"twitter:creator\" content=\"@VosgesInfo88\" \/>\n<meta name=\"twitter:site\" content=\"@VosgesInfo88\" \/>\n<meta name=\"twitter:label1\" content=\"\u00c9crit par\" \/>\n\t<meta name=\"twitter:data1\" content=\"qs_admin\" \/>\n\t<meta name=\"twitter:label2\" content=\"Dur\u00e9e de lecture estim\u00e9e\" \/>\n\t<meta name=\"twitter:data2\" content=\"2 minutes\" \/>\n<script type=\"application\/ld+json\" class=\"yoast-schema-graph\">{\"@context\":\"https:\/\/schema.org\",\"@graph\":[{\"@type\":\"Article\",\"@id\":\"https:\/\/vosgesinfo.fr\/gerardmerinfo\/2019\/02\/bulletin-neige-domaine-skiable-alpin-de-mauselaine\/#article\",\"isPartOf\":{\"@id\":\"https:\/\/vosgesinfo.fr\/gerardmerinfo\/2019\/02\/bulletin-neige-domaine-skiable-alpin-de-mauselaine\/\"},\"author\":{\"name\":\"qs_admin\",\"@id\":\"https:\/\/vosgesinfo.fr\/gerardmerinfo\/#\/schema\/person\/bc5d02d71e6932e81b6dadb7386667b1\"},\"headline\":\"Bulletin neige du domaine skiable alpin de la Mauselaine\",\"datePublished\":\"2019-02-24T22:16:38+00:00\",\"dateModified\":\"2019-02-24T22:16:38+00:00\",\"mainEntityOfPage\":{\"@id\":\"https:\/\/vosgesinfo.fr\/gerardmerinfo\/2019\/02\/bulletin-neige-domaine-skiable-alpin-de-mauselaine\/\"},\"wordCount\":399,\"commentCount\":0,\"publisher\":{\"@id\":\"https:\/\/vosgesinfo.fr\/gerardmerinfo\/#organization\"},\"image\":{\"@id\":\"https:\/\/vosgesinfo.fr\/gerardmerinfo\/2019\/02\/bulletin-neige-domaine-skiable-alpin-de-mauselaine\/#primaryimage\"},\"thumbnailUrl\":\"https:\/\/vosgesinfo.fr\/app\/uploads\/sites\/6\/2024\/07\/2017115-19.jpg\",\"keywords\":[\"la mauselaine\"],\"articleSection\":[\"A la une\",\"G\u00e9rardmer\",\"Sport\"],\"inLanguage\":\"fr-FR\",\"potentialAction\":[{\"@type\":\"CommentAction\",\"name\":\"Comment\",\"target\":[\"https:\/\/vosgesinfo.fr\/gerardmerinfo\/2019\/02\/bulletin-neige-domaine-skiable-alpin-de-mauselaine\/#respond\"]}]},{\"@type\":\"WebPage\",\"@id\":\"https:\/\/vosgesinfo.fr\/gerardmerinfo\/2019\/02\/bulletin-neige-domaine-skiable-alpin-de-mauselaine\/\",\"url\":\"https:\/\/vosgesinfo.fr\/gerardmerinfo\/2019\/02\/bulletin-neige-domaine-skiable-alpin-de-mauselaine\/\",\"name\":\"Bulletin neige du domaine skiable alpin de la Mauselaine - Gerardmer Info\",\"isPartOf\":{\"@id\":\"https:\/\/vosgesinfo.fr\/gerardmerinfo\/#website\"},\"primaryImageOfPage\":{\"@id\":\"https:\/\/vosgesinfo.fr\/gerardmerinfo\/2019\/02\/bulletin-neige-domaine-skiable-alpin-de-mauselaine\/#primaryimage\"},\"image\":{\"@id\":\"https:\/\/vosgesinfo.fr\/gerardmerinfo\/2019\/02\/bulletin-neige-domaine-skiable-alpin-de-mauselaine\/#primaryimage\"},\"thumbnailUrl\":\"https:\/\/vosgesinfo.fr\/app\/uploads\/sites\/6\/2024\/07\/2017115-19.jpg\",\"datePublished\":\"2019-02-24T22:16:38+00:00\",\"dateModified\":\"2019-02-24T22:16:38+00:00\",\"breadcrumb\":{\"@id\":\"https:\/\/vosgesinfo.fr\/gerardmerinfo\/2019\/02\/bulletin-neige-domaine-skiable-alpin-de-mauselaine\/#breadcrumb\"},\"inLanguage\":\"fr-FR\",\"potentialAction\":[{\"@type\":\"ReadAction\",\"target\":[\"https:\/\/vosgesinfo.fr\/gerardmerinfo\/2019\/02\/bulletin-neige-domaine-skiable-alpin-de-mauselaine\/\"]}]},{\"@type\":\"ImageObject\",\"inLanguage\":\"fr-FR\",\"@id\":\"https:\/\/vosgesinfo.fr\/gerardmerinfo\/2019\/02\/bulletin-neige-domaine-skiable-alpin-de-mauselaine\/#primaryimage\",\"url\":\"https:\/\/vosgesinfo.fr\/app\/uploads\/sites\/6\/2024\/07\/2017115-19.jpg\",\"contentUrl\":\"https:\/\/vosgesinfo.fr\/app\/uploads\/sites\/6\/2024\/07\/2017115-19.jpg\",\"width\":800,\"height\":464},{\"@type\":\"BreadcrumbList\",\"@id\":\"https:\/\/vosgesinfo.fr\/gerardmerinfo\/2019\/02\/bulletin-neige-domaine-skiable-alpin-de-mauselaine\/#breadcrumb\",\"itemListElement\":[{\"@type\":\"ListItem\",\"position\":1,\"name\":\"Home\",\"item\":\"https:\/\/vosgesinfo.fr\/gerardmerinfo\/\"},{\"@type\":\"ListItem\",\"position\":2,\"name\":\"Bulletin neige du domaine skiable alpin de la Mauselaine\"}]},{\"@type\":\"WebSite\",\"@id\":\"https:\/\/vosgesinfo.fr\/gerardmerinfo\/#website\",\"url\":\"https:\/\/vosgesinfo.fr\/gerardmerinfo\/\",\"name\":\"Gerardmer Info\",\"description\":\"Toute l&#039;actualit\u00e9 de G\u00e9rardmer\",\"publisher\":{\"@id\":\"https:\/\/vosgesinfo.fr\/gerardmerinfo\/#organization\"},\"alternateName\":\"Toute l'actualit\u00e9 de G\u00e9rardmer\",\"potentialAction\":[{\"@type\":\"SearchAction\",\"target\":{\"@type\":\"EntryPoint\",\"urlTemplate\":\"https:\/\/vosgesinfo.fr\/gerardmerinfo\/?s={search_term_string}\"},\"query-input\":\"required name=search_term_string\"}],\"inLanguage\":\"fr-FR\"},{\"@type\":\"Organization\",\"@id\":\"https:\/\/vosgesinfo.fr\/gerardmerinfo\/#organization\",\"name\":\"Gerardmer Info\",\"url\":\"https:\/\/vosgesinfo.fr\/gerardmerinfo\/\",\"logo\":{\"@type\":\"ImageObject\",\"inLanguage\":\"fr-FR\",\"@id\":\"https:\/\/vosgesinfo.fr\/gerardmerinfo\/#\/schema\/logo\/image\/\",\"url\":\"https:\/\/vosgesinfo.fr\/app\/uploads\/sites\/6\/2023\/08\/favicon-gerardmerinfo.png\",\"contentUrl\":\"https:\/\/vosgesinfo.fr\/app\/uploads\/sites\/6\/2023\/08\/favicon-gerardmerinfo.png\",\"width\":512,\"height\":512,\"caption\":\"Gerardmer Info\"},\"image\":{\"@id\":\"https:\/\/vosgesinfo.fr\/gerardmerinfo\/#\/schema\/logo\/image\/\"},\"sameAs\":[\"https:\/\/www.facebook.com\/profile.php?id=100049475262660\",\"https:\/\/x.com\/VosgesInfo88\",\"https:\/\/www.youtube.com\/@vosgesinfo\"]},{\"@type\":\"Person\",\"@id\":\"https:\/\/vosgesinfo.fr\/gerardmerinfo\/#\/schema\/person\/bc5d02d71e6932e81b6dadb7386667b1\",\"name\":\"qs_admin\",\"image\":{\"@type\":\"ImageObject\",\"inLanguage\":\"fr-FR\",\"@id\":\"https:\/\/vosgesinfo.fr\/gerardmerinfo\/#\/schema\/person\/image\/\",\"url\":\"https:\/\/secure.gravatar.com\/avatar\/94b18ee0ed79e4a42ea2f2931277b6841a8999fc6fde214600c78057cf1fe1de?s=96&d=mm&r=g\",\"contentUrl\":\"https:\/\/secure.gravatar.com\/avatar\/94b18ee0ed79e4a42ea2f2931277b6841a8999fc6fde214600c78057cf1fe1de?s=96&d=mm&r=g\",\"caption\":\"qs_admin\"},\"sameAs\":[\"https:\/\/vosgesinfo.fr\/wp\"],\"url\":\"https:\/\/vosgesinfo.fr\/gerardmerinfo\/author\/qs_admin\/\"}]}<\/script>\n<!-- \/ Yoast SEO plugin. -->","yoast_head_json":{"title":"Bulletin neige du domaine skiable alpin de la Mauselaine - Gerardmer Info","robots":{"index":"index","follow":"follow","max-snippet":"max-snippet:-1","max-image-preview":"max-image-preview:large","max-video-preview":"max-video-preview:-1"},"canonical":"https:\/\/vosgesinfo.fr\/gerardmerinfo\/2019\/02\/bulletin-neige-domaine-skiable-alpin-de-mauselaine\/","twitter_card":"summary_large_image","twitter_title":"Bulletin neige du domaine skiable alpin de la Mauselaine - Gerardmer Info","twitter_description":"BULLETIN\u00a0POUR\u00a0:\u00a0 LUNDI 25 FEVRIER 2019 \u00a0 DOMAINE SKIABLE ALPIN GERARDMER MAUSELAINE \u2013 CHAUME FRANCIS &#8211; GROUVELIN \u00a0 DATE DE LA [&hellip;]","twitter_image":"https:\/\/vosgesinfo.fr\/app\/uploads\/sites\/6\/2024\/07\/2017115-19.jpg","twitter_creator":"@VosgesInfo88","twitter_site":"@VosgesInfo88","twitter_misc":{"\u00c9crit par":"qs_admin","Dur\u00e9e de lecture estim\u00e9e":"2 minutes"},"schema":{"@context":"https:\/\/schema.org","@graph":[{"@type":"Article","@id":"https:\/\/vosgesinfo.fr\/gerardmerinfo\/2019\/02\/bulletin-neige-domaine-skiable-alpin-de-mauselaine\/#article","isPartOf":{"@id":"https:\/\/vosgesinfo.fr\/gerardmerinfo\/2019\/02\/bulletin-neige-domaine-skiable-alpin-de-mauselaine\/"},"author":{"name":"qs_admin","@id":"https:\/\/vosgesinfo.fr\/gerardmerinfo\/#\/schema\/person\/bc5d02d71e6932e81b6dadb7386667b1"},"headline":"Bulletin neige du domaine skiable alpin de la Mauselaine","datePublished":"2019-02-24T22:16:38+00:00","dateModified":"2019-02-24T22:16:38+00:00","mainEntityOfPage":{"@id":"https:\/\/vosgesinfo.fr\/gerardmerinfo\/2019\/02\/bulletin-neige-domaine-skiable-alpin-de-mauselaine\/"},"wordCount":399,"commentCount":0,"publisher":{"@id":"https:\/\/vosgesinfo.fr\/gerardmerinfo\/#organization"},"image":{"@id":"https:\/\/vosgesinfo.fr\/gerardmerinfo\/2019\/02\/bulletin-neige-domaine-skiable-alpin-de-mauselaine\/#primaryimage"},"thumbnailUrl":"https:\/\/vosgesinfo.fr\/app\/uploads\/sites\/6\/2024\/07\/2017115-19.jpg","keywords":["la mauselaine"],"articleSection":["A la une","G\u00e9rardmer","Sport"],"inLanguage":"fr-FR","potentialAction":[{"@type":"CommentAction","name":"Comment","target":["https:\/\/vosgesinfo.fr\/gerardmerinfo\/2019\/02\/bulletin-neige-domaine-skiable-alpin-de-mauselaine\/#respond"]}]},{"@type":"WebPage","@id":"https:\/\/vosgesinfo.fr\/gerardmerinfo\/2019\/02\/bulletin-neige-domaine-skiable-alpin-de-mauselaine\/","url":"https:\/\/vosgesinfo.fr\/gerardmerinfo\/2019\/02\/bulletin-neige-domaine-skiable-alpin-de-mauselaine\/","name":"Bulletin neige du domaine skiable alpin de la Mauselaine - Gerardmer Info","isPartOf":{"@id":"https:\/\/vosgesinfo.fr\/gerardmerinfo\/#website"},"primaryImageOfPage":{"@id":"https:\/\/vosgesinfo.fr\/gerardmerinfo\/2019\/02\/bulletin-neige-domaine-skiable-alpin-de-mauselaine\/#primaryimage"},"image":{"@id":"https:\/\/vosgesinfo.fr\/gerardmerinfo\/2019\/02\/bulletin-neige-domaine-skiable-alpin-de-mauselaine\/#primaryimage"},"thumbnailUrl":"https:\/\/vosgesinfo.fr\/app\/uploads\/sites\/6\/2024\/07\/2017115-19.jpg","datePublished":"2019-02-24T22:16:38+00:00","dateModified":"2019-02-24T22:16:38+00:00","breadcrumb":{"@id":"https:\/\/vosgesinfo.fr\/gerardmerinfo\/2019\/02\/bulletin-neige-domaine-skiable-alpin-de-mauselaine\/#breadcrumb"},"inLanguage":"fr-FR","potentialAction":[{"@type":"ReadAction","target":["https:\/\/vosgesinfo.fr\/gerardmerinfo\/2019\/02\/bulletin-neige-domaine-skiable-alpin-de-mauselaine\/"]}]},{"@type":"ImageObject","inLanguage":"fr-FR","@id":"https:\/\/vosgesinfo.fr\/gerardmerinfo\/2019\/02\/bulletin-neige-domaine-skiable-alpin-de-mauselaine\/#primaryimage","url":"https:\/\/vosgesinfo.fr\/app\/uploads\/sites\/6\/2024\/07\/2017115-19.jpg","contentUrl":"https:\/\/vosgesinfo.fr\/app\/uploads\/sites\/6\/2024\/07\/2017115-19.jpg","width":800,"height":464},{"@type":"BreadcrumbList","@id":"https:\/\/vosgesinfo.fr\/gerardmerinfo\/2019\/02\/bulletin-neige-domaine-skiable-alpin-de-mauselaine\/#breadcrumb","itemListElement":[{"@type":"ListItem","position":1,"name":"Home","item":"https:\/\/vosgesinfo.fr\/gerardmerinfo\/"},{"@type":"ListItem","position":2,"name":"Bulletin neige du domaine skiable alpin de la Mauselaine"}]},{"@type":"WebSite","@id":"https:\/\/vosgesinfo.fr\/gerardmerinfo\/#website","url":"https:\/\/vosgesinfo.fr\/gerardmerinfo\/","name":"Gerardmer Info","description":"Toute l&#039;actualit\u00e9 de G\u00e9rardmer","publisher":{"@id":"https:\/\/vosgesinfo.fr\/gerardmerinfo\/#organization"},"alternateName":"Toute l'actualit\u00e9 de G\u00e9rardmer","potentialAction":[{"@type":"SearchAction","target":{"@type":"EntryPoint","urlTemplate":"https:\/\/vosgesinfo.fr\/gerardmerinfo\/?s={search_term_string}"},"query-input":"required name=search_term_string"}],"inLanguage":"fr-FR"},{"@type":"Organization","@id":"https:\/\/vosgesinfo.fr\/gerardmerinfo\/#organization","name":"Gerardmer Info","url":"https:\/\/vosgesinfo.fr\/gerardmerinfo\/","logo":{"@type":"ImageObject","inLanguage":"fr-FR","@id":"https:\/\/vosgesinfo.fr\/gerardmerinfo\/#\/schema\/logo\/image\/","url":"https:\/\/vosgesinfo.fr\/app\/uploads\/sites\/6\/2023\/08\/favicon-gerardmerinfo.png","contentUrl":"https:\/\/vosgesinfo.fr\/app\/uploads\/sites\/6\/2023\/08\/favicon-gerardmerinfo.png","width":512,"height":512,"caption":"Gerardmer Info"},"image":{"@id":"https:\/\/vosgesinfo.fr\/gerardmerinfo\/#\/schema\/logo\/image\/"},"sameAs":["https:\/\/www.facebook.com\/profile.php?id=100049475262660","https:\/\/x.com\/VosgesInfo88","https:\/\/www.youtube.com\/@vosgesinfo"]},{"@type":"Person","@id":"https:\/\/vosgesinfo.fr\/gerardmerinfo\/#\/schema\/person\/bc5d02d71e6932e81b6dadb7386667b1","name":"qs_admin","image":{"@type":"ImageObject","inLanguage":"fr-FR","@id":"https:\/\/vosgesinfo.fr\/gerardmerinfo\/#\/schema\/person\/image\/","url":"https:\/\/secure.gravatar.com\/avatar\/94b18ee0ed79e4a42ea2f2931277b6841a8999fc6fde214600c78057cf1fe1de?s=96&d=mm&r=g","contentUrl":"https:\/\/secure.gravatar.com\/avatar\/94b18ee0ed79e4a42ea2f2931277b6841a8999fc6fde214600c78057cf1fe1de?s=96&d=mm&r=g","caption":"qs_admin"},"sameAs":["https:\/\/vosgesinfo.fr\/wp"],"url":"https:\/\/vosgesinfo.fr\/gerardmerinfo\/author\/qs_admin\/"}]}},"_links":{"self":[{"href":"https:\/\/vosgesinfo.fr\/gerardmerinfo\/wp-json\/wp\/v2\/posts\/39969","targetHints":{"allow":["GET"]}}],"collection":[{"href":"https:\/\/vosgesinfo.fr\/gerardmerinfo\/wp-json\/wp\/v2\/posts"}],"about":[{"href":"https:\/\/vosgesinfo.fr\/gerardmerinfo\/wp-json\/wp\/v2\/types\/post"}],"author":[{"embeddable":true,"href":"https:\/\/vosgesinfo.fr\/gerardmerinfo\/wp-json\/wp\/v2\/users\/1"}],"replies":[{"embeddable":true,"href":"https:\/\/vosgesinfo.fr\/gerardmerinfo\/wp-json\/wp\/v2\/comments?post=39969"}],"version-history":[{"count":0,"href":"https:\/\/vosgesinfo.fr\/gerardmerinfo\/wp-json\/wp\/v2\/posts\/39969\/revisions"}],"wp:featuredmedia":[{"embeddable":true,"href":"https:\/\/vosgesinfo.fr\/gerardmerinfo\/wp-json\/wp\/v2\/media\/39970"}],"wp:attachment":[{"href":"https:\/\/vosgesinfo.fr\/gerardmerinfo\/wp-json\/wp\/v2\/media?parent=39969"}],"wp:term":[{"taxonomy":"category","embeddable":true,"href":"https:\/\/vosgesinfo.fr\/gerardmerinfo\/wp-json\/wp\/v2\/categories?post=39969"},{"taxonomy":"post_tag","embeddable":true,"href":"https:\/\/vosgesinfo.fr\/gerardmerinfo\/wp-json\/wp\/v2\/tags?post=39969"}],"curies":[{"name":"wp","href":"https:\/\/api.w.org\/{rel}","templated":true}]}}