{"id":39973,"date":"2019-02-25T17:03:23","date_gmt":"2019-02-25T16:03:23","guid":{"rendered":"https:\/\/vosgesinfo.fr\/gerardmerinfo\/2019\/02\/ski-alpin-geromois-force\/"},"modified":"2019-02-25T17:03:23","modified_gmt":"2019-02-25T16:03:23","slug":"ski-alpin-geromois-force","status":"publish","type":"post","link":"https:\/\/vosgesinfo.fr\/gerardmerinfo\/2019\/02\/ski-alpin-geromois-force\/","title":{"rendered":"Ski alpin : les g\u00e9r\u00f4mois en force !"},"content":{"rendered":"\n<p>Ils sont venus en nombre, les g\u00e9r\u00f4mois, sur cette Coupe de Bronze, U8 \u00e0 U14, organis\u00e9e par le club du Valtin, sur le stade de slalom de G\u00e9rardmer\u2026 Sur 100 participants, ils \u00e9taient 47 inscrits, quasi un comp\u00e9titeur sur deux \u00e9tait donc g\u00e9r\u00f4mois !<\/p>\n<p>Le soleil \u00e9tait encore au rendez-vous ce dimanche, pour cette course en slalom g\u00e9ant. Trac\u00e9 plut\u00f4t rapide dans la pente, avec de la boucle sur la fin du parcours, jusqu\u2019\u00e0 la derni\u00e8re porte. Les conditions de glisse \u00e9taient relativement bonnes et malgr\u00e9 des passages un peu difficiles sur neige dure, il n\u2019y a eu, pour ainsi dire, pas d\u2019abandon.<\/p>\n<p>Ils se sont encore bien battus les jeunes g\u00e9r\u00f4mois et figurent en nombre sur les podiums :<\/p>\n<p>Dans la cat\u00e9gorie U8 gar\u00e7ons, bravo \u00e0 Martin CORNIL qui remporte la premi\u00e8re place, suivi de Gaston Hubschi, 2\u00e8me.<\/p>\n<p>Dans la cat\u00e9gorie U10 filles, C\u00e9cile FRASCHINI monte sur la troisi\u00e8me marche du podium, suivie de Tara ENGELMANN 4\u00e8me et Charlie PANELLA HUART 5\u00e8me.<\/p>\n<p>Chez les U10 gar\u00e7ons, un podium 100% g\u00e9r\u00f4mois avec encore une belle victoire d\u2019Achille GUERY ! Podium compl\u00e9t\u00e9 par les deux fr\u00e8res TOMAS : Hugo est 2\u00e8me et Enzo 3\u00e8me. Eliot LEMAIRE se classe 6\u00e8me, Louis MAGNIN 7\u00e8me et Gabriel LIMAUX est 9\u00e8me.<\/p>\n<p>Chez les U12 filles, bravo \u00e0 Salom\u00e9 LEMARQUIS premi\u00e8re, suivie de Mathilde FRASCHINI 2\u00e8me, Am\u00e9lie LARMINACH est 6\u00e8me.<\/p>\n<p>Du c\u00f4t\u00e9 des U12 gar\u00e7ons, Janis ANTOINE est premier ! F\u00e9lix SUIRE monte sur la troisi\u00e8me marche du podium, Valentin GROSSIER est 5\u00e8me, Lorenzo COMINOTTI est 6\u00e8me, Leny BREUSCH est 8\u00e8me, Basile VALLON est 11\u00e8me, Maxime LIMAUX est 13\u00e8me, Marin ROUSSAT est 15\u00e8me, Louis PETITDEMANGE est 19\u00e8me, Th\u00e9o BEAUSIRE est 20\u00e8me, Simon MARCHAL est 21\u00e8me, Kieran ENGELMANN est 22\u00e8me, Noan LECOMTE est 24\u00e8me et Stanislas JOUANIQUE 25\u00e8me.<\/p>\n<p>Chez les U14 filles, Valentine CHIPOT est 2\u00e8me sur le podium, Cl\u00e9o LEMAIRE se classe 4\u00e8me, Marine VASSEUR 5\u00e8me, Anna COMINOTTI 6\u00e8me, Loane BEAUSIRE 7\u00e8me, Lo\u00efce ANTOINE 8\u00e8me, Paula OUDOT 10\u00e8me, Lalie DUVUC 13\u00e8me, Ambroisine BATOT 14\u00e8me et Louise GUERY 16\u00e8me.<\/p>\n<p>Chez les U14 gar\u00e7ons, Samuel LIMAUX est 4\u00e8me, Anatole SUIRE 6\u00e8me, Louis GEGOUT 7\u00e8me, Adam BASTIEN 10\u00e8me, Charlie WOOD 13\u00e8me, L\u00e9opold DIDIER 18\u00e8me et Paul BLAUDEZ 20\u00e8me.<\/p>\n<p>Sur la station du Champ du Feu, se d\u00e9roulait ce dimanche \u00e9galement, une CD2 pour U16 \u00e0 Masters en slalom. Un grand bravo \u00e0 Emeline DUTAP qui l\u2019emporte dans la cat\u00e9gorie U21 filles ! Eug\u00e9nie MANDRA est 3\u00e8me U16. Chez les gar\u00e7ons, Charly ANTOINE se classe 8\u00e8me, suivi de Joseph PIERRAT 9\u00e8me et Samson BERGUER 10\u00e8me. Thierry MANDRA est 8\u00e8me Mast-M.<\/p>\n<p>Encore un week-end bien rempli \u00e0 venir avec plusieurs comp\u00e9titions au programme\u2026<\/p>\n<p>&nbsp;<\/p>\n<p>Caroline Cominotti pour l\u2019ASG Ski Alpin<\/p>\n","protected":false},"excerpt":{"rendered":"<p>Ils sont venus en nombre, les g\u00e9r\u00f4mois, sur cette Coupe de Bronze, U8 \u00e0 U14, organis\u00e9e par le club du [&hellip;]<\/p>\n","protected":false},"author":1,"featured_media":39974,"comment_status":"open","ping_status":"open","sticky":false,"template":"","format":"standard","meta":{"footnotes":""},"categories":[20,14],"tags":[158],"class_list":["post-39973","post","type-post","status-publish","format-standard","has-post-thumbnail","hentry","category-a-la-une","category-sport","tag-asg-ski-alpin"],"acf":[],"yoast_head":"<!-- This site is optimized with the Yoast SEO plugin v22.5 - https:\/\/yoast.com\/wordpress\/plugins\/seo\/ -->\n<title>Ski alpin : les g\u00e9r\u00f4mois en force ! - Gerardmer Info<\/title>\n<meta name=\"robots\" content=\"index, follow, max-snippet:-1, max-image-preview:large, max-video-preview:-1\" \/>\n<link rel=\"canonical\" href=\"https:\/\/vosgesinfo.fr\/gerardmerinfo\/2019\/02\/ski-alpin-geromois-force\/\" \/>\n<meta name=\"twitter:card\" content=\"summary_large_image\" \/>\n<meta name=\"twitter:title\" content=\"Ski alpin : les g\u00e9r\u00f4mois en force ! - Gerardmer Info\" \/>\n<meta name=\"twitter:description\" content=\"Ils sont venus en nombre, les g\u00e9r\u00f4mois, sur cette Coupe de Bronze, U8 \u00e0 U14, organis\u00e9e par le club du [&hellip;]\" \/>\n<meta name=\"twitter:image\" content=\"https:\/\/vosgesinfo.fr\/app\/uploads\/sites\/6\/2024\/07\/201902stade-de-slalom.jpg\" \/>\n<meta name=\"twitter:creator\" content=\"@VosgesInfo88\" \/>\n<meta name=\"twitter:site\" content=\"@VosgesInfo88\" \/>\n<meta name=\"twitter:label1\" content=\"\u00c9crit par\" \/>\n\t<meta name=\"twitter:data1\" content=\"qs_admin\" \/>\n\t<meta name=\"twitter:label2\" content=\"Dur\u00e9e de lecture estim\u00e9e\" \/>\n\t<meta name=\"twitter:data2\" content=\"2 minutes\" \/>\n<script type=\"application\/ld+json\" class=\"yoast-schema-graph\">{\"@context\":\"https:\/\/schema.org\",\"@graph\":[{\"@type\":\"Article\",\"@id\":\"https:\/\/vosgesinfo.fr\/gerardmerinfo\/2019\/02\/ski-alpin-geromois-force\/#article\",\"isPartOf\":{\"@id\":\"https:\/\/vosgesinfo.fr\/gerardmerinfo\/2019\/02\/ski-alpin-geromois-force\/\"},\"author\":{\"name\":\"qs_admin\",\"@id\":\"https:\/\/vosgesinfo.fr\/gerardmerinfo\/#\/schema\/person\/bc5d02d71e6932e81b6dadb7386667b1\"},\"headline\":\"Ski alpin : les g\u00e9r\u00f4mois en force !\",\"datePublished\":\"2019-02-25T16:03:23+00:00\",\"dateModified\":\"2019-02-25T16:03:23+00:00\",\"mainEntityOfPage\":{\"@id\":\"https:\/\/vosgesinfo.fr\/gerardmerinfo\/2019\/02\/ski-alpin-geromois-force\/\"},\"wordCount\":486,\"commentCount\":0,\"publisher\":{\"@id\":\"https:\/\/vosgesinfo.fr\/gerardmerinfo\/#organization\"},\"image\":{\"@id\":\"https:\/\/vosgesinfo.fr\/gerardmerinfo\/2019\/02\/ski-alpin-geromois-force\/#primaryimage\"},\"thumbnailUrl\":\"https:\/\/vosgesinfo.fr\/app\/uploads\/sites\/6\/2024\/07\/201902stade-de-slalom.jpg\",\"keywords\":[\"asg ski alpin\"],\"articleSection\":[\"A la une\",\"Sport\"],\"inLanguage\":\"fr-FR\",\"potentialAction\":[{\"@type\":\"CommentAction\",\"name\":\"Comment\",\"target\":[\"https:\/\/vosgesinfo.fr\/gerardmerinfo\/2019\/02\/ski-alpin-geromois-force\/#respond\"]}]},{\"@type\":\"WebPage\",\"@id\":\"https:\/\/vosgesinfo.fr\/gerardmerinfo\/2019\/02\/ski-alpin-geromois-force\/\",\"url\":\"https:\/\/vosgesinfo.fr\/gerardmerinfo\/2019\/02\/ski-alpin-geromois-force\/\",\"name\":\"Ski alpin : les g\u00e9r\u00f4mois en force ! - Gerardmer Info\",\"isPartOf\":{\"@id\":\"https:\/\/vosgesinfo.fr\/gerardmerinfo\/#website\"},\"primaryImageOfPage\":{\"@id\":\"https:\/\/vosgesinfo.fr\/gerardmerinfo\/2019\/02\/ski-alpin-geromois-force\/#primaryimage\"},\"image\":{\"@id\":\"https:\/\/vosgesinfo.fr\/gerardmerinfo\/2019\/02\/ski-alpin-geromois-force\/#primaryimage\"},\"thumbnailUrl\":\"https:\/\/vosgesinfo.fr\/app\/uploads\/sites\/6\/2024\/07\/201902stade-de-slalom.jpg\",\"datePublished\":\"2019-02-25T16:03:23+00:00\",\"dateModified\":\"2019-02-25T16:03:23+00:00\",\"breadcrumb\":{\"@id\":\"https:\/\/vosgesinfo.fr\/gerardmerinfo\/2019\/02\/ski-alpin-geromois-force\/#breadcrumb\"},\"inLanguage\":\"fr-FR\",\"potentialAction\":[{\"@type\":\"ReadAction\",\"target\":[\"https:\/\/vosgesinfo.fr\/gerardmerinfo\/2019\/02\/ski-alpin-geromois-force\/\"]}]},{\"@type\":\"ImageObject\",\"inLanguage\":\"fr-FR\",\"@id\":\"https:\/\/vosgesinfo.fr\/gerardmerinfo\/2019\/02\/ski-alpin-geromois-force\/#primaryimage\",\"url\":\"https:\/\/vosgesinfo.fr\/app\/uploads\/sites\/6\/2024\/07\/201902stade-de-slalom.jpg\",\"contentUrl\":\"https:\/\/vosgesinfo.fr\/app\/uploads\/sites\/6\/2024\/07\/201902stade-de-slalom.jpg\",\"width\":800,\"height\":600},{\"@type\":\"BreadcrumbList\",\"@id\":\"https:\/\/vosgesinfo.fr\/gerardmerinfo\/2019\/02\/ski-alpin-geromois-force\/#breadcrumb\",\"itemListElement\":[{\"@type\":\"ListItem\",\"position\":1,\"name\":\"Home\",\"item\":\"https:\/\/vosgesinfo.fr\/gerardmerinfo\/\"},{\"@type\":\"ListItem\",\"position\":2,\"name\":\"Ski alpin : les g\u00e9r\u00f4mois en force !\"}]},{\"@type\":\"WebSite\",\"@id\":\"https:\/\/vosgesinfo.fr\/gerardmerinfo\/#website\",\"url\":\"https:\/\/vosgesinfo.fr\/gerardmerinfo\/\",\"name\":\"Gerardmer Info\",\"description\":\"Toute l&#039;actualit\u00e9 de G\u00e9rardmer\",\"publisher\":{\"@id\":\"https:\/\/vosgesinfo.fr\/gerardmerinfo\/#organization\"},\"alternateName\":\"Toute l'actualit\u00e9 de G\u00e9rardmer\",\"potentialAction\":[{\"@type\":\"SearchAction\",\"target\":{\"@type\":\"EntryPoint\",\"urlTemplate\":\"https:\/\/vosgesinfo.fr\/gerardmerinfo\/?s={search_term_string}\"},\"query-input\":\"required name=search_term_string\"}],\"inLanguage\":\"fr-FR\"},{\"@type\":\"Organization\",\"@id\":\"https:\/\/vosgesinfo.fr\/gerardmerinfo\/#organization\",\"name\":\"Gerardmer Info\",\"url\":\"https:\/\/vosgesinfo.fr\/gerardmerinfo\/\",\"logo\":{\"@type\":\"ImageObject\",\"inLanguage\":\"fr-FR\",\"@id\":\"https:\/\/vosgesinfo.fr\/gerardmerinfo\/#\/schema\/logo\/image\/\",\"url\":\"https:\/\/vosgesinfo.fr\/app\/uploads\/sites\/6\/2023\/08\/favicon-gerardmerinfo.png\",\"contentUrl\":\"https:\/\/vosgesinfo.fr\/app\/uploads\/sites\/6\/2023\/08\/favicon-gerardmerinfo.png\",\"width\":512,\"height\":512,\"caption\":\"Gerardmer Info\"},\"image\":{\"@id\":\"https:\/\/vosgesinfo.fr\/gerardmerinfo\/#\/schema\/logo\/image\/\"},\"sameAs\":[\"https:\/\/www.facebook.com\/profile.php?id=100049475262660\",\"https:\/\/x.com\/VosgesInfo88\",\"https:\/\/www.youtube.com\/@vosgesinfo\"]},{\"@type\":\"Person\",\"@id\":\"https:\/\/vosgesinfo.fr\/gerardmerinfo\/#\/schema\/person\/bc5d02d71e6932e81b6dadb7386667b1\",\"name\":\"qs_admin\",\"image\":{\"@type\":\"ImageObject\",\"inLanguage\":\"fr-FR\",\"@id\":\"https:\/\/vosgesinfo.fr\/gerardmerinfo\/#\/schema\/person\/image\/\",\"url\":\"https:\/\/secure.gravatar.com\/avatar\/94b18ee0ed79e4a42ea2f2931277b6841a8999fc6fde214600c78057cf1fe1de?s=96&d=mm&r=g\",\"contentUrl\":\"https:\/\/secure.gravatar.com\/avatar\/94b18ee0ed79e4a42ea2f2931277b6841a8999fc6fde214600c78057cf1fe1de?s=96&d=mm&r=g\",\"caption\":\"qs_admin\"},\"sameAs\":[\"https:\/\/vosgesinfo.fr\/wp\"],\"url\":\"https:\/\/vosgesinfo.fr\/gerardmerinfo\/author\/qs_admin\/\"}]}<\/script>\n<!-- \/ Yoast SEO plugin. -->","yoast_head_json":{"title":"Ski alpin : les g\u00e9r\u00f4mois en force ! - Gerardmer Info","robots":{"index":"index","follow":"follow","max-snippet":"max-snippet:-1","max-image-preview":"max-image-preview:large","max-video-preview":"max-video-preview:-1"},"canonical":"https:\/\/vosgesinfo.fr\/gerardmerinfo\/2019\/02\/ski-alpin-geromois-force\/","twitter_card":"summary_large_image","twitter_title":"Ski alpin : les g\u00e9r\u00f4mois en force ! - Gerardmer Info","twitter_description":"Ils sont venus en nombre, les g\u00e9r\u00f4mois, sur cette Coupe de Bronze, U8 \u00e0 U14, organis\u00e9e par le club du [&hellip;]","twitter_image":"https:\/\/vosgesinfo.fr\/app\/uploads\/sites\/6\/2024\/07\/201902stade-de-slalom.jpg","twitter_creator":"@VosgesInfo88","twitter_site":"@VosgesInfo88","twitter_misc":{"\u00c9crit par":"qs_admin","Dur\u00e9e de lecture estim\u00e9e":"2 minutes"},"schema":{"@context":"https:\/\/schema.org","@graph":[{"@type":"Article","@id":"https:\/\/vosgesinfo.fr\/gerardmerinfo\/2019\/02\/ski-alpin-geromois-force\/#article","isPartOf":{"@id":"https:\/\/vosgesinfo.fr\/gerardmerinfo\/2019\/02\/ski-alpin-geromois-force\/"},"author":{"name":"qs_admin","@id":"https:\/\/vosgesinfo.fr\/gerardmerinfo\/#\/schema\/person\/bc5d02d71e6932e81b6dadb7386667b1"},"headline":"Ski alpin : les g\u00e9r\u00f4mois en force !","datePublished":"2019-02-25T16:03:23+00:00","dateModified":"2019-02-25T16:03:23+00:00","mainEntityOfPage":{"@id":"https:\/\/vosgesinfo.fr\/gerardmerinfo\/2019\/02\/ski-alpin-geromois-force\/"},"wordCount":486,"commentCount":0,"publisher":{"@id":"https:\/\/vosgesinfo.fr\/gerardmerinfo\/#organization"},"image":{"@id":"https:\/\/vosgesinfo.fr\/gerardmerinfo\/2019\/02\/ski-alpin-geromois-force\/#primaryimage"},"thumbnailUrl":"https:\/\/vosgesinfo.fr\/app\/uploads\/sites\/6\/2024\/07\/201902stade-de-slalom.jpg","keywords":["asg ski alpin"],"articleSection":["A la une","Sport"],"inLanguage":"fr-FR","potentialAction":[{"@type":"CommentAction","name":"Comment","target":["https:\/\/vosgesinfo.fr\/gerardmerinfo\/2019\/02\/ski-alpin-geromois-force\/#respond"]}]},{"@type":"WebPage","@id":"https:\/\/vosgesinfo.fr\/gerardmerinfo\/2019\/02\/ski-alpin-geromois-force\/","url":"https:\/\/vosgesinfo.fr\/gerardmerinfo\/2019\/02\/ski-alpin-geromois-force\/","name":"Ski alpin : les g\u00e9r\u00f4mois en force ! - Gerardmer Info","isPartOf":{"@id":"https:\/\/vosgesinfo.fr\/gerardmerinfo\/#website"},"primaryImageOfPage":{"@id":"https:\/\/vosgesinfo.fr\/gerardmerinfo\/2019\/02\/ski-alpin-geromois-force\/#primaryimage"},"image":{"@id":"https:\/\/vosgesinfo.fr\/gerardmerinfo\/2019\/02\/ski-alpin-geromois-force\/#primaryimage"},"thumbnailUrl":"https:\/\/vosgesinfo.fr\/app\/uploads\/sites\/6\/2024\/07\/201902stade-de-slalom.jpg","datePublished":"2019-02-25T16:03:23+00:00","dateModified":"2019-02-25T16:03:23+00:00","breadcrumb":{"@id":"https:\/\/vosgesinfo.fr\/gerardmerinfo\/2019\/02\/ski-alpin-geromois-force\/#breadcrumb"},"inLanguage":"fr-FR","potentialAction":[{"@type":"ReadAction","target":["https:\/\/vosgesinfo.fr\/gerardmerinfo\/2019\/02\/ski-alpin-geromois-force\/"]}]},{"@type":"ImageObject","inLanguage":"fr-FR","@id":"https:\/\/vosgesinfo.fr\/gerardmerinfo\/2019\/02\/ski-alpin-geromois-force\/#primaryimage","url":"https:\/\/vosgesinfo.fr\/app\/uploads\/sites\/6\/2024\/07\/201902stade-de-slalom.jpg","contentUrl":"https:\/\/vosgesinfo.fr\/app\/uploads\/sites\/6\/2024\/07\/201902stade-de-slalom.jpg","width":800,"height":600},{"@type":"BreadcrumbList","@id":"https:\/\/vosgesinfo.fr\/gerardmerinfo\/2019\/02\/ski-alpin-geromois-force\/#breadcrumb","itemListElement":[{"@type":"ListItem","position":1,"name":"Home","item":"https:\/\/vosgesinfo.fr\/gerardmerinfo\/"},{"@type":"ListItem","position":2,"name":"Ski alpin : les g\u00e9r\u00f4mois en force !"}]},{"@type":"WebSite","@id":"https:\/\/vosgesinfo.fr\/gerardmerinfo\/#website","url":"https:\/\/vosgesinfo.fr\/gerardmerinfo\/","name":"Gerardmer Info","description":"Toute l&#039;actualit\u00e9 de G\u00e9rardmer","publisher":{"@id":"https:\/\/vosgesinfo.fr\/gerardmerinfo\/#organization"},"alternateName":"Toute l'actualit\u00e9 de G\u00e9rardmer","potentialAction":[{"@type":"SearchAction","target":{"@type":"EntryPoint","urlTemplate":"https:\/\/vosgesinfo.fr\/gerardmerinfo\/?s={search_term_string}"},"query-input":"required name=search_term_string"}],"inLanguage":"fr-FR"},{"@type":"Organization","@id":"https:\/\/vosgesinfo.fr\/gerardmerinfo\/#organization","name":"Gerardmer Info","url":"https:\/\/vosgesinfo.fr\/gerardmerinfo\/","logo":{"@type":"ImageObject","inLanguage":"fr-FR","@id":"https:\/\/vosgesinfo.fr\/gerardmerinfo\/#\/schema\/logo\/image\/","url":"https:\/\/vosgesinfo.fr\/app\/uploads\/sites\/6\/2023\/08\/favicon-gerardmerinfo.png","contentUrl":"https:\/\/vosgesinfo.fr\/app\/uploads\/sites\/6\/2023\/08\/favicon-gerardmerinfo.png","width":512,"height":512,"caption":"Gerardmer Info"},"image":{"@id":"https:\/\/vosgesinfo.fr\/gerardmerinfo\/#\/schema\/logo\/image\/"},"sameAs":["https:\/\/www.facebook.com\/profile.php?id=100049475262660","https:\/\/x.com\/VosgesInfo88","https:\/\/www.youtube.com\/@vosgesinfo"]},{"@type":"Person","@id":"https:\/\/vosgesinfo.fr\/gerardmerinfo\/#\/schema\/person\/bc5d02d71e6932e81b6dadb7386667b1","name":"qs_admin","image":{"@type":"ImageObject","inLanguage":"fr-FR","@id":"https:\/\/vosgesinfo.fr\/gerardmerinfo\/#\/schema\/person\/image\/","url":"https:\/\/secure.gravatar.com\/avatar\/94b18ee0ed79e4a42ea2f2931277b6841a8999fc6fde214600c78057cf1fe1de?s=96&d=mm&r=g","contentUrl":"https:\/\/secure.gravatar.com\/avatar\/94b18ee0ed79e4a42ea2f2931277b6841a8999fc6fde214600c78057cf1fe1de?s=96&d=mm&r=g","caption":"qs_admin"},"sameAs":["https:\/\/vosgesinfo.fr\/wp"],"url":"https:\/\/vosgesinfo.fr\/gerardmerinfo\/author\/qs_admin\/"}]}},"_links":{"self":[{"href":"https:\/\/vosgesinfo.fr\/gerardmerinfo\/wp-json\/wp\/v2\/posts\/39973","targetHints":{"allow":["GET"]}}],"collection":[{"href":"https:\/\/vosgesinfo.fr\/gerardmerinfo\/wp-json\/wp\/v2\/posts"}],"about":[{"href":"https:\/\/vosgesinfo.fr\/gerardmerinfo\/wp-json\/wp\/v2\/types\/post"}],"author":[{"embeddable":true,"href":"https:\/\/vosgesinfo.fr\/gerardmerinfo\/wp-json\/wp\/v2\/users\/1"}],"replies":[{"embeddable":true,"href":"https:\/\/vosgesinfo.fr\/gerardmerinfo\/wp-json\/wp\/v2\/comments?post=39973"}],"version-history":[{"count":0,"href":"https:\/\/vosgesinfo.fr\/gerardmerinfo\/wp-json\/wp\/v2\/posts\/39973\/revisions"}],"wp:featuredmedia":[{"embeddable":true,"href":"https:\/\/vosgesinfo.fr\/gerardmerinfo\/wp-json\/wp\/v2\/media\/39974"}],"wp:attachment":[{"href":"https:\/\/vosgesinfo.fr\/gerardmerinfo\/wp-json\/wp\/v2\/media?parent=39973"}],"wp:term":[{"taxonomy":"category","embeddable":true,"href":"https:\/\/vosgesinfo.fr\/gerardmerinfo\/wp-json\/wp\/v2\/categories?post=39973"},{"taxonomy":"post_tag","embeddable":true,"href":"https:\/\/vosgesinfo.fr\/gerardmerinfo\/wp-json\/wp\/v2\/tags?post=39973"}],"curies":[{"name":"wp","href":"https:\/\/api.w.org\/{rel}","templated":true}]}}