{"id":39979,"date":"2019-02-28T16:32:23","date_gmt":"2019-02-28T15:32:23","guid":{"rendered":"https:\/\/vosgesinfo.fr\/gerardmerinfo\/2019\/02\/operation-collecte-nationale-restos-coeur-rejoignez-equipes-de-benevoles\/"},"modified":"2019-02-28T16:32:23","modified_gmt":"2019-02-28T15:32:23","slug":"operation-collecte-nationale-restos-coeur-rejoignez-equipes-de-benevoles","status":"publish","type":"post","link":"https:\/\/vosgesinfo.fr\/gerardmerinfo\/2019\/02\/operation-collecte-nationale-restos-coeur-rejoignez-equipes-de-benevoles\/","title":{"rendered":"Op\u00e9ration \u00ab Collecte Nationale \u00bb des Restos du C\u0153ur rejoignez les \u00e9quipes de b\u00e9n\u00e9voles"},"content":{"rendered":"<h3 style=\"text-align: center;\"><a href=\"\/2019\/02\/restos-collecte_mars2019.png\"><img decoding=\"async\" class=\"aligncenter size-medium wp-image-142514\" src=\"\/2019\/02\/restos-collecte_mars2019-400x142.png\" alt=\"restos-collecte_mars2019\" width=\"400\" height=\"142\" \/><\/a><\/h3>\n<h3 style=\"text-align: center;\">L\u2019op\u00e9ration \u00ab Collecte Nationale \u00bb des Restos du Coeur aura lieu le vendredi 8 et le samedi 9 mars 2019.<\/h3>\n<p>Le Centre local des restaurants du Coeur sera pr\u00e9sent, lors de ces deux journ\u00e9es, dans les 5 grandes surfaces de G\u00e9rardmer, de 9 h \u00e0 12 h et de 14 h \u00e0 18 h. La journ\u00e9e est d\u00e9coup\u00e9e en 4 tranches horaires : \u2013 le matin : 9 h \u2013 10 h 30 et 10 h 30 \u2013 12 h \u2013 l\u2019apr\u00e8s midi : 14 h \u2013 16 h et 16 h \u2013 18 h Deux b\u00e9n\u00e9voles seront pr\u00e9sents \u00e0 chaque tranche horaire. C\u2019est pourquoi, il est n\u00e9cessaire d\u2019avoir un nombre de b\u00e9n\u00e9voles suffisants.<\/p>\n<p>Si vous \u00eates sensibles \u00e0 l\u2019action des Restos du C\u0153ur envers les plus d\u00e9munis, nous remercions d\u00e8s \u00e0 pr\u00e9sent de votre soutien. Une page web a \u00e9t\u00e9 mise en place pour faciliter la gestion du planning. Vous pouvez vous y inscrire en cliquant sur le lien ci-dessous http:\/\/Pgh.pg-monsite.fr<\/p>\n<p>(si le lien n\u2019est pas cliquable dans votre messagerie, recopier le lien suivant dans la barre d\u2019adresse de votre navigateur puis cliquer sur le menu \u00ab Op\u00e9ration chariot \u00bb Option \u00ab Planning \u00bb)<\/p>\n<p>Seules les tranches horaires libres sont saisissables. Apr\u00e8s avoir inscrit votre pr\u00e9nom, suivi \u00e9ventuellement de l\u2019initiale de votre nom en cas d\u2019homonyme, n\u2019oubliez d\u2019enregistrer votre saisie en cliquant sur le bouton \u00ab Enregistrer \u00bb en bas de page, et d\u2019avertir le centre des restos de G\u00e9rardmer par courriel : restoducoeur-gerardmer@orange.fr de votre inscription sur cette page.<\/p>\n<p>Un site national est aussi \u00e0 la disposition de tous les b\u00e9n\u00e9voles \u00ab d\u2019un jour \u00bb qui veulent apporter leur soutien aux Restos du C\u0153ur pendant cette op\u00e9ration : https:\/\/www.restosducoeur.org\/sengager-pour-la-collecte-nationale\/<\/p>\n","protected":false},"excerpt":{"rendered":"<p>L\u2019op\u00e9ration \u00ab Collecte Nationale \u00bb des Restos du Coeur aura lieu le vendredi 8 et le samedi 9 mars 2019. [&hellip;]<\/p>\n","protected":false},"author":1,"featured_media":39980,"comment_status":"open","ping_status":"open","sticky":false,"template":"","format":"standard","meta":{"footnotes":""},"categories":[20,25,17,42,40],"tags":[2994],"class_list":["post-39979","post","type-post","status-publish","format-standard","has-post-thumbnail","hentry","category-a-la-une","category-gerardmer","category-vie-associative","category-xonrupt-longemer","category-xonrupt-liezey","tag-restaurants-du-coeur"],"acf":[],"yoast_head":"<!-- This site is optimized with the Yoast SEO plugin v22.5 - https:\/\/yoast.com\/wordpress\/plugins\/seo\/ -->\n<title>Op\u00e9ration \u00ab Collecte Nationale \u00bb des Restos du C\u0153ur rejoignez les \u00e9quipes de b\u00e9n\u00e9voles - Gerardmer Info<\/title>\n<meta name=\"robots\" content=\"index, follow, max-snippet:-1, max-image-preview:large, max-video-preview:-1\" \/>\n<link rel=\"canonical\" href=\"https:\/\/vosgesinfo.fr\/gerardmerinfo\/2019\/02\/operation-collecte-nationale-restos-coeur-rejoignez-equipes-de-benevoles\/\" \/>\n<meta name=\"twitter:card\" content=\"summary_large_image\" \/>\n<meta name=\"twitter:title\" content=\"Op\u00e9ration \u00ab Collecte Nationale \u00bb des Restos du C\u0153ur rejoignez les \u00e9quipes de b\u00e9n\u00e9voles - Gerardmer Info\" \/>\n<meta name=\"twitter:description\" content=\"L\u2019op\u00e9ration \u00ab Collecte Nationale \u00bb des Restos du Coeur aura lieu le vendredi 8 et le samedi 9 mars 2019. [&hellip;]\" \/>\n<meta name=\"twitter:image\" content=\"https:\/\/vosgesinfo.fr\/app\/uploads\/sites\/6\/2024\/07\/201902restos-collecte-mars2019.png\" \/>\n<meta name=\"twitter:creator\" content=\"@VosgesInfo88\" \/>\n<meta name=\"twitter:site\" content=\"@VosgesInfo88\" \/>\n<meta name=\"twitter:label1\" content=\"\u00c9crit par\" \/>\n\t<meta name=\"twitter:data1\" content=\"qs_admin\" \/>\n\t<meta name=\"twitter:label2\" content=\"Dur\u00e9e de lecture estim\u00e9e\" \/>\n\t<meta name=\"twitter:data2\" content=\"1 minute\" \/>\n<script type=\"application\/ld+json\" class=\"yoast-schema-graph\">{\"@context\":\"https:\/\/schema.org\",\"@graph\":[{\"@type\":\"Article\",\"@id\":\"https:\/\/vosgesinfo.fr\/gerardmerinfo\/2019\/02\/operation-collecte-nationale-restos-coeur-rejoignez-equipes-de-benevoles\/#article\",\"isPartOf\":{\"@id\":\"https:\/\/vosgesinfo.fr\/gerardmerinfo\/2019\/02\/operation-collecte-nationale-restos-coeur-rejoignez-equipes-de-benevoles\/\"},\"author\":{\"name\":\"qs_admin\",\"@id\":\"https:\/\/vosgesinfo.fr\/gerardmerinfo\/#\/schema\/person\/bc5d02d71e6932e81b6dadb7386667b1\"},\"headline\":\"Op\u00e9ration \u00ab Collecte Nationale \u00bb des Restos du C\u0153ur rejoignez les \u00e9quipes de b\u00e9n\u00e9voles\",\"datePublished\":\"2019-02-28T15:32:23+00:00\",\"dateModified\":\"2019-02-28T15:32:23+00:00\",\"mainEntityOfPage\":{\"@id\":\"https:\/\/vosgesinfo.fr\/gerardmerinfo\/2019\/02\/operation-collecte-nationale-restos-coeur-rejoignez-equipes-de-benevoles\/\"},\"wordCount\":299,\"commentCount\":0,\"publisher\":{\"@id\":\"https:\/\/vosgesinfo.fr\/gerardmerinfo\/#organization\"},\"image\":{\"@id\":\"https:\/\/vosgesinfo.fr\/gerardmerinfo\/2019\/02\/operation-collecte-nationale-restos-coeur-rejoignez-equipes-de-benevoles\/#primaryimage\"},\"thumbnailUrl\":\"https:\/\/vosgesinfo.fr\/app\/uploads\/sites\/6\/2024\/07\/201902restos-collecte-mars2019.png\",\"keywords\":[\"restaurants du coeur\"],\"articleSection\":[\"A la une\",\"G\u00e9rardmer\",\"Vie Associative\",\"Xonrupt-Longemer\",\"Xonrupt\/Liezey\"],\"inLanguage\":\"fr-FR\",\"potentialAction\":[{\"@type\":\"CommentAction\",\"name\":\"Comment\",\"target\":[\"https:\/\/vosgesinfo.fr\/gerardmerinfo\/2019\/02\/operation-collecte-nationale-restos-coeur-rejoignez-equipes-de-benevoles\/#respond\"]}]},{\"@type\":\"WebPage\",\"@id\":\"https:\/\/vosgesinfo.fr\/gerardmerinfo\/2019\/02\/operation-collecte-nationale-restos-coeur-rejoignez-equipes-de-benevoles\/\",\"url\":\"https:\/\/vosgesinfo.fr\/gerardmerinfo\/2019\/02\/operation-collecte-nationale-restos-coeur-rejoignez-equipes-de-benevoles\/\",\"name\":\"Op\u00e9ration \u00ab Collecte Nationale \u00bb des Restos du C\u0153ur rejoignez les \u00e9quipes de b\u00e9n\u00e9voles - Gerardmer Info\",\"isPartOf\":{\"@id\":\"https:\/\/vosgesinfo.fr\/gerardmerinfo\/#website\"},\"primaryImageOfPage\":{\"@id\":\"https:\/\/vosgesinfo.fr\/gerardmerinfo\/2019\/02\/operation-collecte-nationale-restos-coeur-rejoignez-equipes-de-benevoles\/#primaryimage\"},\"image\":{\"@id\":\"https:\/\/vosgesinfo.fr\/gerardmerinfo\/2019\/02\/operation-collecte-nationale-restos-coeur-rejoignez-equipes-de-benevoles\/#primaryimage\"},\"thumbnailUrl\":\"https:\/\/vosgesinfo.fr\/app\/uploads\/sites\/6\/2024\/07\/201902restos-collecte-mars2019.png\",\"datePublished\":\"2019-02-28T15:32:23+00:00\",\"dateModified\":\"2019-02-28T15:32:23+00:00\",\"breadcrumb\":{\"@id\":\"https:\/\/vosgesinfo.fr\/gerardmerinfo\/2019\/02\/operation-collecte-nationale-restos-coeur-rejoignez-equipes-de-benevoles\/#breadcrumb\"},\"inLanguage\":\"fr-FR\",\"potentialAction\":[{\"@type\":\"ReadAction\",\"target\":[\"https:\/\/vosgesinfo.fr\/gerardmerinfo\/2019\/02\/operation-collecte-nationale-restos-coeur-rejoignez-equipes-de-benevoles\/\"]}]},{\"@type\":\"ImageObject\",\"inLanguage\":\"fr-FR\",\"@id\":\"https:\/\/vosgesinfo.fr\/gerardmerinfo\/2019\/02\/operation-collecte-nationale-restos-coeur-rejoignez-equipes-de-benevoles\/#primaryimage\",\"url\":\"https:\/\/vosgesinfo.fr\/app\/uploads\/sites\/6\/2024\/07\/201902restos-collecte-mars2019.png\",\"contentUrl\":\"https:\/\/vosgesinfo.fr\/app\/uploads\/sites\/6\/2024\/07\/201902restos-collecte-mars2019.png\",\"width\":800,\"height\":283},{\"@type\":\"BreadcrumbList\",\"@id\":\"https:\/\/vosgesinfo.fr\/gerardmerinfo\/2019\/02\/operation-collecte-nationale-restos-coeur-rejoignez-equipes-de-benevoles\/#breadcrumb\",\"itemListElement\":[{\"@type\":\"ListItem\",\"position\":1,\"name\":\"Home\",\"item\":\"https:\/\/vosgesinfo.fr\/gerardmerinfo\/\"},{\"@type\":\"ListItem\",\"position\":2,\"name\":\"Op\u00e9ration \u00ab Collecte Nationale \u00bb des Restos du C\u0153ur rejoignez les \u00e9quipes de b\u00e9n\u00e9voles\"}]},{\"@type\":\"WebSite\",\"@id\":\"https:\/\/vosgesinfo.fr\/gerardmerinfo\/#website\",\"url\":\"https:\/\/vosgesinfo.fr\/gerardmerinfo\/\",\"name\":\"Gerardmer Info\",\"description\":\"Toute l&#039;actualit\u00e9 de G\u00e9rardmer\",\"publisher\":{\"@id\":\"https:\/\/vosgesinfo.fr\/gerardmerinfo\/#organization\"},\"alternateName\":\"Toute l'actualit\u00e9 de G\u00e9rardmer\",\"potentialAction\":[{\"@type\":\"SearchAction\",\"target\":{\"@type\":\"EntryPoint\",\"urlTemplate\":\"https:\/\/vosgesinfo.fr\/gerardmerinfo\/?s={search_term_string}\"},\"query-input\":\"required name=search_term_string\"}],\"inLanguage\":\"fr-FR\"},{\"@type\":\"Organization\",\"@id\":\"https:\/\/vosgesinfo.fr\/gerardmerinfo\/#organization\",\"name\":\"Gerardmer Info\",\"url\":\"https:\/\/vosgesinfo.fr\/gerardmerinfo\/\",\"logo\":{\"@type\":\"ImageObject\",\"inLanguage\":\"fr-FR\",\"@id\":\"https:\/\/vosgesinfo.fr\/gerardmerinfo\/#\/schema\/logo\/image\/\",\"url\":\"https:\/\/vosgesinfo.fr\/app\/uploads\/sites\/6\/2023\/08\/favicon-gerardmerinfo.png\",\"contentUrl\":\"https:\/\/vosgesinfo.fr\/app\/uploads\/sites\/6\/2023\/08\/favicon-gerardmerinfo.png\",\"width\":512,\"height\":512,\"caption\":\"Gerardmer Info\"},\"image\":{\"@id\":\"https:\/\/vosgesinfo.fr\/gerardmerinfo\/#\/schema\/logo\/image\/\"},\"sameAs\":[\"https:\/\/www.facebook.com\/profile.php?id=100049475262660\",\"https:\/\/x.com\/VosgesInfo88\",\"https:\/\/www.youtube.com\/@vosgesinfo\"]},{\"@type\":\"Person\",\"@id\":\"https:\/\/vosgesinfo.fr\/gerardmerinfo\/#\/schema\/person\/bc5d02d71e6932e81b6dadb7386667b1\",\"name\":\"qs_admin\",\"image\":{\"@type\":\"ImageObject\",\"inLanguage\":\"fr-FR\",\"@id\":\"https:\/\/vosgesinfo.fr\/gerardmerinfo\/#\/schema\/person\/image\/\",\"url\":\"https:\/\/secure.gravatar.com\/avatar\/94b18ee0ed79e4a42ea2f2931277b6841a8999fc6fde214600c78057cf1fe1de?s=96&d=mm&r=g\",\"contentUrl\":\"https:\/\/secure.gravatar.com\/avatar\/94b18ee0ed79e4a42ea2f2931277b6841a8999fc6fde214600c78057cf1fe1de?s=96&d=mm&r=g\",\"caption\":\"qs_admin\"},\"sameAs\":[\"https:\/\/vosgesinfo.fr\/wp\"],\"url\":\"https:\/\/vosgesinfo.fr\/gerardmerinfo\/author\/qs_admin\/\"}]}<\/script>\n<!-- \/ Yoast SEO plugin. -->","yoast_head_json":{"title":"Op\u00e9ration \u00ab Collecte Nationale \u00bb des Restos du C\u0153ur rejoignez les \u00e9quipes de b\u00e9n\u00e9voles - Gerardmer Info","robots":{"index":"index","follow":"follow","max-snippet":"max-snippet:-1","max-image-preview":"max-image-preview:large","max-video-preview":"max-video-preview:-1"},"canonical":"https:\/\/vosgesinfo.fr\/gerardmerinfo\/2019\/02\/operation-collecte-nationale-restos-coeur-rejoignez-equipes-de-benevoles\/","twitter_card":"summary_large_image","twitter_title":"Op\u00e9ration \u00ab Collecte Nationale \u00bb des Restos du C\u0153ur rejoignez les \u00e9quipes de b\u00e9n\u00e9voles - Gerardmer Info","twitter_description":"L\u2019op\u00e9ration \u00ab Collecte Nationale \u00bb des Restos du Coeur aura lieu le vendredi 8 et le samedi 9 mars 2019. [&hellip;]","twitter_image":"https:\/\/vosgesinfo.fr\/app\/uploads\/sites\/6\/2024\/07\/201902restos-collecte-mars2019.png","twitter_creator":"@VosgesInfo88","twitter_site":"@VosgesInfo88","twitter_misc":{"\u00c9crit par":"qs_admin","Dur\u00e9e de lecture estim\u00e9e":"1 minute"},"schema":{"@context":"https:\/\/schema.org","@graph":[{"@type":"Article","@id":"https:\/\/vosgesinfo.fr\/gerardmerinfo\/2019\/02\/operation-collecte-nationale-restos-coeur-rejoignez-equipes-de-benevoles\/#article","isPartOf":{"@id":"https:\/\/vosgesinfo.fr\/gerardmerinfo\/2019\/02\/operation-collecte-nationale-restos-coeur-rejoignez-equipes-de-benevoles\/"},"author":{"name":"qs_admin","@id":"https:\/\/vosgesinfo.fr\/gerardmerinfo\/#\/schema\/person\/bc5d02d71e6932e81b6dadb7386667b1"},"headline":"Op\u00e9ration \u00ab Collecte Nationale \u00bb des Restos du C\u0153ur rejoignez les \u00e9quipes de b\u00e9n\u00e9voles","datePublished":"2019-02-28T15:32:23+00:00","dateModified":"2019-02-28T15:32:23+00:00","mainEntityOfPage":{"@id":"https:\/\/vosgesinfo.fr\/gerardmerinfo\/2019\/02\/operation-collecte-nationale-restos-coeur-rejoignez-equipes-de-benevoles\/"},"wordCount":299,"commentCount":0,"publisher":{"@id":"https:\/\/vosgesinfo.fr\/gerardmerinfo\/#organization"},"image":{"@id":"https:\/\/vosgesinfo.fr\/gerardmerinfo\/2019\/02\/operation-collecte-nationale-restos-coeur-rejoignez-equipes-de-benevoles\/#primaryimage"},"thumbnailUrl":"https:\/\/vosgesinfo.fr\/app\/uploads\/sites\/6\/2024\/07\/201902restos-collecte-mars2019.png","keywords":["restaurants du coeur"],"articleSection":["A la une","G\u00e9rardmer","Vie Associative","Xonrupt-Longemer","Xonrupt\/Liezey"],"inLanguage":"fr-FR","potentialAction":[{"@type":"CommentAction","name":"Comment","target":["https:\/\/vosgesinfo.fr\/gerardmerinfo\/2019\/02\/operation-collecte-nationale-restos-coeur-rejoignez-equipes-de-benevoles\/#respond"]}]},{"@type":"WebPage","@id":"https:\/\/vosgesinfo.fr\/gerardmerinfo\/2019\/02\/operation-collecte-nationale-restos-coeur-rejoignez-equipes-de-benevoles\/","url":"https:\/\/vosgesinfo.fr\/gerardmerinfo\/2019\/02\/operation-collecte-nationale-restos-coeur-rejoignez-equipes-de-benevoles\/","name":"Op\u00e9ration \u00ab Collecte Nationale \u00bb des Restos du C\u0153ur rejoignez les \u00e9quipes de b\u00e9n\u00e9voles - Gerardmer Info","isPartOf":{"@id":"https:\/\/vosgesinfo.fr\/gerardmerinfo\/#website"},"primaryImageOfPage":{"@id":"https:\/\/vosgesinfo.fr\/gerardmerinfo\/2019\/02\/operation-collecte-nationale-restos-coeur-rejoignez-equipes-de-benevoles\/#primaryimage"},"image":{"@id":"https:\/\/vosgesinfo.fr\/gerardmerinfo\/2019\/02\/operation-collecte-nationale-restos-coeur-rejoignez-equipes-de-benevoles\/#primaryimage"},"thumbnailUrl":"https:\/\/vosgesinfo.fr\/app\/uploads\/sites\/6\/2024\/07\/201902restos-collecte-mars2019.png","datePublished":"2019-02-28T15:32:23+00:00","dateModified":"2019-02-28T15:32:23+00:00","breadcrumb":{"@id":"https:\/\/vosgesinfo.fr\/gerardmerinfo\/2019\/02\/operation-collecte-nationale-restos-coeur-rejoignez-equipes-de-benevoles\/#breadcrumb"},"inLanguage":"fr-FR","potentialAction":[{"@type":"ReadAction","target":["https:\/\/vosgesinfo.fr\/gerardmerinfo\/2019\/02\/operation-collecte-nationale-restos-coeur-rejoignez-equipes-de-benevoles\/"]}]},{"@type":"ImageObject","inLanguage":"fr-FR","@id":"https:\/\/vosgesinfo.fr\/gerardmerinfo\/2019\/02\/operation-collecte-nationale-restos-coeur-rejoignez-equipes-de-benevoles\/#primaryimage","url":"https:\/\/vosgesinfo.fr\/app\/uploads\/sites\/6\/2024\/07\/201902restos-collecte-mars2019.png","contentUrl":"https:\/\/vosgesinfo.fr\/app\/uploads\/sites\/6\/2024\/07\/201902restos-collecte-mars2019.png","width":800,"height":283},{"@type":"BreadcrumbList","@id":"https:\/\/vosgesinfo.fr\/gerardmerinfo\/2019\/02\/operation-collecte-nationale-restos-coeur-rejoignez-equipes-de-benevoles\/#breadcrumb","itemListElement":[{"@type":"ListItem","position":1,"name":"Home","item":"https:\/\/vosgesinfo.fr\/gerardmerinfo\/"},{"@type":"ListItem","position":2,"name":"Op\u00e9ration \u00ab Collecte Nationale \u00bb des Restos du C\u0153ur rejoignez les \u00e9quipes de b\u00e9n\u00e9voles"}]},{"@type":"WebSite","@id":"https:\/\/vosgesinfo.fr\/gerardmerinfo\/#website","url":"https:\/\/vosgesinfo.fr\/gerardmerinfo\/","name":"Gerardmer Info","description":"Toute l&#039;actualit\u00e9 de G\u00e9rardmer","publisher":{"@id":"https:\/\/vosgesinfo.fr\/gerardmerinfo\/#organization"},"alternateName":"Toute l'actualit\u00e9 de G\u00e9rardmer","potentialAction":[{"@type":"SearchAction","target":{"@type":"EntryPoint","urlTemplate":"https:\/\/vosgesinfo.fr\/gerardmerinfo\/?s={search_term_string}"},"query-input":"required name=search_term_string"}],"inLanguage":"fr-FR"},{"@type":"Organization","@id":"https:\/\/vosgesinfo.fr\/gerardmerinfo\/#organization","name":"Gerardmer Info","url":"https:\/\/vosgesinfo.fr\/gerardmerinfo\/","logo":{"@type":"ImageObject","inLanguage":"fr-FR","@id":"https:\/\/vosgesinfo.fr\/gerardmerinfo\/#\/schema\/logo\/image\/","url":"https:\/\/vosgesinfo.fr\/app\/uploads\/sites\/6\/2023\/08\/favicon-gerardmerinfo.png","contentUrl":"https:\/\/vosgesinfo.fr\/app\/uploads\/sites\/6\/2023\/08\/favicon-gerardmerinfo.png","width":512,"height":512,"caption":"Gerardmer Info"},"image":{"@id":"https:\/\/vosgesinfo.fr\/gerardmerinfo\/#\/schema\/logo\/image\/"},"sameAs":["https:\/\/www.facebook.com\/profile.php?id=100049475262660","https:\/\/x.com\/VosgesInfo88","https:\/\/www.youtube.com\/@vosgesinfo"]},{"@type":"Person","@id":"https:\/\/vosgesinfo.fr\/gerardmerinfo\/#\/schema\/person\/bc5d02d71e6932e81b6dadb7386667b1","name":"qs_admin","image":{"@type":"ImageObject","inLanguage":"fr-FR","@id":"https:\/\/vosgesinfo.fr\/gerardmerinfo\/#\/schema\/person\/image\/","url":"https:\/\/secure.gravatar.com\/avatar\/94b18ee0ed79e4a42ea2f2931277b6841a8999fc6fde214600c78057cf1fe1de?s=96&d=mm&r=g","contentUrl":"https:\/\/secure.gravatar.com\/avatar\/94b18ee0ed79e4a42ea2f2931277b6841a8999fc6fde214600c78057cf1fe1de?s=96&d=mm&r=g","caption":"qs_admin"},"sameAs":["https:\/\/vosgesinfo.fr\/wp"],"url":"https:\/\/vosgesinfo.fr\/gerardmerinfo\/author\/qs_admin\/"}]}},"_links":{"self":[{"href":"https:\/\/vosgesinfo.fr\/gerardmerinfo\/wp-json\/wp\/v2\/posts\/39979","targetHints":{"allow":["GET"]}}],"collection":[{"href":"https:\/\/vosgesinfo.fr\/gerardmerinfo\/wp-json\/wp\/v2\/posts"}],"about":[{"href":"https:\/\/vosgesinfo.fr\/gerardmerinfo\/wp-json\/wp\/v2\/types\/post"}],"author":[{"embeddable":true,"href":"https:\/\/vosgesinfo.fr\/gerardmerinfo\/wp-json\/wp\/v2\/users\/1"}],"replies":[{"embeddable":true,"href":"https:\/\/vosgesinfo.fr\/gerardmerinfo\/wp-json\/wp\/v2\/comments?post=39979"}],"version-history":[{"count":0,"href":"https:\/\/vosgesinfo.fr\/gerardmerinfo\/wp-json\/wp\/v2\/posts\/39979\/revisions"}],"wp:featuredmedia":[{"embeddable":true,"href":"https:\/\/vosgesinfo.fr\/gerardmerinfo\/wp-json\/wp\/v2\/media\/39980"}],"wp:attachment":[{"href":"https:\/\/vosgesinfo.fr\/gerardmerinfo\/wp-json\/wp\/v2\/media?parent=39979"}],"wp:term":[{"taxonomy":"category","embeddable":true,"href":"https:\/\/vosgesinfo.fr\/gerardmerinfo\/wp-json\/wp\/v2\/categories?post=39979"},{"taxonomy":"post_tag","embeddable":true,"href":"https:\/\/vosgesinfo.fr\/gerardmerinfo\/wp-json\/wp\/v2\/tags?post=39979"}],"curies":[{"name":"wp","href":"https:\/\/api.w.org\/{rel}","templated":true}]}}