{"id":39994,"date":"2019-02-26T16:46:25","date_gmt":"2019-02-26T15:46:25","guid":{"rendered":"https:\/\/vosgesinfo.fr\/gerardmerinfo\/2019\/02\/24h-realisations-lequipe-de-mcl-remporte-finale-nationale\/"},"modified":"2019-02-26T16:46:25","modified_gmt":"2019-02-26T15:46:25","slug":"24h-realisations-lequipe-de-mcl-remporte-finale-nationale","status":"publish","type":"post","link":"https:\/\/vosgesinfo.fr\/gerardmerinfo\/2019\/02\/24h-realisations-lequipe-de-mcl-remporte-finale-nationale\/","title":{"rendered":"24H des R\u00e9alisations : l&rsquo;\u00e9quipe de la MCL remporte la finale nationale !"},"content":{"rendered":"<p><a href=\"\/2019\/02\/finale-24H-des-r\u00e9alisations-MCL-G\u00e9rardmer-2019-2.jpg\"><img decoding=\"async\" class=\"aligncenter size-full wp-image-142548\" src=\"\/2019\/02\/finale-24H-des-r\u00e9alisations-MCL-G\u00e9rardmer-2019-2.jpg\" alt=\"finale 24H des r\u00e9alisations MCL G\u00e9rardmer 2019 (2)\" width=\"800\" height=\"533\" \/><\/a><\/p>\n<h3><\/h3>\n<h3>Ce dernier weekend avait lieu la finale nationale des 24h des r\u00e9alisations \u00e0 Paris organis\u00e9e par la F\u00e9d\u00e9ration Fran\u00e7aise des MJC.<\/h3>\n<div>Comme chaque ann\u00e9e, depuis la cr\u00e9ation de l&rsquo;\u00e9v\u00e8nement en 2013, la MCL de G\u00e9rardmer y participait.<\/div>\n<div>Une pers\u00e9v\u00e9rance r\u00e9compens\u00e9e cette ann\u00e9e puisque l&rsquo;\u00e9quipe g\u00e9r\u00f4moise est sortie victorieuse du challenge qui consiste \u00e0 r\u00e9aliser un film en 24h.<\/div>\n<div>Loic, Samuel, Aurelien et Manu ont su \u00e9viter les pi\u00e8ges d&rsquo;un sujet difficile \u00e0 traiter (<em>L&rsquo;\u00e9cumes des jours<\/em> de Boris Vian) et se retrouveront donc \u00e0 Cannes, lors du festival s&rsquo;il vous pla\u00eet, o\u00f9 leur film sera projet\u00e9 en salle.<\/div>\n<p>Bravo \u00e0 eux et \u00e0 toute l&rsquo;\u00e9quipe de la MCL de G\u00e9rardmer.<\/p>\n<p><a href=\"\/2019\/02\/finale-24H-des-r\u00e9alisations-MCL-G\u00e9rardmer-2019-1.jpg\"><img decoding=\"async\" class=\"aligncenter size-full wp-image-142547\" src=\"\/2019\/02\/finale-24H-des-r\u00e9alisations-MCL-G\u00e9rardmer-2019-1.jpg\" alt=\"finale 24H des r\u00e9alisations MCL G\u00e9rardmer 2019 (1)\" width=\"600\" height=\"800\" \/><\/a><\/p>\n","protected":false},"excerpt":{"rendered":"<p>Ce dernier weekend avait lieu la finale nationale des 24h des r\u00e9alisations \u00e0 Paris organis\u00e9e par la F\u00e9d\u00e9ration Fran\u00e7aise des [&hellip;]<\/p>\n","protected":false},"author":1,"featured_media":39995,"comment_status":"open","ping_status":"open","sticky":false,"template":"","format":"standard","meta":{"footnotes":""},"categories":[20,4,18],"tags":[2733],"class_list":["post-39994","post","type-post","status-publish","format-standard","has-post-thumbnail","hentry","category-a-la-une","category-culture","category-vosges","tag-24h-des-realisations"],"acf":[],"yoast_head":"<!-- This site is optimized with the Yoast SEO plugin v22.5 - https:\/\/yoast.com\/wordpress\/plugins\/seo\/ -->\n<title>24H des R\u00e9alisations : l&#039;\u00e9quipe de la MCL remporte la finale nationale ! - Gerardmer Info<\/title>\n<meta name=\"robots\" content=\"index, follow, max-snippet:-1, max-image-preview:large, max-video-preview:-1\" \/>\n<link rel=\"canonical\" href=\"https:\/\/vosgesinfo.fr\/gerardmerinfo\/2019\/02\/24h-realisations-lequipe-de-mcl-remporte-finale-nationale\/\" \/>\n<meta name=\"twitter:card\" content=\"summary_large_image\" \/>\n<meta name=\"twitter:title\" content=\"24H des R\u00e9alisations : l&#039;\u00e9quipe de la MCL remporte la finale nationale ! - Gerardmer Info\" \/>\n<meta name=\"twitter:description\" content=\"Ce dernier weekend avait lieu la finale nationale des 24h des r\u00e9alisations \u00e0 Paris organis\u00e9e par la F\u00e9d\u00e9ration Fran\u00e7aise des [&hellip;]\" \/>\n<meta name=\"twitter:image\" content=\"https:\/\/vosgesinfo.fr\/app\/uploads\/sites\/6\/2024\/07\/201902finale-24h-des-realisations-mcl-gerardmer-2019-2.jpg\" \/>\n<meta name=\"twitter:creator\" content=\"@VosgesInfo88\" \/>\n<meta name=\"twitter:site\" content=\"@VosgesInfo88\" \/>\n<meta name=\"twitter:label1\" content=\"\u00c9crit par\" \/>\n\t<meta name=\"twitter:data1\" content=\"qs_admin\" \/>\n\t<meta name=\"twitter:label2\" content=\"Dur\u00e9e de lecture estim\u00e9e\" \/>\n\t<meta name=\"twitter:data2\" content=\"1 minute\" \/>\n<script type=\"application\/ld+json\" class=\"yoast-schema-graph\">{\"@context\":\"https:\/\/schema.org\",\"@graph\":[{\"@type\":\"Article\",\"@id\":\"https:\/\/vosgesinfo.fr\/gerardmerinfo\/2019\/02\/24h-realisations-lequipe-de-mcl-remporte-finale-nationale\/#article\",\"isPartOf\":{\"@id\":\"https:\/\/vosgesinfo.fr\/gerardmerinfo\/2019\/02\/24h-realisations-lequipe-de-mcl-remporte-finale-nationale\/\"},\"author\":{\"name\":\"qs_admin\",\"@id\":\"https:\/\/vosgesinfo.fr\/gerardmerinfo\/#\/schema\/person\/bc5d02d71e6932e81b6dadb7386667b1\"},\"headline\":\"24H des R\u00e9alisations : l&rsquo;\u00e9quipe de la MCL remporte la finale nationale !\",\"datePublished\":\"2019-02-26T15:46:25+00:00\",\"dateModified\":\"2019-02-26T15:46:25+00:00\",\"mainEntityOfPage\":{\"@id\":\"https:\/\/vosgesinfo.fr\/gerardmerinfo\/2019\/02\/24h-realisations-lequipe-de-mcl-remporte-finale-nationale\/\"},\"wordCount\":142,\"commentCount\":0,\"publisher\":{\"@id\":\"https:\/\/vosgesinfo.fr\/gerardmerinfo\/#organization\"},\"image\":{\"@id\":\"https:\/\/vosgesinfo.fr\/gerardmerinfo\/2019\/02\/24h-realisations-lequipe-de-mcl-remporte-finale-nationale\/#primaryimage\"},\"thumbnailUrl\":\"https:\/\/vosgesinfo.fr\/app\/uploads\/sites\/6\/2024\/07\/201902finale-24h-des-realisations-mcl-gerardmer-2019-2.jpg\",\"keywords\":[\"24H des r\u00e9alisations\"],\"articleSection\":[\"A la une\",\"Culture\",\"Vosges\"],\"inLanguage\":\"fr-FR\",\"potentialAction\":[{\"@type\":\"CommentAction\",\"name\":\"Comment\",\"target\":[\"https:\/\/vosgesinfo.fr\/gerardmerinfo\/2019\/02\/24h-realisations-lequipe-de-mcl-remporte-finale-nationale\/#respond\"]}]},{\"@type\":\"WebPage\",\"@id\":\"https:\/\/vosgesinfo.fr\/gerardmerinfo\/2019\/02\/24h-realisations-lequipe-de-mcl-remporte-finale-nationale\/\",\"url\":\"https:\/\/vosgesinfo.fr\/gerardmerinfo\/2019\/02\/24h-realisations-lequipe-de-mcl-remporte-finale-nationale\/\",\"name\":\"24H des R\u00e9alisations : l'\u00e9quipe de la MCL remporte la finale nationale ! - Gerardmer Info\",\"isPartOf\":{\"@id\":\"https:\/\/vosgesinfo.fr\/gerardmerinfo\/#website\"},\"primaryImageOfPage\":{\"@id\":\"https:\/\/vosgesinfo.fr\/gerardmerinfo\/2019\/02\/24h-realisations-lequipe-de-mcl-remporte-finale-nationale\/#primaryimage\"},\"image\":{\"@id\":\"https:\/\/vosgesinfo.fr\/gerardmerinfo\/2019\/02\/24h-realisations-lequipe-de-mcl-remporte-finale-nationale\/#primaryimage\"},\"thumbnailUrl\":\"https:\/\/vosgesinfo.fr\/app\/uploads\/sites\/6\/2024\/07\/201902finale-24h-des-realisations-mcl-gerardmer-2019-2.jpg\",\"datePublished\":\"2019-02-26T15:46:25+00:00\",\"dateModified\":\"2019-02-26T15:46:25+00:00\",\"breadcrumb\":{\"@id\":\"https:\/\/vosgesinfo.fr\/gerardmerinfo\/2019\/02\/24h-realisations-lequipe-de-mcl-remporte-finale-nationale\/#breadcrumb\"},\"inLanguage\":\"fr-FR\",\"potentialAction\":[{\"@type\":\"ReadAction\",\"target\":[\"https:\/\/vosgesinfo.fr\/gerardmerinfo\/2019\/02\/24h-realisations-lequipe-de-mcl-remporte-finale-nationale\/\"]}]},{\"@type\":\"ImageObject\",\"inLanguage\":\"fr-FR\",\"@id\":\"https:\/\/vosgesinfo.fr\/gerardmerinfo\/2019\/02\/24h-realisations-lequipe-de-mcl-remporte-finale-nationale\/#primaryimage\",\"url\":\"https:\/\/vosgesinfo.fr\/app\/uploads\/sites\/6\/2024\/07\/201902finale-24h-des-realisations-mcl-gerardmer-2019-2.jpg\",\"contentUrl\":\"https:\/\/vosgesinfo.fr\/app\/uploads\/sites\/6\/2024\/07\/201902finale-24h-des-realisations-mcl-gerardmer-2019-2.jpg\",\"width\":800,\"height\":533},{\"@type\":\"BreadcrumbList\",\"@id\":\"https:\/\/vosgesinfo.fr\/gerardmerinfo\/2019\/02\/24h-realisations-lequipe-de-mcl-remporte-finale-nationale\/#breadcrumb\",\"itemListElement\":[{\"@type\":\"ListItem\",\"position\":1,\"name\":\"Home\",\"item\":\"https:\/\/vosgesinfo.fr\/gerardmerinfo\/\"},{\"@type\":\"ListItem\",\"position\":2,\"name\":\"24H des R\u00e9alisations : l&rsquo;\u00e9quipe de la MCL remporte la finale nationale !\"}]},{\"@type\":\"WebSite\",\"@id\":\"https:\/\/vosgesinfo.fr\/gerardmerinfo\/#website\",\"url\":\"https:\/\/vosgesinfo.fr\/gerardmerinfo\/\",\"name\":\"Gerardmer Info\",\"description\":\"Toute l&#039;actualit\u00e9 de G\u00e9rardmer\",\"publisher\":{\"@id\":\"https:\/\/vosgesinfo.fr\/gerardmerinfo\/#organization\"},\"alternateName\":\"Toute l'actualit\u00e9 de G\u00e9rardmer\",\"potentialAction\":[{\"@type\":\"SearchAction\",\"target\":{\"@type\":\"EntryPoint\",\"urlTemplate\":\"https:\/\/vosgesinfo.fr\/gerardmerinfo\/?s={search_term_string}\"},\"query-input\":\"required name=search_term_string\"}],\"inLanguage\":\"fr-FR\"},{\"@type\":\"Organization\",\"@id\":\"https:\/\/vosgesinfo.fr\/gerardmerinfo\/#organization\",\"name\":\"Gerardmer Info\",\"url\":\"https:\/\/vosgesinfo.fr\/gerardmerinfo\/\",\"logo\":{\"@type\":\"ImageObject\",\"inLanguage\":\"fr-FR\",\"@id\":\"https:\/\/vosgesinfo.fr\/gerardmerinfo\/#\/schema\/logo\/image\/\",\"url\":\"https:\/\/vosgesinfo.fr\/app\/uploads\/sites\/6\/2023\/08\/favicon-gerardmerinfo.png\",\"contentUrl\":\"https:\/\/vosgesinfo.fr\/app\/uploads\/sites\/6\/2023\/08\/favicon-gerardmerinfo.png\",\"width\":512,\"height\":512,\"caption\":\"Gerardmer Info\"},\"image\":{\"@id\":\"https:\/\/vosgesinfo.fr\/gerardmerinfo\/#\/schema\/logo\/image\/\"},\"sameAs\":[\"https:\/\/www.facebook.com\/profile.php?id=100049475262660\",\"https:\/\/x.com\/VosgesInfo88\",\"https:\/\/www.youtube.com\/@vosgesinfo\"]},{\"@type\":\"Person\",\"@id\":\"https:\/\/vosgesinfo.fr\/gerardmerinfo\/#\/schema\/person\/bc5d02d71e6932e81b6dadb7386667b1\",\"name\":\"qs_admin\",\"image\":{\"@type\":\"ImageObject\",\"inLanguage\":\"fr-FR\",\"@id\":\"https:\/\/vosgesinfo.fr\/gerardmerinfo\/#\/schema\/person\/image\/\",\"url\":\"https:\/\/secure.gravatar.com\/avatar\/94b18ee0ed79e4a42ea2f2931277b6841a8999fc6fde214600c78057cf1fe1de?s=96&d=mm&r=g\",\"contentUrl\":\"https:\/\/secure.gravatar.com\/avatar\/94b18ee0ed79e4a42ea2f2931277b6841a8999fc6fde214600c78057cf1fe1de?s=96&d=mm&r=g\",\"caption\":\"qs_admin\"},\"sameAs\":[\"https:\/\/vosgesinfo.fr\/wp\"],\"url\":\"https:\/\/vosgesinfo.fr\/gerardmerinfo\/author\/qs_admin\/\"}]}<\/script>\n<!-- \/ Yoast SEO plugin. -->","yoast_head_json":{"title":"24H des R\u00e9alisations : l'\u00e9quipe de la MCL remporte la finale nationale ! - Gerardmer Info","robots":{"index":"index","follow":"follow","max-snippet":"max-snippet:-1","max-image-preview":"max-image-preview:large","max-video-preview":"max-video-preview:-1"},"canonical":"https:\/\/vosgesinfo.fr\/gerardmerinfo\/2019\/02\/24h-realisations-lequipe-de-mcl-remporte-finale-nationale\/","twitter_card":"summary_large_image","twitter_title":"24H des R\u00e9alisations : l'\u00e9quipe de la MCL remporte la finale nationale ! - Gerardmer Info","twitter_description":"Ce dernier weekend avait lieu la finale nationale des 24h des r\u00e9alisations \u00e0 Paris organis\u00e9e par la F\u00e9d\u00e9ration Fran\u00e7aise des [&hellip;]","twitter_image":"https:\/\/vosgesinfo.fr\/app\/uploads\/sites\/6\/2024\/07\/201902finale-24h-des-realisations-mcl-gerardmer-2019-2.jpg","twitter_creator":"@VosgesInfo88","twitter_site":"@VosgesInfo88","twitter_misc":{"\u00c9crit par":"qs_admin","Dur\u00e9e de lecture estim\u00e9e":"1 minute"},"schema":{"@context":"https:\/\/schema.org","@graph":[{"@type":"Article","@id":"https:\/\/vosgesinfo.fr\/gerardmerinfo\/2019\/02\/24h-realisations-lequipe-de-mcl-remporte-finale-nationale\/#article","isPartOf":{"@id":"https:\/\/vosgesinfo.fr\/gerardmerinfo\/2019\/02\/24h-realisations-lequipe-de-mcl-remporte-finale-nationale\/"},"author":{"name":"qs_admin","@id":"https:\/\/vosgesinfo.fr\/gerardmerinfo\/#\/schema\/person\/bc5d02d71e6932e81b6dadb7386667b1"},"headline":"24H des R\u00e9alisations : l&rsquo;\u00e9quipe de la MCL remporte la finale nationale !","datePublished":"2019-02-26T15:46:25+00:00","dateModified":"2019-02-26T15:46:25+00:00","mainEntityOfPage":{"@id":"https:\/\/vosgesinfo.fr\/gerardmerinfo\/2019\/02\/24h-realisations-lequipe-de-mcl-remporte-finale-nationale\/"},"wordCount":142,"commentCount":0,"publisher":{"@id":"https:\/\/vosgesinfo.fr\/gerardmerinfo\/#organization"},"image":{"@id":"https:\/\/vosgesinfo.fr\/gerardmerinfo\/2019\/02\/24h-realisations-lequipe-de-mcl-remporte-finale-nationale\/#primaryimage"},"thumbnailUrl":"https:\/\/vosgesinfo.fr\/app\/uploads\/sites\/6\/2024\/07\/201902finale-24h-des-realisations-mcl-gerardmer-2019-2.jpg","keywords":["24H des r\u00e9alisations"],"articleSection":["A la une","Culture","Vosges"],"inLanguage":"fr-FR","potentialAction":[{"@type":"CommentAction","name":"Comment","target":["https:\/\/vosgesinfo.fr\/gerardmerinfo\/2019\/02\/24h-realisations-lequipe-de-mcl-remporte-finale-nationale\/#respond"]}]},{"@type":"WebPage","@id":"https:\/\/vosgesinfo.fr\/gerardmerinfo\/2019\/02\/24h-realisations-lequipe-de-mcl-remporte-finale-nationale\/","url":"https:\/\/vosgesinfo.fr\/gerardmerinfo\/2019\/02\/24h-realisations-lequipe-de-mcl-remporte-finale-nationale\/","name":"24H des R\u00e9alisations : l'\u00e9quipe de la MCL remporte la finale nationale ! - Gerardmer Info","isPartOf":{"@id":"https:\/\/vosgesinfo.fr\/gerardmerinfo\/#website"},"primaryImageOfPage":{"@id":"https:\/\/vosgesinfo.fr\/gerardmerinfo\/2019\/02\/24h-realisations-lequipe-de-mcl-remporte-finale-nationale\/#primaryimage"},"image":{"@id":"https:\/\/vosgesinfo.fr\/gerardmerinfo\/2019\/02\/24h-realisations-lequipe-de-mcl-remporte-finale-nationale\/#primaryimage"},"thumbnailUrl":"https:\/\/vosgesinfo.fr\/app\/uploads\/sites\/6\/2024\/07\/201902finale-24h-des-realisations-mcl-gerardmer-2019-2.jpg","datePublished":"2019-02-26T15:46:25+00:00","dateModified":"2019-02-26T15:46:25+00:00","breadcrumb":{"@id":"https:\/\/vosgesinfo.fr\/gerardmerinfo\/2019\/02\/24h-realisations-lequipe-de-mcl-remporte-finale-nationale\/#breadcrumb"},"inLanguage":"fr-FR","potentialAction":[{"@type":"ReadAction","target":["https:\/\/vosgesinfo.fr\/gerardmerinfo\/2019\/02\/24h-realisations-lequipe-de-mcl-remporte-finale-nationale\/"]}]},{"@type":"ImageObject","inLanguage":"fr-FR","@id":"https:\/\/vosgesinfo.fr\/gerardmerinfo\/2019\/02\/24h-realisations-lequipe-de-mcl-remporte-finale-nationale\/#primaryimage","url":"https:\/\/vosgesinfo.fr\/app\/uploads\/sites\/6\/2024\/07\/201902finale-24h-des-realisations-mcl-gerardmer-2019-2.jpg","contentUrl":"https:\/\/vosgesinfo.fr\/app\/uploads\/sites\/6\/2024\/07\/201902finale-24h-des-realisations-mcl-gerardmer-2019-2.jpg","width":800,"height":533},{"@type":"BreadcrumbList","@id":"https:\/\/vosgesinfo.fr\/gerardmerinfo\/2019\/02\/24h-realisations-lequipe-de-mcl-remporte-finale-nationale\/#breadcrumb","itemListElement":[{"@type":"ListItem","position":1,"name":"Home","item":"https:\/\/vosgesinfo.fr\/gerardmerinfo\/"},{"@type":"ListItem","position":2,"name":"24H des R\u00e9alisations : l&rsquo;\u00e9quipe de la MCL remporte la finale nationale !"}]},{"@type":"WebSite","@id":"https:\/\/vosgesinfo.fr\/gerardmerinfo\/#website","url":"https:\/\/vosgesinfo.fr\/gerardmerinfo\/","name":"Gerardmer Info","description":"Toute l&#039;actualit\u00e9 de G\u00e9rardmer","publisher":{"@id":"https:\/\/vosgesinfo.fr\/gerardmerinfo\/#organization"},"alternateName":"Toute l'actualit\u00e9 de G\u00e9rardmer","potentialAction":[{"@type":"SearchAction","target":{"@type":"EntryPoint","urlTemplate":"https:\/\/vosgesinfo.fr\/gerardmerinfo\/?s={search_term_string}"},"query-input":"required name=search_term_string"}],"inLanguage":"fr-FR"},{"@type":"Organization","@id":"https:\/\/vosgesinfo.fr\/gerardmerinfo\/#organization","name":"Gerardmer Info","url":"https:\/\/vosgesinfo.fr\/gerardmerinfo\/","logo":{"@type":"ImageObject","inLanguage":"fr-FR","@id":"https:\/\/vosgesinfo.fr\/gerardmerinfo\/#\/schema\/logo\/image\/","url":"https:\/\/vosgesinfo.fr\/app\/uploads\/sites\/6\/2023\/08\/favicon-gerardmerinfo.png","contentUrl":"https:\/\/vosgesinfo.fr\/app\/uploads\/sites\/6\/2023\/08\/favicon-gerardmerinfo.png","width":512,"height":512,"caption":"Gerardmer Info"},"image":{"@id":"https:\/\/vosgesinfo.fr\/gerardmerinfo\/#\/schema\/logo\/image\/"},"sameAs":["https:\/\/www.facebook.com\/profile.php?id=100049475262660","https:\/\/x.com\/VosgesInfo88","https:\/\/www.youtube.com\/@vosgesinfo"]},{"@type":"Person","@id":"https:\/\/vosgesinfo.fr\/gerardmerinfo\/#\/schema\/person\/bc5d02d71e6932e81b6dadb7386667b1","name":"qs_admin","image":{"@type":"ImageObject","inLanguage":"fr-FR","@id":"https:\/\/vosgesinfo.fr\/gerardmerinfo\/#\/schema\/person\/image\/","url":"https:\/\/secure.gravatar.com\/avatar\/94b18ee0ed79e4a42ea2f2931277b6841a8999fc6fde214600c78057cf1fe1de?s=96&d=mm&r=g","contentUrl":"https:\/\/secure.gravatar.com\/avatar\/94b18ee0ed79e4a42ea2f2931277b6841a8999fc6fde214600c78057cf1fe1de?s=96&d=mm&r=g","caption":"qs_admin"},"sameAs":["https:\/\/vosgesinfo.fr\/wp"],"url":"https:\/\/vosgesinfo.fr\/gerardmerinfo\/author\/qs_admin\/"}]}},"_links":{"self":[{"href":"https:\/\/vosgesinfo.fr\/gerardmerinfo\/wp-json\/wp\/v2\/posts\/39994","targetHints":{"allow":["GET"]}}],"collection":[{"href":"https:\/\/vosgesinfo.fr\/gerardmerinfo\/wp-json\/wp\/v2\/posts"}],"about":[{"href":"https:\/\/vosgesinfo.fr\/gerardmerinfo\/wp-json\/wp\/v2\/types\/post"}],"author":[{"embeddable":true,"href":"https:\/\/vosgesinfo.fr\/gerardmerinfo\/wp-json\/wp\/v2\/users\/1"}],"replies":[{"embeddable":true,"href":"https:\/\/vosgesinfo.fr\/gerardmerinfo\/wp-json\/wp\/v2\/comments?post=39994"}],"version-history":[{"count":0,"href":"https:\/\/vosgesinfo.fr\/gerardmerinfo\/wp-json\/wp\/v2\/posts\/39994\/revisions"}],"wp:featuredmedia":[{"embeddable":true,"href":"https:\/\/vosgesinfo.fr\/gerardmerinfo\/wp-json\/wp\/v2\/media\/39995"}],"wp:attachment":[{"href":"https:\/\/vosgesinfo.fr\/gerardmerinfo\/wp-json\/wp\/v2\/media?parent=39994"}],"wp:term":[{"taxonomy":"category","embeddable":true,"href":"https:\/\/vosgesinfo.fr\/gerardmerinfo\/wp-json\/wp\/v2\/categories?post=39994"},{"taxonomy":"post_tag","embeddable":true,"href":"https:\/\/vosgesinfo.fr\/gerardmerinfo\/wp-json\/wp\/v2\/tags?post=39994"}],"curies":[{"name":"wp","href":"https:\/\/api.w.org\/{rel}","templated":true}]}}