{"id":40018,"date":"2019-03-01T16:42:04","date_gmt":"2019-03-01T15:42:04","guid":{"rendered":"https:\/\/vosgesinfo.fr\/gerardmerinfo\/2019\/03\/incroyables-potagers-invite-a-conference-potager-paresseux-jeudi-7-mars-2019\/"},"modified":"2019-03-01T16:42:04","modified_gmt":"2019-03-01T15:42:04","slug":"incroyables-potagers-invite-a-conference-potager-paresseux-jeudi-7-mars-2019","status":"publish","type":"post","link":"https:\/\/vosgesinfo.fr\/gerardmerinfo\/2019\/03\/incroyables-potagers-invite-a-conference-potager-paresseux-jeudi-7-mars-2019\/","title":{"rendered":"Incroyables Potagers vous invite \u00e0 une conf\u00e9rence \u00ab\u00a0le Potager du Paresseux\u00a0\u00bb le jeudi 7 mars 2019"},"content":{"rendered":"<h3>L&rsquo;association \u00ab\u00a0Incroyables potagers\u00a0\u00bb de G\u00e9rardmer a le plaisir de vous inviter \u00e0 la conf\u00e9rence propos\u00e9e par Didier Helmstetter : \u00ab\u00a0Le Potager du Paresseux\u00a0\u00bb<\/h3>\n<p>Qui est-il ?<\/p>\n<p><a href=\"\/2019\/02\/conf\u00e9rence-incroyables-potagers.jpg\"><img decoding=\"async\" class=\"alignright wp-image-142603\" src=\"\/2019\/02\/conf\u00e9rence-incroyables-potagers.jpg\" alt=\"conf\u00e9rence incroyables potagers\" width=\"226\" height=\"344\" \/><\/a>Il est le fils d&rsquo;un petit paysan \/ producteur de plants de l\u00e9gumes et de fleurs en Alsace Bossue. Il est ing\u00e9nieur agronome, dipl\u00f4m\u00e9 d&rsquo;une des grandes \u00e9coles fran\u00e7aises. Il a travaill\u00e9 \u00e0 \u00ab\u00a0l&rsquo;am\u00e9lioration des syst\u00e8mes de production paysans\u00a0\u00bb dans divers pays africains : Tchad, Niger, Namibie. En France, il a collabor\u00e9 avec diff\u00e9rents organismes agricoles, en tant que charg\u00e9 du d\u00e9veloppement agricole, puis il s&rsquo;est engag\u00e9 dans la formation agricole. Suite \u00e0 un infarctus, et \u00e0 quelques rencontres fortuites avec des pionniers de certaines formes d&rsquo;agricultures \u00ab\u00a0diff\u00e9rentes\u00a0\u00bb (sans travail du sol ou biologique ou permaculture ou biodynamie), diminu\u00e9 physiquement, il s&rsquo;est mis en t\u00eate de d\u00e9velopper, depuis 6 ans, dans son potager \u00e0 Rosheim, un mod\u00e8le de jardinage r\u00e9duisant au maximum les efforts physiques tout en optimisant les r\u00e9sultats obtenus : quantit\u00e9 et qualit\u00e9. Il s&rsquo;est, pour d\u00e9velopper son \u00ab Potager du Paresseux \u00bb, bas\u00e9s sur les connaissances agronomiques les plus r\u00e9centes&#8230;<br \/>\nEn savoir plus : <a href=\"https:\/\/www.youtube.com\/watch?v=7mTtwzHNSpE\" target=\"_blank\" rel=\"noopener\">https:\/\/www.youtube.com\/watch?v=7mTtwzHNSpE<\/a><br \/>\nQui sommes-nous ? L&rsquo;association \u00ab\u00a0Incroyables potagers\u00a0\u00bb a pour but de donner envie aux G\u00e9r\u00f4mois :<\/p>\n<p>&#8211; De cr\u00e9er des jardins, des bacs potagers partout, dans tous les quartiers &#8211; De multiplier de petites oasis de nature et de biodiversit\u00e9\u2026<\/p>\n<p>&#8211; De d\u00e9velopper la culture de plantes comestibles bio, partout en ville o\u00f9 cela est possible<\/p>\n<p>&#8211; Mais aussi de favoriser les liens sociaux (partage, solidarit\u00e9\u2026).<\/p>\n<p>Tout ceci est possible en appliquant de nouvelles fa\u00e7ons de cultiver et de jardiner, en d\u00e9pensant moins de temps et d&rsquo;\u00e9nergie. Didier Helmstetter du Potager du Paresseux vous expliquera comment ! Venez nous rejoindre le jeudi 7 mars 2019 \u00e0 la salle d&rsquo;armes.<\/p>\n","protected":false},"excerpt":{"rendered":"<p>L&rsquo;association \u00ab\u00a0Incroyables potagers\u00a0\u00bb de G\u00e9rardmer a le plaisir de vous inviter \u00e0 la conf\u00e9rence propos\u00e9e par Didier Helmstetter : \u00ab\u00a0Le [&hellip;]<\/p>\n","protected":false},"author":1,"featured_media":40019,"comment_status":"open","ping_status":"open","sticky":false,"template":"","format":"standard","meta":{"footnotes":""},"categories":[20,25,17],"tags":[283],"class_list":["post-40018","post","type-post","status-publish","format-standard","has-post-thumbnail","hentry","category-a-la-une","category-gerardmer","category-vie-associative","tag-incroyables-potagers"],"acf":[],"yoast_head":"<!-- This site is optimized with the Yoast SEO plugin v22.5 - https:\/\/yoast.com\/wordpress\/plugins\/seo\/ -->\n<title>Incroyables Potagers vous invite \u00e0 une conf\u00e9rence &quot;le Potager du Paresseux&quot; le jeudi 7 mars 2019 - Gerardmer Info<\/title>\n<meta name=\"robots\" content=\"index, follow, max-snippet:-1, max-image-preview:large, max-video-preview:-1\" \/>\n<link rel=\"canonical\" href=\"https:\/\/vosgesinfo.fr\/gerardmerinfo\/2019\/03\/incroyables-potagers-invite-a-conference-potager-paresseux-jeudi-7-mars-2019\/\" \/>\n<meta name=\"twitter:card\" content=\"summary_large_image\" \/>\n<meta name=\"twitter:title\" content=\"Incroyables Potagers vous invite \u00e0 une conf\u00e9rence &quot;le Potager du Paresseux&quot; le jeudi 7 mars 2019 - Gerardmer Info\" \/>\n<meta name=\"twitter:description\" content=\"L&rsquo;association \u00ab\u00a0Incroyables potagers\u00a0\u00bb de G\u00e9rardmer a le plaisir de vous inviter \u00e0 la conf\u00e9rence propos\u00e9e par Didier Helmstetter : \u00ab\u00a0Le [&hellip;]\" \/>\n<meta name=\"twitter:image\" content=\"https:\/\/vosgesinfo.fr\/app\/uploads\/sites\/6\/2024\/07\/201902conference-incroyables-potagers.jpg\" \/>\n<meta name=\"twitter:creator\" content=\"@VosgesInfo88\" \/>\n<meta name=\"twitter:site\" content=\"@VosgesInfo88\" \/>\n<meta name=\"twitter:label1\" content=\"\u00c9crit par\" \/>\n\t<meta name=\"twitter:data1\" content=\"qs_admin\" \/>\n\t<meta name=\"twitter:label2\" content=\"Dur\u00e9e de lecture estim\u00e9e\" \/>\n\t<meta name=\"twitter:data2\" content=\"2 minutes\" \/>\n<script type=\"application\/ld+json\" class=\"yoast-schema-graph\">{\"@context\":\"https:\/\/schema.org\",\"@graph\":[{\"@type\":\"Article\",\"@id\":\"https:\/\/vosgesinfo.fr\/gerardmerinfo\/2019\/03\/incroyables-potagers-invite-a-conference-potager-paresseux-jeudi-7-mars-2019\/#article\",\"isPartOf\":{\"@id\":\"https:\/\/vosgesinfo.fr\/gerardmerinfo\/2019\/03\/incroyables-potagers-invite-a-conference-potager-paresseux-jeudi-7-mars-2019\/\"},\"author\":{\"name\":\"qs_admin\",\"@id\":\"https:\/\/vosgesinfo.fr\/gerardmerinfo\/#\/schema\/person\/bc5d02d71e6932e81b6dadb7386667b1\"},\"headline\":\"Incroyables Potagers vous invite \u00e0 une conf\u00e9rence \u00ab\u00a0le Potager du Paresseux\u00a0\u00bb le jeudi 7 mars 2019\",\"datePublished\":\"2019-03-01T15:42:04+00:00\",\"dateModified\":\"2019-03-01T15:42:04+00:00\",\"mainEntityOfPage\":{\"@id\":\"https:\/\/vosgesinfo.fr\/gerardmerinfo\/2019\/03\/incroyables-potagers-invite-a-conference-potager-paresseux-jeudi-7-mars-2019\/\"},\"wordCount\":329,\"commentCount\":0,\"publisher\":{\"@id\":\"https:\/\/vosgesinfo.fr\/gerardmerinfo\/#organization\"},\"image\":{\"@id\":\"https:\/\/vosgesinfo.fr\/gerardmerinfo\/2019\/03\/incroyables-potagers-invite-a-conference-potager-paresseux-jeudi-7-mars-2019\/#primaryimage\"},\"thumbnailUrl\":\"https:\/\/vosgesinfo.fr\/app\/uploads\/sites\/6\/2024\/07\/201902conference-incroyables-potagers.jpg\",\"keywords\":[\"Incroyables potagers\"],\"articleSection\":[\"A la une\",\"G\u00e9rardmer\",\"Vie Associative\"],\"inLanguage\":\"fr-FR\",\"potentialAction\":[{\"@type\":\"CommentAction\",\"name\":\"Comment\",\"target\":[\"https:\/\/vosgesinfo.fr\/gerardmerinfo\/2019\/03\/incroyables-potagers-invite-a-conference-potager-paresseux-jeudi-7-mars-2019\/#respond\"]}]},{\"@type\":\"WebPage\",\"@id\":\"https:\/\/vosgesinfo.fr\/gerardmerinfo\/2019\/03\/incroyables-potagers-invite-a-conference-potager-paresseux-jeudi-7-mars-2019\/\",\"url\":\"https:\/\/vosgesinfo.fr\/gerardmerinfo\/2019\/03\/incroyables-potagers-invite-a-conference-potager-paresseux-jeudi-7-mars-2019\/\",\"name\":\"Incroyables Potagers vous invite \u00e0 une conf\u00e9rence \\\"le Potager du Paresseux\\\" le jeudi 7 mars 2019 - Gerardmer Info\",\"isPartOf\":{\"@id\":\"https:\/\/vosgesinfo.fr\/gerardmerinfo\/#website\"},\"primaryImageOfPage\":{\"@id\":\"https:\/\/vosgesinfo.fr\/gerardmerinfo\/2019\/03\/incroyables-potagers-invite-a-conference-potager-paresseux-jeudi-7-mars-2019\/#primaryimage\"},\"image\":{\"@id\":\"https:\/\/vosgesinfo.fr\/gerardmerinfo\/2019\/03\/incroyables-potagers-invite-a-conference-potager-paresseux-jeudi-7-mars-2019\/#primaryimage\"},\"thumbnailUrl\":\"https:\/\/vosgesinfo.fr\/app\/uploads\/sites\/6\/2024\/07\/201902conference-incroyables-potagers.jpg\",\"datePublished\":\"2019-03-01T15:42:04+00:00\",\"dateModified\":\"2019-03-01T15:42:04+00:00\",\"breadcrumb\":{\"@id\":\"https:\/\/vosgesinfo.fr\/gerardmerinfo\/2019\/03\/incroyables-potagers-invite-a-conference-potager-paresseux-jeudi-7-mars-2019\/#breadcrumb\"},\"inLanguage\":\"fr-FR\",\"potentialAction\":[{\"@type\":\"ReadAction\",\"target\":[\"https:\/\/vosgesinfo.fr\/gerardmerinfo\/2019\/03\/incroyables-potagers-invite-a-conference-potager-paresseux-jeudi-7-mars-2019\/\"]}]},{\"@type\":\"ImageObject\",\"inLanguage\":\"fr-FR\",\"@id\":\"https:\/\/vosgesinfo.fr\/gerardmerinfo\/2019\/03\/incroyables-potagers-invite-a-conference-potager-paresseux-jeudi-7-mars-2019\/#primaryimage\",\"url\":\"https:\/\/vosgesinfo.fr\/app\/uploads\/sites\/6\/2024\/07\/201902conference-incroyables-potagers.jpg\",\"contentUrl\":\"https:\/\/vosgesinfo.fr\/app\/uploads\/sites\/6\/2024\/07\/201902conference-incroyables-potagers.jpg\",\"width\":526,\"height\":800},{\"@type\":\"BreadcrumbList\",\"@id\":\"https:\/\/vosgesinfo.fr\/gerardmerinfo\/2019\/03\/incroyables-potagers-invite-a-conference-potager-paresseux-jeudi-7-mars-2019\/#breadcrumb\",\"itemListElement\":[{\"@type\":\"ListItem\",\"position\":1,\"name\":\"Home\",\"item\":\"https:\/\/vosgesinfo.fr\/gerardmerinfo\/\"},{\"@type\":\"ListItem\",\"position\":2,\"name\":\"Incroyables Potagers vous invite \u00e0 une conf\u00e9rence \u00ab\u00a0le Potager du Paresseux\u00a0\u00bb le jeudi 7 mars 2019\"}]},{\"@type\":\"WebSite\",\"@id\":\"https:\/\/vosgesinfo.fr\/gerardmerinfo\/#website\",\"url\":\"https:\/\/vosgesinfo.fr\/gerardmerinfo\/\",\"name\":\"Gerardmer Info\",\"description\":\"Toute l&#039;actualit\u00e9 de G\u00e9rardmer\",\"publisher\":{\"@id\":\"https:\/\/vosgesinfo.fr\/gerardmerinfo\/#organization\"},\"alternateName\":\"Toute l'actualit\u00e9 de G\u00e9rardmer\",\"potentialAction\":[{\"@type\":\"SearchAction\",\"target\":{\"@type\":\"EntryPoint\",\"urlTemplate\":\"https:\/\/vosgesinfo.fr\/gerardmerinfo\/?s={search_term_string}\"},\"query-input\":\"required name=search_term_string\"}],\"inLanguage\":\"fr-FR\"},{\"@type\":\"Organization\",\"@id\":\"https:\/\/vosgesinfo.fr\/gerardmerinfo\/#organization\",\"name\":\"Gerardmer Info\",\"url\":\"https:\/\/vosgesinfo.fr\/gerardmerinfo\/\",\"logo\":{\"@type\":\"ImageObject\",\"inLanguage\":\"fr-FR\",\"@id\":\"https:\/\/vosgesinfo.fr\/gerardmerinfo\/#\/schema\/logo\/image\/\",\"url\":\"https:\/\/vosgesinfo.fr\/app\/uploads\/sites\/6\/2023\/08\/favicon-gerardmerinfo.png\",\"contentUrl\":\"https:\/\/vosgesinfo.fr\/app\/uploads\/sites\/6\/2023\/08\/favicon-gerardmerinfo.png\",\"width\":512,\"height\":512,\"caption\":\"Gerardmer Info\"},\"image\":{\"@id\":\"https:\/\/vosgesinfo.fr\/gerardmerinfo\/#\/schema\/logo\/image\/\"},\"sameAs\":[\"https:\/\/www.facebook.com\/profile.php?id=100049475262660\",\"https:\/\/x.com\/VosgesInfo88\",\"https:\/\/www.youtube.com\/@vosgesinfo\"]},{\"@type\":\"Person\",\"@id\":\"https:\/\/vosgesinfo.fr\/gerardmerinfo\/#\/schema\/person\/bc5d02d71e6932e81b6dadb7386667b1\",\"name\":\"qs_admin\",\"image\":{\"@type\":\"ImageObject\",\"inLanguage\":\"fr-FR\",\"@id\":\"https:\/\/vosgesinfo.fr\/gerardmerinfo\/#\/schema\/person\/image\/\",\"url\":\"https:\/\/secure.gravatar.com\/avatar\/94b18ee0ed79e4a42ea2f2931277b6841a8999fc6fde214600c78057cf1fe1de?s=96&d=mm&r=g\",\"contentUrl\":\"https:\/\/secure.gravatar.com\/avatar\/94b18ee0ed79e4a42ea2f2931277b6841a8999fc6fde214600c78057cf1fe1de?s=96&d=mm&r=g\",\"caption\":\"qs_admin\"},\"sameAs\":[\"https:\/\/vosgesinfo.fr\/wp\"],\"url\":\"https:\/\/vosgesinfo.fr\/gerardmerinfo\/author\/qs_admin\/\"}]}<\/script>\n<!-- \/ Yoast SEO plugin. -->","yoast_head_json":{"title":"Incroyables Potagers vous invite \u00e0 une conf\u00e9rence \"le Potager du Paresseux\" le jeudi 7 mars 2019 - Gerardmer Info","robots":{"index":"index","follow":"follow","max-snippet":"max-snippet:-1","max-image-preview":"max-image-preview:large","max-video-preview":"max-video-preview:-1"},"canonical":"https:\/\/vosgesinfo.fr\/gerardmerinfo\/2019\/03\/incroyables-potagers-invite-a-conference-potager-paresseux-jeudi-7-mars-2019\/","twitter_card":"summary_large_image","twitter_title":"Incroyables Potagers vous invite \u00e0 une conf\u00e9rence \"le Potager du Paresseux\" le jeudi 7 mars 2019 - Gerardmer Info","twitter_description":"L&rsquo;association \u00ab\u00a0Incroyables potagers\u00a0\u00bb de G\u00e9rardmer a le plaisir de vous inviter \u00e0 la conf\u00e9rence propos\u00e9e par Didier Helmstetter : \u00ab\u00a0Le [&hellip;]","twitter_image":"https:\/\/vosgesinfo.fr\/app\/uploads\/sites\/6\/2024\/07\/201902conference-incroyables-potagers.jpg","twitter_creator":"@VosgesInfo88","twitter_site":"@VosgesInfo88","twitter_misc":{"\u00c9crit par":"qs_admin","Dur\u00e9e de lecture estim\u00e9e":"2 minutes"},"schema":{"@context":"https:\/\/schema.org","@graph":[{"@type":"Article","@id":"https:\/\/vosgesinfo.fr\/gerardmerinfo\/2019\/03\/incroyables-potagers-invite-a-conference-potager-paresseux-jeudi-7-mars-2019\/#article","isPartOf":{"@id":"https:\/\/vosgesinfo.fr\/gerardmerinfo\/2019\/03\/incroyables-potagers-invite-a-conference-potager-paresseux-jeudi-7-mars-2019\/"},"author":{"name":"qs_admin","@id":"https:\/\/vosgesinfo.fr\/gerardmerinfo\/#\/schema\/person\/bc5d02d71e6932e81b6dadb7386667b1"},"headline":"Incroyables Potagers vous invite \u00e0 une conf\u00e9rence \u00ab\u00a0le Potager du Paresseux\u00a0\u00bb le jeudi 7 mars 2019","datePublished":"2019-03-01T15:42:04+00:00","dateModified":"2019-03-01T15:42:04+00:00","mainEntityOfPage":{"@id":"https:\/\/vosgesinfo.fr\/gerardmerinfo\/2019\/03\/incroyables-potagers-invite-a-conference-potager-paresseux-jeudi-7-mars-2019\/"},"wordCount":329,"commentCount":0,"publisher":{"@id":"https:\/\/vosgesinfo.fr\/gerardmerinfo\/#organization"},"image":{"@id":"https:\/\/vosgesinfo.fr\/gerardmerinfo\/2019\/03\/incroyables-potagers-invite-a-conference-potager-paresseux-jeudi-7-mars-2019\/#primaryimage"},"thumbnailUrl":"https:\/\/vosgesinfo.fr\/app\/uploads\/sites\/6\/2024\/07\/201902conference-incroyables-potagers.jpg","keywords":["Incroyables potagers"],"articleSection":["A la une","G\u00e9rardmer","Vie Associative"],"inLanguage":"fr-FR","potentialAction":[{"@type":"CommentAction","name":"Comment","target":["https:\/\/vosgesinfo.fr\/gerardmerinfo\/2019\/03\/incroyables-potagers-invite-a-conference-potager-paresseux-jeudi-7-mars-2019\/#respond"]}]},{"@type":"WebPage","@id":"https:\/\/vosgesinfo.fr\/gerardmerinfo\/2019\/03\/incroyables-potagers-invite-a-conference-potager-paresseux-jeudi-7-mars-2019\/","url":"https:\/\/vosgesinfo.fr\/gerardmerinfo\/2019\/03\/incroyables-potagers-invite-a-conference-potager-paresseux-jeudi-7-mars-2019\/","name":"Incroyables Potagers vous invite \u00e0 une conf\u00e9rence \"le Potager du Paresseux\" le jeudi 7 mars 2019 - Gerardmer Info","isPartOf":{"@id":"https:\/\/vosgesinfo.fr\/gerardmerinfo\/#website"},"primaryImageOfPage":{"@id":"https:\/\/vosgesinfo.fr\/gerardmerinfo\/2019\/03\/incroyables-potagers-invite-a-conference-potager-paresseux-jeudi-7-mars-2019\/#primaryimage"},"image":{"@id":"https:\/\/vosgesinfo.fr\/gerardmerinfo\/2019\/03\/incroyables-potagers-invite-a-conference-potager-paresseux-jeudi-7-mars-2019\/#primaryimage"},"thumbnailUrl":"https:\/\/vosgesinfo.fr\/app\/uploads\/sites\/6\/2024\/07\/201902conference-incroyables-potagers.jpg","datePublished":"2019-03-01T15:42:04+00:00","dateModified":"2019-03-01T15:42:04+00:00","breadcrumb":{"@id":"https:\/\/vosgesinfo.fr\/gerardmerinfo\/2019\/03\/incroyables-potagers-invite-a-conference-potager-paresseux-jeudi-7-mars-2019\/#breadcrumb"},"inLanguage":"fr-FR","potentialAction":[{"@type":"ReadAction","target":["https:\/\/vosgesinfo.fr\/gerardmerinfo\/2019\/03\/incroyables-potagers-invite-a-conference-potager-paresseux-jeudi-7-mars-2019\/"]}]},{"@type":"ImageObject","inLanguage":"fr-FR","@id":"https:\/\/vosgesinfo.fr\/gerardmerinfo\/2019\/03\/incroyables-potagers-invite-a-conference-potager-paresseux-jeudi-7-mars-2019\/#primaryimage","url":"https:\/\/vosgesinfo.fr\/app\/uploads\/sites\/6\/2024\/07\/201902conference-incroyables-potagers.jpg","contentUrl":"https:\/\/vosgesinfo.fr\/app\/uploads\/sites\/6\/2024\/07\/201902conference-incroyables-potagers.jpg","width":526,"height":800},{"@type":"BreadcrumbList","@id":"https:\/\/vosgesinfo.fr\/gerardmerinfo\/2019\/03\/incroyables-potagers-invite-a-conference-potager-paresseux-jeudi-7-mars-2019\/#breadcrumb","itemListElement":[{"@type":"ListItem","position":1,"name":"Home","item":"https:\/\/vosgesinfo.fr\/gerardmerinfo\/"},{"@type":"ListItem","position":2,"name":"Incroyables Potagers vous invite \u00e0 une conf\u00e9rence \u00ab\u00a0le Potager du Paresseux\u00a0\u00bb le jeudi 7 mars 2019"}]},{"@type":"WebSite","@id":"https:\/\/vosgesinfo.fr\/gerardmerinfo\/#website","url":"https:\/\/vosgesinfo.fr\/gerardmerinfo\/","name":"Gerardmer Info","description":"Toute l&#039;actualit\u00e9 de G\u00e9rardmer","publisher":{"@id":"https:\/\/vosgesinfo.fr\/gerardmerinfo\/#organization"},"alternateName":"Toute l'actualit\u00e9 de G\u00e9rardmer","potentialAction":[{"@type":"SearchAction","target":{"@type":"EntryPoint","urlTemplate":"https:\/\/vosgesinfo.fr\/gerardmerinfo\/?s={search_term_string}"},"query-input":"required name=search_term_string"}],"inLanguage":"fr-FR"},{"@type":"Organization","@id":"https:\/\/vosgesinfo.fr\/gerardmerinfo\/#organization","name":"Gerardmer Info","url":"https:\/\/vosgesinfo.fr\/gerardmerinfo\/","logo":{"@type":"ImageObject","inLanguage":"fr-FR","@id":"https:\/\/vosgesinfo.fr\/gerardmerinfo\/#\/schema\/logo\/image\/","url":"https:\/\/vosgesinfo.fr\/app\/uploads\/sites\/6\/2023\/08\/favicon-gerardmerinfo.png","contentUrl":"https:\/\/vosgesinfo.fr\/app\/uploads\/sites\/6\/2023\/08\/favicon-gerardmerinfo.png","width":512,"height":512,"caption":"Gerardmer Info"},"image":{"@id":"https:\/\/vosgesinfo.fr\/gerardmerinfo\/#\/schema\/logo\/image\/"},"sameAs":["https:\/\/www.facebook.com\/profile.php?id=100049475262660","https:\/\/x.com\/VosgesInfo88","https:\/\/www.youtube.com\/@vosgesinfo"]},{"@type":"Person","@id":"https:\/\/vosgesinfo.fr\/gerardmerinfo\/#\/schema\/person\/bc5d02d71e6932e81b6dadb7386667b1","name":"qs_admin","image":{"@type":"ImageObject","inLanguage":"fr-FR","@id":"https:\/\/vosgesinfo.fr\/gerardmerinfo\/#\/schema\/person\/image\/","url":"https:\/\/secure.gravatar.com\/avatar\/94b18ee0ed79e4a42ea2f2931277b6841a8999fc6fde214600c78057cf1fe1de?s=96&d=mm&r=g","contentUrl":"https:\/\/secure.gravatar.com\/avatar\/94b18ee0ed79e4a42ea2f2931277b6841a8999fc6fde214600c78057cf1fe1de?s=96&d=mm&r=g","caption":"qs_admin"},"sameAs":["https:\/\/vosgesinfo.fr\/wp"],"url":"https:\/\/vosgesinfo.fr\/gerardmerinfo\/author\/qs_admin\/"}]}},"_links":{"self":[{"href":"https:\/\/vosgesinfo.fr\/gerardmerinfo\/wp-json\/wp\/v2\/posts\/40018","targetHints":{"allow":["GET"]}}],"collection":[{"href":"https:\/\/vosgesinfo.fr\/gerardmerinfo\/wp-json\/wp\/v2\/posts"}],"about":[{"href":"https:\/\/vosgesinfo.fr\/gerardmerinfo\/wp-json\/wp\/v2\/types\/post"}],"author":[{"embeddable":true,"href":"https:\/\/vosgesinfo.fr\/gerardmerinfo\/wp-json\/wp\/v2\/users\/1"}],"replies":[{"embeddable":true,"href":"https:\/\/vosgesinfo.fr\/gerardmerinfo\/wp-json\/wp\/v2\/comments?post=40018"}],"version-history":[{"count":0,"href":"https:\/\/vosgesinfo.fr\/gerardmerinfo\/wp-json\/wp\/v2\/posts\/40018\/revisions"}],"wp:featuredmedia":[{"embeddable":true,"href":"https:\/\/vosgesinfo.fr\/gerardmerinfo\/wp-json\/wp\/v2\/media\/40019"}],"wp:attachment":[{"href":"https:\/\/vosgesinfo.fr\/gerardmerinfo\/wp-json\/wp\/v2\/media?parent=40018"}],"wp:term":[{"taxonomy":"category","embeddable":true,"href":"https:\/\/vosgesinfo.fr\/gerardmerinfo\/wp-json\/wp\/v2\/categories?post=40018"},{"taxonomy":"post_tag","embeddable":true,"href":"https:\/\/vosgesinfo.fr\/gerardmerinfo\/wp-json\/wp\/v2\/tags?post=40018"}],"curies":[{"name":"wp","href":"https:\/\/api.w.org\/{rel}","templated":true}]}}