{"id":40034,"date":"2019-02-28T18:00:27","date_gmt":"2019-02-28T17:00:27","guid":{"rendered":"https:\/\/vosgesinfo.fr\/gerardmerinfo\/2019\/02\/ensemble-sauvons-vies-cpam-lance-campagne-depistage-cancers-vaccination-contre-grippe\/"},"modified":"2019-02-28T18:00:27","modified_gmt":"2019-02-28T17:00:27","slug":"ensemble-sauvons-vies-cpam-lance-campagne-depistage-cancers-vaccination-contre-grippe","status":"publish","type":"post","link":"https:\/\/vosgesinfo.fr\/gerardmerinfo\/2019\/02\/ensemble-sauvons-vies-cpam-lance-campagne-depistage-cancers-vaccination-contre-grippe\/","title":{"rendered":"\u00ab Ensemble sauvons des vies \u00bb : la CPAM lance une campagne pour le d\u00e9pistage des cancers et la vaccination contre la grippe"},"content":{"rendered":"<h2 class=\"p1\"><span style=\"font-size: 14pt;\"><strong><span class=\"s1\">Une vid\u00e9o a \u00e9t\u00e9 publi\u00e9 aujourd\u2019hui \u00e0 16h sur la page Facebook de la caisse primaire d\u2019assurance maladie (CPAM) des Vosges. Un film tr\u00e8s court : 1 minute 45. L\u2019objectif est de sensibiliser le public au d\u00e9pistage du cancer colorectal. Le premier d\u2019une s\u00e9rie de 4 clips.<\/span><\/strong><\/span><\/h2>\n<p class=\"p1\"><span class=\"s1\">A partir de mars 2019, la Caisse Primaire Assurance Maladie (CPAM) des Vosges innove avec un test in vivo, en collaboration avec le territoire du Pays de Remiremont et de ses Vall\u00e9es. Cette op\u00e9ration intervient dans le cadre du Pacte Sant\u00e9 <em>\u00ab Ensemble sauvons des vies \u00bb<\/em> lanc\u00e9 en 2017, pour lutter contre la baisse de la participation de la population locale, aux campagnes de pr\u00e9vention des cancers colorectal, du sein, du col de l\u2019ut\u00e9rus et de la vaccination contre la grippe saisonni\u00e8re. Il s\u2019agit d\u2019une op\u00e9ration de communication cibl\u00e9e sur la population du Pays de Remiremont et de ses Vall\u00e9es (environ 85.000 habitants), dont l\u2019impact sera ensuite mesur\u00e9. 4 films d\u00e9cal\u00e9s et percutants, de format court, sur les 4 sujets, ont \u00e9t\u00e9 r\u00e9alis\u00e9s par une agence de communication et une soci\u00e9t\u00e9 de production locales.<\/span><\/p>\n","protected":false},"excerpt":{"rendered":"<p>Une vid\u00e9o a \u00e9t\u00e9 publi\u00e9 aujourd\u2019hui \u00e0 16h sur la page Facebook de la caisse primaire d\u2019assurance maladie (CPAM) des [&hellip;]<\/p>\n","protected":false},"author":1,"featured_media":40035,"comment_status":"open","ping_status":"open","sticky":false,"template":"","format":"standard","meta":{"footnotes":""},"categories":[20,12,18],"tags":[],"class_list":["post-40034","post","type-post","status-publish","format-standard","has-post-thumbnail","hentry","category-a-la-une","category-sante","category-vosges"],"acf":[],"yoast_head":"<!-- This site is optimized with the Yoast SEO plugin v22.5 - https:\/\/yoast.com\/wordpress\/plugins\/seo\/ -->\n<title>\u00ab Ensemble sauvons des vies \u00bb : la CPAM lance une campagne pour le d\u00e9pistage des cancers et la vaccination contre la grippe - Gerardmer Info<\/title>\n<meta name=\"robots\" content=\"index, follow, max-snippet:-1, max-image-preview:large, max-video-preview:-1\" \/>\n<link rel=\"canonical\" href=\"https:\/\/vosgesinfo.fr\/gerardmerinfo\/2019\/02\/ensemble-sauvons-vies-cpam-lance-campagne-depistage-cancers-vaccination-contre-grippe\/\" \/>\n<meta name=\"twitter:card\" content=\"summary_large_image\" \/>\n<meta name=\"twitter:title\" content=\"\u00ab Ensemble sauvons des vies \u00bb : la CPAM lance une campagne pour le d\u00e9pistage des cancers et la vaccination contre la grippe - Gerardmer Info\" \/>\n<meta name=\"twitter:description\" content=\"Une vid\u00e9o a \u00e9t\u00e9 publi\u00e9 aujourd\u2019hui \u00e0 16h sur la page Facebook de la caisse primaire d\u2019assurance maladie (CPAM) des [&hellip;]\" \/>\n<meta name=\"twitter:image\" content=\"https:\/\/vosgesinfo.fr\/app\/uploads\/sites\/6\/2024\/07\/201902naj.jpg\" \/>\n<meta name=\"twitter:creator\" content=\"@VosgesInfo88\" \/>\n<meta name=\"twitter:site\" content=\"@VosgesInfo88\" \/>\n<meta name=\"twitter:label1\" content=\"\u00c9crit par\" \/>\n\t<meta name=\"twitter:data1\" content=\"qs_admin\" \/>\n\t<meta name=\"twitter:label2\" content=\"Dur\u00e9e de lecture estim\u00e9e\" \/>\n\t<meta name=\"twitter:data2\" content=\"1 minute\" \/>\n<script type=\"application\/ld+json\" class=\"yoast-schema-graph\">{\"@context\":\"https:\/\/schema.org\",\"@graph\":[{\"@type\":\"Article\",\"@id\":\"https:\/\/vosgesinfo.fr\/gerardmerinfo\/2019\/02\/ensemble-sauvons-vies-cpam-lance-campagne-depistage-cancers-vaccination-contre-grippe\/#article\",\"isPartOf\":{\"@id\":\"https:\/\/vosgesinfo.fr\/gerardmerinfo\/2019\/02\/ensemble-sauvons-vies-cpam-lance-campagne-depistage-cancers-vaccination-contre-grippe\/\"},\"author\":{\"name\":\"qs_admin\",\"@id\":\"https:\/\/vosgesinfo.fr\/gerardmerinfo\/#\/schema\/person\/bc5d02d71e6932e81b6dadb7386667b1\"},\"headline\":\"\u00ab Ensemble sauvons des vies \u00bb : la CPAM lance une campagne pour le d\u00e9pistage des cancers et la vaccination contre la grippe\",\"datePublished\":\"2019-02-28T17:00:27+00:00\",\"dateModified\":\"2019-02-28T17:00:27+00:00\",\"mainEntityOfPage\":{\"@id\":\"https:\/\/vosgesinfo.fr\/gerardmerinfo\/2019\/02\/ensemble-sauvons-vies-cpam-lance-campagne-depistage-cancers-vaccination-contre-grippe\/\"},\"wordCount\":216,\"commentCount\":0,\"publisher\":{\"@id\":\"https:\/\/vosgesinfo.fr\/gerardmerinfo\/#organization\"},\"image\":{\"@id\":\"https:\/\/vosgesinfo.fr\/gerardmerinfo\/2019\/02\/ensemble-sauvons-vies-cpam-lance-campagne-depistage-cancers-vaccination-contre-grippe\/#primaryimage\"},\"thumbnailUrl\":\"https:\/\/vosgesinfo.fr\/app\/uploads\/sites\/6\/2024\/07\/201902naj.jpg\",\"articleSection\":[\"A la une\",\"Sant\u00e9\",\"Vosges\"],\"inLanguage\":\"fr-FR\",\"potentialAction\":[{\"@type\":\"CommentAction\",\"name\":\"Comment\",\"target\":[\"https:\/\/vosgesinfo.fr\/gerardmerinfo\/2019\/02\/ensemble-sauvons-vies-cpam-lance-campagne-depistage-cancers-vaccination-contre-grippe\/#respond\"]}]},{\"@type\":\"WebPage\",\"@id\":\"https:\/\/vosgesinfo.fr\/gerardmerinfo\/2019\/02\/ensemble-sauvons-vies-cpam-lance-campagne-depistage-cancers-vaccination-contre-grippe\/\",\"url\":\"https:\/\/vosgesinfo.fr\/gerardmerinfo\/2019\/02\/ensemble-sauvons-vies-cpam-lance-campagne-depistage-cancers-vaccination-contre-grippe\/\",\"name\":\"\u00ab Ensemble sauvons des vies \u00bb : la CPAM lance une campagne pour le d\u00e9pistage des cancers et la vaccination contre la grippe - Gerardmer Info\",\"isPartOf\":{\"@id\":\"https:\/\/vosgesinfo.fr\/gerardmerinfo\/#website\"},\"primaryImageOfPage\":{\"@id\":\"https:\/\/vosgesinfo.fr\/gerardmerinfo\/2019\/02\/ensemble-sauvons-vies-cpam-lance-campagne-depistage-cancers-vaccination-contre-grippe\/#primaryimage\"},\"image\":{\"@id\":\"https:\/\/vosgesinfo.fr\/gerardmerinfo\/2019\/02\/ensemble-sauvons-vies-cpam-lance-campagne-depistage-cancers-vaccination-contre-grippe\/#primaryimage\"},\"thumbnailUrl\":\"https:\/\/vosgesinfo.fr\/app\/uploads\/sites\/6\/2024\/07\/201902naj.jpg\",\"datePublished\":\"2019-02-28T17:00:27+00:00\",\"dateModified\":\"2019-02-28T17:00:27+00:00\",\"breadcrumb\":{\"@id\":\"https:\/\/vosgesinfo.fr\/gerardmerinfo\/2019\/02\/ensemble-sauvons-vies-cpam-lance-campagne-depistage-cancers-vaccination-contre-grippe\/#breadcrumb\"},\"inLanguage\":\"fr-FR\",\"potentialAction\":[{\"@type\":\"ReadAction\",\"target\":[\"https:\/\/vosgesinfo.fr\/gerardmerinfo\/2019\/02\/ensemble-sauvons-vies-cpam-lance-campagne-depistage-cancers-vaccination-contre-grippe\/\"]}]},{\"@type\":\"ImageObject\",\"inLanguage\":\"fr-FR\",\"@id\":\"https:\/\/vosgesinfo.fr\/gerardmerinfo\/2019\/02\/ensemble-sauvons-vies-cpam-lance-campagne-depistage-cancers-vaccination-contre-grippe\/#primaryimage\",\"url\":\"https:\/\/vosgesinfo.fr\/app\/uploads\/sites\/6\/2024\/07\/201902naj.jpg\",\"contentUrl\":\"https:\/\/vosgesinfo.fr\/app\/uploads\/sites\/6\/2024\/07\/201902naj.jpg\",\"width\":800,\"height\":600},{\"@type\":\"BreadcrumbList\",\"@id\":\"https:\/\/vosgesinfo.fr\/gerardmerinfo\/2019\/02\/ensemble-sauvons-vies-cpam-lance-campagne-depistage-cancers-vaccination-contre-grippe\/#breadcrumb\",\"itemListElement\":[{\"@type\":\"ListItem\",\"position\":1,\"name\":\"Home\",\"item\":\"https:\/\/vosgesinfo.fr\/gerardmerinfo\/\"},{\"@type\":\"ListItem\",\"position\":2,\"name\":\"\u00ab Ensemble sauvons des vies \u00bb : la CPAM lance une campagne pour le d\u00e9pistage des cancers et la vaccination contre la grippe\"}]},{\"@type\":\"WebSite\",\"@id\":\"https:\/\/vosgesinfo.fr\/gerardmerinfo\/#website\",\"url\":\"https:\/\/vosgesinfo.fr\/gerardmerinfo\/\",\"name\":\"Gerardmer Info\",\"description\":\"Toute l&#039;actualit\u00e9 de G\u00e9rardmer\",\"publisher\":{\"@id\":\"https:\/\/vosgesinfo.fr\/gerardmerinfo\/#organization\"},\"alternateName\":\"Toute l'actualit\u00e9 de G\u00e9rardmer\",\"potentialAction\":[{\"@type\":\"SearchAction\",\"target\":{\"@type\":\"EntryPoint\",\"urlTemplate\":\"https:\/\/vosgesinfo.fr\/gerardmerinfo\/?s={search_term_string}\"},\"query-input\":\"required name=search_term_string\"}],\"inLanguage\":\"fr-FR\"},{\"@type\":\"Organization\",\"@id\":\"https:\/\/vosgesinfo.fr\/gerardmerinfo\/#organization\",\"name\":\"Gerardmer Info\",\"url\":\"https:\/\/vosgesinfo.fr\/gerardmerinfo\/\",\"logo\":{\"@type\":\"ImageObject\",\"inLanguage\":\"fr-FR\",\"@id\":\"https:\/\/vosgesinfo.fr\/gerardmerinfo\/#\/schema\/logo\/image\/\",\"url\":\"https:\/\/vosgesinfo.fr\/app\/uploads\/sites\/6\/2023\/08\/favicon-gerardmerinfo.png\",\"contentUrl\":\"https:\/\/vosgesinfo.fr\/app\/uploads\/sites\/6\/2023\/08\/favicon-gerardmerinfo.png\",\"width\":512,\"height\":512,\"caption\":\"Gerardmer Info\"},\"image\":{\"@id\":\"https:\/\/vosgesinfo.fr\/gerardmerinfo\/#\/schema\/logo\/image\/\"},\"sameAs\":[\"https:\/\/www.facebook.com\/profile.php?id=100049475262660\",\"https:\/\/x.com\/VosgesInfo88\",\"https:\/\/www.youtube.com\/@vosgesinfo\"]},{\"@type\":\"Person\",\"@id\":\"https:\/\/vosgesinfo.fr\/gerardmerinfo\/#\/schema\/person\/bc5d02d71e6932e81b6dadb7386667b1\",\"name\":\"qs_admin\",\"image\":{\"@type\":\"ImageObject\",\"inLanguage\":\"fr-FR\",\"@id\":\"https:\/\/vosgesinfo.fr\/gerardmerinfo\/#\/schema\/person\/image\/\",\"url\":\"https:\/\/secure.gravatar.com\/avatar\/94b18ee0ed79e4a42ea2f2931277b6841a8999fc6fde214600c78057cf1fe1de?s=96&d=mm&r=g\",\"contentUrl\":\"https:\/\/secure.gravatar.com\/avatar\/94b18ee0ed79e4a42ea2f2931277b6841a8999fc6fde214600c78057cf1fe1de?s=96&d=mm&r=g\",\"caption\":\"qs_admin\"},\"sameAs\":[\"https:\/\/vosgesinfo.fr\/wp\"],\"url\":\"https:\/\/vosgesinfo.fr\/gerardmerinfo\/author\/qs_admin\/\"}]}<\/script>\n<!-- \/ Yoast SEO plugin. -->","yoast_head_json":{"title":"\u00ab Ensemble sauvons des vies \u00bb : la CPAM lance une campagne pour le d\u00e9pistage des cancers et la vaccination contre la grippe - Gerardmer Info","robots":{"index":"index","follow":"follow","max-snippet":"max-snippet:-1","max-image-preview":"max-image-preview:large","max-video-preview":"max-video-preview:-1"},"canonical":"https:\/\/vosgesinfo.fr\/gerardmerinfo\/2019\/02\/ensemble-sauvons-vies-cpam-lance-campagne-depistage-cancers-vaccination-contre-grippe\/","twitter_card":"summary_large_image","twitter_title":"\u00ab Ensemble sauvons des vies \u00bb : la CPAM lance une campagne pour le d\u00e9pistage des cancers et la vaccination contre la grippe - Gerardmer Info","twitter_description":"Une vid\u00e9o a \u00e9t\u00e9 publi\u00e9 aujourd\u2019hui \u00e0 16h sur la page Facebook de la caisse primaire d\u2019assurance maladie (CPAM) des [&hellip;]","twitter_image":"https:\/\/vosgesinfo.fr\/app\/uploads\/sites\/6\/2024\/07\/201902naj.jpg","twitter_creator":"@VosgesInfo88","twitter_site":"@VosgesInfo88","twitter_misc":{"\u00c9crit par":"qs_admin","Dur\u00e9e de lecture estim\u00e9e":"1 minute"},"schema":{"@context":"https:\/\/schema.org","@graph":[{"@type":"Article","@id":"https:\/\/vosgesinfo.fr\/gerardmerinfo\/2019\/02\/ensemble-sauvons-vies-cpam-lance-campagne-depistage-cancers-vaccination-contre-grippe\/#article","isPartOf":{"@id":"https:\/\/vosgesinfo.fr\/gerardmerinfo\/2019\/02\/ensemble-sauvons-vies-cpam-lance-campagne-depistage-cancers-vaccination-contre-grippe\/"},"author":{"name":"qs_admin","@id":"https:\/\/vosgesinfo.fr\/gerardmerinfo\/#\/schema\/person\/bc5d02d71e6932e81b6dadb7386667b1"},"headline":"\u00ab Ensemble sauvons des vies \u00bb : la CPAM lance une campagne pour le d\u00e9pistage des cancers et la vaccination contre la grippe","datePublished":"2019-02-28T17:00:27+00:00","dateModified":"2019-02-28T17:00:27+00:00","mainEntityOfPage":{"@id":"https:\/\/vosgesinfo.fr\/gerardmerinfo\/2019\/02\/ensemble-sauvons-vies-cpam-lance-campagne-depistage-cancers-vaccination-contre-grippe\/"},"wordCount":216,"commentCount":0,"publisher":{"@id":"https:\/\/vosgesinfo.fr\/gerardmerinfo\/#organization"},"image":{"@id":"https:\/\/vosgesinfo.fr\/gerardmerinfo\/2019\/02\/ensemble-sauvons-vies-cpam-lance-campagne-depistage-cancers-vaccination-contre-grippe\/#primaryimage"},"thumbnailUrl":"https:\/\/vosgesinfo.fr\/app\/uploads\/sites\/6\/2024\/07\/201902naj.jpg","articleSection":["A la une","Sant\u00e9","Vosges"],"inLanguage":"fr-FR","potentialAction":[{"@type":"CommentAction","name":"Comment","target":["https:\/\/vosgesinfo.fr\/gerardmerinfo\/2019\/02\/ensemble-sauvons-vies-cpam-lance-campagne-depistage-cancers-vaccination-contre-grippe\/#respond"]}]},{"@type":"WebPage","@id":"https:\/\/vosgesinfo.fr\/gerardmerinfo\/2019\/02\/ensemble-sauvons-vies-cpam-lance-campagne-depistage-cancers-vaccination-contre-grippe\/","url":"https:\/\/vosgesinfo.fr\/gerardmerinfo\/2019\/02\/ensemble-sauvons-vies-cpam-lance-campagne-depistage-cancers-vaccination-contre-grippe\/","name":"\u00ab Ensemble sauvons des vies \u00bb : la CPAM lance une campagne pour le d\u00e9pistage des cancers et la vaccination contre la grippe - Gerardmer Info","isPartOf":{"@id":"https:\/\/vosgesinfo.fr\/gerardmerinfo\/#website"},"primaryImageOfPage":{"@id":"https:\/\/vosgesinfo.fr\/gerardmerinfo\/2019\/02\/ensemble-sauvons-vies-cpam-lance-campagne-depistage-cancers-vaccination-contre-grippe\/#primaryimage"},"image":{"@id":"https:\/\/vosgesinfo.fr\/gerardmerinfo\/2019\/02\/ensemble-sauvons-vies-cpam-lance-campagne-depistage-cancers-vaccination-contre-grippe\/#primaryimage"},"thumbnailUrl":"https:\/\/vosgesinfo.fr\/app\/uploads\/sites\/6\/2024\/07\/201902naj.jpg","datePublished":"2019-02-28T17:00:27+00:00","dateModified":"2019-02-28T17:00:27+00:00","breadcrumb":{"@id":"https:\/\/vosgesinfo.fr\/gerardmerinfo\/2019\/02\/ensemble-sauvons-vies-cpam-lance-campagne-depistage-cancers-vaccination-contre-grippe\/#breadcrumb"},"inLanguage":"fr-FR","potentialAction":[{"@type":"ReadAction","target":["https:\/\/vosgesinfo.fr\/gerardmerinfo\/2019\/02\/ensemble-sauvons-vies-cpam-lance-campagne-depistage-cancers-vaccination-contre-grippe\/"]}]},{"@type":"ImageObject","inLanguage":"fr-FR","@id":"https:\/\/vosgesinfo.fr\/gerardmerinfo\/2019\/02\/ensemble-sauvons-vies-cpam-lance-campagne-depistage-cancers-vaccination-contre-grippe\/#primaryimage","url":"https:\/\/vosgesinfo.fr\/app\/uploads\/sites\/6\/2024\/07\/201902naj.jpg","contentUrl":"https:\/\/vosgesinfo.fr\/app\/uploads\/sites\/6\/2024\/07\/201902naj.jpg","width":800,"height":600},{"@type":"BreadcrumbList","@id":"https:\/\/vosgesinfo.fr\/gerardmerinfo\/2019\/02\/ensemble-sauvons-vies-cpam-lance-campagne-depistage-cancers-vaccination-contre-grippe\/#breadcrumb","itemListElement":[{"@type":"ListItem","position":1,"name":"Home","item":"https:\/\/vosgesinfo.fr\/gerardmerinfo\/"},{"@type":"ListItem","position":2,"name":"\u00ab Ensemble sauvons des vies \u00bb : la CPAM lance une campagne pour le d\u00e9pistage des cancers et la vaccination contre la grippe"}]},{"@type":"WebSite","@id":"https:\/\/vosgesinfo.fr\/gerardmerinfo\/#website","url":"https:\/\/vosgesinfo.fr\/gerardmerinfo\/","name":"Gerardmer Info","description":"Toute l&#039;actualit\u00e9 de G\u00e9rardmer","publisher":{"@id":"https:\/\/vosgesinfo.fr\/gerardmerinfo\/#organization"},"alternateName":"Toute l'actualit\u00e9 de G\u00e9rardmer","potentialAction":[{"@type":"SearchAction","target":{"@type":"EntryPoint","urlTemplate":"https:\/\/vosgesinfo.fr\/gerardmerinfo\/?s={search_term_string}"},"query-input":"required name=search_term_string"}],"inLanguage":"fr-FR"},{"@type":"Organization","@id":"https:\/\/vosgesinfo.fr\/gerardmerinfo\/#organization","name":"Gerardmer Info","url":"https:\/\/vosgesinfo.fr\/gerardmerinfo\/","logo":{"@type":"ImageObject","inLanguage":"fr-FR","@id":"https:\/\/vosgesinfo.fr\/gerardmerinfo\/#\/schema\/logo\/image\/","url":"https:\/\/vosgesinfo.fr\/app\/uploads\/sites\/6\/2023\/08\/favicon-gerardmerinfo.png","contentUrl":"https:\/\/vosgesinfo.fr\/app\/uploads\/sites\/6\/2023\/08\/favicon-gerardmerinfo.png","width":512,"height":512,"caption":"Gerardmer Info"},"image":{"@id":"https:\/\/vosgesinfo.fr\/gerardmerinfo\/#\/schema\/logo\/image\/"},"sameAs":["https:\/\/www.facebook.com\/profile.php?id=100049475262660","https:\/\/x.com\/VosgesInfo88","https:\/\/www.youtube.com\/@vosgesinfo"]},{"@type":"Person","@id":"https:\/\/vosgesinfo.fr\/gerardmerinfo\/#\/schema\/person\/bc5d02d71e6932e81b6dadb7386667b1","name":"qs_admin","image":{"@type":"ImageObject","inLanguage":"fr-FR","@id":"https:\/\/vosgesinfo.fr\/gerardmerinfo\/#\/schema\/person\/image\/","url":"https:\/\/secure.gravatar.com\/avatar\/94b18ee0ed79e4a42ea2f2931277b6841a8999fc6fde214600c78057cf1fe1de?s=96&d=mm&r=g","contentUrl":"https:\/\/secure.gravatar.com\/avatar\/94b18ee0ed79e4a42ea2f2931277b6841a8999fc6fde214600c78057cf1fe1de?s=96&d=mm&r=g","caption":"qs_admin"},"sameAs":["https:\/\/vosgesinfo.fr\/wp"],"url":"https:\/\/vosgesinfo.fr\/gerardmerinfo\/author\/qs_admin\/"}]}},"_links":{"self":[{"href":"https:\/\/vosgesinfo.fr\/gerardmerinfo\/wp-json\/wp\/v2\/posts\/40034","targetHints":{"allow":["GET"]}}],"collection":[{"href":"https:\/\/vosgesinfo.fr\/gerardmerinfo\/wp-json\/wp\/v2\/posts"}],"about":[{"href":"https:\/\/vosgesinfo.fr\/gerardmerinfo\/wp-json\/wp\/v2\/types\/post"}],"author":[{"embeddable":true,"href":"https:\/\/vosgesinfo.fr\/gerardmerinfo\/wp-json\/wp\/v2\/users\/1"}],"replies":[{"embeddable":true,"href":"https:\/\/vosgesinfo.fr\/gerardmerinfo\/wp-json\/wp\/v2\/comments?post=40034"}],"version-history":[{"count":0,"href":"https:\/\/vosgesinfo.fr\/gerardmerinfo\/wp-json\/wp\/v2\/posts\/40034\/revisions"}],"wp:featuredmedia":[{"embeddable":true,"href":"https:\/\/vosgesinfo.fr\/gerardmerinfo\/wp-json\/wp\/v2\/media\/40035"}],"wp:attachment":[{"href":"https:\/\/vosgesinfo.fr\/gerardmerinfo\/wp-json\/wp\/v2\/media?parent=40034"}],"wp:term":[{"taxonomy":"category","embeddable":true,"href":"https:\/\/vosgesinfo.fr\/gerardmerinfo\/wp-json\/wp\/v2\/categories?post=40034"},{"taxonomy":"post_tag","embeddable":true,"href":"https:\/\/vosgesinfo.fr\/gerardmerinfo\/wp-json\/wp\/v2\/tags?post=40034"}],"curies":[{"name":"wp","href":"https:\/\/api.w.org\/{rel}","templated":true}]}}