{"id":40046,"date":"2019-03-01T16:14:42","date_gmt":"2019-03-01T15:14:42","guid":{"rendered":"https:\/\/vosgesinfo.fr\/gerardmerinfo\/2019\/03\/chavelot-chantier-nouveau-centre-de-recyclage-dechets-menagers-devodia-lance\/"},"modified":"2019-03-01T16:14:42","modified_gmt":"2019-03-01T15:14:42","slug":"chavelot-chantier-nouveau-centre-de-recyclage-dechets-menagers-devodia-lance","status":"publish","type":"post","link":"https:\/\/vosgesinfo.fr\/gerardmerinfo\/2019\/03\/chavelot-chantier-nouveau-centre-de-recyclage-dechets-menagers-devodia-lance\/","title":{"rendered":"Chavelot \u2013 Le chantier du nouveau centre de recyclage des d\u00e9chets m\u00e9nagers d\u2019Evodia est lanc\u00e9 !"},"content":{"rendered":"<h2>Le chantier du nouveau centre de recyclage des d\u00e9chets m\u00e9nagers d\u2019Evodia a d\u00e9but\u00e9 \u00e0 Chavelot. En effet,\u00a0le groupe lorrain Citraval est le nouveau le prestataire d\u2019Evodia pour le tri des d\u00e9chets recyclables. Citraval construit actuellement un nouveau centre de tri sur la zone du Pr\u00e9 Drou\u00e9 de Chavelot.\u00a0D\u00e9but\u00e9s en janvier, les travaux s\u2019ach\u00e8veront \u00e0 l\u2019automne, pour livrer un b\u00e2timent de 12 500 m\u00b2 dot\u00e9 d\u2019\u00e9quipements de pointe.<\/h2>\n<p>Le nouveau centre de recyclage des d\u00e9chets est en cours de construction par Citraval. En effet, depuis novembre dernier Citraval (groupe Schroll) est le nouveau prestataire d\u2019Evodia pour le tri des d\u00e9chets recyclables. Dans le cadre de ce march\u00e9 public de 10 ans, Citraval engage la construction d\u2019un nouveau centre de tri \u00e0 Chavelot.<\/p>\n","protected":false},"excerpt":{"rendered":"<p>Le chantier du nouveau centre de recyclage des d\u00e9chets m\u00e9nagers d\u2019Evodia a d\u00e9but\u00e9 \u00e0 Chavelot. En effet,\u00a0le groupe lorrain Citraval [&hellip;]<\/p>\n","protected":false},"author":1,"featured_media":40047,"comment_status":"open","ping_status":"open","sticky":false,"template":"","format":"standard","meta":{"footnotes":""},"categories":[20,18],"tags":[3710],"class_list":["post-40046","post","type-post","status-publish","format-standard","has-post-thumbnail","hentry","category-a-la-une","category-vosges","tag-chavelot"],"acf":[],"yoast_head":"<!-- This site is optimized with the Yoast SEO plugin v22.5 - https:\/\/yoast.com\/wordpress\/plugins\/seo\/ -->\n<title>Chavelot \u2013 Le chantier du nouveau centre de recyclage des d\u00e9chets m\u00e9nagers d\u2019Evodia est lanc\u00e9 ! - Gerardmer Info<\/title>\n<meta name=\"robots\" content=\"index, follow, max-snippet:-1, max-image-preview:large, max-video-preview:-1\" \/>\n<link rel=\"canonical\" href=\"https:\/\/vosgesinfo.fr\/gerardmerinfo\/2019\/03\/chavelot-chantier-nouveau-centre-de-recyclage-dechets-menagers-devodia-lance\/\" \/>\n<meta name=\"twitter:card\" content=\"summary_large_image\" \/>\n<meta name=\"twitter:title\" content=\"Chavelot \u2013 Le chantier du nouveau centre de recyclage des d\u00e9chets m\u00e9nagers d\u2019Evodia est lanc\u00e9 ! - Gerardmer Info\" \/>\n<meta name=\"twitter:description\" content=\"Le chantier du nouveau centre de recyclage des d\u00e9chets m\u00e9nagers d\u2019Evodia a d\u00e9but\u00e9 \u00e0 Chavelot. En effet,\u00a0le groupe lorrain Citraval [&hellip;]\" \/>\n<meta name=\"twitter:image\" content=\"https:\/\/vosgesinfo.fr\/app\/uploads\/sites\/6\/2024\/07\/201903centre-recyclage-des-dechets-menagers-evodia-chavelot-5.jpg\" \/>\n<meta name=\"twitter:creator\" content=\"@VosgesInfo88\" \/>\n<meta name=\"twitter:site\" content=\"@VosgesInfo88\" \/>\n<meta name=\"twitter:label1\" content=\"\u00c9crit par\" \/>\n\t<meta name=\"twitter:data1\" content=\"qs_admin\" \/>\n\t<meta name=\"twitter:label2\" content=\"Dur\u00e9e de lecture estim\u00e9e\" \/>\n\t<meta name=\"twitter:data2\" content=\"1 minute\" \/>\n<script type=\"application\/ld+json\" class=\"yoast-schema-graph\">{\"@context\":\"https:\/\/schema.org\",\"@graph\":[{\"@type\":\"Article\",\"@id\":\"https:\/\/vosgesinfo.fr\/gerardmerinfo\/2019\/03\/chavelot-chantier-nouveau-centre-de-recyclage-dechets-menagers-devodia-lance\/#article\",\"isPartOf\":{\"@id\":\"https:\/\/vosgesinfo.fr\/gerardmerinfo\/2019\/03\/chavelot-chantier-nouveau-centre-de-recyclage-dechets-menagers-devodia-lance\/\"},\"author\":{\"name\":\"qs_admin\",\"@id\":\"https:\/\/vosgesinfo.fr\/gerardmerinfo\/#\/schema\/person\/bc5d02d71e6932e81b6dadb7386667b1\"},\"headline\":\"Chavelot \u2013 Le chantier du nouveau centre de recyclage des d\u00e9chets m\u00e9nagers d\u2019Evodia est lanc\u00e9 !\",\"datePublished\":\"2019-03-01T15:14:42+00:00\",\"dateModified\":\"2019-03-01T15:14:42+00:00\",\"mainEntityOfPage\":{\"@id\":\"https:\/\/vosgesinfo.fr\/gerardmerinfo\/2019\/03\/chavelot-chantier-nouveau-centre-de-recyclage-dechets-menagers-devodia-lance\/\"},\"wordCount\":151,\"commentCount\":0,\"publisher\":{\"@id\":\"https:\/\/vosgesinfo.fr\/gerardmerinfo\/#organization\"},\"image\":{\"@id\":\"https:\/\/vosgesinfo.fr\/gerardmerinfo\/2019\/03\/chavelot-chantier-nouveau-centre-de-recyclage-dechets-menagers-devodia-lance\/#primaryimage\"},\"thumbnailUrl\":\"https:\/\/vosgesinfo.fr\/app\/uploads\/sites\/6\/2024\/07\/201903centre-recyclage-des-dechets-menagers-evodia-chavelot-5.jpg\",\"keywords\":[\"Chavelot\"],\"articleSection\":[\"A la une\",\"Vosges\"],\"inLanguage\":\"fr-FR\",\"potentialAction\":[{\"@type\":\"CommentAction\",\"name\":\"Comment\",\"target\":[\"https:\/\/vosgesinfo.fr\/gerardmerinfo\/2019\/03\/chavelot-chantier-nouveau-centre-de-recyclage-dechets-menagers-devodia-lance\/#respond\"]}]},{\"@type\":\"WebPage\",\"@id\":\"https:\/\/vosgesinfo.fr\/gerardmerinfo\/2019\/03\/chavelot-chantier-nouveau-centre-de-recyclage-dechets-menagers-devodia-lance\/\",\"url\":\"https:\/\/vosgesinfo.fr\/gerardmerinfo\/2019\/03\/chavelot-chantier-nouveau-centre-de-recyclage-dechets-menagers-devodia-lance\/\",\"name\":\"Chavelot \u2013 Le chantier du nouveau centre de recyclage des d\u00e9chets m\u00e9nagers d\u2019Evodia est lanc\u00e9 ! - Gerardmer Info\",\"isPartOf\":{\"@id\":\"https:\/\/vosgesinfo.fr\/gerardmerinfo\/#website\"},\"primaryImageOfPage\":{\"@id\":\"https:\/\/vosgesinfo.fr\/gerardmerinfo\/2019\/03\/chavelot-chantier-nouveau-centre-de-recyclage-dechets-menagers-devodia-lance\/#primaryimage\"},\"image\":{\"@id\":\"https:\/\/vosgesinfo.fr\/gerardmerinfo\/2019\/03\/chavelot-chantier-nouveau-centre-de-recyclage-dechets-menagers-devodia-lance\/#primaryimage\"},\"thumbnailUrl\":\"https:\/\/vosgesinfo.fr\/app\/uploads\/sites\/6\/2024\/07\/201903centre-recyclage-des-dechets-menagers-evodia-chavelot-5.jpg\",\"datePublished\":\"2019-03-01T15:14:42+00:00\",\"dateModified\":\"2019-03-01T15:14:42+00:00\",\"breadcrumb\":{\"@id\":\"https:\/\/vosgesinfo.fr\/gerardmerinfo\/2019\/03\/chavelot-chantier-nouveau-centre-de-recyclage-dechets-menagers-devodia-lance\/#breadcrumb\"},\"inLanguage\":\"fr-FR\",\"potentialAction\":[{\"@type\":\"ReadAction\",\"target\":[\"https:\/\/vosgesinfo.fr\/gerardmerinfo\/2019\/03\/chavelot-chantier-nouveau-centre-de-recyclage-dechets-menagers-devodia-lance\/\"]}]},{\"@type\":\"ImageObject\",\"inLanguage\":\"fr-FR\",\"@id\":\"https:\/\/vosgesinfo.fr\/gerardmerinfo\/2019\/03\/chavelot-chantier-nouveau-centre-de-recyclage-dechets-menagers-devodia-lance\/#primaryimage\",\"url\":\"https:\/\/vosgesinfo.fr\/app\/uploads\/sites\/6\/2024\/07\/201903centre-recyclage-des-dechets-menagers-evodia-chavelot-5.jpg\",\"contentUrl\":\"https:\/\/vosgesinfo.fr\/app\/uploads\/sites\/6\/2024\/07\/201903centre-recyclage-des-dechets-menagers-evodia-chavelot-5.jpg\",\"width\":800,\"height\":600},{\"@type\":\"BreadcrumbList\",\"@id\":\"https:\/\/vosgesinfo.fr\/gerardmerinfo\/2019\/03\/chavelot-chantier-nouveau-centre-de-recyclage-dechets-menagers-devodia-lance\/#breadcrumb\",\"itemListElement\":[{\"@type\":\"ListItem\",\"position\":1,\"name\":\"Home\",\"item\":\"https:\/\/vosgesinfo.fr\/gerardmerinfo\/\"},{\"@type\":\"ListItem\",\"position\":2,\"name\":\"Chavelot \u2013 Le chantier du nouveau centre de recyclage des d\u00e9chets m\u00e9nagers d\u2019Evodia est lanc\u00e9 !\"}]},{\"@type\":\"WebSite\",\"@id\":\"https:\/\/vosgesinfo.fr\/gerardmerinfo\/#website\",\"url\":\"https:\/\/vosgesinfo.fr\/gerardmerinfo\/\",\"name\":\"Gerardmer Info\",\"description\":\"Toute l&#039;actualit\u00e9 de G\u00e9rardmer\",\"publisher\":{\"@id\":\"https:\/\/vosgesinfo.fr\/gerardmerinfo\/#organization\"},\"alternateName\":\"Toute l'actualit\u00e9 de G\u00e9rardmer\",\"potentialAction\":[{\"@type\":\"SearchAction\",\"target\":{\"@type\":\"EntryPoint\",\"urlTemplate\":\"https:\/\/vosgesinfo.fr\/gerardmerinfo\/?s={search_term_string}\"},\"query-input\":\"required name=search_term_string\"}],\"inLanguage\":\"fr-FR\"},{\"@type\":\"Organization\",\"@id\":\"https:\/\/vosgesinfo.fr\/gerardmerinfo\/#organization\",\"name\":\"Gerardmer Info\",\"url\":\"https:\/\/vosgesinfo.fr\/gerardmerinfo\/\",\"logo\":{\"@type\":\"ImageObject\",\"inLanguage\":\"fr-FR\",\"@id\":\"https:\/\/vosgesinfo.fr\/gerardmerinfo\/#\/schema\/logo\/image\/\",\"url\":\"https:\/\/vosgesinfo.fr\/app\/uploads\/sites\/6\/2023\/08\/favicon-gerardmerinfo.png\",\"contentUrl\":\"https:\/\/vosgesinfo.fr\/app\/uploads\/sites\/6\/2023\/08\/favicon-gerardmerinfo.png\",\"width\":512,\"height\":512,\"caption\":\"Gerardmer Info\"},\"image\":{\"@id\":\"https:\/\/vosgesinfo.fr\/gerardmerinfo\/#\/schema\/logo\/image\/\"},\"sameAs\":[\"https:\/\/www.facebook.com\/profile.php?id=100049475262660\",\"https:\/\/x.com\/VosgesInfo88\",\"https:\/\/www.youtube.com\/@vosgesinfo\"]},{\"@type\":\"Person\",\"@id\":\"https:\/\/vosgesinfo.fr\/gerardmerinfo\/#\/schema\/person\/bc5d02d71e6932e81b6dadb7386667b1\",\"name\":\"qs_admin\",\"image\":{\"@type\":\"ImageObject\",\"inLanguage\":\"fr-FR\",\"@id\":\"https:\/\/vosgesinfo.fr\/gerardmerinfo\/#\/schema\/person\/image\/\",\"url\":\"https:\/\/secure.gravatar.com\/avatar\/94b18ee0ed79e4a42ea2f2931277b6841a8999fc6fde214600c78057cf1fe1de?s=96&d=mm&r=g\",\"contentUrl\":\"https:\/\/secure.gravatar.com\/avatar\/94b18ee0ed79e4a42ea2f2931277b6841a8999fc6fde214600c78057cf1fe1de?s=96&d=mm&r=g\",\"caption\":\"qs_admin\"},\"sameAs\":[\"https:\/\/vosgesinfo.fr\/wp\"],\"url\":\"https:\/\/vosgesinfo.fr\/gerardmerinfo\/author\/qs_admin\/\"}]}<\/script>\n<!-- \/ Yoast SEO plugin. -->","yoast_head_json":{"title":"Chavelot \u2013 Le chantier du nouveau centre de recyclage des d\u00e9chets m\u00e9nagers d\u2019Evodia est lanc\u00e9 ! - Gerardmer Info","robots":{"index":"index","follow":"follow","max-snippet":"max-snippet:-1","max-image-preview":"max-image-preview:large","max-video-preview":"max-video-preview:-1"},"canonical":"https:\/\/vosgesinfo.fr\/gerardmerinfo\/2019\/03\/chavelot-chantier-nouveau-centre-de-recyclage-dechets-menagers-devodia-lance\/","twitter_card":"summary_large_image","twitter_title":"Chavelot \u2013 Le chantier du nouveau centre de recyclage des d\u00e9chets m\u00e9nagers d\u2019Evodia est lanc\u00e9 ! - Gerardmer Info","twitter_description":"Le chantier du nouveau centre de recyclage des d\u00e9chets m\u00e9nagers d\u2019Evodia a d\u00e9but\u00e9 \u00e0 Chavelot. En effet,\u00a0le groupe lorrain Citraval [&hellip;]","twitter_image":"https:\/\/vosgesinfo.fr\/app\/uploads\/sites\/6\/2024\/07\/201903centre-recyclage-des-dechets-menagers-evodia-chavelot-5.jpg","twitter_creator":"@VosgesInfo88","twitter_site":"@VosgesInfo88","twitter_misc":{"\u00c9crit par":"qs_admin","Dur\u00e9e de lecture estim\u00e9e":"1 minute"},"schema":{"@context":"https:\/\/schema.org","@graph":[{"@type":"Article","@id":"https:\/\/vosgesinfo.fr\/gerardmerinfo\/2019\/03\/chavelot-chantier-nouveau-centre-de-recyclage-dechets-menagers-devodia-lance\/#article","isPartOf":{"@id":"https:\/\/vosgesinfo.fr\/gerardmerinfo\/2019\/03\/chavelot-chantier-nouveau-centre-de-recyclage-dechets-menagers-devodia-lance\/"},"author":{"name":"qs_admin","@id":"https:\/\/vosgesinfo.fr\/gerardmerinfo\/#\/schema\/person\/bc5d02d71e6932e81b6dadb7386667b1"},"headline":"Chavelot \u2013 Le chantier du nouveau centre de recyclage des d\u00e9chets m\u00e9nagers d\u2019Evodia est lanc\u00e9 !","datePublished":"2019-03-01T15:14:42+00:00","dateModified":"2019-03-01T15:14:42+00:00","mainEntityOfPage":{"@id":"https:\/\/vosgesinfo.fr\/gerardmerinfo\/2019\/03\/chavelot-chantier-nouveau-centre-de-recyclage-dechets-menagers-devodia-lance\/"},"wordCount":151,"commentCount":0,"publisher":{"@id":"https:\/\/vosgesinfo.fr\/gerardmerinfo\/#organization"},"image":{"@id":"https:\/\/vosgesinfo.fr\/gerardmerinfo\/2019\/03\/chavelot-chantier-nouveau-centre-de-recyclage-dechets-menagers-devodia-lance\/#primaryimage"},"thumbnailUrl":"https:\/\/vosgesinfo.fr\/app\/uploads\/sites\/6\/2024\/07\/201903centre-recyclage-des-dechets-menagers-evodia-chavelot-5.jpg","keywords":["Chavelot"],"articleSection":["A la une","Vosges"],"inLanguage":"fr-FR","potentialAction":[{"@type":"CommentAction","name":"Comment","target":["https:\/\/vosgesinfo.fr\/gerardmerinfo\/2019\/03\/chavelot-chantier-nouveau-centre-de-recyclage-dechets-menagers-devodia-lance\/#respond"]}]},{"@type":"WebPage","@id":"https:\/\/vosgesinfo.fr\/gerardmerinfo\/2019\/03\/chavelot-chantier-nouveau-centre-de-recyclage-dechets-menagers-devodia-lance\/","url":"https:\/\/vosgesinfo.fr\/gerardmerinfo\/2019\/03\/chavelot-chantier-nouveau-centre-de-recyclage-dechets-menagers-devodia-lance\/","name":"Chavelot \u2013 Le chantier du nouveau centre de recyclage des d\u00e9chets m\u00e9nagers d\u2019Evodia est lanc\u00e9 ! - Gerardmer Info","isPartOf":{"@id":"https:\/\/vosgesinfo.fr\/gerardmerinfo\/#website"},"primaryImageOfPage":{"@id":"https:\/\/vosgesinfo.fr\/gerardmerinfo\/2019\/03\/chavelot-chantier-nouveau-centre-de-recyclage-dechets-menagers-devodia-lance\/#primaryimage"},"image":{"@id":"https:\/\/vosgesinfo.fr\/gerardmerinfo\/2019\/03\/chavelot-chantier-nouveau-centre-de-recyclage-dechets-menagers-devodia-lance\/#primaryimage"},"thumbnailUrl":"https:\/\/vosgesinfo.fr\/app\/uploads\/sites\/6\/2024\/07\/201903centre-recyclage-des-dechets-menagers-evodia-chavelot-5.jpg","datePublished":"2019-03-01T15:14:42+00:00","dateModified":"2019-03-01T15:14:42+00:00","breadcrumb":{"@id":"https:\/\/vosgesinfo.fr\/gerardmerinfo\/2019\/03\/chavelot-chantier-nouveau-centre-de-recyclage-dechets-menagers-devodia-lance\/#breadcrumb"},"inLanguage":"fr-FR","potentialAction":[{"@type":"ReadAction","target":["https:\/\/vosgesinfo.fr\/gerardmerinfo\/2019\/03\/chavelot-chantier-nouveau-centre-de-recyclage-dechets-menagers-devodia-lance\/"]}]},{"@type":"ImageObject","inLanguage":"fr-FR","@id":"https:\/\/vosgesinfo.fr\/gerardmerinfo\/2019\/03\/chavelot-chantier-nouveau-centre-de-recyclage-dechets-menagers-devodia-lance\/#primaryimage","url":"https:\/\/vosgesinfo.fr\/app\/uploads\/sites\/6\/2024\/07\/201903centre-recyclage-des-dechets-menagers-evodia-chavelot-5.jpg","contentUrl":"https:\/\/vosgesinfo.fr\/app\/uploads\/sites\/6\/2024\/07\/201903centre-recyclage-des-dechets-menagers-evodia-chavelot-5.jpg","width":800,"height":600},{"@type":"BreadcrumbList","@id":"https:\/\/vosgesinfo.fr\/gerardmerinfo\/2019\/03\/chavelot-chantier-nouveau-centre-de-recyclage-dechets-menagers-devodia-lance\/#breadcrumb","itemListElement":[{"@type":"ListItem","position":1,"name":"Home","item":"https:\/\/vosgesinfo.fr\/gerardmerinfo\/"},{"@type":"ListItem","position":2,"name":"Chavelot \u2013 Le chantier du nouveau centre de recyclage des d\u00e9chets m\u00e9nagers d\u2019Evodia est lanc\u00e9 !"}]},{"@type":"WebSite","@id":"https:\/\/vosgesinfo.fr\/gerardmerinfo\/#website","url":"https:\/\/vosgesinfo.fr\/gerardmerinfo\/","name":"Gerardmer Info","description":"Toute l&#039;actualit\u00e9 de G\u00e9rardmer","publisher":{"@id":"https:\/\/vosgesinfo.fr\/gerardmerinfo\/#organization"},"alternateName":"Toute l'actualit\u00e9 de G\u00e9rardmer","potentialAction":[{"@type":"SearchAction","target":{"@type":"EntryPoint","urlTemplate":"https:\/\/vosgesinfo.fr\/gerardmerinfo\/?s={search_term_string}"},"query-input":"required name=search_term_string"}],"inLanguage":"fr-FR"},{"@type":"Organization","@id":"https:\/\/vosgesinfo.fr\/gerardmerinfo\/#organization","name":"Gerardmer Info","url":"https:\/\/vosgesinfo.fr\/gerardmerinfo\/","logo":{"@type":"ImageObject","inLanguage":"fr-FR","@id":"https:\/\/vosgesinfo.fr\/gerardmerinfo\/#\/schema\/logo\/image\/","url":"https:\/\/vosgesinfo.fr\/app\/uploads\/sites\/6\/2023\/08\/favicon-gerardmerinfo.png","contentUrl":"https:\/\/vosgesinfo.fr\/app\/uploads\/sites\/6\/2023\/08\/favicon-gerardmerinfo.png","width":512,"height":512,"caption":"Gerardmer Info"},"image":{"@id":"https:\/\/vosgesinfo.fr\/gerardmerinfo\/#\/schema\/logo\/image\/"},"sameAs":["https:\/\/www.facebook.com\/profile.php?id=100049475262660","https:\/\/x.com\/VosgesInfo88","https:\/\/www.youtube.com\/@vosgesinfo"]},{"@type":"Person","@id":"https:\/\/vosgesinfo.fr\/gerardmerinfo\/#\/schema\/person\/bc5d02d71e6932e81b6dadb7386667b1","name":"qs_admin","image":{"@type":"ImageObject","inLanguage":"fr-FR","@id":"https:\/\/vosgesinfo.fr\/gerardmerinfo\/#\/schema\/person\/image\/","url":"https:\/\/secure.gravatar.com\/avatar\/94b18ee0ed79e4a42ea2f2931277b6841a8999fc6fde214600c78057cf1fe1de?s=96&d=mm&r=g","contentUrl":"https:\/\/secure.gravatar.com\/avatar\/94b18ee0ed79e4a42ea2f2931277b6841a8999fc6fde214600c78057cf1fe1de?s=96&d=mm&r=g","caption":"qs_admin"},"sameAs":["https:\/\/vosgesinfo.fr\/wp"],"url":"https:\/\/vosgesinfo.fr\/gerardmerinfo\/author\/qs_admin\/"}]}},"_links":{"self":[{"href":"https:\/\/vosgesinfo.fr\/gerardmerinfo\/wp-json\/wp\/v2\/posts\/40046","targetHints":{"allow":["GET"]}}],"collection":[{"href":"https:\/\/vosgesinfo.fr\/gerardmerinfo\/wp-json\/wp\/v2\/posts"}],"about":[{"href":"https:\/\/vosgesinfo.fr\/gerardmerinfo\/wp-json\/wp\/v2\/types\/post"}],"author":[{"embeddable":true,"href":"https:\/\/vosgesinfo.fr\/gerardmerinfo\/wp-json\/wp\/v2\/users\/1"}],"replies":[{"embeddable":true,"href":"https:\/\/vosgesinfo.fr\/gerardmerinfo\/wp-json\/wp\/v2\/comments?post=40046"}],"version-history":[{"count":0,"href":"https:\/\/vosgesinfo.fr\/gerardmerinfo\/wp-json\/wp\/v2\/posts\/40046\/revisions"}],"wp:featuredmedia":[{"embeddable":true,"href":"https:\/\/vosgesinfo.fr\/gerardmerinfo\/wp-json\/wp\/v2\/media\/40047"}],"wp:attachment":[{"href":"https:\/\/vosgesinfo.fr\/gerardmerinfo\/wp-json\/wp\/v2\/media?parent=40046"}],"wp:term":[{"taxonomy":"category","embeddable":true,"href":"https:\/\/vosgesinfo.fr\/gerardmerinfo\/wp-json\/wp\/v2\/categories?post=40046"},{"taxonomy":"post_tag","embeddable":true,"href":"https:\/\/vosgesinfo.fr\/gerardmerinfo\/wp-json\/wp\/v2\/tags?post=40046"}],"curies":[{"name":"wp","href":"https:\/\/api.w.org\/{rel}","templated":true}]}}