{"id":40065,"date":"2019-03-02T07:21:19","date_gmt":"2019-03-02T06:21:19","guid":{"rendered":"https:\/\/vosgesinfo.fr\/gerardmerinfo\/2019\/03\/planche-a-voile-reprise-a-marseille-lasg-voile\/"},"modified":"2019-03-02T07:21:19","modified_gmt":"2019-03-02T06:21:19","slug":"planche-a-voile-reprise-a-marseille-lasg-voile","status":"publish","type":"post","link":"https:\/\/vosgesinfo.fr\/gerardmerinfo\/2019\/03\/planche-a-voile-reprise-a-marseille-lasg-voile\/","title":{"rendered":"Planche \u00e0 Voile:  La reprise \u00e0 Marseille pour l&rsquo;ASG Voile"},"content":{"rendered":"<div>\n\n<p class=\"x_x_resume\"><strong>\u00a0<\/strong><\/p>\n<\/div>\n<div><strong>\u00a0 <\/strong>La reprise pour l&rsquo;\u00e9quipe Windsurf de l&rsquo;ASG s&rsquo;effectue traditionnellement \u00e0 Marseille en f\u00e9vrier, avec la MedCup, premi\u00e8re r\u00e9gate de la saison, class\u00e9e Grade 4 Nationale, avec une forte participation internationale, espagnole, tunisienne, anglaise, hollandaise, m\u00eame si les Italiens \u00e9taient un peu moins repr\u00e9sent\u00e9s cette ann\u00e9e. Et \u00e9videmment tous les meilleurs Fran\u00e7ais, du Nord, de Bretagne et de M\u00e9diterran\u00e9e, d\u00e9j\u00e0 bien aff\u00fbt\u00e9s pour la plupart&#8230; Alors que nos comp\u00e9titeurs sortent seulement leur mat\u00e9riel de la neige et n&rsquo;ont pas encore repris l&rsquo;entra\u00eenement sur le lac.<br \/>\nCourue cette ann\u00e9e dans de bonnes conditions avec 7 \u00e0 9 manches disput\u00e9es selon les s\u00e9ries, (avec 8 \u00e0 20 n\u0153uds de vent) qui ont \u00e9puis\u00e9 les moins pr\u00e9par\u00e9s pendant l&rsquo;hiver vosgien, la MedCup a laiss\u00e9 quelques souvenirs aux mains des g\u00e9romois, toutes couvertes d&rsquo;ampoules \u00e9clat\u00e9es&#8230; N\u00e9anmoins personne n&rsquo;a l\u00e2ch\u00e9 et les r\u00e9sultats sont tr\u00e8s satisfaisants.Belle performance de<strong> Titouan Halluitte<\/strong>, deuxi\u00e8me en raceboard, derri\u00e8re Damien Duclos de Miramas.<\/p>\n<p><strong>Viviane Ventrin<\/strong>, troisi\u00e8me, est devanc\u00e9e par son jeune partenaire de club pour avoir mal interpr\u00e9t\u00e9 un point de r\u00e9glemente et oubli\u00e9 de corriger un faux d\u00e9part.<\/p>\n<p><strong>Tom Marchal<\/strong>, 6i\u00e8me, le plus jeune de cette cat\u00e9gorie, aura eu la satisfaction de battre au moins sur une manche le Tunisien s\u00e9lectionn\u00e9 aux JO.J il y a quelques ann\u00e9es.<\/p>\n<p>Chez les espoirs dans un groupe tr\u00e8s relev\u00e9 , <strong> Pauline WeckeL<\/strong> termine \u00e0 la 16i\u00e8me place, avec la satisfaction de rentrer dans les dix meilleures fran\u00e7aises et de devancer l&rsquo;anglaise Williams Catrin gr\u00e2ce \u00e0 une bonne derni\u00e8re journ\u00e9e.<\/p>\n<p>Une petite pens\u00e9e pour <strong>L\u00e9opoldine Gauer<\/strong>, qui a pass\u00e9 l&rsquo;essentiel de la semaine, avec quelques jours de prolongation, \u00e0 l&rsquo;h\u00f4pital de Marseille. L\u00e9opoldine\u00a0 a \u00e9t\u00e9 rapatri\u00e9e et va mieux.<\/p>\n<p>En espoirs gar\u00e7ons, dans un groupe lui aussi nombreux et relev\u00e9, <strong>Maxime deCarvalho<\/strong>, 44i\u00e8me, confirme son potentiel, tout en se ratant compl\u00e9tement sur une journ\u00e9e.<\/p>\n<p><strong>Ethan Postic<\/strong>, la nouvelle recrue bretonne de l&rsquo;ASG, termine \u00e0 la 46i\u00e8me place, \u00e0 l&rsquo;\u00e9nergie.<\/p>\n<p>Dans la nouvelle cat\u00e9gorie Bic+, 17\/25 ans, <strong> Gautier Valentin<\/strong>, en formation de BP Voile \u00e0 Hy\u00e8res, \u00e9tait s\u00fbrement le mieux pr\u00e9par\u00e9 physiquement mais c&rsquo;est son mat\u00e9riel qui a cass\u00e9. Victime d&rsquo;une rupture d&rsquo;un palan il termine 8i\u00e8me apr\u00e8s avoir esp\u00e9r\u00e9\u00a0 mieux.<\/p>\n<p>La satisfaction la plus grande est venue de <strong> Sarah Gaillard,<\/strong> candidate \u00e0 l&rsquo;\u00e9lection de la Reine des Jonquilles, et malheureusement absente des photos et vid\u00e9os, puisqu&rsquo;elle \u00e9tait \u00e0 Marseille le jour de la pr\u00e9sentation&#8230; Sarah inaugurait sa nouvelle voile de 8,5m2 et la tenait toutes les manches, m\u00eame les plus vent\u00e9es&#8230; Comme quoi la planche \u00e0 voile n&rsquo;est pas une question de gros bras, en tout cas pas pour la jolie f\u00e9minine de l&rsquo;ASG. Et si elle n&rsquo;est pas \u00e9lue reine des jonquilles, Sarah se consolera avec une belle 13i\u00e8me place \u00e0 la MedCup, laissant de nombreux gar\u00e7ons derri\u00e8re elle.<\/p>\n<p>&nbsp;<\/p>\n<\/div>\n<p>M.M<\/p>\n","protected":false},"excerpt":{"rendered":"<p>\u00a0 \u00a0 La reprise pour l&rsquo;\u00e9quipe Windsurf de l&rsquo;ASG s&rsquo;effectue traditionnellement \u00e0 Marseille en f\u00e9vrier, avec la MedCup, premi\u00e8re r\u00e9gate [&hellip;]<\/p>\n","protected":false},"author":1,"featured_media":40066,"comment_status":"open","ping_status":"open","sticky":false,"template":"","format":"standard","meta":{"footnotes":""},"categories":[20,14],"tags":[65],"class_list":["post-40065","post","type-post","status-publish","format-standard","has-post-thumbnail","hentry","category-a-la-une","category-sport","tag-asg-voile"],"acf":[],"yoast_head":"<!-- This site is optimized with the Yoast SEO plugin v22.5 - https:\/\/yoast.com\/wordpress\/plugins\/seo\/ -->\n<title>Planche \u00e0 Voile: La reprise \u00e0 Marseille pour l&#039;ASG Voile - Gerardmer Info<\/title>\n<meta name=\"robots\" content=\"index, follow, max-snippet:-1, max-image-preview:large, max-video-preview:-1\" \/>\n<link rel=\"canonical\" href=\"https:\/\/vosgesinfo.fr\/gerardmerinfo\/2019\/03\/planche-a-voile-reprise-a-marseille-lasg-voile\/\" \/>\n<meta name=\"twitter:card\" content=\"summary_large_image\" \/>\n<meta name=\"twitter:title\" content=\"Planche \u00e0 Voile: La reprise \u00e0 Marseille pour l&#039;ASG Voile - Gerardmer Info\" \/>\n<meta name=\"twitter:description\" content=\"\u00a0 \u00a0 La reprise pour l&rsquo;\u00e9quipe Windsurf de l&rsquo;ASG s&rsquo;effectue traditionnellement \u00e0 Marseille en f\u00e9vrier, avec la MedCup, premi\u00e8re r\u00e9gate [&hellip;]\" \/>\n<meta name=\"twitter:image\" content=\"https:\/\/vosgesinfo.fr\/app\/uploads\/sites\/6\/2024\/07\/201903dsc-0346.jpg\" \/>\n<meta name=\"twitter:creator\" content=\"@VosgesInfo88\" \/>\n<meta name=\"twitter:site\" content=\"@VosgesInfo88\" \/>\n<meta name=\"twitter:label1\" content=\"\u00c9crit par\" \/>\n\t<meta name=\"twitter:data1\" content=\"qs_admin\" \/>\n\t<meta name=\"twitter:label2\" content=\"Dur\u00e9e de lecture estim\u00e9e\" \/>\n\t<meta name=\"twitter:data2\" content=\"3 minutes\" \/>\n<script type=\"application\/ld+json\" class=\"yoast-schema-graph\">{\"@context\":\"https:\/\/schema.org\",\"@graph\":[{\"@type\":\"Article\",\"@id\":\"https:\/\/vosgesinfo.fr\/gerardmerinfo\/2019\/03\/planche-a-voile-reprise-a-marseille-lasg-voile\/#article\",\"isPartOf\":{\"@id\":\"https:\/\/vosgesinfo.fr\/gerardmerinfo\/2019\/03\/planche-a-voile-reprise-a-marseille-lasg-voile\/\"},\"author\":{\"name\":\"qs_admin\",\"@id\":\"https:\/\/vosgesinfo.fr\/gerardmerinfo\/#\/schema\/person\/bc5d02d71e6932e81b6dadb7386667b1\"},\"headline\":\"Planche \u00e0 Voile: La reprise \u00e0 Marseille pour l&rsquo;ASG Voile\",\"datePublished\":\"2019-03-02T06:21:19+00:00\",\"dateModified\":\"2019-03-02T06:21:19+00:00\",\"mainEntityOfPage\":{\"@id\":\"https:\/\/vosgesinfo.fr\/gerardmerinfo\/2019\/03\/planche-a-voile-reprise-a-marseille-lasg-voile\/\"},\"wordCount\":552,\"commentCount\":0,\"publisher\":{\"@id\":\"https:\/\/vosgesinfo.fr\/gerardmerinfo\/#organization\"},\"image\":{\"@id\":\"https:\/\/vosgesinfo.fr\/gerardmerinfo\/2019\/03\/planche-a-voile-reprise-a-marseille-lasg-voile\/#primaryimage\"},\"thumbnailUrl\":\"https:\/\/vosgesinfo.fr\/app\/uploads\/sites\/6\/2024\/07\/201903dsc-0346.jpg\",\"keywords\":[\"asg voile\"],\"articleSection\":[\"A la une\",\"Sport\"],\"inLanguage\":\"fr-FR\",\"potentialAction\":[{\"@type\":\"CommentAction\",\"name\":\"Comment\",\"target\":[\"https:\/\/vosgesinfo.fr\/gerardmerinfo\/2019\/03\/planche-a-voile-reprise-a-marseille-lasg-voile\/#respond\"]}]},{\"@type\":\"WebPage\",\"@id\":\"https:\/\/vosgesinfo.fr\/gerardmerinfo\/2019\/03\/planche-a-voile-reprise-a-marseille-lasg-voile\/\",\"url\":\"https:\/\/vosgesinfo.fr\/gerardmerinfo\/2019\/03\/planche-a-voile-reprise-a-marseille-lasg-voile\/\",\"name\":\"Planche \u00e0 Voile: La reprise \u00e0 Marseille pour l'ASG Voile - Gerardmer Info\",\"isPartOf\":{\"@id\":\"https:\/\/vosgesinfo.fr\/gerardmerinfo\/#website\"},\"primaryImageOfPage\":{\"@id\":\"https:\/\/vosgesinfo.fr\/gerardmerinfo\/2019\/03\/planche-a-voile-reprise-a-marseille-lasg-voile\/#primaryimage\"},\"image\":{\"@id\":\"https:\/\/vosgesinfo.fr\/gerardmerinfo\/2019\/03\/planche-a-voile-reprise-a-marseille-lasg-voile\/#primaryimage\"},\"thumbnailUrl\":\"https:\/\/vosgesinfo.fr\/app\/uploads\/sites\/6\/2024\/07\/201903dsc-0346.jpg\",\"datePublished\":\"2019-03-02T06:21:19+00:00\",\"dateModified\":\"2019-03-02T06:21:19+00:00\",\"breadcrumb\":{\"@id\":\"https:\/\/vosgesinfo.fr\/gerardmerinfo\/2019\/03\/planche-a-voile-reprise-a-marseille-lasg-voile\/#breadcrumb\"},\"inLanguage\":\"fr-FR\",\"potentialAction\":[{\"@type\":\"ReadAction\",\"target\":[\"https:\/\/vosgesinfo.fr\/gerardmerinfo\/2019\/03\/planche-a-voile-reprise-a-marseille-lasg-voile\/\"]}]},{\"@type\":\"ImageObject\",\"inLanguage\":\"fr-FR\",\"@id\":\"https:\/\/vosgesinfo.fr\/gerardmerinfo\/2019\/03\/planche-a-voile-reprise-a-marseille-lasg-voile\/#primaryimage\",\"url\":\"https:\/\/vosgesinfo.fr\/app\/uploads\/sites\/6\/2024\/07\/201903dsc-0346.jpg\",\"contentUrl\":\"https:\/\/vosgesinfo.fr\/app\/uploads\/sites\/6\/2024\/07\/201903dsc-0346.jpg\",\"width\":800,\"height\":531},{\"@type\":\"BreadcrumbList\",\"@id\":\"https:\/\/vosgesinfo.fr\/gerardmerinfo\/2019\/03\/planche-a-voile-reprise-a-marseille-lasg-voile\/#breadcrumb\",\"itemListElement\":[{\"@type\":\"ListItem\",\"position\":1,\"name\":\"Home\",\"item\":\"https:\/\/vosgesinfo.fr\/gerardmerinfo\/\"},{\"@type\":\"ListItem\",\"position\":2,\"name\":\"Planche \u00e0 Voile: La reprise \u00e0 Marseille pour l&rsquo;ASG Voile\"}]},{\"@type\":\"WebSite\",\"@id\":\"https:\/\/vosgesinfo.fr\/gerardmerinfo\/#website\",\"url\":\"https:\/\/vosgesinfo.fr\/gerardmerinfo\/\",\"name\":\"Gerardmer Info\",\"description\":\"Toute l&#039;actualit\u00e9 de G\u00e9rardmer\",\"publisher\":{\"@id\":\"https:\/\/vosgesinfo.fr\/gerardmerinfo\/#organization\"},\"alternateName\":\"Toute l'actualit\u00e9 de G\u00e9rardmer\",\"potentialAction\":[{\"@type\":\"SearchAction\",\"target\":{\"@type\":\"EntryPoint\",\"urlTemplate\":\"https:\/\/vosgesinfo.fr\/gerardmerinfo\/?s={search_term_string}\"},\"query-input\":\"required name=search_term_string\"}],\"inLanguage\":\"fr-FR\"},{\"@type\":\"Organization\",\"@id\":\"https:\/\/vosgesinfo.fr\/gerardmerinfo\/#organization\",\"name\":\"Gerardmer Info\",\"url\":\"https:\/\/vosgesinfo.fr\/gerardmerinfo\/\",\"logo\":{\"@type\":\"ImageObject\",\"inLanguage\":\"fr-FR\",\"@id\":\"https:\/\/vosgesinfo.fr\/gerardmerinfo\/#\/schema\/logo\/image\/\",\"url\":\"https:\/\/vosgesinfo.fr\/app\/uploads\/sites\/6\/2023\/08\/favicon-gerardmerinfo.png\",\"contentUrl\":\"https:\/\/vosgesinfo.fr\/app\/uploads\/sites\/6\/2023\/08\/favicon-gerardmerinfo.png\",\"width\":512,\"height\":512,\"caption\":\"Gerardmer Info\"},\"image\":{\"@id\":\"https:\/\/vosgesinfo.fr\/gerardmerinfo\/#\/schema\/logo\/image\/\"},\"sameAs\":[\"https:\/\/www.facebook.com\/profile.php?id=100049475262660\",\"https:\/\/x.com\/VosgesInfo88\",\"https:\/\/www.youtube.com\/@vosgesinfo\"]},{\"@type\":\"Person\",\"@id\":\"https:\/\/vosgesinfo.fr\/gerardmerinfo\/#\/schema\/person\/bc5d02d71e6932e81b6dadb7386667b1\",\"name\":\"qs_admin\",\"image\":{\"@type\":\"ImageObject\",\"inLanguage\":\"fr-FR\",\"@id\":\"https:\/\/vosgesinfo.fr\/gerardmerinfo\/#\/schema\/person\/image\/\",\"url\":\"https:\/\/secure.gravatar.com\/avatar\/94b18ee0ed79e4a42ea2f2931277b6841a8999fc6fde214600c78057cf1fe1de?s=96&d=mm&r=g\",\"contentUrl\":\"https:\/\/secure.gravatar.com\/avatar\/94b18ee0ed79e4a42ea2f2931277b6841a8999fc6fde214600c78057cf1fe1de?s=96&d=mm&r=g\",\"caption\":\"qs_admin\"},\"sameAs\":[\"https:\/\/vosgesinfo.fr\/wp\"],\"url\":\"https:\/\/vosgesinfo.fr\/gerardmerinfo\/author\/qs_admin\/\"}]}<\/script>\n<!-- \/ Yoast SEO plugin. -->","yoast_head_json":{"title":"Planche \u00e0 Voile: La reprise \u00e0 Marseille pour l'ASG Voile - Gerardmer Info","robots":{"index":"index","follow":"follow","max-snippet":"max-snippet:-1","max-image-preview":"max-image-preview:large","max-video-preview":"max-video-preview:-1"},"canonical":"https:\/\/vosgesinfo.fr\/gerardmerinfo\/2019\/03\/planche-a-voile-reprise-a-marseille-lasg-voile\/","twitter_card":"summary_large_image","twitter_title":"Planche \u00e0 Voile: La reprise \u00e0 Marseille pour l'ASG Voile - Gerardmer Info","twitter_description":"\u00a0 \u00a0 La reprise pour l&rsquo;\u00e9quipe Windsurf de l&rsquo;ASG s&rsquo;effectue traditionnellement \u00e0 Marseille en f\u00e9vrier, avec la MedCup, premi\u00e8re r\u00e9gate [&hellip;]","twitter_image":"https:\/\/vosgesinfo.fr\/app\/uploads\/sites\/6\/2024\/07\/201903dsc-0346.jpg","twitter_creator":"@VosgesInfo88","twitter_site":"@VosgesInfo88","twitter_misc":{"\u00c9crit par":"qs_admin","Dur\u00e9e de lecture estim\u00e9e":"3 minutes"},"schema":{"@context":"https:\/\/schema.org","@graph":[{"@type":"Article","@id":"https:\/\/vosgesinfo.fr\/gerardmerinfo\/2019\/03\/planche-a-voile-reprise-a-marseille-lasg-voile\/#article","isPartOf":{"@id":"https:\/\/vosgesinfo.fr\/gerardmerinfo\/2019\/03\/planche-a-voile-reprise-a-marseille-lasg-voile\/"},"author":{"name":"qs_admin","@id":"https:\/\/vosgesinfo.fr\/gerardmerinfo\/#\/schema\/person\/bc5d02d71e6932e81b6dadb7386667b1"},"headline":"Planche \u00e0 Voile: La reprise \u00e0 Marseille pour l&rsquo;ASG Voile","datePublished":"2019-03-02T06:21:19+00:00","dateModified":"2019-03-02T06:21:19+00:00","mainEntityOfPage":{"@id":"https:\/\/vosgesinfo.fr\/gerardmerinfo\/2019\/03\/planche-a-voile-reprise-a-marseille-lasg-voile\/"},"wordCount":552,"commentCount":0,"publisher":{"@id":"https:\/\/vosgesinfo.fr\/gerardmerinfo\/#organization"},"image":{"@id":"https:\/\/vosgesinfo.fr\/gerardmerinfo\/2019\/03\/planche-a-voile-reprise-a-marseille-lasg-voile\/#primaryimage"},"thumbnailUrl":"https:\/\/vosgesinfo.fr\/app\/uploads\/sites\/6\/2024\/07\/201903dsc-0346.jpg","keywords":["asg voile"],"articleSection":["A la une","Sport"],"inLanguage":"fr-FR","potentialAction":[{"@type":"CommentAction","name":"Comment","target":["https:\/\/vosgesinfo.fr\/gerardmerinfo\/2019\/03\/planche-a-voile-reprise-a-marseille-lasg-voile\/#respond"]}]},{"@type":"WebPage","@id":"https:\/\/vosgesinfo.fr\/gerardmerinfo\/2019\/03\/planche-a-voile-reprise-a-marseille-lasg-voile\/","url":"https:\/\/vosgesinfo.fr\/gerardmerinfo\/2019\/03\/planche-a-voile-reprise-a-marseille-lasg-voile\/","name":"Planche \u00e0 Voile: La reprise \u00e0 Marseille pour l'ASG Voile - Gerardmer Info","isPartOf":{"@id":"https:\/\/vosgesinfo.fr\/gerardmerinfo\/#website"},"primaryImageOfPage":{"@id":"https:\/\/vosgesinfo.fr\/gerardmerinfo\/2019\/03\/planche-a-voile-reprise-a-marseille-lasg-voile\/#primaryimage"},"image":{"@id":"https:\/\/vosgesinfo.fr\/gerardmerinfo\/2019\/03\/planche-a-voile-reprise-a-marseille-lasg-voile\/#primaryimage"},"thumbnailUrl":"https:\/\/vosgesinfo.fr\/app\/uploads\/sites\/6\/2024\/07\/201903dsc-0346.jpg","datePublished":"2019-03-02T06:21:19+00:00","dateModified":"2019-03-02T06:21:19+00:00","breadcrumb":{"@id":"https:\/\/vosgesinfo.fr\/gerardmerinfo\/2019\/03\/planche-a-voile-reprise-a-marseille-lasg-voile\/#breadcrumb"},"inLanguage":"fr-FR","potentialAction":[{"@type":"ReadAction","target":["https:\/\/vosgesinfo.fr\/gerardmerinfo\/2019\/03\/planche-a-voile-reprise-a-marseille-lasg-voile\/"]}]},{"@type":"ImageObject","inLanguage":"fr-FR","@id":"https:\/\/vosgesinfo.fr\/gerardmerinfo\/2019\/03\/planche-a-voile-reprise-a-marseille-lasg-voile\/#primaryimage","url":"https:\/\/vosgesinfo.fr\/app\/uploads\/sites\/6\/2024\/07\/201903dsc-0346.jpg","contentUrl":"https:\/\/vosgesinfo.fr\/app\/uploads\/sites\/6\/2024\/07\/201903dsc-0346.jpg","width":800,"height":531},{"@type":"BreadcrumbList","@id":"https:\/\/vosgesinfo.fr\/gerardmerinfo\/2019\/03\/planche-a-voile-reprise-a-marseille-lasg-voile\/#breadcrumb","itemListElement":[{"@type":"ListItem","position":1,"name":"Home","item":"https:\/\/vosgesinfo.fr\/gerardmerinfo\/"},{"@type":"ListItem","position":2,"name":"Planche \u00e0 Voile: La reprise \u00e0 Marseille pour l&rsquo;ASG Voile"}]},{"@type":"WebSite","@id":"https:\/\/vosgesinfo.fr\/gerardmerinfo\/#website","url":"https:\/\/vosgesinfo.fr\/gerardmerinfo\/","name":"Gerardmer Info","description":"Toute l&#039;actualit\u00e9 de G\u00e9rardmer","publisher":{"@id":"https:\/\/vosgesinfo.fr\/gerardmerinfo\/#organization"},"alternateName":"Toute l'actualit\u00e9 de G\u00e9rardmer","potentialAction":[{"@type":"SearchAction","target":{"@type":"EntryPoint","urlTemplate":"https:\/\/vosgesinfo.fr\/gerardmerinfo\/?s={search_term_string}"},"query-input":"required name=search_term_string"}],"inLanguage":"fr-FR"},{"@type":"Organization","@id":"https:\/\/vosgesinfo.fr\/gerardmerinfo\/#organization","name":"Gerardmer Info","url":"https:\/\/vosgesinfo.fr\/gerardmerinfo\/","logo":{"@type":"ImageObject","inLanguage":"fr-FR","@id":"https:\/\/vosgesinfo.fr\/gerardmerinfo\/#\/schema\/logo\/image\/","url":"https:\/\/vosgesinfo.fr\/app\/uploads\/sites\/6\/2023\/08\/favicon-gerardmerinfo.png","contentUrl":"https:\/\/vosgesinfo.fr\/app\/uploads\/sites\/6\/2023\/08\/favicon-gerardmerinfo.png","width":512,"height":512,"caption":"Gerardmer Info"},"image":{"@id":"https:\/\/vosgesinfo.fr\/gerardmerinfo\/#\/schema\/logo\/image\/"},"sameAs":["https:\/\/www.facebook.com\/profile.php?id=100049475262660","https:\/\/x.com\/VosgesInfo88","https:\/\/www.youtube.com\/@vosgesinfo"]},{"@type":"Person","@id":"https:\/\/vosgesinfo.fr\/gerardmerinfo\/#\/schema\/person\/bc5d02d71e6932e81b6dadb7386667b1","name":"qs_admin","image":{"@type":"ImageObject","inLanguage":"fr-FR","@id":"https:\/\/vosgesinfo.fr\/gerardmerinfo\/#\/schema\/person\/image\/","url":"https:\/\/secure.gravatar.com\/avatar\/94b18ee0ed79e4a42ea2f2931277b6841a8999fc6fde214600c78057cf1fe1de?s=96&d=mm&r=g","contentUrl":"https:\/\/secure.gravatar.com\/avatar\/94b18ee0ed79e4a42ea2f2931277b6841a8999fc6fde214600c78057cf1fe1de?s=96&d=mm&r=g","caption":"qs_admin"},"sameAs":["https:\/\/vosgesinfo.fr\/wp"],"url":"https:\/\/vosgesinfo.fr\/gerardmerinfo\/author\/qs_admin\/"}]}},"_links":{"self":[{"href":"https:\/\/vosgesinfo.fr\/gerardmerinfo\/wp-json\/wp\/v2\/posts\/40065","targetHints":{"allow":["GET"]}}],"collection":[{"href":"https:\/\/vosgesinfo.fr\/gerardmerinfo\/wp-json\/wp\/v2\/posts"}],"about":[{"href":"https:\/\/vosgesinfo.fr\/gerardmerinfo\/wp-json\/wp\/v2\/types\/post"}],"author":[{"embeddable":true,"href":"https:\/\/vosgesinfo.fr\/gerardmerinfo\/wp-json\/wp\/v2\/users\/1"}],"replies":[{"embeddable":true,"href":"https:\/\/vosgesinfo.fr\/gerardmerinfo\/wp-json\/wp\/v2\/comments?post=40065"}],"version-history":[{"count":0,"href":"https:\/\/vosgesinfo.fr\/gerardmerinfo\/wp-json\/wp\/v2\/posts\/40065\/revisions"}],"wp:featuredmedia":[{"embeddable":true,"href":"https:\/\/vosgesinfo.fr\/gerardmerinfo\/wp-json\/wp\/v2\/media\/40066"}],"wp:attachment":[{"href":"https:\/\/vosgesinfo.fr\/gerardmerinfo\/wp-json\/wp\/v2\/media?parent=40065"}],"wp:term":[{"taxonomy":"category","embeddable":true,"href":"https:\/\/vosgesinfo.fr\/gerardmerinfo\/wp-json\/wp\/v2\/categories?post=40065"},{"taxonomy":"post_tag","embeddable":true,"href":"https:\/\/vosgesinfo.fr\/gerardmerinfo\/wp-json\/wp\/v2\/tags?post=40065"}],"curies":[{"name":"wp","href":"https:\/\/api.w.org\/{rel}","templated":true}]}}