{"id":40140,"date":"2019-03-05T16:41:57","date_gmt":"2019-03-05T15:41:57","guid":{"rendered":"https:\/\/vosgesinfo.fr\/gerardmerinfo\/2019\/03\/formation-chanter-anglais-a-mcl\/"},"modified":"2019-03-05T16:41:57","modified_gmt":"2019-03-05T15:41:57","slug":"formation-chanter-anglais-a-mcl","status":"publish","type":"post","link":"https:\/\/vosgesinfo.fr\/gerardmerinfo\/2019\/03\/formation-chanter-anglais-a-mcl\/","title":{"rendered":"Formation chanter en anglais \u00e0 la MCL"},"content":{"rendered":"<h3 align=\"LEFT\"><span style=\"color: #000000;\"><span style=\"font-family: Times New Roman, serif;\"><span style=\"font-size: medium;\"><span style=\"color: #000000;\"><span style=\"font-family: Roboto Lt, Roboto Lt, sans-serif;\"><span style=\"font-size: xx-large;\"><span style=\"font-family: Times New Roman, serif;\"><span style=\"font-size: large;\"><a href=\"\/2015\/10\/Commission-ZikAct.jpg\"><img decoding=\"async\" class=\"aligncenter wp-image-65536 size-medium\" src=\"\/2015\/10\/Commission-ZikAct-295x255.jpg\" alt=\"Commission Zik'Act\" width=\"295\" height=\"255\" \/><\/a><\/span><\/span><\/span><\/span><\/span><span style=\"color: #000000; font-size: 14pt;\"><span style=\"font-family: Roboto Lt, Roboto Lt, sans-serif;\"><span style=\"font-family: Times New Roman, serif;\"><br \/>\n<\/span><\/span><\/span><\/span><\/span><\/span><\/h3>\n<h3 align=\"LEFT\"><span style=\"color: #000000; font-size: 14pt;\"><span style=\"font-family: Roboto Lt, Roboto Lt, sans-serif;\"><span style=\"color: #000000;\"><span style=\"font-family: Roboto Lt, Roboto Lt, sans-serif;\"><span style=\"font-family: Times New Roman, serif;\"><b>L<\/b><\/span><\/span><\/span><span style=\"color: #000000;\"><span style=\"font-family: Roboto Lt, Roboto Lt, sans-serif;\"><span style=\"font-family: Times New Roman, serif;\"><b>a MCL de G\u00e9rardmer via sa commission musiques actuelles vous propose une formation \u00ab\u00a0chanter en anglais\u00a0\u00bb encadr\u00e9e par Ghislain Didier le 30 Mars prochain. <\/b><\/span><\/span><\/span><\/span><\/span><\/h3>\n<p align=\"JUSTIFY\"><span style=\"color: #000000; font-size: 14pt;\"><span style=\"font-family: Times New Roman, serif;\"><span style=\"color: #000000;\"><span style=\"font-family: Roboto Lt, Roboto Lt, sans-serif;\"><span style=\"font-family: Times New Roman, serif;\">Une formation <\/span><\/span><\/span><span style=\"color: #000000;\"><span style=\"font-family: Roboto Lt, Roboto Lt, sans-serif;\"><span style=\"font-family: Times New Roman, serif;\">sp\u00e9cialement destin\u00e9e aux chanteurs et choristes<\/span><\/span><\/span><span style=\"color: #000000;\"><span style=\"font-family: Roboto Lt, Roboto Lt, sans-serif;\"><span style=\"font-family: Times New Roman, serif;\">, amateurs ou professionnels, souhaitant am\u00e9liorer leur diction et leur interpr\u00e9tation en langue anglaise.<\/span><\/span><\/span><\/span><\/span><\/p>\n<p align=\"JUSTIFY\"><span style=\"color: #000000; font-size: 14pt;\"><span style=\"font-family: Times New Roman, serif;\"><span style=\"color: #000000;\"><span style=\"font-family: Roboto Lt, Roboto Lt, sans-serif;\"><span style=\"font-family: Times New Roman, serif;\">L&rsquo;accent est mis sur l&rsquo;aspect rythmique et tonique de cette langue ainsi que sur l&rsquo;acquisition de certains m\u00e9canismes de placements vocaux sp\u00e9cifiques \u00e0 celle-ci. Un atelier \u00e0 la fois th\u00e9orique et pratique permettant de prendre de l&rsquo;assurance lors de vos prochaines prestations.<\/span><\/span><\/span><\/span><\/span><\/p>\n<p align=\"JUSTIFY\"><span style=\"color: #000000; font-size: 14pt;\"><span style=\"font-family: Times New Roman, serif;\"><span style=\"color: #000000;\"><span style=\"font-family: Roboto Lt, Roboto Lt, sans-serif;\"><span style=\"font-family: Times New Roman, serif;\">Intervenant : Ghislain Didier, formateur en anglais, musicien et m\u00e9lomane.<\/span><\/span><\/span><\/span><\/span><\/p>\n<p align=\"JUSTIFY\"><span style=\"color: #000000; font-size: 14pt;\"><span style=\"font-family: Times New Roman, serif;\"><span style=\"color: #000000;\"><span style=\"font-family: Roboto Lt, Roboto Lt, sans-serif;\"><span style=\"font-family: Times New Roman, serif;\">Dur\u00e9e : 6 heures <\/span><\/span><\/span><\/span><\/span><\/p>\n<p align=\"JUSTIFY\"><span style=\"color: #000000; font-size: 14pt;\"><span style=\"font-family: Times New Roman, serif;\"><span style=\"color: #000000;\"><span style=\"font-family: Roboto Lt, Roboto Lt, sans-serif;\"><span style=\"font-family: Times New Roman, serif;\">Tarif : 10 \u20ac par personne (+ adh\u00e9sion MCL 12 \u20ac ou 6 \u20ac moins de 16 ans)<\/span><\/span><\/span><\/span><\/span><\/p>\n<p align=\"JUSTIFY\"><span style=\"color: #000000; font-size: 14pt;\"><span style=\"font-family: Times New Roman, serif;\"><span style=\"color: #000000;\"><span style=\"font-family: Roboto Lt, Roboto Lt, sans-serif;\"><span style=\"font-family: Times New Roman, serif;\">Attention, uniquement 6 places disponibles<\/span><\/span><\/span><span style=\"color: #000000;\"><span style=\"font-family: Roboto Lt, Roboto Lt, sans-serif;\"><span style=\"font-family: Roboto Lt, Roboto Lt, sans-serif;\">.<\/span><\/span><\/span><\/span><\/span><\/p>\n<p align=\"JUSTIFY\"><span style=\"color: #000000; font-size: 14pt;\"><span style=\"font-family: Times New Roman, serif;\"><span style=\"color: #000000;\"><span style=\"font-family: Roboto Lt, Roboto Lt, sans-serif;\"><span style=\"font-family: Times New Roman, serif;\">Pour les inscrits, il faudra envoyer un titre de votre r\u00e9pertoire en MP3 quelques temps avant la date de la formation.<\/span><\/span><\/span><\/span><\/span><\/p>\n<p align=\"JUSTIFY\"><span style=\"color: #000000; font-size: 14pt;\"><span style=\"font-family: Times New Roman, serif;\"><span style=\"color: #000000;\"><span style=\"font-family: Roboto Lt, Roboto Lt, sans-serif;\"><span style=\"font-family: Times New Roman, serif;\">Renseignement \/ Inscription : <\/span><\/span><\/span><\/span><\/span><\/p>\n<p align=\"JUSTIFY\"><span style=\"color: #000000; font-size: 14pt;\"><span style=\"font-family: Times New Roman, serif;\"><span style=\"color: #000000;\"><span style=\"font-family: Roboto Lt, Roboto Lt, sans-serif;\"><span style=\"font-family: Times New Roman, serif;\">Marc Genatio \u00e0 la MCL <\/span><\/span><\/span><span style=\"color: #000000;\"><span style=\"font-family: Bebas Kai, Bebas Kai, sans-serif;\"><span style=\"font-family: Times New Roman, serif;\">\u2022 <\/span><\/span><\/span><span style=\"color: #000000;\"><span style=\"font-family: Roboto Lt, Roboto Lt, sans-serif;\"><span style=\"font-family: Times New Roman, serif;\">03.29.63.11.96 <\/span><\/span><\/span><span style=\"color: #000000;\"><span style=\"font-family: Bebas Kai, Bebas Kai, sans-serif;\"><span style=\"font-family: Times New Roman, serif;\">\u2022 <\/span><\/span><\/span><span style=\"color: #000000;\"><span style=\"font-family: Roboto Lt, Roboto Lt, sans-serif;\"><a href=\"mailto:MA@MCLGERARDMER.FR\"><span style=\"font-family: Times New Roman, serif;\">MA@MCLGERARDMER.FR<\/span><\/a><\/span><\/span><\/span><\/span><\/p>\n<p align=\"LEFT\"><span style=\"color: #000000; font-size: 14pt;\"><span style=\"font-family: Times New Roman, serif;\"><span style=\"color: #000000;\"><span style=\"font-family: Roboto Lt, Roboto Lt, sans-serif;\"><span style=\"color: #000000;\"><span style=\"font-family: Times New Roman, serif;\">RDV le s<\/span><\/span><\/span><\/span><span style=\"color: #000000;\"><span style=\"font-family: Roboto Lt, Roboto Lt, sans-serif;\"><span style=\"font-family: Times New Roman, serif;\">amedi 30 mars \u00e0 la <\/span><\/span><\/span><span style=\"color: #000000;\"><span style=\"font-family: Roboto Lt, Roboto Lt, sans-serif;\"><span style=\"font-family: Times New Roman, serif;\">MCL de<\/span><\/span><\/span> <span style=\"color: #000000;\"><span style=\"font-family: Roboto Lt, Roboto Lt, sans-serif;\"><span style=\"font-family: Times New Roman, serif;\">9h \u00e0 12h et de 14h \u00e0 17h.<\/span><\/span><\/span><\/span><\/span><\/p>\n","protected":false},"excerpt":{"rendered":"<p>La MCL de G\u00e9rardmer via sa commission musiques actuelles vous propose une formation \u00ab\u00a0chanter en anglais\u00a0\u00bb encadr\u00e9e par Ghislain Didier [&hellip;]<\/p>\n","protected":false},"author":1,"featured_media":40141,"comment_status":"open","ping_status":"open","sticky":false,"template":"","format":"standard","meta":{"footnotes":""},"categories":[20,4,25],"tags":[103],"class_list":["post-40140","post","type-post","status-publish","format-standard","has-post-thumbnail","hentry","category-a-la-une","category-culture","category-gerardmer","tag-mcl-gerardmer"],"acf":[],"yoast_head":"<!-- This site is optimized with the Yoast SEO plugin v22.5 - https:\/\/yoast.com\/wordpress\/plugins\/seo\/ -->\n<title>Formation chanter en anglais \u00e0 la MCL - Gerardmer Info<\/title>\n<meta name=\"robots\" content=\"index, follow, max-snippet:-1, max-image-preview:large, max-video-preview:-1\" \/>\n<link rel=\"canonical\" href=\"https:\/\/vosgesinfo.fr\/gerardmerinfo\/2019\/03\/formation-chanter-anglais-a-mcl\/\" \/>\n<meta name=\"twitter:card\" content=\"summary_large_image\" \/>\n<meta name=\"twitter:title\" content=\"Formation chanter en anglais \u00e0 la MCL - Gerardmer Info\" \/>\n<meta name=\"twitter:description\" content=\"La MCL de G\u00e9rardmer via sa commission musiques actuelles vous propose une formation \u00ab\u00a0chanter en anglais\u00a0\u00bb encadr\u00e9e par Ghislain Didier [&hellip;]\" \/>\n<meta name=\"twitter:image\" content=\"https:\/\/vosgesinfo.fr\/app\/uploads\/sites\/6\/2024\/07\/201510commission-zikact-1.jpg\" \/>\n<meta name=\"twitter:creator\" content=\"@VosgesInfo88\" \/>\n<meta name=\"twitter:site\" content=\"@VosgesInfo88\" \/>\n<meta name=\"twitter:label1\" content=\"\u00c9crit par\" \/>\n\t<meta name=\"twitter:data1\" content=\"qs_admin\" \/>\n\t<meta name=\"twitter:label2\" content=\"Dur\u00e9e de lecture estim\u00e9e\" \/>\n\t<meta name=\"twitter:data2\" content=\"1 minute\" \/>\n<script type=\"application\/ld+json\" class=\"yoast-schema-graph\">{\"@context\":\"https:\/\/schema.org\",\"@graph\":[{\"@type\":\"Article\",\"@id\":\"https:\/\/vosgesinfo.fr\/gerardmerinfo\/2019\/03\/formation-chanter-anglais-a-mcl\/#article\",\"isPartOf\":{\"@id\":\"https:\/\/vosgesinfo.fr\/gerardmerinfo\/2019\/03\/formation-chanter-anglais-a-mcl\/\"},\"author\":{\"name\":\"qs_admin\",\"@id\":\"https:\/\/vosgesinfo.fr\/gerardmerinfo\/#\/schema\/person\/bc5d02d71e6932e81b6dadb7386667b1\"},\"headline\":\"Formation chanter en anglais \u00e0 la MCL\",\"datePublished\":\"2019-03-05T15:41:57+00:00\",\"dateModified\":\"2019-03-05T15:41:57+00:00\",\"mainEntityOfPage\":{\"@id\":\"https:\/\/vosgesinfo.fr\/gerardmerinfo\/2019\/03\/formation-chanter-anglais-a-mcl\/\"},\"wordCount\":176,\"commentCount\":0,\"publisher\":{\"@id\":\"https:\/\/vosgesinfo.fr\/gerardmerinfo\/#organization\"},\"image\":{\"@id\":\"https:\/\/vosgesinfo.fr\/gerardmerinfo\/2019\/03\/formation-chanter-anglais-a-mcl\/#primaryimage\"},\"thumbnailUrl\":\"https:\/\/vosgesinfo.fr\/app\/uploads\/sites\/6\/2024\/07\/201510commission-zikact-1.jpg\",\"keywords\":[\"MCL G\u00e9rardmer\"],\"articleSection\":[\"A la une\",\"Culture\",\"G\u00e9rardmer\"],\"inLanguage\":\"fr-FR\",\"potentialAction\":[{\"@type\":\"CommentAction\",\"name\":\"Comment\",\"target\":[\"https:\/\/vosgesinfo.fr\/gerardmerinfo\/2019\/03\/formation-chanter-anglais-a-mcl\/#respond\"]}]},{\"@type\":\"WebPage\",\"@id\":\"https:\/\/vosgesinfo.fr\/gerardmerinfo\/2019\/03\/formation-chanter-anglais-a-mcl\/\",\"url\":\"https:\/\/vosgesinfo.fr\/gerardmerinfo\/2019\/03\/formation-chanter-anglais-a-mcl\/\",\"name\":\"Formation chanter en anglais \u00e0 la MCL - Gerardmer Info\",\"isPartOf\":{\"@id\":\"https:\/\/vosgesinfo.fr\/gerardmerinfo\/#website\"},\"primaryImageOfPage\":{\"@id\":\"https:\/\/vosgesinfo.fr\/gerardmerinfo\/2019\/03\/formation-chanter-anglais-a-mcl\/#primaryimage\"},\"image\":{\"@id\":\"https:\/\/vosgesinfo.fr\/gerardmerinfo\/2019\/03\/formation-chanter-anglais-a-mcl\/#primaryimage\"},\"thumbnailUrl\":\"https:\/\/vosgesinfo.fr\/app\/uploads\/sites\/6\/2024\/07\/201510commission-zikact-1.jpg\",\"datePublished\":\"2019-03-05T15:41:57+00:00\",\"dateModified\":\"2019-03-05T15:41:57+00:00\",\"breadcrumb\":{\"@id\":\"https:\/\/vosgesinfo.fr\/gerardmerinfo\/2019\/03\/formation-chanter-anglais-a-mcl\/#breadcrumb\"},\"inLanguage\":\"fr-FR\",\"potentialAction\":[{\"@type\":\"ReadAction\",\"target\":[\"https:\/\/vosgesinfo.fr\/gerardmerinfo\/2019\/03\/formation-chanter-anglais-a-mcl\/\"]}]},{\"@type\":\"ImageObject\",\"inLanguage\":\"fr-FR\",\"@id\":\"https:\/\/vosgesinfo.fr\/gerardmerinfo\/2019\/03\/formation-chanter-anglais-a-mcl\/#primaryimage\",\"url\":\"https:\/\/vosgesinfo.fr\/app\/uploads\/sites\/6\/2024\/07\/201510commission-zikact-1.jpg\",\"contentUrl\":\"https:\/\/vosgesinfo.fr\/app\/uploads\/sites\/6\/2024\/07\/201510commission-zikact-1.jpg\",\"width\":800,\"height\":692},{\"@type\":\"BreadcrumbList\",\"@id\":\"https:\/\/vosgesinfo.fr\/gerardmerinfo\/2019\/03\/formation-chanter-anglais-a-mcl\/#breadcrumb\",\"itemListElement\":[{\"@type\":\"ListItem\",\"position\":1,\"name\":\"Home\",\"item\":\"https:\/\/vosgesinfo.fr\/gerardmerinfo\/\"},{\"@type\":\"ListItem\",\"position\":2,\"name\":\"Formation chanter en anglais \u00e0 la MCL\"}]},{\"@type\":\"WebSite\",\"@id\":\"https:\/\/vosgesinfo.fr\/gerardmerinfo\/#website\",\"url\":\"https:\/\/vosgesinfo.fr\/gerardmerinfo\/\",\"name\":\"Gerardmer Info\",\"description\":\"Toute l&#039;actualit\u00e9 de G\u00e9rardmer\",\"publisher\":{\"@id\":\"https:\/\/vosgesinfo.fr\/gerardmerinfo\/#organization\"},\"alternateName\":\"Toute l'actualit\u00e9 de G\u00e9rardmer\",\"potentialAction\":[{\"@type\":\"SearchAction\",\"target\":{\"@type\":\"EntryPoint\",\"urlTemplate\":\"https:\/\/vosgesinfo.fr\/gerardmerinfo\/?s={search_term_string}\"},\"query-input\":\"required name=search_term_string\"}],\"inLanguage\":\"fr-FR\"},{\"@type\":\"Organization\",\"@id\":\"https:\/\/vosgesinfo.fr\/gerardmerinfo\/#organization\",\"name\":\"Gerardmer Info\",\"url\":\"https:\/\/vosgesinfo.fr\/gerardmerinfo\/\",\"logo\":{\"@type\":\"ImageObject\",\"inLanguage\":\"fr-FR\",\"@id\":\"https:\/\/vosgesinfo.fr\/gerardmerinfo\/#\/schema\/logo\/image\/\",\"url\":\"https:\/\/vosgesinfo.fr\/app\/uploads\/sites\/6\/2023\/08\/favicon-gerardmerinfo.png\",\"contentUrl\":\"https:\/\/vosgesinfo.fr\/app\/uploads\/sites\/6\/2023\/08\/favicon-gerardmerinfo.png\",\"width\":512,\"height\":512,\"caption\":\"Gerardmer Info\"},\"image\":{\"@id\":\"https:\/\/vosgesinfo.fr\/gerardmerinfo\/#\/schema\/logo\/image\/\"},\"sameAs\":[\"https:\/\/www.facebook.com\/profile.php?id=100049475262660\",\"https:\/\/x.com\/VosgesInfo88\",\"https:\/\/www.youtube.com\/@vosgesinfo\"]},{\"@type\":\"Person\",\"@id\":\"https:\/\/vosgesinfo.fr\/gerardmerinfo\/#\/schema\/person\/bc5d02d71e6932e81b6dadb7386667b1\",\"name\":\"qs_admin\",\"image\":{\"@type\":\"ImageObject\",\"inLanguage\":\"fr-FR\",\"@id\":\"https:\/\/vosgesinfo.fr\/gerardmerinfo\/#\/schema\/person\/image\/\",\"url\":\"https:\/\/secure.gravatar.com\/avatar\/94b18ee0ed79e4a42ea2f2931277b6841a8999fc6fde214600c78057cf1fe1de?s=96&d=mm&r=g\",\"contentUrl\":\"https:\/\/secure.gravatar.com\/avatar\/94b18ee0ed79e4a42ea2f2931277b6841a8999fc6fde214600c78057cf1fe1de?s=96&d=mm&r=g\",\"caption\":\"qs_admin\"},\"sameAs\":[\"https:\/\/vosgesinfo.fr\/wp\"],\"url\":\"https:\/\/vosgesinfo.fr\/gerardmerinfo\/author\/qs_admin\/\"}]}<\/script>\n<!-- \/ Yoast SEO plugin. -->","yoast_head_json":{"title":"Formation chanter en anglais \u00e0 la MCL - Gerardmer Info","robots":{"index":"index","follow":"follow","max-snippet":"max-snippet:-1","max-image-preview":"max-image-preview:large","max-video-preview":"max-video-preview:-1"},"canonical":"https:\/\/vosgesinfo.fr\/gerardmerinfo\/2019\/03\/formation-chanter-anglais-a-mcl\/","twitter_card":"summary_large_image","twitter_title":"Formation chanter en anglais \u00e0 la MCL - Gerardmer Info","twitter_description":"La MCL de G\u00e9rardmer via sa commission musiques actuelles vous propose une formation \u00ab\u00a0chanter en anglais\u00a0\u00bb encadr\u00e9e par Ghislain Didier [&hellip;]","twitter_image":"https:\/\/vosgesinfo.fr\/app\/uploads\/sites\/6\/2024\/07\/201510commission-zikact-1.jpg","twitter_creator":"@VosgesInfo88","twitter_site":"@VosgesInfo88","twitter_misc":{"\u00c9crit par":"qs_admin","Dur\u00e9e de lecture estim\u00e9e":"1 minute"},"schema":{"@context":"https:\/\/schema.org","@graph":[{"@type":"Article","@id":"https:\/\/vosgesinfo.fr\/gerardmerinfo\/2019\/03\/formation-chanter-anglais-a-mcl\/#article","isPartOf":{"@id":"https:\/\/vosgesinfo.fr\/gerardmerinfo\/2019\/03\/formation-chanter-anglais-a-mcl\/"},"author":{"name":"qs_admin","@id":"https:\/\/vosgesinfo.fr\/gerardmerinfo\/#\/schema\/person\/bc5d02d71e6932e81b6dadb7386667b1"},"headline":"Formation chanter en anglais \u00e0 la MCL","datePublished":"2019-03-05T15:41:57+00:00","dateModified":"2019-03-05T15:41:57+00:00","mainEntityOfPage":{"@id":"https:\/\/vosgesinfo.fr\/gerardmerinfo\/2019\/03\/formation-chanter-anglais-a-mcl\/"},"wordCount":176,"commentCount":0,"publisher":{"@id":"https:\/\/vosgesinfo.fr\/gerardmerinfo\/#organization"},"image":{"@id":"https:\/\/vosgesinfo.fr\/gerardmerinfo\/2019\/03\/formation-chanter-anglais-a-mcl\/#primaryimage"},"thumbnailUrl":"https:\/\/vosgesinfo.fr\/app\/uploads\/sites\/6\/2024\/07\/201510commission-zikact-1.jpg","keywords":["MCL G\u00e9rardmer"],"articleSection":["A la une","Culture","G\u00e9rardmer"],"inLanguage":"fr-FR","potentialAction":[{"@type":"CommentAction","name":"Comment","target":["https:\/\/vosgesinfo.fr\/gerardmerinfo\/2019\/03\/formation-chanter-anglais-a-mcl\/#respond"]}]},{"@type":"WebPage","@id":"https:\/\/vosgesinfo.fr\/gerardmerinfo\/2019\/03\/formation-chanter-anglais-a-mcl\/","url":"https:\/\/vosgesinfo.fr\/gerardmerinfo\/2019\/03\/formation-chanter-anglais-a-mcl\/","name":"Formation chanter en anglais \u00e0 la MCL - Gerardmer Info","isPartOf":{"@id":"https:\/\/vosgesinfo.fr\/gerardmerinfo\/#website"},"primaryImageOfPage":{"@id":"https:\/\/vosgesinfo.fr\/gerardmerinfo\/2019\/03\/formation-chanter-anglais-a-mcl\/#primaryimage"},"image":{"@id":"https:\/\/vosgesinfo.fr\/gerardmerinfo\/2019\/03\/formation-chanter-anglais-a-mcl\/#primaryimage"},"thumbnailUrl":"https:\/\/vosgesinfo.fr\/app\/uploads\/sites\/6\/2024\/07\/201510commission-zikact-1.jpg","datePublished":"2019-03-05T15:41:57+00:00","dateModified":"2019-03-05T15:41:57+00:00","breadcrumb":{"@id":"https:\/\/vosgesinfo.fr\/gerardmerinfo\/2019\/03\/formation-chanter-anglais-a-mcl\/#breadcrumb"},"inLanguage":"fr-FR","potentialAction":[{"@type":"ReadAction","target":["https:\/\/vosgesinfo.fr\/gerardmerinfo\/2019\/03\/formation-chanter-anglais-a-mcl\/"]}]},{"@type":"ImageObject","inLanguage":"fr-FR","@id":"https:\/\/vosgesinfo.fr\/gerardmerinfo\/2019\/03\/formation-chanter-anglais-a-mcl\/#primaryimage","url":"https:\/\/vosgesinfo.fr\/app\/uploads\/sites\/6\/2024\/07\/201510commission-zikact-1.jpg","contentUrl":"https:\/\/vosgesinfo.fr\/app\/uploads\/sites\/6\/2024\/07\/201510commission-zikact-1.jpg","width":800,"height":692},{"@type":"BreadcrumbList","@id":"https:\/\/vosgesinfo.fr\/gerardmerinfo\/2019\/03\/formation-chanter-anglais-a-mcl\/#breadcrumb","itemListElement":[{"@type":"ListItem","position":1,"name":"Home","item":"https:\/\/vosgesinfo.fr\/gerardmerinfo\/"},{"@type":"ListItem","position":2,"name":"Formation chanter en anglais \u00e0 la MCL"}]},{"@type":"WebSite","@id":"https:\/\/vosgesinfo.fr\/gerardmerinfo\/#website","url":"https:\/\/vosgesinfo.fr\/gerardmerinfo\/","name":"Gerardmer Info","description":"Toute l&#039;actualit\u00e9 de G\u00e9rardmer","publisher":{"@id":"https:\/\/vosgesinfo.fr\/gerardmerinfo\/#organization"},"alternateName":"Toute l'actualit\u00e9 de G\u00e9rardmer","potentialAction":[{"@type":"SearchAction","target":{"@type":"EntryPoint","urlTemplate":"https:\/\/vosgesinfo.fr\/gerardmerinfo\/?s={search_term_string}"},"query-input":"required name=search_term_string"}],"inLanguage":"fr-FR"},{"@type":"Organization","@id":"https:\/\/vosgesinfo.fr\/gerardmerinfo\/#organization","name":"Gerardmer Info","url":"https:\/\/vosgesinfo.fr\/gerardmerinfo\/","logo":{"@type":"ImageObject","inLanguage":"fr-FR","@id":"https:\/\/vosgesinfo.fr\/gerardmerinfo\/#\/schema\/logo\/image\/","url":"https:\/\/vosgesinfo.fr\/app\/uploads\/sites\/6\/2023\/08\/favicon-gerardmerinfo.png","contentUrl":"https:\/\/vosgesinfo.fr\/app\/uploads\/sites\/6\/2023\/08\/favicon-gerardmerinfo.png","width":512,"height":512,"caption":"Gerardmer Info"},"image":{"@id":"https:\/\/vosgesinfo.fr\/gerardmerinfo\/#\/schema\/logo\/image\/"},"sameAs":["https:\/\/www.facebook.com\/profile.php?id=100049475262660","https:\/\/x.com\/VosgesInfo88","https:\/\/www.youtube.com\/@vosgesinfo"]},{"@type":"Person","@id":"https:\/\/vosgesinfo.fr\/gerardmerinfo\/#\/schema\/person\/bc5d02d71e6932e81b6dadb7386667b1","name":"qs_admin","image":{"@type":"ImageObject","inLanguage":"fr-FR","@id":"https:\/\/vosgesinfo.fr\/gerardmerinfo\/#\/schema\/person\/image\/","url":"https:\/\/secure.gravatar.com\/avatar\/94b18ee0ed79e4a42ea2f2931277b6841a8999fc6fde214600c78057cf1fe1de?s=96&d=mm&r=g","contentUrl":"https:\/\/secure.gravatar.com\/avatar\/94b18ee0ed79e4a42ea2f2931277b6841a8999fc6fde214600c78057cf1fe1de?s=96&d=mm&r=g","caption":"qs_admin"},"sameAs":["https:\/\/vosgesinfo.fr\/wp"],"url":"https:\/\/vosgesinfo.fr\/gerardmerinfo\/author\/qs_admin\/"}]}},"_links":{"self":[{"href":"https:\/\/vosgesinfo.fr\/gerardmerinfo\/wp-json\/wp\/v2\/posts\/40140","targetHints":{"allow":["GET"]}}],"collection":[{"href":"https:\/\/vosgesinfo.fr\/gerardmerinfo\/wp-json\/wp\/v2\/posts"}],"about":[{"href":"https:\/\/vosgesinfo.fr\/gerardmerinfo\/wp-json\/wp\/v2\/types\/post"}],"author":[{"embeddable":true,"href":"https:\/\/vosgesinfo.fr\/gerardmerinfo\/wp-json\/wp\/v2\/users\/1"}],"replies":[{"embeddable":true,"href":"https:\/\/vosgesinfo.fr\/gerardmerinfo\/wp-json\/wp\/v2\/comments?post=40140"}],"version-history":[{"count":0,"href":"https:\/\/vosgesinfo.fr\/gerardmerinfo\/wp-json\/wp\/v2\/posts\/40140\/revisions"}],"wp:featuredmedia":[{"embeddable":true,"href":"https:\/\/vosgesinfo.fr\/gerardmerinfo\/wp-json\/wp\/v2\/media\/40141"}],"wp:attachment":[{"href":"https:\/\/vosgesinfo.fr\/gerardmerinfo\/wp-json\/wp\/v2\/media?parent=40140"}],"wp:term":[{"taxonomy":"category","embeddable":true,"href":"https:\/\/vosgesinfo.fr\/gerardmerinfo\/wp-json\/wp\/v2\/categories?post=40140"},{"taxonomy":"post_tag","embeddable":true,"href":"https:\/\/vosgesinfo.fr\/gerardmerinfo\/wp-json\/wp\/v2\/tags?post=40140"}],"curies":[{"name":"wp","href":"https:\/\/api.w.org\/{rel}","templated":true}]}}