{"id":40142,"date":"2019-03-04T16:58:12","date_gmt":"2019-03-04T15:58:12","guid":{"rendered":"https:\/\/vosgesinfo.fr\/gerardmerinfo\/2019\/03\/volley-lasg-sincline-face-leader\/"},"modified":"2019-03-04T16:58:12","modified_gmt":"2019-03-04T15:58:12","slug":"volley-lasg-sincline-face-leader","status":"publish","type":"post","link":"https:\/\/vosgesinfo.fr\/gerardmerinfo\/2019\/03\/volley-lasg-sincline-face-leader\/","title":{"rendered":"Volley : l&rsquo;ASG s&rsquo;incline face au leader"},"content":{"rendered":"<h3 class=\"x__c1 x_j x__c1\">Les seniors de l&rsquo;ASG se d\u00e9pla\u00e7aient chez le Grand Nancy Volley ce week-end o\u00f9 les hommes de J\u00e9r\u00f4me Jan se sont inclin\u00e9s face au leader de la poule sur le score de 3 sets \u00e0 1.<\/h3>\n<p class=\"x__c1 x_j x__c1\">La hi\u00e9rarchie aura \u00e9t\u00e9 respect\u00e9e mais c&rsquo;est une d\u00e9faite plut\u00f4t encourageante voir m\u00eame frustrante pour les G\u00e9r\u00f4mois qui ont tenu la drag\u00e9e haute \u00e0 leurs adversaires et auraient sans doute pu s&rsquo;offrir un set d\u00e9cisif. Le d\u00e9but de match \u00e9tait \u00e9quilibr\u00e9e entre les deux formations avec notamment les fr\u00e8res Kijowski qui r\u00e9pondaient \u00e0 Deiber et Dieudonn\u00e9 \u00e0 l&rsquo;attaque. Dans un premier set haletant et intense, les visiteurs finissaient par faiblir en fin de parcours et c&rsquo;est Nancy qui l&#8217;emportait 25-22 en imposant une cadence infernale.<\/p>\n<p class=\"x__c1 x_j x__c1\">La seconde manche d\u00e9marrait fort pour l&rsquo;ASG dans le sillage de Totel\u00e9 en feu au service et d&rsquo;un solide bloc des Vosgiens qui menaient alors 5-0. Pas de quoi semer la panique dans les rangs des locaux qui revenaient lentement mais s\u00fbrement avant de reprendre les commandes du set 8-7 puis 16-14. Avec l&rsquo;assurance d&rsquo;un leader, les nanc\u00e9iens enfon\u00e7aient le clou et ne tremblaient pas pour conclure avec autorit\u00e9 sur le score de 25-19. Avec deux sets d&rsquo;avance au compteur, Nancy levait un peu le pieds. Une petite br\u00e8che s&rsquo;ouvrait pour l&rsquo;ASG qui remettait un coup d&rsquo;acc\u00e9l\u00e9rateur et r\u00e9ussissait enfin \u00e0 prendre d\u00e9finitivement le large, notamment gr\u00e2ce \u00e0 Deiber et \u00e0 Durand au poste de libero. Les g\u00e9r\u00f4mois s&rsquo;adjugeaient le set 25-21 et repartaient \u00e0 l&rsquo;assaut du filet imm\u00e9diatement.<\/p>\n<p class=\"x__c1 x_j x__c1\">Puissant, pr\u00e9cis et remont\u00e9s, les visiteurs montraient qu&rsquo;ils \u00e9taient loin d&rsquo;\u00eatre morts dans cette partie et allaient m\u00eame mener jusqu&rsquo;\u00e0 12-5 ! Il faudra une succession de petites erreurs et de cadeaux \u00e0 l&rsquo;adversaire pour que le doute s&rsquo;installe \u00e0 nouveau et que Nancy entame une in\u00e9luctable remont\u00e9e&#8230; Comme au 2\u00e8me set, l&rsquo;ASG avait laiss\u00e9 filer sa chance et le sort \u00e9tait scell\u00e9 par R\u00e9mi Antoine c\u00f4t\u00e9 Nancy, d&rsquo;un bloc rageur et d&rsquo;une attaque gagnante coup sur coup pour conclure une bonne fois pour toute et mettre fin \u00e0 la r\u00e9bellion g\u00e9r\u00f4moise sur le score de 25-23 !<\/p>\n<p>&nbsp;<\/p>\n<p><strong>Les autres r\u00e9sultats :<\/strong><\/p>\n<p>&nbsp;<\/p>\n<p>l&rsquo;\u00e9quipe loisir 2 s&rsquo;incline 3 sets \u00e0 0 devant Rambervillers 2 : 25\/19\u00a0\u00a0 25\/20\u00a0 25\/06<\/p>\n<p>&nbsp;<\/p>\n<p>La R2 Filles perd 3 sets \u00e0 0 face\u00a0au Grand\u00a0Nancy volley : 25\/13\u00a0 25\/17\u00a0 25\/13<\/p>\n<p>&nbsp;<\/p>\n<p>D\u00e9faite \u00e9galement pour la R2 Gar\u00e7ons 3 sets \u00e0 2\u00a0\u00a0contre Saverne : 24\/26\u00a0 20\/25\u00a0 25\/20\u00a0 25\/18\u00a0 15\/07<\/p>\n<p>&nbsp;<\/p>\n<p>La N3 S&rsquo;incline chez le leader Grand Nancy Volley\u00a0 3 sets \u00e0 1 : 25\/22\u00a0\u00a0 25\/19\u00a0 21\/25 25\/23<\/p>\n<p>&nbsp;<\/p>\n<p><strong>Les matchs \u00e0 venir :<\/strong><\/p>\n<p>&nbsp;<\/p>\n<p>Mercredi\u00a06 Mars l&rsquo;\u00e9quipe loisir 1 accueille Remiremont 2<\/p>\n<p>&nbsp;<\/p>\n<p>Samedi\u00a0 9 Mars :<\/p>\n<p>D\u00e9placement des M15 Gar\u00e7ons \u00e0 Strasbourg et des M15 Filles au Grand Nancy<\/p>\n<p>D\u00e9placement de la R2 filles \u00e0 Verdun et de la R2 Gar\u00e7ons \u00e0 ST Di\u00e9( matchs \u00e0 20H30)<\/p>\n<p>A 13H30 au P&amp;P Didier les M20 Gar\u00e7ons re\u00e7oivent Villers<\/p>\n<p>&nbsp;<\/p>\n<p>Dimanche 10 Mars \u00e0 partir de 9H00 &#8211; Rassemblement M11 \u00e0 la Halle des Sport avec tout les clubs vosgiens<\/p>\n<p>&nbsp;<\/p>\n","protected":false},"excerpt":{"rendered":"<p>Les seniors de l&rsquo;ASG se d\u00e9pla\u00e7aient chez le Grand Nancy Volley ce week-end o\u00f9 les hommes de J\u00e9r\u00f4me Jan se [&hellip;]<\/p>\n","protected":false},"author":42,"featured_media":40143,"comment_status":"open","ping_status":"open","sticky":false,"template":"","format":"standard","meta":{"footnotes":""},"categories":[20,25,14],"tags":[119],"class_list":["post-40142","post","type-post","status-publish","format-standard","has-post-thumbnail","hentry","category-a-la-une","category-gerardmer","category-sport","tag-asg-volley"],"acf":[],"yoast_head":"<!-- This site is optimized with the Yoast SEO plugin v22.5 - https:\/\/yoast.com\/wordpress\/plugins\/seo\/ -->\n<title>Volley : l&#039;ASG s&#039;incline face au leader - Gerardmer Info<\/title>\n<meta name=\"robots\" content=\"index, follow, max-snippet:-1, max-image-preview:large, max-video-preview:-1\" \/>\n<link rel=\"canonical\" href=\"https:\/\/vosgesinfo.fr\/gerardmerinfo\/2019\/03\/volley-lasg-sincline-face-leader\/\" \/>\n<meta name=\"twitter:card\" content=\"summary_large_image\" \/>\n<meta name=\"twitter:title\" content=\"Volley : l&#039;ASG s&#039;incline face au leader - Gerardmer Info\" \/>\n<meta name=\"twitter:description\" content=\"Les seniors de l&rsquo;ASG se d\u00e9pla\u00e7aient chez le Grand Nancy Volley ce week-end o\u00f9 les hommes de J\u00e9r\u00f4me Jan se [&hellip;]\" \/>\n<meta name=\"twitter:image\" content=\"https:\/\/vosgesinfo.fr\/app\/uploads\/sites\/6\/2024\/07\/201609ballon-1-52.jpg\" \/>\n<meta name=\"twitter:creator\" content=\"@VosgesInfo88\" \/>\n<meta name=\"twitter:site\" content=\"@VosgesInfo88\" \/>\n<meta name=\"twitter:label1\" content=\"\u00c9crit par\" \/>\n\t<meta name=\"twitter:data1\" content=\"QG\" \/>\n\t<meta name=\"twitter:label2\" content=\"Dur\u00e9e de lecture estim\u00e9e\" \/>\n\t<meta name=\"twitter:data2\" content=\"3 minutes\" \/>\n<script type=\"application\/ld+json\" class=\"yoast-schema-graph\">{\"@context\":\"https:\/\/schema.org\",\"@graph\":[{\"@type\":\"Article\",\"@id\":\"https:\/\/vosgesinfo.fr\/gerardmerinfo\/2019\/03\/volley-lasg-sincline-face-leader\/#article\",\"isPartOf\":{\"@id\":\"https:\/\/vosgesinfo.fr\/gerardmerinfo\/2019\/03\/volley-lasg-sincline-face-leader\/\"},\"author\":{\"name\":\"QG\",\"@id\":\"https:\/\/vosgesinfo.fr\/gerardmerinfo\/#\/schema\/person\/db5605779a843dad16b5368f3e7613a5\"},\"headline\":\"Volley : l&rsquo;ASG s&rsquo;incline face au leader\",\"datePublished\":\"2019-03-04T15:58:12+00:00\",\"dateModified\":\"2019-03-04T15:58:12+00:00\",\"mainEntityOfPage\":{\"@id\":\"https:\/\/vosgesinfo.fr\/gerardmerinfo\/2019\/03\/volley-lasg-sincline-face-leader\/\"},\"wordCount\":533,\"commentCount\":0,\"publisher\":{\"@id\":\"https:\/\/vosgesinfo.fr\/gerardmerinfo\/#organization\"},\"image\":{\"@id\":\"https:\/\/vosgesinfo.fr\/gerardmerinfo\/2019\/03\/volley-lasg-sincline-face-leader\/#primaryimage\"},\"thumbnailUrl\":\"https:\/\/vosgesinfo.fr\/app\/uploads\/sites\/6\/2024\/07\/201609ballon-1-52.jpg\",\"keywords\":[\"ASG volley\"],\"articleSection\":[\"A la une\",\"G\u00e9rardmer\",\"Sport\"],\"inLanguage\":\"fr-FR\",\"potentialAction\":[{\"@type\":\"CommentAction\",\"name\":\"Comment\",\"target\":[\"https:\/\/vosgesinfo.fr\/gerardmerinfo\/2019\/03\/volley-lasg-sincline-face-leader\/#respond\"]}]},{\"@type\":\"WebPage\",\"@id\":\"https:\/\/vosgesinfo.fr\/gerardmerinfo\/2019\/03\/volley-lasg-sincline-face-leader\/\",\"url\":\"https:\/\/vosgesinfo.fr\/gerardmerinfo\/2019\/03\/volley-lasg-sincline-face-leader\/\",\"name\":\"Volley : l'ASG s'incline face au leader - Gerardmer Info\",\"isPartOf\":{\"@id\":\"https:\/\/vosgesinfo.fr\/gerardmerinfo\/#website\"},\"primaryImageOfPage\":{\"@id\":\"https:\/\/vosgesinfo.fr\/gerardmerinfo\/2019\/03\/volley-lasg-sincline-face-leader\/#primaryimage\"},\"image\":{\"@id\":\"https:\/\/vosgesinfo.fr\/gerardmerinfo\/2019\/03\/volley-lasg-sincline-face-leader\/#primaryimage\"},\"thumbnailUrl\":\"https:\/\/vosgesinfo.fr\/app\/uploads\/sites\/6\/2024\/07\/201609ballon-1-52.jpg\",\"datePublished\":\"2019-03-04T15:58:12+00:00\",\"dateModified\":\"2019-03-04T15:58:12+00:00\",\"breadcrumb\":{\"@id\":\"https:\/\/vosgesinfo.fr\/gerardmerinfo\/2019\/03\/volley-lasg-sincline-face-leader\/#breadcrumb\"},\"inLanguage\":\"fr-FR\",\"potentialAction\":[{\"@type\":\"ReadAction\",\"target\":[\"https:\/\/vosgesinfo.fr\/gerardmerinfo\/2019\/03\/volley-lasg-sincline-face-leader\/\"]}]},{\"@type\":\"ImageObject\",\"inLanguage\":\"fr-FR\",\"@id\":\"https:\/\/vosgesinfo.fr\/gerardmerinfo\/2019\/03\/volley-lasg-sincline-face-leader\/#primaryimage\",\"url\":\"https:\/\/vosgesinfo.fr\/app\/uploads\/sites\/6\/2024\/07\/201609ballon-1-52.jpg\",\"contentUrl\":\"https:\/\/vosgesinfo.fr\/app\/uploads\/sites\/6\/2024\/07\/201609ballon-1-52.jpg\",\"width\":600,\"height\":600},{\"@type\":\"BreadcrumbList\",\"@id\":\"https:\/\/vosgesinfo.fr\/gerardmerinfo\/2019\/03\/volley-lasg-sincline-face-leader\/#breadcrumb\",\"itemListElement\":[{\"@type\":\"ListItem\",\"position\":1,\"name\":\"Home\",\"item\":\"https:\/\/vosgesinfo.fr\/gerardmerinfo\/\"},{\"@type\":\"ListItem\",\"position\":2,\"name\":\"Volley : l&rsquo;ASG s&rsquo;incline face au leader\"}]},{\"@type\":\"WebSite\",\"@id\":\"https:\/\/vosgesinfo.fr\/gerardmerinfo\/#website\",\"url\":\"https:\/\/vosgesinfo.fr\/gerardmerinfo\/\",\"name\":\"Gerardmer Info\",\"description\":\"Toute l&#039;actualit\u00e9 de G\u00e9rardmer\",\"publisher\":{\"@id\":\"https:\/\/vosgesinfo.fr\/gerardmerinfo\/#organization\"},\"alternateName\":\"Toute l'actualit\u00e9 de G\u00e9rardmer\",\"potentialAction\":[{\"@type\":\"SearchAction\",\"target\":{\"@type\":\"EntryPoint\",\"urlTemplate\":\"https:\/\/vosgesinfo.fr\/gerardmerinfo\/?s={search_term_string}\"},\"query-input\":\"required name=search_term_string\"}],\"inLanguage\":\"fr-FR\"},{\"@type\":\"Organization\",\"@id\":\"https:\/\/vosgesinfo.fr\/gerardmerinfo\/#organization\",\"name\":\"Gerardmer Info\",\"url\":\"https:\/\/vosgesinfo.fr\/gerardmerinfo\/\",\"logo\":{\"@type\":\"ImageObject\",\"inLanguage\":\"fr-FR\",\"@id\":\"https:\/\/vosgesinfo.fr\/gerardmerinfo\/#\/schema\/logo\/image\/\",\"url\":\"https:\/\/vosgesinfo.fr\/app\/uploads\/sites\/6\/2023\/08\/favicon-gerardmerinfo.png\",\"contentUrl\":\"https:\/\/vosgesinfo.fr\/app\/uploads\/sites\/6\/2023\/08\/favicon-gerardmerinfo.png\",\"width\":512,\"height\":512,\"caption\":\"Gerardmer Info\"},\"image\":{\"@id\":\"https:\/\/vosgesinfo.fr\/gerardmerinfo\/#\/schema\/logo\/image\/\"},\"sameAs\":[\"https:\/\/www.facebook.com\/profile.php?id=100049475262660\",\"https:\/\/x.com\/VosgesInfo88\",\"https:\/\/www.youtube.com\/@vosgesinfo\"]},{\"@type\":\"Person\",\"@id\":\"https:\/\/vosgesinfo.fr\/gerardmerinfo\/#\/schema\/person\/db5605779a843dad16b5368f3e7613a5\",\"name\":\"QG\",\"image\":{\"@type\":\"ImageObject\",\"inLanguage\":\"fr-FR\",\"@id\":\"https:\/\/vosgesinfo.fr\/gerardmerinfo\/#\/schema\/person\/image\/\",\"url\":\"https:\/\/secure.gravatar.com\/avatar\/ea80c42c204b534408512832fde52504ecabb9706bcb6151cf6175e5b64e6793?s=96&d=mm&r=g\",\"contentUrl\":\"https:\/\/secure.gravatar.com\/avatar\/ea80c42c204b534408512832fde52504ecabb9706bcb6151cf6175e5b64e6793?s=96&d=mm&r=g\",\"caption\":\"QG\"},\"url\":\"https:\/\/vosgesinfo.fr\/gerardmerinfo\/author\/quentin88\/\"}]}<\/script>\n<!-- \/ Yoast SEO plugin. -->","yoast_head_json":{"title":"Volley : l'ASG s'incline face au leader - Gerardmer Info","robots":{"index":"index","follow":"follow","max-snippet":"max-snippet:-1","max-image-preview":"max-image-preview:large","max-video-preview":"max-video-preview:-1"},"canonical":"https:\/\/vosgesinfo.fr\/gerardmerinfo\/2019\/03\/volley-lasg-sincline-face-leader\/","twitter_card":"summary_large_image","twitter_title":"Volley : l'ASG s'incline face au leader - Gerardmer Info","twitter_description":"Les seniors de l&rsquo;ASG se d\u00e9pla\u00e7aient chez le Grand Nancy Volley ce week-end o\u00f9 les hommes de J\u00e9r\u00f4me Jan se [&hellip;]","twitter_image":"https:\/\/vosgesinfo.fr\/app\/uploads\/sites\/6\/2024\/07\/201609ballon-1-52.jpg","twitter_creator":"@VosgesInfo88","twitter_site":"@VosgesInfo88","twitter_misc":{"\u00c9crit par":"QG","Dur\u00e9e de lecture estim\u00e9e":"3 minutes"},"schema":{"@context":"https:\/\/schema.org","@graph":[{"@type":"Article","@id":"https:\/\/vosgesinfo.fr\/gerardmerinfo\/2019\/03\/volley-lasg-sincline-face-leader\/#article","isPartOf":{"@id":"https:\/\/vosgesinfo.fr\/gerardmerinfo\/2019\/03\/volley-lasg-sincline-face-leader\/"},"author":{"name":"QG","@id":"https:\/\/vosgesinfo.fr\/gerardmerinfo\/#\/schema\/person\/db5605779a843dad16b5368f3e7613a5"},"headline":"Volley : l&rsquo;ASG s&rsquo;incline face au leader","datePublished":"2019-03-04T15:58:12+00:00","dateModified":"2019-03-04T15:58:12+00:00","mainEntityOfPage":{"@id":"https:\/\/vosgesinfo.fr\/gerardmerinfo\/2019\/03\/volley-lasg-sincline-face-leader\/"},"wordCount":533,"commentCount":0,"publisher":{"@id":"https:\/\/vosgesinfo.fr\/gerardmerinfo\/#organization"},"image":{"@id":"https:\/\/vosgesinfo.fr\/gerardmerinfo\/2019\/03\/volley-lasg-sincline-face-leader\/#primaryimage"},"thumbnailUrl":"https:\/\/vosgesinfo.fr\/app\/uploads\/sites\/6\/2024\/07\/201609ballon-1-52.jpg","keywords":["ASG volley"],"articleSection":["A la une","G\u00e9rardmer","Sport"],"inLanguage":"fr-FR","potentialAction":[{"@type":"CommentAction","name":"Comment","target":["https:\/\/vosgesinfo.fr\/gerardmerinfo\/2019\/03\/volley-lasg-sincline-face-leader\/#respond"]}]},{"@type":"WebPage","@id":"https:\/\/vosgesinfo.fr\/gerardmerinfo\/2019\/03\/volley-lasg-sincline-face-leader\/","url":"https:\/\/vosgesinfo.fr\/gerardmerinfo\/2019\/03\/volley-lasg-sincline-face-leader\/","name":"Volley : l'ASG s'incline face au leader - Gerardmer Info","isPartOf":{"@id":"https:\/\/vosgesinfo.fr\/gerardmerinfo\/#website"},"primaryImageOfPage":{"@id":"https:\/\/vosgesinfo.fr\/gerardmerinfo\/2019\/03\/volley-lasg-sincline-face-leader\/#primaryimage"},"image":{"@id":"https:\/\/vosgesinfo.fr\/gerardmerinfo\/2019\/03\/volley-lasg-sincline-face-leader\/#primaryimage"},"thumbnailUrl":"https:\/\/vosgesinfo.fr\/app\/uploads\/sites\/6\/2024\/07\/201609ballon-1-52.jpg","datePublished":"2019-03-04T15:58:12+00:00","dateModified":"2019-03-04T15:58:12+00:00","breadcrumb":{"@id":"https:\/\/vosgesinfo.fr\/gerardmerinfo\/2019\/03\/volley-lasg-sincline-face-leader\/#breadcrumb"},"inLanguage":"fr-FR","potentialAction":[{"@type":"ReadAction","target":["https:\/\/vosgesinfo.fr\/gerardmerinfo\/2019\/03\/volley-lasg-sincline-face-leader\/"]}]},{"@type":"ImageObject","inLanguage":"fr-FR","@id":"https:\/\/vosgesinfo.fr\/gerardmerinfo\/2019\/03\/volley-lasg-sincline-face-leader\/#primaryimage","url":"https:\/\/vosgesinfo.fr\/app\/uploads\/sites\/6\/2024\/07\/201609ballon-1-52.jpg","contentUrl":"https:\/\/vosgesinfo.fr\/app\/uploads\/sites\/6\/2024\/07\/201609ballon-1-52.jpg","width":600,"height":600},{"@type":"BreadcrumbList","@id":"https:\/\/vosgesinfo.fr\/gerardmerinfo\/2019\/03\/volley-lasg-sincline-face-leader\/#breadcrumb","itemListElement":[{"@type":"ListItem","position":1,"name":"Home","item":"https:\/\/vosgesinfo.fr\/gerardmerinfo\/"},{"@type":"ListItem","position":2,"name":"Volley : l&rsquo;ASG s&rsquo;incline face au leader"}]},{"@type":"WebSite","@id":"https:\/\/vosgesinfo.fr\/gerardmerinfo\/#website","url":"https:\/\/vosgesinfo.fr\/gerardmerinfo\/","name":"Gerardmer Info","description":"Toute l&#039;actualit\u00e9 de G\u00e9rardmer","publisher":{"@id":"https:\/\/vosgesinfo.fr\/gerardmerinfo\/#organization"},"alternateName":"Toute l'actualit\u00e9 de G\u00e9rardmer","potentialAction":[{"@type":"SearchAction","target":{"@type":"EntryPoint","urlTemplate":"https:\/\/vosgesinfo.fr\/gerardmerinfo\/?s={search_term_string}"},"query-input":"required name=search_term_string"}],"inLanguage":"fr-FR"},{"@type":"Organization","@id":"https:\/\/vosgesinfo.fr\/gerardmerinfo\/#organization","name":"Gerardmer Info","url":"https:\/\/vosgesinfo.fr\/gerardmerinfo\/","logo":{"@type":"ImageObject","inLanguage":"fr-FR","@id":"https:\/\/vosgesinfo.fr\/gerardmerinfo\/#\/schema\/logo\/image\/","url":"https:\/\/vosgesinfo.fr\/app\/uploads\/sites\/6\/2023\/08\/favicon-gerardmerinfo.png","contentUrl":"https:\/\/vosgesinfo.fr\/app\/uploads\/sites\/6\/2023\/08\/favicon-gerardmerinfo.png","width":512,"height":512,"caption":"Gerardmer Info"},"image":{"@id":"https:\/\/vosgesinfo.fr\/gerardmerinfo\/#\/schema\/logo\/image\/"},"sameAs":["https:\/\/www.facebook.com\/profile.php?id=100049475262660","https:\/\/x.com\/VosgesInfo88","https:\/\/www.youtube.com\/@vosgesinfo"]},{"@type":"Person","@id":"https:\/\/vosgesinfo.fr\/gerardmerinfo\/#\/schema\/person\/db5605779a843dad16b5368f3e7613a5","name":"QG","image":{"@type":"ImageObject","inLanguage":"fr-FR","@id":"https:\/\/vosgesinfo.fr\/gerardmerinfo\/#\/schema\/person\/image\/","url":"https:\/\/secure.gravatar.com\/avatar\/ea80c42c204b534408512832fde52504ecabb9706bcb6151cf6175e5b64e6793?s=96&d=mm&r=g","contentUrl":"https:\/\/secure.gravatar.com\/avatar\/ea80c42c204b534408512832fde52504ecabb9706bcb6151cf6175e5b64e6793?s=96&d=mm&r=g","caption":"QG"},"url":"https:\/\/vosgesinfo.fr\/gerardmerinfo\/author\/quentin88\/"}]}},"_links":{"self":[{"href":"https:\/\/vosgesinfo.fr\/gerardmerinfo\/wp-json\/wp\/v2\/posts\/40142","targetHints":{"allow":["GET"]}}],"collection":[{"href":"https:\/\/vosgesinfo.fr\/gerardmerinfo\/wp-json\/wp\/v2\/posts"}],"about":[{"href":"https:\/\/vosgesinfo.fr\/gerardmerinfo\/wp-json\/wp\/v2\/types\/post"}],"author":[{"embeddable":true,"href":"https:\/\/vosgesinfo.fr\/gerardmerinfo\/wp-json\/wp\/v2\/users\/42"}],"replies":[{"embeddable":true,"href":"https:\/\/vosgesinfo.fr\/gerardmerinfo\/wp-json\/wp\/v2\/comments?post=40142"}],"version-history":[{"count":0,"href":"https:\/\/vosgesinfo.fr\/gerardmerinfo\/wp-json\/wp\/v2\/posts\/40142\/revisions"}],"wp:featuredmedia":[{"embeddable":true,"href":"https:\/\/vosgesinfo.fr\/gerardmerinfo\/wp-json\/wp\/v2\/media\/40143"}],"wp:attachment":[{"href":"https:\/\/vosgesinfo.fr\/gerardmerinfo\/wp-json\/wp\/v2\/media?parent=40142"}],"wp:term":[{"taxonomy":"category","embeddable":true,"href":"https:\/\/vosgesinfo.fr\/gerardmerinfo\/wp-json\/wp\/v2\/categories?post=40142"},{"taxonomy":"post_tag","embeddable":true,"href":"https:\/\/vosgesinfo.fr\/gerardmerinfo\/wp-json\/wp\/v2\/tags?post=40142"}],"curies":[{"name":"wp","href":"https:\/\/api.w.org\/{rel}","templated":true}]}}