{"id":40155,"date":"2019-03-04T17:03:46","date_gmt":"2019-03-04T16:03:46","guid":{"rendered":"https:\/\/vosgesinfo.fr\/gerardmerinfo\/2019\/03\/vent-nouveau-souffle-laviron\/"},"modified":"2019-03-04T17:03:46","modified_gmt":"2019-03-04T16:03:46","slug":"vent-nouveau-souffle-laviron","status":"publish","type":"post","link":"https:\/\/vosgesinfo.fr\/gerardmerinfo\/2019\/03\/vent-nouveau-souffle-laviron\/","title":{"rendered":"Un vent nouveau souffle sur l&rsquo;aviron"},"content":{"rendered":"<p>[youtube url=\u00a0\u00bbvideo_url\u00a0\u00bb width=\u00a0\u00bb500&Prime; height=\u00a0\u00bb300&Prime;]<\/p>\n<div id=\"attachment_142892\" style=\"width: 510px\" class=\"wp-caption aligncenter\"><a href=\"\/2019\/03\/ASG-Aviron-2019-3.jpg\"><img decoding=\"async\" aria-describedby=\"caption-attachment-142892\" class=\"wp-image-142892\" src=\"\/2019\/03\/ASG-Aviron-2019-3.jpg\" alt=\"Arnaud tixier passera la main \u00e0 la fin de ce nouveau mandat de 4 ans, ou avant si les bonnes volont\u00e9s se manifestent au sin du club.\" width=\"500\" height=\"375\" \/><\/a><p id=\"caption-attachment-142892\" class=\"wp-caption-text\">Arnaud Tixier passera la main \u00e0 la fin de ce nouveau mandat de 4 ans, ou avant si les bonnes volont\u00e9s se manifestent au sein du club.<\/p><\/div>\n<p>&nbsp;<\/p>\n<h3><span style=\"font-size: 12pt; color: #333333;\">Les assises annuelles de l&rsquo;ASG aviron ont r\u00e9cemment eu lieu \u00e0 la salle des Armes de la mairie pour ce club qui a remis la marche avant en 2018 et ne compte pas s&rsquo;arr\u00eater en si bon chemin cette saison.<\/span><\/h3>\n<p><span style=\"font-size: 12pt; color: #333333;\">En effet, 2018 aura vu les rameurs g\u00e9r\u00f4mois reprendre du poil de la b\u00eate dans le sillage de ses jeunes loups pr\u00e9sents au niveau national et international, mais aussi de ses seniors qui permettent au club de gagner 10 places, l&rsquo;ASG passant de la 74\u00e8me place nationale \u00e0 la 64\u00e8me. \u00ab\u00a0Nous avons plus de jeunes, plus de licenci\u00e9s de mani\u00e8re g\u00e9n\u00e9rale, ce qui nous permet d&rsquo;\u00eatre pr\u00e9sents un peu partout dans les diff\u00e9rentes cat\u00e9gories et comp\u00e9titions, et donc de continuer \u00e0 progresser au classement des clubs alors que nous avions plut\u00f4t tendance \u00e0 baisser ces derni\u00e8res ann\u00e9es\u00a0\u00bb pr\u00e9cisait ainsi le pr\u00e9sident Arnaud Tixier. On notera enfin un r\u00e9sultat international\u00a0: Paul Tixier finit \u00e0 la 5\u00e8me place des championnats du monde U23 \u00e0 POZNAN en POLOGNE, en quatre de couple. Comme il le dit lui-m\u00eame, il progresse d\u2019une place tous les ans au classement. Il ne serait donc pas contre le fait de br\u00fbler quelques \u00e9tapes cette ann\u00e9e histoire de s&rsquo;inviter sur un podium !<br \/>\n<\/span><\/p>\n<div id=\"attachment_142890\" style=\"width: 350px\" class=\"wp-caption alignleft\"><a href=\"\/2019\/03\/ASG-Aviron-2019-1.jpg\"><img decoding=\"async\" aria-describedby=\"caption-attachment-142890\" class=\"wp-image-142890 size-medium\" src=\"\/2019\/03\/ASG-Aviron-2019-1-340x255.jpg\" alt=\"S. Brogniart et T. Lecomte.\" width=\"340\" height=\"255\" \/><\/a><p id=\"caption-attachment-142890\" class=\"wp-caption-text\">S. Brogniart et T. Lecomte.<\/p><\/div>\n<p><span style=\"font-size: 12pt; color: #333333;\">En 2019, l&rsquo;objectif sera donc de poursuivre cette progression en mati\u00e8re de r\u00e9sultats et d&rsquo;effectifs. A ce titre, l&rsquo;ASG pourra compter sur le retour de l&rsquo;un de ses fers de lance en la personne de Thibault Lecomte. Apr\u00e8s trois ans d&rsquo;absence sur les bassins, la comp\u00e9tition de haut niveau et l\u2019aviron de mani\u00e8re g\u00e9n\u00e9rale commen\u00e7aient \u00e0 lui manquer&#8230; Vite d\u00e9go\u00fbt\u00e9 par le v\u00e9lo, plut\u00f4t satisfait de sa petite exp\u00e9rience en mati\u00e8re de triathlon, il souhaitait se lancer un nouveau d\u00e9fi sportif. Il a donc \u00e9voqu\u00e9 la question avec sa compagne ainsi que son coach Pierre Renaud qui \u00ab\u00a0ont donn\u00e9 un avis favorable\u00a0\u00bb si l&rsquo;on peut dire. Le rameur de l&rsquo;ASG revenu sous ses couleurs de c\u0153ur a donc repris l&rsquo;entra\u00eenement depuis le d\u00e9but de l&rsquo;ann\u00e9e 2019 avec une premi\u00e8re comp\u00e9tition le week-end prochain \u00e0 Toul (sur 6 km en individuel contre la montre). Un bon petit test avant d&rsquo;aller s&rsquo;aligner par la suite sur les courses en ligne et d&rsquo;envisager de commencer \u00e0 titiller les meilleurs au fur et \u00e0 mesure que la saison avancera. Affaire \u00e0 suivre&#8230;<br \/>\n<\/span><\/p>\n<p><a href=\"\/2019\/03\/ASG-Aviron-2019-2.jpg\"><img decoding=\"async\" class=\"alignright size-medium wp-image-142891\" src=\"\/2019\/03\/ASG-Aviron-2019-2-340x255.jpg\" alt=\"ASG Aviron 2019 (2)\" width=\"340\" height=\"255\" \/><\/a>Un beau challenge qui en appelle un autre. Nous voulons bien sur parler d&rsquo;ETARCOS, association et d\u00e9fi dont l&rsquo;ASG est d\u00e9sormais partenaire. Ce<span style=\"color: #333333;\"><span style=\"font-size: large;\"><span style=\"font-size: 12pt;\"> d\u00e9fi, ce vent nouveau, c\u2019est la travers\u00e9e du Pacifique \u00e0 la rame et en <span style=\"color: #333333;\">solitaire que pr\u00e9pare St\u00e9phane BROGNIART. \u00ab\u00a0<\/span><\/span><\/span><\/span><span style=\"color: #333333; font-size: 12pt;\">Il ne connaissait rien \u00e0 l\u2019aviron, il a eu une id\u00e9e, folle \u00e0 mon sens, de faire un truc insens\u00e9, a choisi la rame comme outil, a frapp\u00e9 \u00e0 la porte du club en septembre pour que nous lui apprenions l\u2019aviron, et voici le club embringu\u00e9 dans un d\u00e9fi fou au travers lui. Nous allons faire route ensemble pendant quelques ann\u00e9es pour que les palettes jaunes et vertes frappent l\u2019eau du Pacifique\u00a0\u00bb explique Arnaud Tixier. L\u00e0 aussi c&rsquo;est une aventure \u00e0 suivre en 2019 avec l&rsquo;ASG qui mettra vraisemblablement des animations en place faisant \u00e9cho \u00e0 ETARCOS et \u00e0 cette travers\u00e9e pr\u00e9vue dans deux ans.<br \/>\n<\/span><\/p>\n<p>2019 sera \u00e9galement l&rsquo;ann\u00e9e du d\u00e9veloppement de l&rsquo;aviron Indoor, une discipline en plein essor que le club souhaite conforter avec des s\u00e9ances ainsi que des d\u00e9fis sp\u00e9cifiques. Un championnat national existe d\u00e9j\u00e0 pour ce sport \u00ab\u00a0sant\u00e9\u00a0\u00bb dont la pratique est accessible \u00e0 tous. P<span style=\"color: #000000;\"><span style=\"font-size: large;\"><span style=\"color: #333333; font-size: 12pt;\">ratique indoor est certainement l\u2019un des axes de d\u00e9veloppement futur de l&rsquo;ASG aviron. Il a d\u00e9j\u00e0 permis que le club ne soit pas d\u00e9sert\u00e9 par les adultes en hiver. Les jeunes se sont sentis moins seuls ces derniers mois dans l\u2019Union Nautique ! Pour conclure, sachez enfin que les rameurs locaux organiseront pour la troisi\u00e8me fois \u00e0 G\u00e9rardmer les championnats de France seniors sprint sur 500 m\u00e8tres le dernier week-end de septembre. 25 titres seront en jeu, 1 200 comp\u00e9titeurs sont attendus pour environ 3000 personnes sur le site sur l&rsquo;ensemble du week-end !<\/span><br \/>\n<\/span><\/span><\/p>\n","protected":false},"excerpt":{"rendered":"<p>[youtube url=\u00a0\u00bbvideo_url\u00a0\u00bb width=\u00a0\u00bb500&Prime; height=\u00a0\u00bb300&Prime;] &nbsp; Les assises annuelles de l&rsquo;ASG aviron ont r\u00e9cemment eu lieu \u00e0 la salle des Armes [&hellip;]<\/p>\n","protected":false},"author":42,"featured_media":40156,"comment_status":"open","ping_status":"open","sticky":false,"template":"","format":"standard","meta":{"footnotes":""},"categories":[20,25,14],"tags":[174],"class_list":["post-40155","post","type-post","status-publish","format-standard","has-post-thumbnail","hentry","category-a-la-une","category-gerardmer","category-sport","tag-asg-aviron"],"acf":[],"yoast_head":"<!-- This site is optimized with the Yoast SEO plugin v22.5 - https:\/\/yoast.com\/wordpress\/plugins\/seo\/ -->\n<title>Un vent nouveau souffle sur l&#039;aviron - Gerardmer Info<\/title>\n<meta name=\"robots\" content=\"index, follow, max-snippet:-1, max-image-preview:large, max-video-preview:-1\" \/>\n<link rel=\"canonical\" href=\"https:\/\/vosgesinfo.fr\/gerardmerinfo\/2019\/03\/vent-nouveau-souffle-laviron\/\" \/>\n<meta name=\"twitter:card\" content=\"summary_large_image\" \/>\n<meta name=\"twitter:title\" content=\"Un vent nouveau souffle sur l&#039;aviron - Gerardmer Info\" \/>\n<meta name=\"twitter:description\" content=\"[youtube url=\u00a0\u00bbvideo_url\u00a0\u00bb width=\u00a0\u00bb500&Prime; height=\u00a0\u00bb300&Prime;] &nbsp; Les assises annuelles de l&rsquo;ASG aviron ont r\u00e9cemment eu lieu \u00e0 la salle des Armes [&hellip;]\" \/>\n<meta name=\"twitter:image\" content=\"https:\/\/vosgesinfo.fr\/app\/uploads\/sites\/6\/2024\/07\/201903asg-aviron-2019-3.jpg\" \/>\n<meta name=\"twitter:creator\" content=\"@VosgesInfo88\" \/>\n<meta name=\"twitter:site\" content=\"@VosgesInfo88\" \/>\n<meta name=\"twitter:label1\" content=\"\u00c9crit par\" \/>\n\t<meta name=\"twitter:data1\" content=\"QG\" \/>\n\t<meta name=\"twitter:label2\" content=\"Dur\u00e9e de lecture estim\u00e9e\" \/>\n\t<meta name=\"twitter:data2\" content=\"4 minutes\" \/>\n<script type=\"application\/ld+json\" class=\"yoast-schema-graph\">{\"@context\":\"https:\/\/schema.org\",\"@graph\":[{\"@type\":\"Article\",\"@id\":\"https:\/\/vosgesinfo.fr\/gerardmerinfo\/2019\/03\/vent-nouveau-souffle-laviron\/#article\",\"isPartOf\":{\"@id\":\"https:\/\/vosgesinfo.fr\/gerardmerinfo\/2019\/03\/vent-nouveau-souffle-laviron\/\"},\"author\":{\"name\":\"QG\",\"@id\":\"https:\/\/vosgesinfo.fr\/gerardmerinfo\/#\/schema\/person\/db5605779a843dad16b5368f3e7613a5\"},\"headline\":\"Un vent nouveau souffle sur l&rsquo;aviron\",\"datePublished\":\"2019-03-04T16:03:46+00:00\",\"dateModified\":\"2019-03-04T16:03:46+00:00\",\"mainEntityOfPage\":{\"@id\":\"https:\/\/vosgesinfo.fr\/gerardmerinfo\/2019\/03\/vent-nouveau-souffle-laviron\/\"},\"wordCount\":791,\"commentCount\":0,\"publisher\":{\"@id\":\"https:\/\/vosgesinfo.fr\/gerardmerinfo\/#organization\"},\"image\":{\"@id\":\"https:\/\/vosgesinfo.fr\/gerardmerinfo\/2019\/03\/vent-nouveau-souffle-laviron\/#primaryimage\"},\"thumbnailUrl\":\"https:\/\/vosgesinfo.fr\/app\/uploads\/sites\/6\/2024\/07\/201903asg-aviron-2019-3.jpg\",\"keywords\":[\"asg aviron\"],\"articleSection\":[\"A la une\",\"G\u00e9rardmer\",\"Sport\"],\"inLanguage\":\"fr-FR\",\"potentialAction\":[{\"@type\":\"CommentAction\",\"name\":\"Comment\",\"target\":[\"https:\/\/vosgesinfo.fr\/gerardmerinfo\/2019\/03\/vent-nouveau-souffle-laviron\/#respond\"]}]},{\"@type\":\"WebPage\",\"@id\":\"https:\/\/vosgesinfo.fr\/gerardmerinfo\/2019\/03\/vent-nouveau-souffle-laviron\/\",\"url\":\"https:\/\/vosgesinfo.fr\/gerardmerinfo\/2019\/03\/vent-nouveau-souffle-laviron\/\",\"name\":\"Un vent nouveau souffle sur l'aviron - Gerardmer Info\",\"isPartOf\":{\"@id\":\"https:\/\/vosgesinfo.fr\/gerardmerinfo\/#website\"},\"primaryImageOfPage\":{\"@id\":\"https:\/\/vosgesinfo.fr\/gerardmerinfo\/2019\/03\/vent-nouveau-souffle-laviron\/#primaryimage\"},\"image\":{\"@id\":\"https:\/\/vosgesinfo.fr\/gerardmerinfo\/2019\/03\/vent-nouveau-souffle-laviron\/#primaryimage\"},\"thumbnailUrl\":\"https:\/\/vosgesinfo.fr\/app\/uploads\/sites\/6\/2024\/07\/201903asg-aviron-2019-3.jpg\",\"datePublished\":\"2019-03-04T16:03:46+00:00\",\"dateModified\":\"2019-03-04T16:03:46+00:00\",\"breadcrumb\":{\"@id\":\"https:\/\/vosgesinfo.fr\/gerardmerinfo\/2019\/03\/vent-nouveau-souffle-laviron\/#breadcrumb\"},\"inLanguage\":\"fr-FR\",\"potentialAction\":[{\"@type\":\"ReadAction\",\"target\":[\"https:\/\/vosgesinfo.fr\/gerardmerinfo\/2019\/03\/vent-nouveau-souffle-laviron\/\"]}]},{\"@type\":\"ImageObject\",\"inLanguage\":\"fr-FR\",\"@id\":\"https:\/\/vosgesinfo.fr\/gerardmerinfo\/2019\/03\/vent-nouveau-souffle-laviron\/#primaryimage\",\"url\":\"https:\/\/vosgesinfo.fr\/app\/uploads\/sites\/6\/2024\/07\/201903asg-aviron-2019-3.jpg\",\"contentUrl\":\"https:\/\/vosgesinfo.fr\/app\/uploads\/sites\/6\/2024\/07\/201903asg-aviron-2019-3.jpg\",\"width\":800,\"height\":600},{\"@type\":\"BreadcrumbList\",\"@id\":\"https:\/\/vosgesinfo.fr\/gerardmerinfo\/2019\/03\/vent-nouveau-souffle-laviron\/#breadcrumb\",\"itemListElement\":[{\"@type\":\"ListItem\",\"position\":1,\"name\":\"Home\",\"item\":\"https:\/\/vosgesinfo.fr\/gerardmerinfo\/\"},{\"@type\":\"ListItem\",\"position\":2,\"name\":\"Un vent nouveau souffle sur l&rsquo;aviron\"}]},{\"@type\":\"WebSite\",\"@id\":\"https:\/\/vosgesinfo.fr\/gerardmerinfo\/#website\",\"url\":\"https:\/\/vosgesinfo.fr\/gerardmerinfo\/\",\"name\":\"Gerardmer Info\",\"description\":\"Toute l&#039;actualit\u00e9 de G\u00e9rardmer\",\"publisher\":{\"@id\":\"https:\/\/vosgesinfo.fr\/gerardmerinfo\/#organization\"},\"alternateName\":\"Toute l'actualit\u00e9 de G\u00e9rardmer\",\"potentialAction\":[{\"@type\":\"SearchAction\",\"target\":{\"@type\":\"EntryPoint\",\"urlTemplate\":\"https:\/\/vosgesinfo.fr\/gerardmerinfo\/?s={search_term_string}\"},\"query-input\":\"required name=search_term_string\"}],\"inLanguage\":\"fr-FR\"},{\"@type\":\"Organization\",\"@id\":\"https:\/\/vosgesinfo.fr\/gerardmerinfo\/#organization\",\"name\":\"Gerardmer Info\",\"url\":\"https:\/\/vosgesinfo.fr\/gerardmerinfo\/\",\"logo\":{\"@type\":\"ImageObject\",\"inLanguage\":\"fr-FR\",\"@id\":\"https:\/\/vosgesinfo.fr\/gerardmerinfo\/#\/schema\/logo\/image\/\",\"url\":\"https:\/\/vosgesinfo.fr\/app\/uploads\/sites\/6\/2023\/08\/favicon-gerardmerinfo.png\",\"contentUrl\":\"https:\/\/vosgesinfo.fr\/app\/uploads\/sites\/6\/2023\/08\/favicon-gerardmerinfo.png\",\"width\":512,\"height\":512,\"caption\":\"Gerardmer Info\"},\"image\":{\"@id\":\"https:\/\/vosgesinfo.fr\/gerardmerinfo\/#\/schema\/logo\/image\/\"},\"sameAs\":[\"https:\/\/www.facebook.com\/profile.php?id=100049475262660\",\"https:\/\/x.com\/VosgesInfo88\",\"https:\/\/www.youtube.com\/@vosgesinfo\"]},{\"@type\":\"Person\",\"@id\":\"https:\/\/vosgesinfo.fr\/gerardmerinfo\/#\/schema\/person\/db5605779a843dad16b5368f3e7613a5\",\"name\":\"QG\",\"image\":{\"@type\":\"ImageObject\",\"inLanguage\":\"fr-FR\",\"@id\":\"https:\/\/vosgesinfo.fr\/gerardmerinfo\/#\/schema\/person\/image\/\",\"url\":\"https:\/\/secure.gravatar.com\/avatar\/ea80c42c204b534408512832fde52504ecabb9706bcb6151cf6175e5b64e6793?s=96&d=mm&r=g\",\"contentUrl\":\"https:\/\/secure.gravatar.com\/avatar\/ea80c42c204b534408512832fde52504ecabb9706bcb6151cf6175e5b64e6793?s=96&d=mm&r=g\",\"caption\":\"QG\"},\"url\":\"https:\/\/vosgesinfo.fr\/gerardmerinfo\/author\/quentin88\/\"}]}<\/script>\n<!-- \/ Yoast SEO plugin. -->","yoast_head_json":{"title":"Un vent nouveau souffle sur l'aviron - Gerardmer Info","robots":{"index":"index","follow":"follow","max-snippet":"max-snippet:-1","max-image-preview":"max-image-preview:large","max-video-preview":"max-video-preview:-1"},"canonical":"https:\/\/vosgesinfo.fr\/gerardmerinfo\/2019\/03\/vent-nouveau-souffle-laviron\/","twitter_card":"summary_large_image","twitter_title":"Un vent nouveau souffle sur l'aviron - Gerardmer Info","twitter_description":"[youtube url=\u00a0\u00bbvideo_url\u00a0\u00bb width=\u00a0\u00bb500&Prime; height=\u00a0\u00bb300&Prime;] &nbsp; Les assises annuelles de l&rsquo;ASG aviron ont r\u00e9cemment eu lieu \u00e0 la salle des Armes [&hellip;]","twitter_image":"https:\/\/vosgesinfo.fr\/app\/uploads\/sites\/6\/2024\/07\/201903asg-aviron-2019-3.jpg","twitter_creator":"@VosgesInfo88","twitter_site":"@VosgesInfo88","twitter_misc":{"\u00c9crit par":"QG","Dur\u00e9e de lecture estim\u00e9e":"4 minutes"},"schema":{"@context":"https:\/\/schema.org","@graph":[{"@type":"Article","@id":"https:\/\/vosgesinfo.fr\/gerardmerinfo\/2019\/03\/vent-nouveau-souffle-laviron\/#article","isPartOf":{"@id":"https:\/\/vosgesinfo.fr\/gerardmerinfo\/2019\/03\/vent-nouveau-souffle-laviron\/"},"author":{"name":"QG","@id":"https:\/\/vosgesinfo.fr\/gerardmerinfo\/#\/schema\/person\/db5605779a843dad16b5368f3e7613a5"},"headline":"Un vent nouveau souffle sur l&rsquo;aviron","datePublished":"2019-03-04T16:03:46+00:00","dateModified":"2019-03-04T16:03:46+00:00","mainEntityOfPage":{"@id":"https:\/\/vosgesinfo.fr\/gerardmerinfo\/2019\/03\/vent-nouveau-souffle-laviron\/"},"wordCount":791,"commentCount":0,"publisher":{"@id":"https:\/\/vosgesinfo.fr\/gerardmerinfo\/#organization"},"image":{"@id":"https:\/\/vosgesinfo.fr\/gerardmerinfo\/2019\/03\/vent-nouveau-souffle-laviron\/#primaryimage"},"thumbnailUrl":"https:\/\/vosgesinfo.fr\/app\/uploads\/sites\/6\/2024\/07\/201903asg-aviron-2019-3.jpg","keywords":["asg aviron"],"articleSection":["A la une","G\u00e9rardmer","Sport"],"inLanguage":"fr-FR","potentialAction":[{"@type":"CommentAction","name":"Comment","target":["https:\/\/vosgesinfo.fr\/gerardmerinfo\/2019\/03\/vent-nouveau-souffle-laviron\/#respond"]}]},{"@type":"WebPage","@id":"https:\/\/vosgesinfo.fr\/gerardmerinfo\/2019\/03\/vent-nouveau-souffle-laviron\/","url":"https:\/\/vosgesinfo.fr\/gerardmerinfo\/2019\/03\/vent-nouveau-souffle-laviron\/","name":"Un vent nouveau souffle sur l'aviron - Gerardmer Info","isPartOf":{"@id":"https:\/\/vosgesinfo.fr\/gerardmerinfo\/#website"},"primaryImageOfPage":{"@id":"https:\/\/vosgesinfo.fr\/gerardmerinfo\/2019\/03\/vent-nouveau-souffle-laviron\/#primaryimage"},"image":{"@id":"https:\/\/vosgesinfo.fr\/gerardmerinfo\/2019\/03\/vent-nouveau-souffle-laviron\/#primaryimage"},"thumbnailUrl":"https:\/\/vosgesinfo.fr\/app\/uploads\/sites\/6\/2024\/07\/201903asg-aviron-2019-3.jpg","datePublished":"2019-03-04T16:03:46+00:00","dateModified":"2019-03-04T16:03:46+00:00","breadcrumb":{"@id":"https:\/\/vosgesinfo.fr\/gerardmerinfo\/2019\/03\/vent-nouveau-souffle-laviron\/#breadcrumb"},"inLanguage":"fr-FR","potentialAction":[{"@type":"ReadAction","target":["https:\/\/vosgesinfo.fr\/gerardmerinfo\/2019\/03\/vent-nouveau-souffle-laviron\/"]}]},{"@type":"ImageObject","inLanguage":"fr-FR","@id":"https:\/\/vosgesinfo.fr\/gerardmerinfo\/2019\/03\/vent-nouveau-souffle-laviron\/#primaryimage","url":"https:\/\/vosgesinfo.fr\/app\/uploads\/sites\/6\/2024\/07\/201903asg-aviron-2019-3.jpg","contentUrl":"https:\/\/vosgesinfo.fr\/app\/uploads\/sites\/6\/2024\/07\/201903asg-aviron-2019-3.jpg","width":800,"height":600},{"@type":"BreadcrumbList","@id":"https:\/\/vosgesinfo.fr\/gerardmerinfo\/2019\/03\/vent-nouveau-souffle-laviron\/#breadcrumb","itemListElement":[{"@type":"ListItem","position":1,"name":"Home","item":"https:\/\/vosgesinfo.fr\/gerardmerinfo\/"},{"@type":"ListItem","position":2,"name":"Un vent nouveau souffle sur l&rsquo;aviron"}]},{"@type":"WebSite","@id":"https:\/\/vosgesinfo.fr\/gerardmerinfo\/#website","url":"https:\/\/vosgesinfo.fr\/gerardmerinfo\/","name":"Gerardmer Info","description":"Toute l&#039;actualit\u00e9 de G\u00e9rardmer","publisher":{"@id":"https:\/\/vosgesinfo.fr\/gerardmerinfo\/#organization"},"alternateName":"Toute l'actualit\u00e9 de G\u00e9rardmer","potentialAction":[{"@type":"SearchAction","target":{"@type":"EntryPoint","urlTemplate":"https:\/\/vosgesinfo.fr\/gerardmerinfo\/?s={search_term_string}"},"query-input":"required name=search_term_string"}],"inLanguage":"fr-FR"},{"@type":"Organization","@id":"https:\/\/vosgesinfo.fr\/gerardmerinfo\/#organization","name":"Gerardmer Info","url":"https:\/\/vosgesinfo.fr\/gerardmerinfo\/","logo":{"@type":"ImageObject","inLanguage":"fr-FR","@id":"https:\/\/vosgesinfo.fr\/gerardmerinfo\/#\/schema\/logo\/image\/","url":"https:\/\/vosgesinfo.fr\/app\/uploads\/sites\/6\/2023\/08\/favicon-gerardmerinfo.png","contentUrl":"https:\/\/vosgesinfo.fr\/app\/uploads\/sites\/6\/2023\/08\/favicon-gerardmerinfo.png","width":512,"height":512,"caption":"Gerardmer Info"},"image":{"@id":"https:\/\/vosgesinfo.fr\/gerardmerinfo\/#\/schema\/logo\/image\/"},"sameAs":["https:\/\/www.facebook.com\/profile.php?id=100049475262660","https:\/\/x.com\/VosgesInfo88","https:\/\/www.youtube.com\/@vosgesinfo"]},{"@type":"Person","@id":"https:\/\/vosgesinfo.fr\/gerardmerinfo\/#\/schema\/person\/db5605779a843dad16b5368f3e7613a5","name":"QG","image":{"@type":"ImageObject","inLanguage":"fr-FR","@id":"https:\/\/vosgesinfo.fr\/gerardmerinfo\/#\/schema\/person\/image\/","url":"https:\/\/secure.gravatar.com\/avatar\/ea80c42c204b534408512832fde52504ecabb9706bcb6151cf6175e5b64e6793?s=96&d=mm&r=g","contentUrl":"https:\/\/secure.gravatar.com\/avatar\/ea80c42c204b534408512832fde52504ecabb9706bcb6151cf6175e5b64e6793?s=96&d=mm&r=g","caption":"QG"},"url":"https:\/\/vosgesinfo.fr\/gerardmerinfo\/author\/quentin88\/"}]}},"_links":{"self":[{"href":"https:\/\/vosgesinfo.fr\/gerardmerinfo\/wp-json\/wp\/v2\/posts\/40155","targetHints":{"allow":["GET"]}}],"collection":[{"href":"https:\/\/vosgesinfo.fr\/gerardmerinfo\/wp-json\/wp\/v2\/posts"}],"about":[{"href":"https:\/\/vosgesinfo.fr\/gerardmerinfo\/wp-json\/wp\/v2\/types\/post"}],"author":[{"embeddable":true,"href":"https:\/\/vosgesinfo.fr\/gerardmerinfo\/wp-json\/wp\/v2\/users\/42"}],"replies":[{"embeddable":true,"href":"https:\/\/vosgesinfo.fr\/gerardmerinfo\/wp-json\/wp\/v2\/comments?post=40155"}],"version-history":[{"count":0,"href":"https:\/\/vosgesinfo.fr\/gerardmerinfo\/wp-json\/wp\/v2\/posts\/40155\/revisions"}],"wp:featuredmedia":[{"embeddable":true,"href":"https:\/\/vosgesinfo.fr\/gerardmerinfo\/wp-json\/wp\/v2\/media\/40156"}],"wp:attachment":[{"href":"https:\/\/vosgesinfo.fr\/gerardmerinfo\/wp-json\/wp\/v2\/media?parent=40155"}],"wp:term":[{"taxonomy":"category","embeddable":true,"href":"https:\/\/vosgesinfo.fr\/gerardmerinfo\/wp-json\/wp\/v2\/categories?post=40155"},{"taxonomy":"post_tag","embeddable":true,"href":"https:\/\/vosgesinfo.fr\/gerardmerinfo\/wp-json\/wp\/v2\/tags?post=40155"}],"curies":[{"name":"wp","href":"https:\/\/api.w.org\/{rel}","templated":true}]}}