{"id":40165,"date":"2019-03-08T17:05:22","date_gmt":"2019-03-08T16:05:22","guid":{"rendered":"https:\/\/vosgesinfo.fr\/gerardmerinfo\/2019\/03\/premiere-de-web-serie-vosgienne-projet-beta-webreak-studio\/"},"modified":"2019-03-08T17:05:22","modified_gmt":"2019-03-08T16:05:22","slug":"premiere-de-web-serie-vosgienne-projet-beta-webreak-studio","status":"publish","type":"post","link":"https:\/\/vosgesinfo.fr\/gerardmerinfo\/2019\/03\/premiere-de-web-serie-vosgienne-projet-beta-webreak-studio\/","title":{"rendered":"Avant-premi\u00e8re de la Web s\u00e9rie vosgienne \u00ab Projet b\u00eata \u00bb par WeBreak Studio"},"content":{"rendered":"<p><a href=\"\/2019\/03\/webserie_projetbeta_120319.jpg\"><img decoding=\"async\" class=\"aligncenter size-full wp-image-142913\" src=\"\/2019\/03\/webserie_projetbeta_120319.jpg\" alt=\"webserie_projetbeta_120319\" width=\"800\" height=\"566\" \/><\/a><\/p>\n<p><span style=\"color: #111111; font-size: 14pt;\"><span style=\"font-family: Times New Roman, serif;\"><b>Mardi 12 mars \u00e0 19h00 \u00e0 la MCL de G\u00e9rardmer<\/b><\/span><\/span><\/p>\n<p><span style=\"color: #111111; font-size: 14pt;\"><span style=\"font-family: Times New Roman, serif;\"><b>Pr\u00e9sentation de la s\u00e9rie\u00a0: <\/b><\/span><\/span><\/p>\n<p><span style=\"color: #111111; font-size: 14pt;\"><span style=\"font-family: Times New Roman, serif;\">Natacha, Tom, Lo\u00efc et Pierre sont quatre jeunes adultes qui vivent une vie normale. Natacha prise d\u2019un malaise va voir son m\u00e9decin, le Dr Hasting, qui ne porte que peu d\u2019importance \u00e0 ses sympt\u00f4mes, mise \u00e0 part quand elle fait allusion \u00e0 des flash-back. Des flash-back qu\u2019elle aurait vu d\u2019un pass\u00e9 oubli\u00e9 ou de son imagination ?<br \/>\n<\/span><\/span><\/p>\n<p><span style=\"color: #111111; font-size: 14pt;\"><span style=\"font-family: Times New Roman, serif;\"><b>Entre doute et trahison, vous seul aurez le dernier mot !<\/b><\/span><\/span><\/p>\n<p><span style=\"color: #111111; font-size: 14pt;\"><span style=\"font-family: Times New Roman, serif;\"><b>30 minutes de projection suivies de 30 minutes d\u2019\u00e9change et un pot de remerciement en fin de s\u00e9ance.<\/b><\/span><\/span><\/p>\n<p align=\"LEFT\"><span style=\"color: #111111; font-size: 14pt;\"><span style=\"font-family: Times New Roman, serif;\"><i>Gratuit &#8211; Participation libre<br \/>\nLa web s\u00e9rie est \u00e0 retrouver sur <a href=\"http:\/\/webreakstudio.fr\/\" target=\"_blank\" rel=\"noopener\">http:\/\/webreakstudio.fr<\/a><\/i><\/span><\/span><\/p>\n","protected":false},"excerpt":{"rendered":"<p>Mardi 12 mars \u00e0 19h00 \u00e0 la MCL de G\u00e9rardmer Pr\u00e9sentation de la s\u00e9rie\u00a0: Natacha, Tom, Lo\u00efc et Pierre sont [&hellip;]<\/p>\n","protected":false},"author":1,"featured_media":40166,"comment_status":"open","ping_status":"open","sticky":false,"template":"","format":"standard","meta":{"footnotes":""},"categories":[20,4,25],"tags":[103,4040,4041],"class_list":["post-40165","post","type-post","status-publish","format-standard","has-post-thumbnail","hentry","category-a-la-une","category-culture","category-gerardmer","tag-mcl-gerardmer","tag-projet-beta","tag-web-serie"],"acf":[],"yoast_head":"<!-- This site is optimized with the Yoast SEO plugin v22.5 - https:\/\/yoast.com\/wordpress\/plugins\/seo\/ -->\n<title>Avant-premi\u00e8re de la Web s\u00e9rie vosgienne \u00ab Projet b\u00eata \u00bb par WeBreak Studio - Gerardmer Info<\/title>\n<meta name=\"robots\" content=\"index, follow, max-snippet:-1, max-image-preview:large, max-video-preview:-1\" \/>\n<link rel=\"canonical\" href=\"https:\/\/vosgesinfo.fr\/gerardmerinfo\/2019\/03\/premiere-de-web-serie-vosgienne-projet-beta-webreak-studio\/\" \/>\n<meta name=\"twitter:card\" content=\"summary_large_image\" \/>\n<meta name=\"twitter:title\" content=\"Avant-premi\u00e8re de la Web s\u00e9rie vosgienne \u00ab Projet b\u00eata \u00bb par WeBreak Studio - Gerardmer Info\" \/>\n<meta name=\"twitter:description\" content=\"Mardi 12 mars \u00e0 19h00 \u00e0 la MCL de G\u00e9rardmer Pr\u00e9sentation de la s\u00e9rie\u00a0: Natacha, Tom, Lo\u00efc et Pierre sont [&hellip;]\" \/>\n<meta name=\"twitter:image\" content=\"https:\/\/vosgesinfo.fr\/app\/uploads\/sites\/6\/2024\/07\/201903webserie-projetbeta-120319.jpg\" \/>\n<meta name=\"twitter:creator\" content=\"@VosgesInfo88\" \/>\n<meta name=\"twitter:site\" content=\"@VosgesInfo88\" \/>\n<meta name=\"twitter:label1\" content=\"\u00c9crit par\" \/>\n\t<meta name=\"twitter:data1\" content=\"qs_admin\" \/>\n\t<meta name=\"twitter:label2\" content=\"Dur\u00e9e de lecture estim\u00e9e\" \/>\n\t<meta name=\"twitter:data2\" content=\"1 minute\" \/>\n<script type=\"application\/ld+json\" class=\"yoast-schema-graph\">{\"@context\":\"https:\/\/schema.org\",\"@graph\":[{\"@type\":\"Article\",\"@id\":\"https:\/\/vosgesinfo.fr\/gerardmerinfo\/2019\/03\/premiere-de-web-serie-vosgienne-projet-beta-webreak-studio\/#article\",\"isPartOf\":{\"@id\":\"https:\/\/vosgesinfo.fr\/gerardmerinfo\/2019\/03\/premiere-de-web-serie-vosgienne-projet-beta-webreak-studio\/\"},\"author\":{\"name\":\"qs_admin\",\"@id\":\"https:\/\/vosgesinfo.fr\/gerardmerinfo\/#\/schema\/person\/bc5d02d71e6932e81b6dadb7386667b1\"},\"headline\":\"Avant-premi\u00e8re de la Web s\u00e9rie vosgienne \u00ab Projet b\u00eata \u00bb par WeBreak Studio\",\"datePublished\":\"2019-03-08T16:05:22+00:00\",\"dateModified\":\"2019-03-08T16:05:22+00:00\",\"mainEntityOfPage\":{\"@id\":\"https:\/\/vosgesinfo.fr\/gerardmerinfo\/2019\/03\/premiere-de-web-serie-vosgienne-projet-beta-webreak-studio\/\"},\"wordCount\":130,\"commentCount\":0,\"publisher\":{\"@id\":\"https:\/\/vosgesinfo.fr\/gerardmerinfo\/#organization\"},\"image\":{\"@id\":\"https:\/\/vosgesinfo.fr\/gerardmerinfo\/2019\/03\/premiere-de-web-serie-vosgienne-projet-beta-webreak-studio\/#primaryimage\"},\"thumbnailUrl\":\"https:\/\/vosgesinfo.fr\/app\/uploads\/sites\/6\/2024\/07\/201903webserie-projetbeta-120319.jpg\",\"keywords\":[\"MCL G\u00e9rardmer\",\"projet beta\",\"web serie\"],\"articleSection\":[\"A la une\",\"Culture\",\"G\u00e9rardmer\"],\"inLanguage\":\"fr-FR\",\"potentialAction\":[{\"@type\":\"CommentAction\",\"name\":\"Comment\",\"target\":[\"https:\/\/vosgesinfo.fr\/gerardmerinfo\/2019\/03\/premiere-de-web-serie-vosgienne-projet-beta-webreak-studio\/#respond\"]}]},{\"@type\":\"WebPage\",\"@id\":\"https:\/\/vosgesinfo.fr\/gerardmerinfo\/2019\/03\/premiere-de-web-serie-vosgienne-projet-beta-webreak-studio\/\",\"url\":\"https:\/\/vosgesinfo.fr\/gerardmerinfo\/2019\/03\/premiere-de-web-serie-vosgienne-projet-beta-webreak-studio\/\",\"name\":\"Avant-premi\u00e8re de la Web s\u00e9rie vosgienne \u00ab Projet b\u00eata \u00bb par WeBreak Studio - Gerardmer Info\",\"isPartOf\":{\"@id\":\"https:\/\/vosgesinfo.fr\/gerardmerinfo\/#website\"},\"primaryImageOfPage\":{\"@id\":\"https:\/\/vosgesinfo.fr\/gerardmerinfo\/2019\/03\/premiere-de-web-serie-vosgienne-projet-beta-webreak-studio\/#primaryimage\"},\"image\":{\"@id\":\"https:\/\/vosgesinfo.fr\/gerardmerinfo\/2019\/03\/premiere-de-web-serie-vosgienne-projet-beta-webreak-studio\/#primaryimage\"},\"thumbnailUrl\":\"https:\/\/vosgesinfo.fr\/app\/uploads\/sites\/6\/2024\/07\/201903webserie-projetbeta-120319.jpg\",\"datePublished\":\"2019-03-08T16:05:22+00:00\",\"dateModified\":\"2019-03-08T16:05:22+00:00\",\"breadcrumb\":{\"@id\":\"https:\/\/vosgesinfo.fr\/gerardmerinfo\/2019\/03\/premiere-de-web-serie-vosgienne-projet-beta-webreak-studio\/#breadcrumb\"},\"inLanguage\":\"fr-FR\",\"potentialAction\":[{\"@type\":\"ReadAction\",\"target\":[\"https:\/\/vosgesinfo.fr\/gerardmerinfo\/2019\/03\/premiere-de-web-serie-vosgienne-projet-beta-webreak-studio\/\"]}]},{\"@type\":\"ImageObject\",\"inLanguage\":\"fr-FR\",\"@id\":\"https:\/\/vosgesinfo.fr\/gerardmerinfo\/2019\/03\/premiere-de-web-serie-vosgienne-projet-beta-webreak-studio\/#primaryimage\",\"url\":\"https:\/\/vosgesinfo.fr\/app\/uploads\/sites\/6\/2024\/07\/201903webserie-projetbeta-120319.jpg\",\"contentUrl\":\"https:\/\/vosgesinfo.fr\/app\/uploads\/sites\/6\/2024\/07\/201903webserie-projetbeta-120319.jpg\",\"width\":800,\"height\":566},{\"@type\":\"BreadcrumbList\",\"@id\":\"https:\/\/vosgesinfo.fr\/gerardmerinfo\/2019\/03\/premiere-de-web-serie-vosgienne-projet-beta-webreak-studio\/#breadcrumb\",\"itemListElement\":[{\"@type\":\"ListItem\",\"position\":1,\"name\":\"Home\",\"item\":\"https:\/\/vosgesinfo.fr\/gerardmerinfo\/\"},{\"@type\":\"ListItem\",\"position\":2,\"name\":\"Avant-premi\u00e8re de la Web s\u00e9rie vosgienne \u00ab Projet b\u00eata \u00bb par WeBreak Studio\"}]},{\"@type\":\"WebSite\",\"@id\":\"https:\/\/vosgesinfo.fr\/gerardmerinfo\/#website\",\"url\":\"https:\/\/vosgesinfo.fr\/gerardmerinfo\/\",\"name\":\"Gerardmer Info\",\"description\":\"Toute l&#039;actualit\u00e9 de G\u00e9rardmer\",\"publisher\":{\"@id\":\"https:\/\/vosgesinfo.fr\/gerardmerinfo\/#organization\"},\"alternateName\":\"Toute l'actualit\u00e9 de G\u00e9rardmer\",\"potentialAction\":[{\"@type\":\"SearchAction\",\"target\":{\"@type\":\"EntryPoint\",\"urlTemplate\":\"https:\/\/vosgesinfo.fr\/gerardmerinfo\/?s={search_term_string}\"},\"query-input\":\"required name=search_term_string\"}],\"inLanguage\":\"fr-FR\"},{\"@type\":\"Organization\",\"@id\":\"https:\/\/vosgesinfo.fr\/gerardmerinfo\/#organization\",\"name\":\"Gerardmer Info\",\"url\":\"https:\/\/vosgesinfo.fr\/gerardmerinfo\/\",\"logo\":{\"@type\":\"ImageObject\",\"inLanguage\":\"fr-FR\",\"@id\":\"https:\/\/vosgesinfo.fr\/gerardmerinfo\/#\/schema\/logo\/image\/\",\"url\":\"https:\/\/vosgesinfo.fr\/app\/uploads\/sites\/6\/2023\/08\/favicon-gerardmerinfo.png\",\"contentUrl\":\"https:\/\/vosgesinfo.fr\/app\/uploads\/sites\/6\/2023\/08\/favicon-gerardmerinfo.png\",\"width\":512,\"height\":512,\"caption\":\"Gerardmer Info\"},\"image\":{\"@id\":\"https:\/\/vosgesinfo.fr\/gerardmerinfo\/#\/schema\/logo\/image\/\"},\"sameAs\":[\"https:\/\/www.facebook.com\/profile.php?id=100049475262660\",\"https:\/\/x.com\/VosgesInfo88\",\"https:\/\/www.youtube.com\/@vosgesinfo\"]},{\"@type\":\"Person\",\"@id\":\"https:\/\/vosgesinfo.fr\/gerardmerinfo\/#\/schema\/person\/bc5d02d71e6932e81b6dadb7386667b1\",\"name\":\"qs_admin\",\"image\":{\"@type\":\"ImageObject\",\"inLanguage\":\"fr-FR\",\"@id\":\"https:\/\/vosgesinfo.fr\/gerardmerinfo\/#\/schema\/person\/image\/\",\"url\":\"https:\/\/secure.gravatar.com\/avatar\/94b18ee0ed79e4a42ea2f2931277b6841a8999fc6fde214600c78057cf1fe1de?s=96&d=mm&r=g\",\"contentUrl\":\"https:\/\/secure.gravatar.com\/avatar\/94b18ee0ed79e4a42ea2f2931277b6841a8999fc6fde214600c78057cf1fe1de?s=96&d=mm&r=g\",\"caption\":\"qs_admin\"},\"sameAs\":[\"https:\/\/vosgesinfo.fr\/wp\"],\"url\":\"https:\/\/vosgesinfo.fr\/gerardmerinfo\/author\/qs_admin\/\"}]}<\/script>\n<!-- \/ Yoast SEO plugin. -->","yoast_head_json":{"title":"Avant-premi\u00e8re de la Web s\u00e9rie vosgienne \u00ab Projet b\u00eata \u00bb par WeBreak Studio - Gerardmer Info","robots":{"index":"index","follow":"follow","max-snippet":"max-snippet:-1","max-image-preview":"max-image-preview:large","max-video-preview":"max-video-preview:-1"},"canonical":"https:\/\/vosgesinfo.fr\/gerardmerinfo\/2019\/03\/premiere-de-web-serie-vosgienne-projet-beta-webreak-studio\/","twitter_card":"summary_large_image","twitter_title":"Avant-premi\u00e8re de la Web s\u00e9rie vosgienne \u00ab Projet b\u00eata \u00bb par WeBreak Studio - Gerardmer Info","twitter_description":"Mardi 12 mars \u00e0 19h00 \u00e0 la MCL de G\u00e9rardmer Pr\u00e9sentation de la s\u00e9rie\u00a0: Natacha, Tom, Lo\u00efc et Pierre sont [&hellip;]","twitter_image":"https:\/\/vosgesinfo.fr\/app\/uploads\/sites\/6\/2024\/07\/201903webserie-projetbeta-120319.jpg","twitter_creator":"@VosgesInfo88","twitter_site":"@VosgesInfo88","twitter_misc":{"\u00c9crit par":"qs_admin","Dur\u00e9e de lecture estim\u00e9e":"1 minute"},"schema":{"@context":"https:\/\/schema.org","@graph":[{"@type":"Article","@id":"https:\/\/vosgesinfo.fr\/gerardmerinfo\/2019\/03\/premiere-de-web-serie-vosgienne-projet-beta-webreak-studio\/#article","isPartOf":{"@id":"https:\/\/vosgesinfo.fr\/gerardmerinfo\/2019\/03\/premiere-de-web-serie-vosgienne-projet-beta-webreak-studio\/"},"author":{"name":"qs_admin","@id":"https:\/\/vosgesinfo.fr\/gerardmerinfo\/#\/schema\/person\/bc5d02d71e6932e81b6dadb7386667b1"},"headline":"Avant-premi\u00e8re de la Web s\u00e9rie vosgienne \u00ab Projet b\u00eata \u00bb par WeBreak Studio","datePublished":"2019-03-08T16:05:22+00:00","dateModified":"2019-03-08T16:05:22+00:00","mainEntityOfPage":{"@id":"https:\/\/vosgesinfo.fr\/gerardmerinfo\/2019\/03\/premiere-de-web-serie-vosgienne-projet-beta-webreak-studio\/"},"wordCount":130,"commentCount":0,"publisher":{"@id":"https:\/\/vosgesinfo.fr\/gerardmerinfo\/#organization"},"image":{"@id":"https:\/\/vosgesinfo.fr\/gerardmerinfo\/2019\/03\/premiere-de-web-serie-vosgienne-projet-beta-webreak-studio\/#primaryimage"},"thumbnailUrl":"https:\/\/vosgesinfo.fr\/app\/uploads\/sites\/6\/2024\/07\/201903webserie-projetbeta-120319.jpg","keywords":["MCL G\u00e9rardmer","projet beta","web serie"],"articleSection":["A la une","Culture","G\u00e9rardmer"],"inLanguage":"fr-FR","potentialAction":[{"@type":"CommentAction","name":"Comment","target":["https:\/\/vosgesinfo.fr\/gerardmerinfo\/2019\/03\/premiere-de-web-serie-vosgienne-projet-beta-webreak-studio\/#respond"]}]},{"@type":"WebPage","@id":"https:\/\/vosgesinfo.fr\/gerardmerinfo\/2019\/03\/premiere-de-web-serie-vosgienne-projet-beta-webreak-studio\/","url":"https:\/\/vosgesinfo.fr\/gerardmerinfo\/2019\/03\/premiere-de-web-serie-vosgienne-projet-beta-webreak-studio\/","name":"Avant-premi\u00e8re de la Web s\u00e9rie vosgienne \u00ab Projet b\u00eata \u00bb par WeBreak Studio - Gerardmer Info","isPartOf":{"@id":"https:\/\/vosgesinfo.fr\/gerardmerinfo\/#website"},"primaryImageOfPage":{"@id":"https:\/\/vosgesinfo.fr\/gerardmerinfo\/2019\/03\/premiere-de-web-serie-vosgienne-projet-beta-webreak-studio\/#primaryimage"},"image":{"@id":"https:\/\/vosgesinfo.fr\/gerardmerinfo\/2019\/03\/premiere-de-web-serie-vosgienne-projet-beta-webreak-studio\/#primaryimage"},"thumbnailUrl":"https:\/\/vosgesinfo.fr\/app\/uploads\/sites\/6\/2024\/07\/201903webserie-projetbeta-120319.jpg","datePublished":"2019-03-08T16:05:22+00:00","dateModified":"2019-03-08T16:05:22+00:00","breadcrumb":{"@id":"https:\/\/vosgesinfo.fr\/gerardmerinfo\/2019\/03\/premiere-de-web-serie-vosgienne-projet-beta-webreak-studio\/#breadcrumb"},"inLanguage":"fr-FR","potentialAction":[{"@type":"ReadAction","target":["https:\/\/vosgesinfo.fr\/gerardmerinfo\/2019\/03\/premiere-de-web-serie-vosgienne-projet-beta-webreak-studio\/"]}]},{"@type":"ImageObject","inLanguage":"fr-FR","@id":"https:\/\/vosgesinfo.fr\/gerardmerinfo\/2019\/03\/premiere-de-web-serie-vosgienne-projet-beta-webreak-studio\/#primaryimage","url":"https:\/\/vosgesinfo.fr\/app\/uploads\/sites\/6\/2024\/07\/201903webserie-projetbeta-120319.jpg","contentUrl":"https:\/\/vosgesinfo.fr\/app\/uploads\/sites\/6\/2024\/07\/201903webserie-projetbeta-120319.jpg","width":800,"height":566},{"@type":"BreadcrumbList","@id":"https:\/\/vosgesinfo.fr\/gerardmerinfo\/2019\/03\/premiere-de-web-serie-vosgienne-projet-beta-webreak-studio\/#breadcrumb","itemListElement":[{"@type":"ListItem","position":1,"name":"Home","item":"https:\/\/vosgesinfo.fr\/gerardmerinfo\/"},{"@type":"ListItem","position":2,"name":"Avant-premi\u00e8re de la Web s\u00e9rie vosgienne \u00ab Projet b\u00eata \u00bb par WeBreak Studio"}]},{"@type":"WebSite","@id":"https:\/\/vosgesinfo.fr\/gerardmerinfo\/#website","url":"https:\/\/vosgesinfo.fr\/gerardmerinfo\/","name":"Gerardmer Info","description":"Toute l&#039;actualit\u00e9 de G\u00e9rardmer","publisher":{"@id":"https:\/\/vosgesinfo.fr\/gerardmerinfo\/#organization"},"alternateName":"Toute l'actualit\u00e9 de G\u00e9rardmer","potentialAction":[{"@type":"SearchAction","target":{"@type":"EntryPoint","urlTemplate":"https:\/\/vosgesinfo.fr\/gerardmerinfo\/?s={search_term_string}"},"query-input":"required name=search_term_string"}],"inLanguage":"fr-FR"},{"@type":"Organization","@id":"https:\/\/vosgesinfo.fr\/gerardmerinfo\/#organization","name":"Gerardmer Info","url":"https:\/\/vosgesinfo.fr\/gerardmerinfo\/","logo":{"@type":"ImageObject","inLanguage":"fr-FR","@id":"https:\/\/vosgesinfo.fr\/gerardmerinfo\/#\/schema\/logo\/image\/","url":"https:\/\/vosgesinfo.fr\/app\/uploads\/sites\/6\/2023\/08\/favicon-gerardmerinfo.png","contentUrl":"https:\/\/vosgesinfo.fr\/app\/uploads\/sites\/6\/2023\/08\/favicon-gerardmerinfo.png","width":512,"height":512,"caption":"Gerardmer Info"},"image":{"@id":"https:\/\/vosgesinfo.fr\/gerardmerinfo\/#\/schema\/logo\/image\/"},"sameAs":["https:\/\/www.facebook.com\/profile.php?id=100049475262660","https:\/\/x.com\/VosgesInfo88","https:\/\/www.youtube.com\/@vosgesinfo"]},{"@type":"Person","@id":"https:\/\/vosgesinfo.fr\/gerardmerinfo\/#\/schema\/person\/bc5d02d71e6932e81b6dadb7386667b1","name":"qs_admin","image":{"@type":"ImageObject","inLanguage":"fr-FR","@id":"https:\/\/vosgesinfo.fr\/gerardmerinfo\/#\/schema\/person\/image\/","url":"https:\/\/secure.gravatar.com\/avatar\/94b18ee0ed79e4a42ea2f2931277b6841a8999fc6fde214600c78057cf1fe1de?s=96&d=mm&r=g","contentUrl":"https:\/\/secure.gravatar.com\/avatar\/94b18ee0ed79e4a42ea2f2931277b6841a8999fc6fde214600c78057cf1fe1de?s=96&d=mm&r=g","caption":"qs_admin"},"sameAs":["https:\/\/vosgesinfo.fr\/wp"],"url":"https:\/\/vosgesinfo.fr\/gerardmerinfo\/author\/qs_admin\/"}]}},"_links":{"self":[{"href":"https:\/\/vosgesinfo.fr\/gerardmerinfo\/wp-json\/wp\/v2\/posts\/40165","targetHints":{"allow":["GET"]}}],"collection":[{"href":"https:\/\/vosgesinfo.fr\/gerardmerinfo\/wp-json\/wp\/v2\/posts"}],"about":[{"href":"https:\/\/vosgesinfo.fr\/gerardmerinfo\/wp-json\/wp\/v2\/types\/post"}],"author":[{"embeddable":true,"href":"https:\/\/vosgesinfo.fr\/gerardmerinfo\/wp-json\/wp\/v2\/users\/1"}],"replies":[{"embeddable":true,"href":"https:\/\/vosgesinfo.fr\/gerardmerinfo\/wp-json\/wp\/v2\/comments?post=40165"}],"version-history":[{"count":0,"href":"https:\/\/vosgesinfo.fr\/gerardmerinfo\/wp-json\/wp\/v2\/posts\/40165\/revisions"}],"wp:featuredmedia":[{"embeddable":true,"href":"https:\/\/vosgesinfo.fr\/gerardmerinfo\/wp-json\/wp\/v2\/media\/40166"}],"wp:attachment":[{"href":"https:\/\/vosgesinfo.fr\/gerardmerinfo\/wp-json\/wp\/v2\/media?parent=40165"}],"wp:term":[{"taxonomy":"category","embeddable":true,"href":"https:\/\/vosgesinfo.fr\/gerardmerinfo\/wp-json\/wp\/v2\/categories?post=40165"},{"taxonomy":"post_tag","embeddable":true,"href":"https:\/\/vosgesinfo.fr\/gerardmerinfo\/wp-json\/wp\/v2\/tags?post=40165"}],"curies":[{"name":"wp","href":"https:\/\/api.w.org\/{rel}","templated":true}]}}