{"id":40223,"date":"2019-03-09T15:00:38","date_gmt":"2019-03-09T14:00:38","guid":{"rendered":"https:\/\/vosgesinfo.fr\/gerardmerinfo\/2019\/03\/repas-dansant-de-lamicale-sapeurs-pompiers-de-rochesson-jeudi-21-mars-2019\/"},"modified":"2019-03-09T15:00:38","modified_gmt":"2019-03-09T14:00:38","slug":"repas-dansant-de-lamicale-sapeurs-pompiers-de-rochesson-jeudi-21-mars-2019","status":"publish","type":"post","link":"https:\/\/vosgesinfo.fr\/gerardmerinfo\/2019\/03\/repas-dansant-de-lamicale-sapeurs-pompiers-de-rochesson-jeudi-21-mars-2019\/","title":{"rendered":"Repas dansant de l&rsquo;Amicale des Sapeurs Pompiers de Rochesson jeudi 21 mars 2019"},"content":{"rendered":"<h3><\/h3>\n<h3>L&rsquo;Amicale des Sapeurs Pompiers de Rochesson organise le jeudi 21 mars 2019 \u00e0 partir de 12h un repas dansant ouvert \u00e0 tous \u00e0 la salle des f\u00eates de Rochesson.<\/h3>\n<p><a href=\"\/2019\/03\/affiche-repas-dansant.png\"><img decoding=\"async\" class=\"alignright size-medium wp-image-143069\" src=\"\/2019\/03\/affiche-repas-dansant-180x255.png\" alt=\"affiche repas dansant\" width=\"180\" height=\"255\" \/><\/a>Repas dansant anim\u00e9 par l&rsquo;orchestre Martial VUILLEMIN<\/p>\n<p>Au menu :<\/p>\n<ul>\n<li>ap\u00e9ritif offert<\/li>\n<li>cr\u00e8me Dubarry<\/li>\n<li>bouch\u00e9es \u00e0 la reine aux ris de veau<\/li>\n<li>supr\u00eame de pintadeau et sa garniture<\/li>\n<li>fromage et salade<\/li>\n<li>verrine de speculoos fa\u00e7on tiramisu<\/li>\n<li>caf\u00e9\/th\u00e9<\/li>\n<li>boissons non comprises<\/li>\n<\/ul>\n<p>Tarif 26\u20ac par personne<\/p>\n<p>R\u00e9servation \u00e0 faire avant le 15 mars 2019 aupr\u00e8s de Mr Alain DIDIERLAURENT, 15 rue d&rsquo;Orimont\u00a0 88120 ROCHESSON<\/p>\n<p>Tel\u00a0: 03.29.61.77.53<\/p>\n<p>&nbsp;<\/p>\n","protected":false},"excerpt":{"rendered":"<p>L&rsquo;Amicale des Sapeurs Pompiers de Rochesson organise le jeudi 21 mars 2019 \u00e0 partir de 12h un repas dansant ouvert [&hellip;]<\/p>\n","protected":false},"author":226,"featured_media":40224,"comment_status":"open","ping_status":"open","sticky":false,"template":"","format":"standard","meta":{"footnotes":""},"categories":[20,17],"tags":[161,621],"class_list":["post-40223","post","type-post","status-publish","format-standard","has-post-thumbnail","hentry","category-a-la-une","category-vie-associative","tag-rochesson","tag-sapeurs-pompiers"],"acf":[],"yoast_head":"<!-- This site is optimized with the Yoast SEO plugin v22.5 - https:\/\/yoast.com\/wordpress\/plugins\/seo\/ -->\n<title>Repas dansant de l&#039;Amicale des Sapeurs Pompiers de Rochesson jeudi 21 mars 2019 - Gerardmer Info<\/title>\n<meta name=\"robots\" content=\"index, follow, max-snippet:-1, max-image-preview:large, max-video-preview:-1\" \/>\n<link rel=\"canonical\" href=\"https:\/\/vosgesinfo.fr\/gerardmerinfo\/2019\/03\/repas-dansant-de-lamicale-sapeurs-pompiers-de-rochesson-jeudi-21-mars-2019\/\" \/>\n<meta name=\"twitter:card\" content=\"summary_large_image\" \/>\n<meta name=\"twitter:title\" content=\"Repas dansant de l&#039;Amicale des Sapeurs Pompiers de Rochesson jeudi 21 mars 2019 - Gerardmer Info\" \/>\n<meta name=\"twitter:description\" content=\"L&rsquo;Amicale des Sapeurs Pompiers de Rochesson organise le jeudi 21 mars 2019 \u00e0 partir de 12h un repas dansant ouvert [&hellip;]\" \/>\n<meta name=\"twitter:image\" content=\"https:\/\/vosgesinfo.fr\/app\/uploads\/sites\/6\/2024\/07\/201805halte-creche-pompiers-gerardmer-1-1.jpg\" \/>\n<meta name=\"twitter:creator\" content=\"@VosgesInfo88\" \/>\n<meta name=\"twitter:site\" content=\"@VosgesInfo88\" \/>\n<meta name=\"twitter:label1\" content=\"\u00c9crit par\" \/>\n\t<meta name=\"twitter:data1\" content=\"Sapeurs Pompiers Rochesson\" \/>\n<script type=\"application\/ld+json\" class=\"yoast-schema-graph\">{\"@context\":\"https:\/\/schema.org\",\"@graph\":[{\"@type\":\"Article\",\"@id\":\"https:\/\/vosgesinfo.fr\/gerardmerinfo\/2019\/03\/repas-dansant-de-lamicale-sapeurs-pompiers-de-rochesson-jeudi-21-mars-2019\/#article\",\"isPartOf\":{\"@id\":\"https:\/\/vosgesinfo.fr\/gerardmerinfo\/2019\/03\/repas-dansant-de-lamicale-sapeurs-pompiers-de-rochesson-jeudi-21-mars-2019\/\"},\"author\":{\"name\":\"Sapeurs Pompiers Rochesson\",\"@id\":\"https:\/\/vosgesinfo.fr\/gerardmerinfo\/#\/schema\/person\/423a4f23d7013e37dd163fedbec929fb\"},\"headline\":\"Repas dansant de l&rsquo;Amicale des Sapeurs Pompiers de Rochesson jeudi 21 mars 2019\",\"datePublished\":\"2019-03-09T14:00:38+00:00\",\"dateModified\":\"2019-03-09T14:00:38+00:00\",\"mainEntityOfPage\":{\"@id\":\"https:\/\/vosgesinfo.fr\/gerardmerinfo\/2019\/03\/repas-dansant-de-lamicale-sapeurs-pompiers-de-rochesson-jeudi-21-mars-2019\/\"},\"wordCount\":104,\"commentCount\":0,\"publisher\":{\"@id\":\"https:\/\/vosgesinfo.fr\/gerardmerinfo\/#organization\"},\"image\":{\"@id\":\"https:\/\/vosgesinfo.fr\/gerardmerinfo\/2019\/03\/repas-dansant-de-lamicale-sapeurs-pompiers-de-rochesson-jeudi-21-mars-2019\/#primaryimage\"},\"thumbnailUrl\":\"https:\/\/vosgesinfo.fr\/app\/uploads\/sites\/6\/2024\/07\/201805halte-creche-pompiers-gerardmer-1-1.jpg\",\"keywords\":[\"Rochesson\",\"sapeurs pompiers\"],\"articleSection\":[\"A la une\",\"Vie Associative\"],\"inLanguage\":\"fr-FR\",\"potentialAction\":[{\"@type\":\"CommentAction\",\"name\":\"Comment\",\"target\":[\"https:\/\/vosgesinfo.fr\/gerardmerinfo\/2019\/03\/repas-dansant-de-lamicale-sapeurs-pompiers-de-rochesson-jeudi-21-mars-2019\/#respond\"]}]},{\"@type\":\"WebPage\",\"@id\":\"https:\/\/vosgesinfo.fr\/gerardmerinfo\/2019\/03\/repas-dansant-de-lamicale-sapeurs-pompiers-de-rochesson-jeudi-21-mars-2019\/\",\"url\":\"https:\/\/vosgesinfo.fr\/gerardmerinfo\/2019\/03\/repas-dansant-de-lamicale-sapeurs-pompiers-de-rochesson-jeudi-21-mars-2019\/\",\"name\":\"Repas dansant de l'Amicale des Sapeurs Pompiers de Rochesson jeudi 21 mars 2019 - Gerardmer Info\",\"isPartOf\":{\"@id\":\"https:\/\/vosgesinfo.fr\/gerardmerinfo\/#website\"},\"primaryImageOfPage\":{\"@id\":\"https:\/\/vosgesinfo.fr\/gerardmerinfo\/2019\/03\/repas-dansant-de-lamicale-sapeurs-pompiers-de-rochesson-jeudi-21-mars-2019\/#primaryimage\"},\"image\":{\"@id\":\"https:\/\/vosgesinfo.fr\/gerardmerinfo\/2019\/03\/repas-dansant-de-lamicale-sapeurs-pompiers-de-rochesson-jeudi-21-mars-2019\/#primaryimage\"},\"thumbnailUrl\":\"https:\/\/vosgesinfo.fr\/app\/uploads\/sites\/6\/2024\/07\/201805halte-creche-pompiers-gerardmer-1-1.jpg\",\"datePublished\":\"2019-03-09T14:00:38+00:00\",\"dateModified\":\"2019-03-09T14:00:38+00:00\",\"breadcrumb\":{\"@id\":\"https:\/\/vosgesinfo.fr\/gerardmerinfo\/2019\/03\/repas-dansant-de-lamicale-sapeurs-pompiers-de-rochesson-jeudi-21-mars-2019\/#breadcrumb\"},\"inLanguage\":\"fr-FR\",\"potentialAction\":[{\"@type\":\"ReadAction\",\"target\":[\"https:\/\/vosgesinfo.fr\/gerardmerinfo\/2019\/03\/repas-dansant-de-lamicale-sapeurs-pompiers-de-rochesson-jeudi-21-mars-2019\/\"]}]},{\"@type\":\"ImageObject\",\"inLanguage\":\"fr-FR\",\"@id\":\"https:\/\/vosgesinfo.fr\/gerardmerinfo\/2019\/03\/repas-dansant-de-lamicale-sapeurs-pompiers-de-rochesson-jeudi-21-mars-2019\/#primaryimage\",\"url\":\"https:\/\/vosgesinfo.fr\/app\/uploads\/sites\/6\/2024\/07\/201805halte-creche-pompiers-gerardmer-1-1.jpg\",\"contentUrl\":\"https:\/\/vosgesinfo.fr\/app\/uploads\/sites\/6\/2024\/07\/201805halte-creche-pompiers-gerardmer-1-1.jpg\",\"width\":800,\"height\":600},{\"@type\":\"BreadcrumbList\",\"@id\":\"https:\/\/vosgesinfo.fr\/gerardmerinfo\/2019\/03\/repas-dansant-de-lamicale-sapeurs-pompiers-de-rochesson-jeudi-21-mars-2019\/#breadcrumb\",\"itemListElement\":[{\"@type\":\"ListItem\",\"position\":1,\"name\":\"Home\",\"item\":\"https:\/\/vosgesinfo.fr\/gerardmerinfo\/\"},{\"@type\":\"ListItem\",\"position\":2,\"name\":\"Repas dansant de l&rsquo;Amicale des Sapeurs Pompiers de Rochesson jeudi 21 mars 2019\"}]},{\"@type\":\"WebSite\",\"@id\":\"https:\/\/vosgesinfo.fr\/gerardmerinfo\/#website\",\"url\":\"https:\/\/vosgesinfo.fr\/gerardmerinfo\/\",\"name\":\"Gerardmer Info\",\"description\":\"Toute l&#039;actualit\u00e9 de G\u00e9rardmer\",\"publisher\":{\"@id\":\"https:\/\/vosgesinfo.fr\/gerardmerinfo\/#organization\"},\"alternateName\":\"Toute l'actualit\u00e9 de G\u00e9rardmer\",\"potentialAction\":[{\"@type\":\"SearchAction\",\"target\":{\"@type\":\"EntryPoint\",\"urlTemplate\":\"https:\/\/vosgesinfo.fr\/gerardmerinfo\/?s={search_term_string}\"},\"query-input\":\"required name=search_term_string\"}],\"inLanguage\":\"fr-FR\"},{\"@type\":\"Organization\",\"@id\":\"https:\/\/vosgesinfo.fr\/gerardmerinfo\/#organization\",\"name\":\"Gerardmer Info\",\"url\":\"https:\/\/vosgesinfo.fr\/gerardmerinfo\/\",\"logo\":{\"@type\":\"ImageObject\",\"inLanguage\":\"fr-FR\",\"@id\":\"https:\/\/vosgesinfo.fr\/gerardmerinfo\/#\/schema\/logo\/image\/\",\"url\":\"https:\/\/vosgesinfo.fr\/app\/uploads\/sites\/6\/2023\/08\/favicon-gerardmerinfo.png\",\"contentUrl\":\"https:\/\/vosgesinfo.fr\/app\/uploads\/sites\/6\/2023\/08\/favicon-gerardmerinfo.png\",\"width\":512,\"height\":512,\"caption\":\"Gerardmer Info\"},\"image\":{\"@id\":\"https:\/\/vosgesinfo.fr\/gerardmerinfo\/#\/schema\/logo\/image\/\"},\"sameAs\":[\"https:\/\/www.facebook.com\/profile.php?id=100049475262660\",\"https:\/\/x.com\/VosgesInfo88\",\"https:\/\/www.youtube.com\/@vosgesinfo\"]},{\"@type\":\"Person\",\"@id\":\"https:\/\/vosgesinfo.fr\/gerardmerinfo\/#\/schema\/person\/423a4f23d7013e37dd163fedbec929fb\",\"name\":\"Sapeurs Pompiers Rochesson\",\"image\":{\"@type\":\"ImageObject\",\"inLanguage\":\"fr-FR\",\"@id\":\"https:\/\/vosgesinfo.fr\/gerardmerinfo\/#\/schema\/person\/image\/\",\"url\":\"https:\/\/secure.gravatar.com\/avatar\/7f372c40e336159202f9793e791a1f9b6e30bdac4410d21550f1d8ab7b6a992d?s=96&d=mm&r=g\",\"contentUrl\":\"https:\/\/secure.gravatar.com\/avatar\/7f372c40e336159202f9793e791a1f9b6e30bdac4410d21550f1d8ab7b6a992d?s=96&d=mm&r=g\",\"caption\":\"Sapeurs Pompiers Rochesson\"},\"url\":\"https:\/\/vosgesinfo.fr\/gerardmerinfo\/author\/pompiers-rochesson\/\"}]}<\/script>\n<!-- \/ Yoast SEO plugin. -->","yoast_head_json":{"title":"Repas dansant de l'Amicale des Sapeurs Pompiers de Rochesson jeudi 21 mars 2019 - Gerardmer Info","robots":{"index":"index","follow":"follow","max-snippet":"max-snippet:-1","max-image-preview":"max-image-preview:large","max-video-preview":"max-video-preview:-1"},"canonical":"https:\/\/vosgesinfo.fr\/gerardmerinfo\/2019\/03\/repas-dansant-de-lamicale-sapeurs-pompiers-de-rochesson-jeudi-21-mars-2019\/","twitter_card":"summary_large_image","twitter_title":"Repas dansant de l'Amicale des Sapeurs Pompiers de Rochesson jeudi 21 mars 2019 - Gerardmer Info","twitter_description":"L&rsquo;Amicale des Sapeurs Pompiers de Rochesson organise le jeudi 21 mars 2019 \u00e0 partir de 12h un repas dansant ouvert [&hellip;]","twitter_image":"https:\/\/vosgesinfo.fr\/app\/uploads\/sites\/6\/2024\/07\/201805halte-creche-pompiers-gerardmer-1-1.jpg","twitter_creator":"@VosgesInfo88","twitter_site":"@VosgesInfo88","twitter_misc":{"\u00c9crit par":"Sapeurs Pompiers Rochesson"},"schema":{"@context":"https:\/\/schema.org","@graph":[{"@type":"Article","@id":"https:\/\/vosgesinfo.fr\/gerardmerinfo\/2019\/03\/repas-dansant-de-lamicale-sapeurs-pompiers-de-rochesson-jeudi-21-mars-2019\/#article","isPartOf":{"@id":"https:\/\/vosgesinfo.fr\/gerardmerinfo\/2019\/03\/repas-dansant-de-lamicale-sapeurs-pompiers-de-rochesson-jeudi-21-mars-2019\/"},"author":{"name":"Sapeurs Pompiers Rochesson","@id":"https:\/\/vosgesinfo.fr\/gerardmerinfo\/#\/schema\/person\/423a4f23d7013e37dd163fedbec929fb"},"headline":"Repas dansant de l&rsquo;Amicale des Sapeurs Pompiers de Rochesson jeudi 21 mars 2019","datePublished":"2019-03-09T14:00:38+00:00","dateModified":"2019-03-09T14:00:38+00:00","mainEntityOfPage":{"@id":"https:\/\/vosgesinfo.fr\/gerardmerinfo\/2019\/03\/repas-dansant-de-lamicale-sapeurs-pompiers-de-rochesson-jeudi-21-mars-2019\/"},"wordCount":104,"commentCount":0,"publisher":{"@id":"https:\/\/vosgesinfo.fr\/gerardmerinfo\/#organization"},"image":{"@id":"https:\/\/vosgesinfo.fr\/gerardmerinfo\/2019\/03\/repas-dansant-de-lamicale-sapeurs-pompiers-de-rochesson-jeudi-21-mars-2019\/#primaryimage"},"thumbnailUrl":"https:\/\/vosgesinfo.fr\/app\/uploads\/sites\/6\/2024\/07\/201805halte-creche-pompiers-gerardmer-1-1.jpg","keywords":["Rochesson","sapeurs pompiers"],"articleSection":["A la une","Vie Associative"],"inLanguage":"fr-FR","potentialAction":[{"@type":"CommentAction","name":"Comment","target":["https:\/\/vosgesinfo.fr\/gerardmerinfo\/2019\/03\/repas-dansant-de-lamicale-sapeurs-pompiers-de-rochesson-jeudi-21-mars-2019\/#respond"]}]},{"@type":"WebPage","@id":"https:\/\/vosgesinfo.fr\/gerardmerinfo\/2019\/03\/repas-dansant-de-lamicale-sapeurs-pompiers-de-rochesson-jeudi-21-mars-2019\/","url":"https:\/\/vosgesinfo.fr\/gerardmerinfo\/2019\/03\/repas-dansant-de-lamicale-sapeurs-pompiers-de-rochesson-jeudi-21-mars-2019\/","name":"Repas dansant de l'Amicale des Sapeurs Pompiers de Rochesson jeudi 21 mars 2019 - Gerardmer Info","isPartOf":{"@id":"https:\/\/vosgesinfo.fr\/gerardmerinfo\/#website"},"primaryImageOfPage":{"@id":"https:\/\/vosgesinfo.fr\/gerardmerinfo\/2019\/03\/repas-dansant-de-lamicale-sapeurs-pompiers-de-rochesson-jeudi-21-mars-2019\/#primaryimage"},"image":{"@id":"https:\/\/vosgesinfo.fr\/gerardmerinfo\/2019\/03\/repas-dansant-de-lamicale-sapeurs-pompiers-de-rochesson-jeudi-21-mars-2019\/#primaryimage"},"thumbnailUrl":"https:\/\/vosgesinfo.fr\/app\/uploads\/sites\/6\/2024\/07\/201805halte-creche-pompiers-gerardmer-1-1.jpg","datePublished":"2019-03-09T14:00:38+00:00","dateModified":"2019-03-09T14:00:38+00:00","breadcrumb":{"@id":"https:\/\/vosgesinfo.fr\/gerardmerinfo\/2019\/03\/repas-dansant-de-lamicale-sapeurs-pompiers-de-rochesson-jeudi-21-mars-2019\/#breadcrumb"},"inLanguage":"fr-FR","potentialAction":[{"@type":"ReadAction","target":["https:\/\/vosgesinfo.fr\/gerardmerinfo\/2019\/03\/repas-dansant-de-lamicale-sapeurs-pompiers-de-rochesson-jeudi-21-mars-2019\/"]}]},{"@type":"ImageObject","inLanguage":"fr-FR","@id":"https:\/\/vosgesinfo.fr\/gerardmerinfo\/2019\/03\/repas-dansant-de-lamicale-sapeurs-pompiers-de-rochesson-jeudi-21-mars-2019\/#primaryimage","url":"https:\/\/vosgesinfo.fr\/app\/uploads\/sites\/6\/2024\/07\/201805halte-creche-pompiers-gerardmer-1-1.jpg","contentUrl":"https:\/\/vosgesinfo.fr\/app\/uploads\/sites\/6\/2024\/07\/201805halte-creche-pompiers-gerardmer-1-1.jpg","width":800,"height":600},{"@type":"BreadcrumbList","@id":"https:\/\/vosgesinfo.fr\/gerardmerinfo\/2019\/03\/repas-dansant-de-lamicale-sapeurs-pompiers-de-rochesson-jeudi-21-mars-2019\/#breadcrumb","itemListElement":[{"@type":"ListItem","position":1,"name":"Home","item":"https:\/\/vosgesinfo.fr\/gerardmerinfo\/"},{"@type":"ListItem","position":2,"name":"Repas dansant de l&rsquo;Amicale des Sapeurs Pompiers de Rochesson jeudi 21 mars 2019"}]},{"@type":"WebSite","@id":"https:\/\/vosgesinfo.fr\/gerardmerinfo\/#website","url":"https:\/\/vosgesinfo.fr\/gerardmerinfo\/","name":"Gerardmer Info","description":"Toute l&#039;actualit\u00e9 de G\u00e9rardmer","publisher":{"@id":"https:\/\/vosgesinfo.fr\/gerardmerinfo\/#organization"},"alternateName":"Toute l'actualit\u00e9 de G\u00e9rardmer","potentialAction":[{"@type":"SearchAction","target":{"@type":"EntryPoint","urlTemplate":"https:\/\/vosgesinfo.fr\/gerardmerinfo\/?s={search_term_string}"},"query-input":"required name=search_term_string"}],"inLanguage":"fr-FR"},{"@type":"Organization","@id":"https:\/\/vosgesinfo.fr\/gerardmerinfo\/#organization","name":"Gerardmer Info","url":"https:\/\/vosgesinfo.fr\/gerardmerinfo\/","logo":{"@type":"ImageObject","inLanguage":"fr-FR","@id":"https:\/\/vosgesinfo.fr\/gerardmerinfo\/#\/schema\/logo\/image\/","url":"https:\/\/vosgesinfo.fr\/app\/uploads\/sites\/6\/2023\/08\/favicon-gerardmerinfo.png","contentUrl":"https:\/\/vosgesinfo.fr\/app\/uploads\/sites\/6\/2023\/08\/favicon-gerardmerinfo.png","width":512,"height":512,"caption":"Gerardmer Info"},"image":{"@id":"https:\/\/vosgesinfo.fr\/gerardmerinfo\/#\/schema\/logo\/image\/"},"sameAs":["https:\/\/www.facebook.com\/profile.php?id=100049475262660","https:\/\/x.com\/VosgesInfo88","https:\/\/www.youtube.com\/@vosgesinfo"]},{"@type":"Person","@id":"https:\/\/vosgesinfo.fr\/gerardmerinfo\/#\/schema\/person\/423a4f23d7013e37dd163fedbec929fb","name":"Sapeurs Pompiers Rochesson","image":{"@type":"ImageObject","inLanguage":"fr-FR","@id":"https:\/\/vosgesinfo.fr\/gerardmerinfo\/#\/schema\/person\/image\/","url":"https:\/\/secure.gravatar.com\/avatar\/7f372c40e336159202f9793e791a1f9b6e30bdac4410d21550f1d8ab7b6a992d?s=96&d=mm&r=g","contentUrl":"https:\/\/secure.gravatar.com\/avatar\/7f372c40e336159202f9793e791a1f9b6e30bdac4410d21550f1d8ab7b6a992d?s=96&d=mm&r=g","caption":"Sapeurs Pompiers Rochesson"},"url":"https:\/\/vosgesinfo.fr\/gerardmerinfo\/author\/pompiers-rochesson\/"}]}},"_links":{"self":[{"href":"https:\/\/vosgesinfo.fr\/gerardmerinfo\/wp-json\/wp\/v2\/posts\/40223","targetHints":{"allow":["GET"]}}],"collection":[{"href":"https:\/\/vosgesinfo.fr\/gerardmerinfo\/wp-json\/wp\/v2\/posts"}],"about":[{"href":"https:\/\/vosgesinfo.fr\/gerardmerinfo\/wp-json\/wp\/v2\/types\/post"}],"author":[{"embeddable":true,"href":"https:\/\/vosgesinfo.fr\/gerardmerinfo\/wp-json\/wp\/v2\/users\/226"}],"replies":[{"embeddable":true,"href":"https:\/\/vosgesinfo.fr\/gerardmerinfo\/wp-json\/wp\/v2\/comments?post=40223"}],"version-history":[{"count":0,"href":"https:\/\/vosgesinfo.fr\/gerardmerinfo\/wp-json\/wp\/v2\/posts\/40223\/revisions"}],"wp:featuredmedia":[{"embeddable":true,"href":"https:\/\/vosgesinfo.fr\/gerardmerinfo\/wp-json\/wp\/v2\/media\/40224"}],"wp:attachment":[{"href":"https:\/\/vosgesinfo.fr\/gerardmerinfo\/wp-json\/wp\/v2\/media?parent=40223"}],"wp:term":[{"taxonomy":"category","embeddable":true,"href":"https:\/\/vosgesinfo.fr\/gerardmerinfo\/wp-json\/wp\/v2\/categories?post=40223"},{"taxonomy":"post_tag","embeddable":true,"href":"https:\/\/vosgesinfo.fr\/gerardmerinfo\/wp-json\/wp\/v2\/tags?post=40223"}],"curies":[{"name":"wp","href":"https:\/\/api.w.org\/{rel}","templated":true}]}}