{"id":40242,"date":"2019-03-09T10:04:40","date_gmt":"2019-03-09T09:04:40","guid":{"rendered":"https:\/\/vosgesinfo.fr\/gerardmerinfo\/2019\/03\/montee-historique-internationale-ballon-dalsace-quelques-semaines-sinscrire\/"},"modified":"2019-03-09T10:04:40","modified_gmt":"2019-03-09T09:04:40","slug":"montee-historique-internationale-ballon-dalsace-quelques-semaines-sinscrire","status":"publish","type":"post","link":"https:\/\/vosgesinfo.fr\/gerardmerinfo\/2019\/03\/montee-historique-internationale-ballon-dalsace-quelques-semaines-sinscrire\/","title":{"rendered":"Mont\u00e9e historique internationale du Ballon d\u2019Alsace: encore quelques semaines pour s\u2019inscrire"},"content":{"rendered":"<p><strong><a href=\"https:\/\/gerardmerinfo.fr\/2019\/03\/montee-historique-internationale-ballon-dalsace-quelques-semaines-sinscrire\/mhiba-4\/\" rel=\"attachment wp-att-143139\"><img decoding=\"async\" class=\"aligncenter size-full wp-image-143139\" src=\"\/2019\/03\/MHIBA-4.jpg\" alt=\"MHIBA-4\" width=\"640\" height=\"385\" \/><\/a>M\u00eame si nous sommes encore \u00e0 6 mois et demi de l\u2019\u00e9v\u00e9nement les inscriptions vont bon train et le cap des 50 % est all\u00e8grement d\u00e9pass\u00e9.<\/strong><\/p>\n<p><strong>Manifestement la r\u00e8gle des 30 ans appliqu\u00e9e avec rigueur cette ann\u00e9e, n\u2019est pas un \u00e9norme frein pour les passionn\u00e9s qui y voient surtout l\u2019occasion de se retrouver parmi un plateau qualitatif de voitures de la m\u00eame p\u00e9riode qui contribuent \u00e0 l\u2019histoire de l\u2019automobile et dans le cas des Mont\u00e9es Historiques, \u00e0 comm\u00e9morer et perp\u00e9trer celle du sport automobile ne l\u2019oublions pas\u00a0!<\/strong><strong>\u00a0<\/strong><span id=\"more-254844\"><\/span><\/p>\n<p><strong>A ce propos les voitures de comp\u00e9titions asphalte toutes cat\u00e9gories sont accept\u00e9es sous r\u00e9serve de la r\u00e8gle des 30 ans.<\/strong><\/p>\n<p><strong>Cette ann\u00e9e vous pouvez participer \u00e0 cette MHIBA en choisissant une des 3 formules maintenant bien connues, que sont\u00a0: <\/strong><\/p>\n","protected":false},"excerpt":{"rendered":"<p>M\u00eame si nous sommes encore \u00e0 6 mois et demi de l\u2019\u00e9v\u00e9nement les inscriptions vont bon train et le cap [&hellip;]<\/p>\n","protected":false},"author":1,"featured_media":40243,"comment_status":"open","ping_status":"open","sticky":false,"template":"","format":"standard","meta":{"footnotes":""},"categories":[20,18],"tags":[],"class_list":["post-40242","post","type-post","status-publish","format-standard","has-post-thumbnail","hentry","category-a-la-une","category-vosges"],"acf":[],"yoast_head":"<!-- This site is optimized with the Yoast SEO plugin v22.5 - https:\/\/yoast.com\/wordpress\/plugins\/seo\/ -->\n<title>Mont\u00e9e historique internationale du Ballon d\u2019Alsace: encore quelques semaines pour s\u2019inscrire - Gerardmer Info<\/title>\n<meta name=\"robots\" content=\"index, follow, max-snippet:-1, max-image-preview:large, max-video-preview:-1\" \/>\n<link rel=\"canonical\" href=\"https:\/\/vosgesinfo.fr\/gerardmerinfo\/2019\/03\/montee-historique-internationale-ballon-dalsace-quelques-semaines-sinscrire\/\" \/>\n<meta name=\"twitter:card\" content=\"summary_large_image\" \/>\n<meta name=\"twitter:title\" content=\"Mont\u00e9e historique internationale du Ballon d\u2019Alsace: encore quelques semaines pour s\u2019inscrire - Gerardmer Info\" \/>\n<meta name=\"twitter:description\" content=\"M\u00eame si nous sommes encore \u00e0 6 mois et demi de l\u2019\u00e9v\u00e9nement les inscriptions vont bon train et le cap [&hellip;]\" \/>\n<meta name=\"twitter:image\" content=\"https:\/\/vosgesinfo.fr\/app\/uploads\/sites\/6\/2024\/07\/201903mhiba-4.jpg\" \/>\n<meta name=\"twitter:creator\" content=\"@VosgesInfo88\" \/>\n<meta name=\"twitter:site\" content=\"@VosgesInfo88\" \/>\n<meta name=\"twitter:label1\" content=\"\u00c9crit par\" \/>\n\t<meta name=\"twitter:data1\" content=\"qs_admin\" \/>\n\t<meta name=\"twitter:label2\" content=\"Dur\u00e9e de lecture estim\u00e9e\" \/>\n\t<meta name=\"twitter:data2\" content=\"1 minute\" \/>\n<script type=\"application\/ld+json\" class=\"yoast-schema-graph\">{\"@context\":\"https:\/\/schema.org\",\"@graph\":[{\"@type\":\"Article\",\"@id\":\"https:\/\/vosgesinfo.fr\/gerardmerinfo\/2019\/03\/montee-historique-internationale-ballon-dalsace-quelques-semaines-sinscrire\/#article\",\"isPartOf\":{\"@id\":\"https:\/\/vosgesinfo.fr\/gerardmerinfo\/2019\/03\/montee-historique-internationale-ballon-dalsace-quelques-semaines-sinscrire\/\"},\"author\":{\"name\":\"qs_admin\",\"@id\":\"https:\/\/vosgesinfo.fr\/gerardmerinfo\/#\/schema\/person\/bc5d02d71e6932e81b6dadb7386667b1\"},\"headline\":\"Mont\u00e9e historique internationale du Ballon d\u2019Alsace: encore quelques semaines pour s\u2019inscrire\",\"datePublished\":\"2019-03-09T09:04:40+00:00\",\"dateModified\":\"2019-03-09T09:04:40+00:00\",\"mainEntityOfPage\":{\"@id\":\"https:\/\/vosgesinfo.fr\/gerardmerinfo\/2019\/03\/montee-historique-internationale-ballon-dalsace-quelques-semaines-sinscrire\/\"},\"wordCount\":155,\"commentCount\":0,\"publisher\":{\"@id\":\"https:\/\/vosgesinfo.fr\/gerardmerinfo\/#organization\"},\"image\":{\"@id\":\"https:\/\/vosgesinfo.fr\/gerardmerinfo\/2019\/03\/montee-historique-internationale-ballon-dalsace-quelques-semaines-sinscrire\/#primaryimage\"},\"thumbnailUrl\":\"https:\/\/vosgesinfo.fr\/app\/uploads\/sites\/6\/2024\/07\/201903mhiba-4.jpg\",\"articleSection\":[\"A la une\",\"Vosges\"],\"inLanguage\":\"fr-FR\",\"potentialAction\":[{\"@type\":\"CommentAction\",\"name\":\"Comment\",\"target\":[\"https:\/\/vosgesinfo.fr\/gerardmerinfo\/2019\/03\/montee-historique-internationale-ballon-dalsace-quelques-semaines-sinscrire\/#respond\"]}]},{\"@type\":\"WebPage\",\"@id\":\"https:\/\/vosgesinfo.fr\/gerardmerinfo\/2019\/03\/montee-historique-internationale-ballon-dalsace-quelques-semaines-sinscrire\/\",\"url\":\"https:\/\/vosgesinfo.fr\/gerardmerinfo\/2019\/03\/montee-historique-internationale-ballon-dalsace-quelques-semaines-sinscrire\/\",\"name\":\"Mont\u00e9e historique internationale du Ballon d\u2019Alsace: encore quelques semaines pour s\u2019inscrire - Gerardmer Info\",\"isPartOf\":{\"@id\":\"https:\/\/vosgesinfo.fr\/gerardmerinfo\/#website\"},\"primaryImageOfPage\":{\"@id\":\"https:\/\/vosgesinfo.fr\/gerardmerinfo\/2019\/03\/montee-historique-internationale-ballon-dalsace-quelques-semaines-sinscrire\/#primaryimage\"},\"image\":{\"@id\":\"https:\/\/vosgesinfo.fr\/gerardmerinfo\/2019\/03\/montee-historique-internationale-ballon-dalsace-quelques-semaines-sinscrire\/#primaryimage\"},\"thumbnailUrl\":\"https:\/\/vosgesinfo.fr\/app\/uploads\/sites\/6\/2024\/07\/201903mhiba-4.jpg\",\"datePublished\":\"2019-03-09T09:04:40+00:00\",\"dateModified\":\"2019-03-09T09:04:40+00:00\",\"breadcrumb\":{\"@id\":\"https:\/\/vosgesinfo.fr\/gerardmerinfo\/2019\/03\/montee-historique-internationale-ballon-dalsace-quelques-semaines-sinscrire\/#breadcrumb\"},\"inLanguage\":\"fr-FR\",\"potentialAction\":[{\"@type\":\"ReadAction\",\"target\":[\"https:\/\/vosgesinfo.fr\/gerardmerinfo\/2019\/03\/montee-historique-internationale-ballon-dalsace-quelques-semaines-sinscrire\/\"]}]},{\"@type\":\"ImageObject\",\"inLanguage\":\"fr-FR\",\"@id\":\"https:\/\/vosgesinfo.fr\/gerardmerinfo\/2019\/03\/montee-historique-internationale-ballon-dalsace-quelques-semaines-sinscrire\/#primaryimage\",\"url\":\"https:\/\/vosgesinfo.fr\/app\/uploads\/sites\/6\/2024\/07\/201903mhiba-4.jpg\",\"contentUrl\":\"https:\/\/vosgesinfo.fr\/app\/uploads\/sites\/6\/2024\/07\/201903mhiba-4.jpg\",\"width\":640,\"height\":385},{\"@type\":\"BreadcrumbList\",\"@id\":\"https:\/\/vosgesinfo.fr\/gerardmerinfo\/2019\/03\/montee-historique-internationale-ballon-dalsace-quelques-semaines-sinscrire\/#breadcrumb\",\"itemListElement\":[{\"@type\":\"ListItem\",\"position\":1,\"name\":\"Home\",\"item\":\"https:\/\/vosgesinfo.fr\/gerardmerinfo\/\"},{\"@type\":\"ListItem\",\"position\":2,\"name\":\"Mont\u00e9e historique internationale du Ballon d\u2019Alsace: encore quelques semaines pour s\u2019inscrire\"}]},{\"@type\":\"WebSite\",\"@id\":\"https:\/\/vosgesinfo.fr\/gerardmerinfo\/#website\",\"url\":\"https:\/\/vosgesinfo.fr\/gerardmerinfo\/\",\"name\":\"Gerardmer Info\",\"description\":\"Toute l&#039;actualit\u00e9 de G\u00e9rardmer\",\"publisher\":{\"@id\":\"https:\/\/vosgesinfo.fr\/gerardmerinfo\/#organization\"},\"alternateName\":\"Toute l'actualit\u00e9 de G\u00e9rardmer\",\"potentialAction\":[{\"@type\":\"SearchAction\",\"target\":{\"@type\":\"EntryPoint\",\"urlTemplate\":\"https:\/\/vosgesinfo.fr\/gerardmerinfo\/?s={search_term_string}\"},\"query-input\":\"required name=search_term_string\"}],\"inLanguage\":\"fr-FR\"},{\"@type\":\"Organization\",\"@id\":\"https:\/\/vosgesinfo.fr\/gerardmerinfo\/#organization\",\"name\":\"Gerardmer Info\",\"url\":\"https:\/\/vosgesinfo.fr\/gerardmerinfo\/\",\"logo\":{\"@type\":\"ImageObject\",\"inLanguage\":\"fr-FR\",\"@id\":\"https:\/\/vosgesinfo.fr\/gerardmerinfo\/#\/schema\/logo\/image\/\",\"url\":\"https:\/\/vosgesinfo.fr\/app\/uploads\/sites\/6\/2023\/08\/favicon-gerardmerinfo.png\",\"contentUrl\":\"https:\/\/vosgesinfo.fr\/app\/uploads\/sites\/6\/2023\/08\/favicon-gerardmerinfo.png\",\"width\":512,\"height\":512,\"caption\":\"Gerardmer Info\"},\"image\":{\"@id\":\"https:\/\/vosgesinfo.fr\/gerardmerinfo\/#\/schema\/logo\/image\/\"},\"sameAs\":[\"https:\/\/www.facebook.com\/profile.php?id=100049475262660\",\"https:\/\/x.com\/VosgesInfo88\",\"https:\/\/www.youtube.com\/@vosgesinfo\"]},{\"@type\":\"Person\",\"@id\":\"https:\/\/vosgesinfo.fr\/gerardmerinfo\/#\/schema\/person\/bc5d02d71e6932e81b6dadb7386667b1\",\"name\":\"qs_admin\",\"image\":{\"@type\":\"ImageObject\",\"inLanguage\":\"fr-FR\",\"@id\":\"https:\/\/vosgesinfo.fr\/gerardmerinfo\/#\/schema\/person\/image\/\",\"url\":\"https:\/\/secure.gravatar.com\/avatar\/94b18ee0ed79e4a42ea2f2931277b6841a8999fc6fde214600c78057cf1fe1de?s=96&d=mm&r=g\",\"contentUrl\":\"https:\/\/secure.gravatar.com\/avatar\/94b18ee0ed79e4a42ea2f2931277b6841a8999fc6fde214600c78057cf1fe1de?s=96&d=mm&r=g\",\"caption\":\"qs_admin\"},\"sameAs\":[\"https:\/\/vosgesinfo.fr\/wp\"],\"url\":\"https:\/\/vosgesinfo.fr\/gerardmerinfo\/author\/qs_admin\/\"}]}<\/script>\n<!-- \/ Yoast SEO plugin. -->","yoast_head_json":{"title":"Mont\u00e9e historique internationale du Ballon d\u2019Alsace: encore quelques semaines pour s\u2019inscrire - Gerardmer Info","robots":{"index":"index","follow":"follow","max-snippet":"max-snippet:-1","max-image-preview":"max-image-preview:large","max-video-preview":"max-video-preview:-1"},"canonical":"https:\/\/vosgesinfo.fr\/gerardmerinfo\/2019\/03\/montee-historique-internationale-ballon-dalsace-quelques-semaines-sinscrire\/","twitter_card":"summary_large_image","twitter_title":"Mont\u00e9e historique internationale du Ballon d\u2019Alsace: encore quelques semaines pour s\u2019inscrire - Gerardmer Info","twitter_description":"M\u00eame si nous sommes encore \u00e0 6 mois et demi de l\u2019\u00e9v\u00e9nement les inscriptions vont bon train et le cap [&hellip;]","twitter_image":"https:\/\/vosgesinfo.fr\/app\/uploads\/sites\/6\/2024\/07\/201903mhiba-4.jpg","twitter_creator":"@VosgesInfo88","twitter_site":"@VosgesInfo88","twitter_misc":{"\u00c9crit par":"qs_admin","Dur\u00e9e de lecture estim\u00e9e":"1 minute"},"schema":{"@context":"https:\/\/schema.org","@graph":[{"@type":"Article","@id":"https:\/\/vosgesinfo.fr\/gerardmerinfo\/2019\/03\/montee-historique-internationale-ballon-dalsace-quelques-semaines-sinscrire\/#article","isPartOf":{"@id":"https:\/\/vosgesinfo.fr\/gerardmerinfo\/2019\/03\/montee-historique-internationale-ballon-dalsace-quelques-semaines-sinscrire\/"},"author":{"name":"qs_admin","@id":"https:\/\/vosgesinfo.fr\/gerardmerinfo\/#\/schema\/person\/bc5d02d71e6932e81b6dadb7386667b1"},"headline":"Mont\u00e9e historique internationale du Ballon d\u2019Alsace: encore quelques semaines pour s\u2019inscrire","datePublished":"2019-03-09T09:04:40+00:00","dateModified":"2019-03-09T09:04:40+00:00","mainEntityOfPage":{"@id":"https:\/\/vosgesinfo.fr\/gerardmerinfo\/2019\/03\/montee-historique-internationale-ballon-dalsace-quelques-semaines-sinscrire\/"},"wordCount":155,"commentCount":0,"publisher":{"@id":"https:\/\/vosgesinfo.fr\/gerardmerinfo\/#organization"},"image":{"@id":"https:\/\/vosgesinfo.fr\/gerardmerinfo\/2019\/03\/montee-historique-internationale-ballon-dalsace-quelques-semaines-sinscrire\/#primaryimage"},"thumbnailUrl":"https:\/\/vosgesinfo.fr\/app\/uploads\/sites\/6\/2024\/07\/201903mhiba-4.jpg","articleSection":["A la une","Vosges"],"inLanguage":"fr-FR","potentialAction":[{"@type":"CommentAction","name":"Comment","target":["https:\/\/vosgesinfo.fr\/gerardmerinfo\/2019\/03\/montee-historique-internationale-ballon-dalsace-quelques-semaines-sinscrire\/#respond"]}]},{"@type":"WebPage","@id":"https:\/\/vosgesinfo.fr\/gerardmerinfo\/2019\/03\/montee-historique-internationale-ballon-dalsace-quelques-semaines-sinscrire\/","url":"https:\/\/vosgesinfo.fr\/gerardmerinfo\/2019\/03\/montee-historique-internationale-ballon-dalsace-quelques-semaines-sinscrire\/","name":"Mont\u00e9e historique internationale du Ballon d\u2019Alsace: encore quelques semaines pour s\u2019inscrire - Gerardmer Info","isPartOf":{"@id":"https:\/\/vosgesinfo.fr\/gerardmerinfo\/#website"},"primaryImageOfPage":{"@id":"https:\/\/vosgesinfo.fr\/gerardmerinfo\/2019\/03\/montee-historique-internationale-ballon-dalsace-quelques-semaines-sinscrire\/#primaryimage"},"image":{"@id":"https:\/\/vosgesinfo.fr\/gerardmerinfo\/2019\/03\/montee-historique-internationale-ballon-dalsace-quelques-semaines-sinscrire\/#primaryimage"},"thumbnailUrl":"https:\/\/vosgesinfo.fr\/app\/uploads\/sites\/6\/2024\/07\/201903mhiba-4.jpg","datePublished":"2019-03-09T09:04:40+00:00","dateModified":"2019-03-09T09:04:40+00:00","breadcrumb":{"@id":"https:\/\/vosgesinfo.fr\/gerardmerinfo\/2019\/03\/montee-historique-internationale-ballon-dalsace-quelques-semaines-sinscrire\/#breadcrumb"},"inLanguage":"fr-FR","potentialAction":[{"@type":"ReadAction","target":["https:\/\/vosgesinfo.fr\/gerardmerinfo\/2019\/03\/montee-historique-internationale-ballon-dalsace-quelques-semaines-sinscrire\/"]}]},{"@type":"ImageObject","inLanguage":"fr-FR","@id":"https:\/\/vosgesinfo.fr\/gerardmerinfo\/2019\/03\/montee-historique-internationale-ballon-dalsace-quelques-semaines-sinscrire\/#primaryimage","url":"https:\/\/vosgesinfo.fr\/app\/uploads\/sites\/6\/2024\/07\/201903mhiba-4.jpg","contentUrl":"https:\/\/vosgesinfo.fr\/app\/uploads\/sites\/6\/2024\/07\/201903mhiba-4.jpg","width":640,"height":385},{"@type":"BreadcrumbList","@id":"https:\/\/vosgesinfo.fr\/gerardmerinfo\/2019\/03\/montee-historique-internationale-ballon-dalsace-quelques-semaines-sinscrire\/#breadcrumb","itemListElement":[{"@type":"ListItem","position":1,"name":"Home","item":"https:\/\/vosgesinfo.fr\/gerardmerinfo\/"},{"@type":"ListItem","position":2,"name":"Mont\u00e9e historique internationale du Ballon d\u2019Alsace: encore quelques semaines pour s\u2019inscrire"}]},{"@type":"WebSite","@id":"https:\/\/vosgesinfo.fr\/gerardmerinfo\/#website","url":"https:\/\/vosgesinfo.fr\/gerardmerinfo\/","name":"Gerardmer Info","description":"Toute l&#039;actualit\u00e9 de G\u00e9rardmer","publisher":{"@id":"https:\/\/vosgesinfo.fr\/gerardmerinfo\/#organization"},"alternateName":"Toute l'actualit\u00e9 de G\u00e9rardmer","potentialAction":[{"@type":"SearchAction","target":{"@type":"EntryPoint","urlTemplate":"https:\/\/vosgesinfo.fr\/gerardmerinfo\/?s={search_term_string}"},"query-input":"required name=search_term_string"}],"inLanguage":"fr-FR"},{"@type":"Organization","@id":"https:\/\/vosgesinfo.fr\/gerardmerinfo\/#organization","name":"Gerardmer Info","url":"https:\/\/vosgesinfo.fr\/gerardmerinfo\/","logo":{"@type":"ImageObject","inLanguage":"fr-FR","@id":"https:\/\/vosgesinfo.fr\/gerardmerinfo\/#\/schema\/logo\/image\/","url":"https:\/\/vosgesinfo.fr\/app\/uploads\/sites\/6\/2023\/08\/favicon-gerardmerinfo.png","contentUrl":"https:\/\/vosgesinfo.fr\/app\/uploads\/sites\/6\/2023\/08\/favicon-gerardmerinfo.png","width":512,"height":512,"caption":"Gerardmer Info"},"image":{"@id":"https:\/\/vosgesinfo.fr\/gerardmerinfo\/#\/schema\/logo\/image\/"},"sameAs":["https:\/\/www.facebook.com\/profile.php?id=100049475262660","https:\/\/x.com\/VosgesInfo88","https:\/\/www.youtube.com\/@vosgesinfo"]},{"@type":"Person","@id":"https:\/\/vosgesinfo.fr\/gerardmerinfo\/#\/schema\/person\/bc5d02d71e6932e81b6dadb7386667b1","name":"qs_admin","image":{"@type":"ImageObject","inLanguage":"fr-FR","@id":"https:\/\/vosgesinfo.fr\/gerardmerinfo\/#\/schema\/person\/image\/","url":"https:\/\/secure.gravatar.com\/avatar\/94b18ee0ed79e4a42ea2f2931277b6841a8999fc6fde214600c78057cf1fe1de?s=96&d=mm&r=g","contentUrl":"https:\/\/secure.gravatar.com\/avatar\/94b18ee0ed79e4a42ea2f2931277b6841a8999fc6fde214600c78057cf1fe1de?s=96&d=mm&r=g","caption":"qs_admin"},"sameAs":["https:\/\/vosgesinfo.fr\/wp"],"url":"https:\/\/vosgesinfo.fr\/gerardmerinfo\/author\/qs_admin\/"}]}},"_links":{"self":[{"href":"https:\/\/vosgesinfo.fr\/gerardmerinfo\/wp-json\/wp\/v2\/posts\/40242","targetHints":{"allow":["GET"]}}],"collection":[{"href":"https:\/\/vosgesinfo.fr\/gerardmerinfo\/wp-json\/wp\/v2\/posts"}],"about":[{"href":"https:\/\/vosgesinfo.fr\/gerardmerinfo\/wp-json\/wp\/v2\/types\/post"}],"author":[{"embeddable":true,"href":"https:\/\/vosgesinfo.fr\/gerardmerinfo\/wp-json\/wp\/v2\/users\/1"}],"replies":[{"embeddable":true,"href":"https:\/\/vosgesinfo.fr\/gerardmerinfo\/wp-json\/wp\/v2\/comments?post=40242"}],"version-history":[{"count":0,"href":"https:\/\/vosgesinfo.fr\/gerardmerinfo\/wp-json\/wp\/v2\/posts\/40242\/revisions"}],"wp:featuredmedia":[{"embeddable":true,"href":"https:\/\/vosgesinfo.fr\/gerardmerinfo\/wp-json\/wp\/v2\/media\/40243"}],"wp:attachment":[{"href":"https:\/\/vosgesinfo.fr\/gerardmerinfo\/wp-json\/wp\/v2\/media?parent=40242"}],"wp:term":[{"taxonomy":"category","embeddable":true,"href":"https:\/\/vosgesinfo.fr\/gerardmerinfo\/wp-json\/wp\/v2\/categories?post=40242"},{"taxonomy":"post_tag","embeddable":true,"href":"https:\/\/vosgesinfo.fr\/gerardmerinfo\/wp-json\/wp\/v2\/tags?post=40242"}],"curies":[{"name":"wp","href":"https:\/\/api.w.org\/{rel}","templated":true}]}}