{"id":40303,"date":"2019-03-14T16:41:11","date_gmt":"2019-03-14T15:41:11","guid":{"rendered":"https:\/\/vosgesinfo.fr\/gerardmerinfo\/2019\/03\/celebrez-printemps-floreal-pheny\/"},"modified":"2019-03-14T16:41:11","modified_gmt":"2019-03-14T15:41:11","slug":"celebrez-printemps-floreal-pheny","status":"publish","type":"post","link":"https:\/\/vosgesinfo.fr\/gerardmerinfo\/2019\/03\/celebrez-printemps-floreal-pheny\/","title":{"rendered":"C\u00e9l\u00e9brez le printemps avec le Flor\u00e9al au Ph\u00e9ny"},"content":{"rendered":"<h3 style=\"text-align: center;\"><strong>FLOREAL 2019<\/strong><\/h3>\n<p><a href=\"\/2019\/03\/PHOTOS-FLOREAL.jpg\"><img decoding=\"async\" class=\"aligncenter size-full wp-image-143311\" src=\"\/2019\/03\/PHOTOS-FLOREAL.jpg\" alt=\"PHOTOS FLOREAL\" width=\"800\" height=\"500\" \/><\/a><\/p>\n<p>Le 19 MAI 2019, soit le 30 FLOREAL de l\u2019an CCXXVII, \u00e0 l\u2019ancienne \u00e9cole du Ph\u00e9ny \u00e0 G\u00e9rardmer se tient le Flor\u00e9al, f\u00eate de la po\u00e9sie et de la musique, ode au Printemps. F\u00eate publique et populaire ouverte \u00e0 tous les amateurs. Cette ann\u00e9e, les th\u00e8mes sont : la montagne et les couleurs. C\u2019est notre seule contrainte.<\/p>\n<p>Vous avez envie de lire un texte, une po\u00e9sie, chanter ou entendre une chanson, un morceau de musique lu ou jou\u00e9 par quelqu\u2019un d\u2019autre, n\u2019h\u00e9sitez pas \u00e0 nous contacter et envoyer votre proposition, afin de l\u2019int\u00e9grer au programme que nous allons imprimer, \u00e0 l\u2019adresse suivante : alain.tiss@wanadoo.fr <strong>avant le 15 avril 2019 !!!!<\/strong> Apr\u00e8s, il sera trop tard mais vous serez les bienvenus \u00e0 cette f\u00eate populaire et bon enfant.<\/p>\n<p><a href=\"\/2019\/03\/PHOTOS-FLOREAL-2018.jpg\"><img decoding=\"async\" class=\"aligncenter size-full wp-image-143310\" src=\"\/2019\/03\/PHOTOS-FLOREAL-2018.jpg\" alt=\"PHOTOS FLOREAL 2018\" width=\"800\" height=\"500\" \/><\/a><\/p>\n","protected":false},"excerpt":{"rendered":"<p>FLOREAL 2019 Le 19 MAI 2019, soit le 30 FLOREAL de l\u2019an CCXXVII, \u00e0 l\u2019ancienne \u00e9cole du Ph\u00e9ny \u00e0 G\u00e9rardmer [&hellip;]<\/p>\n","protected":false},"author":1,"featured_media":40304,"comment_status":"open","ping_status":"open","sticky":false,"template":"","format":"standard","meta":{"footnotes":""},"categories":[20,4,25,17],"tags":[2124],"class_list":["post-40303","post","type-post","status-publish","format-standard","has-post-thumbnail","hentry","category-a-la-une","category-culture","category-gerardmer","category-vie-associative","tag-floreal-pheny"],"acf":[],"yoast_head":"<!-- This site is optimized with the Yoast SEO plugin v22.5 - https:\/\/yoast.com\/wordpress\/plugins\/seo\/ -->\n<title>C\u00e9l\u00e9brez le printemps avec le Flor\u00e9al au Ph\u00e9ny - Gerardmer Info<\/title>\n<meta name=\"robots\" content=\"index, follow, max-snippet:-1, max-image-preview:large, max-video-preview:-1\" \/>\n<link rel=\"canonical\" href=\"https:\/\/vosgesinfo.fr\/gerardmerinfo\/2019\/03\/celebrez-printemps-floreal-pheny\/\" \/>\n<meta name=\"twitter:card\" content=\"summary_large_image\" \/>\n<meta name=\"twitter:title\" content=\"C\u00e9l\u00e9brez le printemps avec le Flor\u00e9al au Ph\u00e9ny - Gerardmer Info\" \/>\n<meta name=\"twitter:description\" content=\"FLOREAL 2019 Le 19 MAI 2019, soit le 30 FLOREAL de l\u2019an CCXXVII, \u00e0 l\u2019ancienne \u00e9cole du Ph\u00e9ny \u00e0 G\u00e9rardmer [&hellip;]\" \/>\n<meta name=\"twitter:image\" content=\"https:\/\/vosgesinfo.fr\/app\/uploads\/sites\/6\/2024\/07\/201903photos-floreal.jpg\" \/>\n<meta name=\"twitter:creator\" content=\"@VosgesInfo88\" \/>\n<meta name=\"twitter:site\" content=\"@VosgesInfo88\" \/>\n<meta name=\"twitter:label1\" content=\"\u00c9crit par\" \/>\n\t<meta name=\"twitter:data1\" content=\"qs_admin\" \/>\n\t<meta name=\"twitter:label2\" content=\"Dur\u00e9e de lecture estim\u00e9e\" \/>\n\t<meta name=\"twitter:data2\" content=\"1 minute\" \/>\n<script type=\"application\/ld+json\" class=\"yoast-schema-graph\">{\"@context\":\"https:\/\/schema.org\",\"@graph\":[{\"@type\":\"Article\",\"@id\":\"https:\/\/vosgesinfo.fr\/gerardmerinfo\/2019\/03\/celebrez-printemps-floreal-pheny\/#article\",\"isPartOf\":{\"@id\":\"https:\/\/vosgesinfo.fr\/gerardmerinfo\/2019\/03\/celebrez-printemps-floreal-pheny\/\"},\"author\":{\"name\":\"qs_admin\",\"@id\":\"https:\/\/vosgesinfo.fr\/gerardmerinfo\/#\/schema\/person\/bc5d02d71e6932e81b6dadb7386667b1\"},\"headline\":\"C\u00e9l\u00e9brez le printemps avec le Flor\u00e9al au Ph\u00e9ny\",\"datePublished\":\"2019-03-14T15:41:11+00:00\",\"dateModified\":\"2019-03-14T15:41:11+00:00\",\"mainEntityOfPage\":{\"@id\":\"https:\/\/vosgesinfo.fr\/gerardmerinfo\/2019\/03\/celebrez-printemps-floreal-pheny\/\"},\"wordCount\":150,\"commentCount\":0,\"publisher\":{\"@id\":\"https:\/\/vosgesinfo.fr\/gerardmerinfo\/#organization\"},\"image\":{\"@id\":\"https:\/\/vosgesinfo.fr\/gerardmerinfo\/2019\/03\/celebrez-printemps-floreal-pheny\/#primaryimage\"},\"thumbnailUrl\":\"https:\/\/vosgesinfo.fr\/app\/uploads\/sites\/6\/2024\/07\/201903photos-floreal.jpg\",\"keywords\":[\"flor\u00e9al ph\u00e9ny\"],\"articleSection\":[\"A la une\",\"Culture\",\"G\u00e9rardmer\",\"Vie Associative\"],\"inLanguage\":\"fr-FR\",\"potentialAction\":[{\"@type\":\"CommentAction\",\"name\":\"Comment\",\"target\":[\"https:\/\/vosgesinfo.fr\/gerardmerinfo\/2019\/03\/celebrez-printemps-floreal-pheny\/#respond\"]}]},{\"@type\":\"WebPage\",\"@id\":\"https:\/\/vosgesinfo.fr\/gerardmerinfo\/2019\/03\/celebrez-printemps-floreal-pheny\/\",\"url\":\"https:\/\/vosgesinfo.fr\/gerardmerinfo\/2019\/03\/celebrez-printemps-floreal-pheny\/\",\"name\":\"C\u00e9l\u00e9brez le printemps avec le Flor\u00e9al au Ph\u00e9ny - Gerardmer Info\",\"isPartOf\":{\"@id\":\"https:\/\/vosgesinfo.fr\/gerardmerinfo\/#website\"},\"primaryImageOfPage\":{\"@id\":\"https:\/\/vosgesinfo.fr\/gerardmerinfo\/2019\/03\/celebrez-printemps-floreal-pheny\/#primaryimage\"},\"image\":{\"@id\":\"https:\/\/vosgesinfo.fr\/gerardmerinfo\/2019\/03\/celebrez-printemps-floreal-pheny\/#primaryimage\"},\"thumbnailUrl\":\"https:\/\/vosgesinfo.fr\/app\/uploads\/sites\/6\/2024\/07\/201903photos-floreal.jpg\",\"datePublished\":\"2019-03-14T15:41:11+00:00\",\"dateModified\":\"2019-03-14T15:41:11+00:00\",\"breadcrumb\":{\"@id\":\"https:\/\/vosgesinfo.fr\/gerardmerinfo\/2019\/03\/celebrez-printemps-floreal-pheny\/#breadcrumb\"},\"inLanguage\":\"fr-FR\",\"potentialAction\":[{\"@type\":\"ReadAction\",\"target\":[\"https:\/\/vosgesinfo.fr\/gerardmerinfo\/2019\/03\/celebrez-printemps-floreal-pheny\/\"]}]},{\"@type\":\"ImageObject\",\"inLanguage\":\"fr-FR\",\"@id\":\"https:\/\/vosgesinfo.fr\/gerardmerinfo\/2019\/03\/celebrez-printemps-floreal-pheny\/#primaryimage\",\"url\":\"https:\/\/vosgesinfo.fr\/app\/uploads\/sites\/6\/2024\/07\/201903photos-floreal.jpg\",\"contentUrl\":\"https:\/\/vosgesinfo.fr\/app\/uploads\/sites\/6\/2024\/07\/201903photos-floreal.jpg\",\"width\":800,\"height\":500},{\"@type\":\"BreadcrumbList\",\"@id\":\"https:\/\/vosgesinfo.fr\/gerardmerinfo\/2019\/03\/celebrez-printemps-floreal-pheny\/#breadcrumb\",\"itemListElement\":[{\"@type\":\"ListItem\",\"position\":1,\"name\":\"Home\",\"item\":\"https:\/\/vosgesinfo.fr\/gerardmerinfo\/\"},{\"@type\":\"ListItem\",\"position\":2,\"name\":\"C\u00e9l\u00e9brez le printemps avec le Flor\u00e9al au Ph\u00e9ny\"}]},{\"@type\":\"WebSite\",\"@id\":\"https:\/\/vosgesinfo.fr\/gerardmerinfo\/#website\",\"url\":\"https:\/\/vosgesinfo.fr\/gerardmerinfo\/\",\"name\":\"Gerardmer Info\",\"description\":\"Toute l&#039;actualit\u00e9 de G\u00e9rardmer\",\"publisher\":{\"@id\":\"https:\/\/vosgesinfo.fr\/gerardmerinfo\/#organization\"},\"alternateName\":\"Toute l'actualit\u00e9 de G\u00e9rardmer\",\"potentialAction\":[{\"@type\":\"SearchAction\",\"target\":{\"@type\":\"EntryPoint\",\"urlTemplate\":\"https:\/\/vosgesinfo.fr\/gerardmerinfo\/?s={search_term_string}\"},\"query-input\":\"required name=search_term_string\"}],\"inLanguage\":\"fr-FR\"},{\"@type\":\"Organization\",\"@id\":\"https:\/\/vosgesinfo.fr\/gerardmerinfo\/#organization\",\"name\":\"Gerardmer Info\",\"url\":\"https:\/\/vosgesinfo.fr\/gerardmerinfo\/\",\"logo\":{\"@type\":\"ImageObject\",\"inLanguage\":\"fr-FR\",\"@id\":\"https:\/\/vosgesinfo.fr\/gerardmerinfo\/#\/schema\/logo\/image\/\",\"url\":\"https:\/\/vosgesinfo.fr\/app\/uploads\/sites\/6\/2023\/08\/favicon-gerardmerinfo.png\",\"contentUrl\":\"https:\/\/vosgesinfo.fr\/app\/uploads\/sites\/6\/2023\/08\/favicon-gerardmerinfo.png\",\"width\":512,\"height\":512,\"caption\":\"Gerardmer Info\"},\"image\":{\"@id\":\"https:\/\/vosgesinfo.fr\/gerardmerinfo\/#\/schema\/logo\/image\/\"},\"sameAs\":[\"https:\/\/www.facebook.com\/profile.php?id=100049475262660\",\"https:\/\/x.com\/VosgesInfo88\",\"https:\/\/www.youtube.com\/@vosgesinfo\"]},{\"@type\":\"Person\",\"@id\":\"https:\/\/vosgesinfo.fr\/gerardmerinfo\/#\/schema\/person\/bc5d02d71e6932e81b6dadb7386667b1\",\"name\":\"qs_admin\",\"image\":{\"@type\":\"ImageObject\",\"inLanguage\":\"fr-FR\",\"@id\":\"https:\/\/vosgesinfo.fr\/gerardmerinfo\/#\/schema\/person\/image\/\",\"url\":\"https:\/\/secure.gravatar.com\/avatar\/94b18ee0ed79e4a42ea2f2931277b6841a8999fc6fde214600c78057cf1fe1de?s=96&d=mm&r=g\",\"contentUrl\":\"https:\/\/secure.gravatar.com\/avatar\/94b18ee0ed79e4a42ea2f2931277b6841a8999fc6fde214600c78057cf1fe1de?s=96&d=mm&r=g\",\"caption\":\"qs_admin\"},\"sameAs\":[\"https:\/\/vosgesinfo.fr\/wp\"],\"url\":\"https:\/\/vosgesinfo.fr\/gerardmerinfo\/author\/qs_admin\/\"}]}<\/script>\n<!-- \/ Yoast SEO plugin. -->","yoast_head_json":{"title":"C\u00e9l\u00e9brez le printemps avec le Flor\u00e9al au Ph\u00e9ny - Gerardmer Info","robots":{"index":"index","follow":"follow","max-snippet":"max-snippet:-1","max-image-preview":"max-image-preview:large","max-video-preview":"max-video-preview:-1"},"canonical":"https:\/\/vosgesinfo.fr\/gerardmerinfo\/2019\/03\/celebrez-printemps-floreal-pheny\/","twitter_card":"summary_large_image","twitter_title":"C\u00e9l\u00e9brez le printemps avec le Flor\u00e9al au Ph\u00e9ny - Gerardmer Info","twitter_description":"FLOREAL 2019 Le 19 MAI 2019, soit le 30 FLOREAL de l\u2019an CCXXVII, \u00e0 l\u2019ancienne \u00e9cole du Ph\u00e9ny \u00e0 G\u00e9rardmer [&hellip;]","twitter_image":"https:\/\/vosgesinfo.fr\/app\/uploads\/sites\/6\/2024\/07\/201903photos-floreal.jpg","twitter_creator":"@VosgesInfo88","twitter_site":"@VosgesInfo88","twitter_misc":{"\u00c9crit par":"qs_admin","Dur\u00e9e de lecture estim\u00e9e":"1 minute"},"schema":{"@context":"https:\/\/schema.org","@graph":[{"@type":"Article","@id":"https:\/\/vosgesinfo.fr\/gerardmerinfo\/2019\/03\/celebrez-printemps-floreal-pheny\/#article","isPartOf":{"@id":"https:\/\/vosgesinfo.fr\/gerardmerinfo\/2019\/03\/celebrez-printemps-floreal-pheny\/"},"author":{"name":"qs_admin","@id":"https:\/\/vosgesinfo.fr\/gerardmerinfo\/#\/schema\/person\/bc5d02d71e6932e81b6dadb7386667b1"},"headline":"C\u00e9l\u00e9brez le printemps avec le Flor\u00e9al au Ph\u00e9ny","datePublished":"2019-03-14T15:41:11+00:00","dateModified":"2019-03-14T15:41:11+00:00","mainEntityOfPage":{"@id":"https:\/\/vosgesinfo.fr\/gerardmerinfo\/2019\/03\/celebrez-printemps-floreal-pheny\/"},"wordCount":150,"commentCount":0,"publisher":{"@id":"https:\/\/vosgesinfo.fr\/gerardmerinfo\/#organization"},"image":{"@id":"https:\/\/vosgesinfo.fr\/gerardmerinfo\/2019\/03\/celebrez-printemps-floreal-pheny\/#primaryimage"},"thumbnailUrl":"https:\/\/vosgesinfo.fr\/app\/uploads\/sites\/6\/2024\/07\/201903photos-floreal.jpg","keywords":["flor\u00e9al ph\u00e9ny"],"articleSection":["A la une","Culture","G\u00e9rardmer","Vie Associative"],"inLanguage":"fr-FR","potentialAction":[{"@type":"CommentAction","name":"Comment","target":["https:\/\/vosgesinfo.fr\/gerardmerinfo\/2019\/03\/celebrez-printemps-floreal-pheny\/#respond"]}]},{"@type":"WebPage","@id":"https:\/\/vosgesinfo.fr\/gerardmerinfo\/2019\/03\/celebrez-printemps-floreal-pheny\/","url":"https:\/\/vosgesinfo.fr\/gerardmerinfo\/2019\/03\/celebrez-printemps-floreal-pheny\/","name":"C\u00e9l\u00e9brez le printemps avec le Flor\u00e9al au Ph\u00e9ny - Gerardmer Info","isPartOf":{"@id":"https:\/\/vosgesinfo.fr\/gerardmerinfo\/#website"},"primaryImageOfPage":{"@id":"https:\/\/vosgesinfo.fr\/gerardmerinfo\/2019\/03\/celebrez-printemps-floreal-pheny\/#primaryimage"},"image":{"@id":"https:\/\/vosgesinfo.fr\/gerardmerinfo\/2019\/03\/celebrez-printemps-floreal-pheny\/#primaryimage"},"thumbnailUrl":"https:\/\/vosgesinfo.fr\/app\/uploads\/sites\/6\/2024\/07\/201903photos-floreal.jpg","datePublished":"2019-03-14T15:41:11+00:00","dateModified":"2019-03-14T15:41:11+00:00","breadcrumb":{"@id":"https:\/\/vosgesinfo.fr\/gerardmerinfo\/2019\/03\/celebrez-printemps-floreal-pheny\/#breadcrumb"},"inLanguage":"fr-FR","potentialAction":[{"@type":"ReadAction","target":["https:\/\/vosgesinfo.fr\/gerardmerinfo\/2019\/03\/celebrez-printemps-floreal-pheny\/"]}]},{"@type":"ImageObject","inLanguage":"fr-FR","@id":"https:\/\/vosgesinfo.fr\/gerardmerinfo\/2019\/03\/celebrez-printemps-floreal-pheny\/#primaryimage","url":"https:\/\/vosgesinfo.fr\/app\/uploads\/sites\/6\/2024\/07\/201903photos-floreal.jpg","contentUrl":"https:\/\/vosgesinfo.fr\/app\/uploads\/sites\/6\/2024\/07\/201903photos-floreal.jpg","width":800,"height":500},{"@type":"BreadcrumbList","@id":"https:\/\/vosgesinfo.fr\/gerardmerinfo\/2019\/03\/celebrez-printemps-floreal-pheny\/#breadcrumb","itemListElement":[{"@type":"ListItem","position":1,"name":"Home","item":"https:\/\/vosgesinfo.fr\/gerardmerinfo\/"},{"@type":"ListItem","position":2,"name":"C\u00e9l\u00e9brez le printemps avec le Flor\u00e9al au Ph\u00e9ny"}]},{"@type":"WebSite","@id":"https:\/\/vosgesinfo.fr\/gerardmerinfo\/#website","url":"https:\/\/vosgesinfo.fr\/gerardmerinfo\/","name":"Gerardmer Info","description":"Toute l&#039;actualit\u00e9 de G\u00e9rardmer","publisher":{"@id":"https:\/\/vosgesinfo.fr\/gerardmerinfo\/#organization"},"alternateName":"Toute l'actualit\u00e9 de G\u00e9rardmer","potentialAction":[{"@type":"SearchAction","target":{"@type":"EntryPoint","urlTemplate":"https:\/\/vosgesinfo.fr\/gerardmerinfo\/?s={search_term_string}"},"query-input":"required name=search_term_string"}],"inLanguage":"fr-FR"},{"@type":"Organization","@id":"https:\/\/vosgesinfo.fr\/gerardmerinfo\/#organization","name":"Gerardmer Info","url":"https:\/\/vosgesinfo.fr\/gerardmerinfo\/","logo":{"@type":"ImageObject","inLanguage":"fr-FR","@id":"https:\/\/vosgesinfo.fr\/gerardmerinfo\/#\/schema\/logo\/image\/","url":"https:\/\/vosgesinfo.fr\/app\/uploads\/sites\/6\/2023\/08\/favicon-gerardmerinfo.png","contentUrl":"https:\/\/vosgesinfo.fr\/app\/uploads\/sites\/6\/2023\/08\/favicon-gerardmerinfo.png","width":512,"height":512,"caption":"Gerardmer Info"},"image":{"@id":"https:\/\/vosgesinfo.fr\/gerardmerinfo\/#\/schema\/logo\/image\/"},"sameAs":["https:\/\/www.facebook.com\/profile.php?id=100049475262660","https:\/\/x.com\/VosgesInfo88","https:\/\/www.youtube.com\/@vosgesinfo"]},{"@type":"Person","@id":"https:\/\/vosgesinfo.fr\/gerardmerinfo\/#\/schema\/person\/bc5d02d71e6932e81b6dadb7386667b1","name":"qs_admin","image":{"@type":"ImageObject","inLanguage":"fr-FR","@id":"https:\/\/vosgesinfo.fr\/gerardmerinfo\/#\/schema\/person\/image\/","url":"https:\/\/secure.gravatar.com\/avatar\/94b18ee0ed79e4a42ea2f2931277b6841a8999fc6fde214600c78057cf1fe1de?s=96&d=mm&r=g","contentUrl":"https:\/\/secure.gravatar.com\/avatar\/94b18ee0ed79e4a42ea2f2931277b6841a8999fc6fde214600c78057cf1fe1de?s=96&d=mm&r=g","caption":"qs_admin"},"sameAs":["https:\/\/vosgesinfo.fr\/wp"],"url":"https:\/\/vosgesinfo.fr\/gerardmerinfo\/author\/qs_admin\/"}]}},"_links":{"self":[{"href":"https:\/\/vosgesinfo.fr\/gerardmerinfo\/wp-json\/wp\/v2\/posts\/40303","targetHints":{"allow":["GET"]}}],"collection":[{"href":"https:\/\/vosgesinfo.fr\/gerardmerinfo\/wp-json\/wp\/v2\/posts"}],"about":[{"href":"https:\/\/vosgesinfo.fr\/gerardmerinfo\/wp-json\/wp\/v2\/types\/post"}],"author":[{"embeddable":true,"href":"https:\/\/vosgesinfo.fr\/gerardmerinfo\/wp-json\/wp\/v2\/users\/1"}],"replies":[{"embeddable":true,"href":"https:\/\/vosgesinfo.fr\/gerardmerinfo\/wp-json\/wp\/v2\/comments?post=40303"}],"version-history":[{"count":0,"href":"https:\/\/vosgesinfo.fr\/gerardmerinfo\/wp-json\/wp\/v2\/posts\/40303\/revisions"}],"wp:featuredmedia":[{"embeddable":true,"href":"https:\/\/vosgesinfo.fr\/gerardmerinfo\/wp-json\/wp\/v2\/media\/40304"}],"wp:attachment":[{"href":"https:\/\/vosgesinfo.fr\/gerardmerinfo\/wp-json\/wp\/v2\/media?parent=40303"}],"wp:term":[{"taxonomy":"category","embeddable":true,"href":"https:\/\/vosgesinfo.fr\/gerardmerinfo\/wp-json\/wp\/v2\/categories?post=40303"},{"taxonomy":"post_tag","embeddable":true,"href":"https:\/\/vosgesinfo.fr\/gerardmerinfo\/wp-json\/wp\/v2\/tags?post=40303"}],"curies":[{"name":"wp","href":"https:\/\/api.w.org\/{rel}","templated":true}]}}