{"id":40414,"date":"2019-03-19T16:08:47","date_gmt":"2019-03-19T15:08:47","guid":{"rendered":"https:\/\/vosgesinfo.fr\/gerardmerinfo\/2019\/03\/enquete-publique-secteur-ramberchamp-travaux-de-derivation-eaux-de-puits\/"},"modified":"2019-03-19T16:08:47","modified_gmt":"2019-03-19T15:08:47","slug":"enquete-publique-secteur-ramberchamp-travaux-de-derivation-eaux-de-puits","status":"publish","type":"post","link":"https:\/\/vosgesinfo.fr\/gerardmerinfo\/2019\/03\/enquete-publique-secteur-ramberchamp-travaux-de-derivation-eaux-de-puits\/","title":{"rendered":"Enqu\u00eate publique &#8211; Secteur Ramberchamp \/ Travaux de d\u00e9rivation des eaux de puits"},"content":{"rendered":"<p align=\"CENTER\"><span style=\"font-family: Times New Roman, serif;\"><span style=\"font-size: medium;\"><b>Commune de G\u00e9rardmer \/ Secteur Ramberchamp \/\u00a0Travaux de d\u00e9rivation des eaux de puits \/\u00a0Mise \u00e0 l\u2019enqu\u00eate publique \/ avis au public<\/b><\/span><\/span><\/p>\n<p>&nbsp;<\/p>\n<p>&nbsp;<\/p>\n<p align=\"LEFT\"><span style=\"font-family: Times New Roman, serif;\"><span style=\"font-size: medium;\">Historiquement, la Commune utilisait deux puits \u00ab\u00a0B\u00a0\u00bb et \u00ab\u00a0C\u00a0\u00bb pour alimenter le secteur de Ramberchamp en eau potable pour la consommation humaine. En remplacement du puits \u00ab\u00a0C\u00a0\u00bb un nouveau puits \u00ab\u00a0D\u00a0\u00bb a \u00e9t\u00e9 construit dans le m\u00eame p\u00e9rim\u00e8tre. Cette enqu\u00eate publique fait partie de la proc\u00e9dure r\u00e9glementaire d\u2019autorisation pour l\u2019utilisation du nouveau puit par l\u2019Agence R\u00e9gionale de la Sant\u00e9. <\/span><\/span><\/p>\n<p>&nbsp;<\/p>\n<p>&nbsp;<\/p>\n<p align=\"CENTER\"><span style=\"font-family: Times New Roman, serif;\"><span style=\"font-size: medium;\">Par arr\u00eat\u00e9 N\u00b0 72\/2019\/ENV. du 28 f\u00e9vrier 2019, le Pr\u00e9fet des Vosges a prescrit l\u2019ouverture d\u2019une enqu\u00eate publique visant \u00e0\u00a0:<\/span><\/span><\/p>\n<p align=\"CENTER\">\u00a0<span style=\"font-family: Times New Roman, serif;\"><span style=\"font-size: medium;\">&#8211;\u00a0<b>D\u00e9clarer d\u2019utilit\u00e9 publique les travaux de d\u00e9rivation des eaux du puits \u00ab\u00a0D\u00a0\u00bb du champ captant de la Goutte du Chat \u00e0 Ramberchamp<\/b><\/span><\/span><\/p>\n<p align=\"CENTER\"><span style=\"font-family: Times New Roman, serif;\"><span style=\"font-size: medium;\">&#8211;\u00a0<b>Autoriser l\u2019utilisation des eaux du puits \u00ab\u00a0D\u00a0\u00bb vis\u00e9 pr\u00e9c\u00e9demment \u00e0 des fins de consommation humaine.<\/b><\/span><\/span><\/p>\n<p>&nbsp;<\/p>\n<p><span style=\"font-family: Times New Roman, serif;\"><span style=\"font-size: medium;\">A cet effet, M. CONRAUX est d\u00e9sign\u00e9 en qualit\u00e9 de Commissaire Enqu\u00eateur. <\/span><\/span><\/p>\n<p><span style=\"font-family: Times New Roman, serif;\"><span style=\"font-size: medium;\">L\u2019enqu\u00eate se d\u00e9roulera \u00e0 la Mairie de GERARDMER du 25 mars 2019 au 10 avril 2019.<\/span><\/span><\/p>\n<p>&nbsp;<\/p>\n<p><span style=\"font-family: Times New Roman, serif;\"><span style=\"font-size: medium;\">Le commissaire enqu\u00eateur recevra en marie les observations du public les\u00a0:<\/span><\/span><\/p>\n<p><span style=\"font-family: Times New Roman, serif;\"><span style=\"font-size: medium;\">&#8211;\u00a0Lundi 25 mars 2019\u00a0: de 10h00 \u00e0 12h00.<\/span><\/span><\/p>\n<p><span style=\"font-family: Times New Roman, serif;\"><span style=\"font-size: medium;\">&#8211;\u00a0Mercredi 3 avril 2019\u00a0: de 14h00 \u00e0 16h00.<\/span><\/span><\/p>\n<p><span style=\"font-family: Times New Roman, serif;\"><span style=\"font-size: medium;\">&#8211;\u00a0Mercredi 10 avril 2019\u00a0: de 14h00 \u00e0 16h00.<\/span><\/span><\/p>\n<p>&nbsp;<\/p>\n<p><span style=\"font-family: Times New Roman, serif;\"><span style=\"font-size: medium;\">Pendant la dur\u00e9e de l\u2019enqu\u00eate, les observations sur le projet pourront \u00eatre consign\u00e9es sur le registre d\u2019enqu\u00eate d\u00e9pos\u00e9 en mairie ou adress\u00e9es par \u00e9crit au commissaire enqu\u00eateur \u00e0 la Mairie de G\u00e9rardmer. <\/span><\/span><\/p>\n<p>&nbsp;<\/p>\n","protected":false},"excerpt":{"rendered":"<p>Commune de G\u00e9rardmer \/ Secteur Ramberchamp \/\u00a0Travaux de d\u00e9rivation des eaux de puits \/\u00a0Mise \u00e0 l\u2019enqu\u00eate publique \/ avis au [&hellip;]<\/p>\n","protected":false},"author":1,"featured_media":330,"comment_status":"open","ping_status":"open","sticky":false,"template":"","format":"standard","meta":{"footnotes":""},"categories":[20,8,31],"tags":[],"class_list":["post-40414","post","type-post","status-publish","format-standard","has-post-thumbnail","hentry","category-a-la-une","category-faits-divers","category-vosges-faits-divers"],"acf":[],"yoast_head":"<!-- This site is optimized with the Yoast SEO plugin v22.5 - https:\/\/yoast.com\/wordpress\/plugins\/seo\/ -->\n<title>Enqu\u00eate publique - Secteur Ramberchamp \/ Travaux de d\u00e9rivation des eaux de puits - Gerardmer Info<\/title>\n<meta name=\"robots\" content=\"index, follow, max-snippet:-1, max-image-preview:large, max-video-preview:-1\" \/>\n<link rel=\"canonical\" href=\"https:\/\/vosgesinfo.fr\/gerardmerinfo\/2019\/03\/enquete-publique-secteur-ramberchamp-travaux-de-derivation-eaux-de-puits\/\" \/>\n<meta name=\"twitter:card\" content=\"summary_large_image\" \/>\n<meta name=\"twitter:title\" content=\"Enqu\u00eate publique - Secteur Ramberchamp \/ Travaux de d\u00e9rivation des eaux de puits - Gerardmer Info\" \/>\n<meta name=\"twitter:description\" content=\"Commune de G\u00e9rardmer \/ Secteur Ramberchamp \/\u00a0Travaux de d\u00e9rivation des eaux de puits \/\u00a0Mise \u00e0 l\u2019enqu\u00eate publique \/ avis au [&hellip;]\" \/>\n<meta name=\"twitter:image\" content=\"https:\/\/vosgesinfo.fr\/app\/uploads\/sites\/6\/2015\/12\/logo-de-gerardmer.gif\" \/>\n<meta name=\"twitter:creator\" content=\"@VosgesInfo88\" \/>\n<meta name=\"twitter:site\" content=\"@VosgesInfo88\" \/>\n<meta name=\"twitter:label1\" content=\"\u00c9crit par\" \/>\n\t<meta name=\"twitter:data1\" content=\"qs_admin\" \/>\n\t<meta name=\"twitter:label2\" content=\"Dur\u00e9e de lecture estim\u00e9e\" \/>\n\t<meta name=\"twitter:data2\" content=\"1 minute\" \/>\n<script type=\"application\/ld+json\" class=\"yoast-schema-graph\">{\"@context\":\"https:\/\/schema.org\",\"@graph\":[{\"@type\":\"Article\",\"@id\":\"https:\/\/vosgesinfo.fr\/gerardmerinfo\/2019\/03\/enquete-publique-secteur-ramberchamp-travaux-de-derivation-eaux-de-puits\/#article\",\"isPartOf\":{\"@id\":\"https:\/\/vosgesinfo.fr\/gerardmerinfo\/2019\/03\/enquete-publique-secteur-ramberchamp-travaux-de-derivation-eaux-de-puits\/\"},\"author\":{\"name\":\"qs_admin\",\"@id\":\"https:\/\/vosgesinfo.fr\/gerardmerinfo\/#\/schema\/person\/bc5d02d71e6932e81b6dadb7386667b1\"},\"headline\":\"Enqu\u00eate publique &#8211; Secteur Ramberchamp \/ Travaux de d\u00e9rivation des eaux de puits\",\"datePublished\":\"2019-03-19T15:08:47+00:00\",\"dateModified\":\"2019-03-19T15:08:47+00:00\",\"mainEntityOfPage\":{\"@id\":\"https:\/\/vosgesinfo.fr\/gerardmerinfo\/2019\/03\/enquete-publique-secteur-ramberchamp-travaux-de-derivation-eaux-de-puits\/\"},\"wordCount\":278,\"commentCount\":0,\"publisher\":{\"@id\":\"https:\/\/vosgesinfo.fr\/gerardmerinfo\/#organization\"},\"image\":{\"@id\":\"https:\/\/vosgesinfo.fr\/gerardmerinfo\/2019\/03\/enquete-publique-secteur-ramberchamp-travaux-de-derivation-eaux-de-puits\/#primaryimage\"},\"thumbnailUrl\":\"https:\/\/vosgesinfo.fr\/app\/uploads\/sites\/6\/2015\/12\/logo-de-gerardmer.gif\",\"articleSection\":[\"A la une\",\"Faits-divers\",\"Vosges\"],\"inLanguage\":\"fr-FR\",\"potentialAction\":[{\"@type\":\"CommentAction\",\"name\":\"Comment\",\"target\":[\"https:\/\/vosgesinfo.fr\/gerardmerinfo\/2019\/03\/enquete-publique-secteur-ramberchamp-travaux-de-derivation-eaux-de-puits\/#respond\"]}]},{\"@type\":\"WebPage\",\"@id\":\"https:\/\/vosgesinfo.fr\/gerardmerinfo\/2019\/03\/enquete-publique-secteur-ramberchamp-travaux-de-derivation-eaux-de-puits\/\",\"url\":\"https:\/\/vosgesinfo.fr\/gerardmerinfo\/2019\/03\/enquete-publique-secteur-ramberchamp-travaux-de-derivation-eaux-de-puits\/\",\"name\":\"Enqu\u00eate publique - Secteur Ramberchamp \/ Travaux de d\u00e9rivation des eaux de puits - Gerardmer Info\",\"isPartOf\":{\"@id\":\"https:\/\/vosgesinfo.fr\/gerardmerinfo\/#website\"},\"primaryImageOfPage\":{\"@id\":\"https:\/\/vosgesinfo.fr\/gerardmerinfo\/2019\/03\/enquete-publique-secteur-ramberchamp-travaux-de-derivation-eaux-de-puits\/#primaryimage\"},\"image\":{\"@id\":\"https:\/\/vosgesinfo.fr\/gerardmerinfo\/2019\/03\/enquete-publique-secteur-ramberchamp-travaux-de-derivation-eaux-de-puits\/#primaryimage\"},\"thumbnailUrl\":\"https:\/\/vosgesinfo.fr\/app\/uploads\/sites\/6\/2015\/12\/logo-de-gerardmer.gif\",\"datePublished\":\"2019-03-19T15:08:47+00:00\",\"dateModified\":\"2019-03-19T15:08:47+00:00\",\"breadcrumb\":{\"@id\":\"https:\/\/vosgesinfo.fr\/gerardmerinfo\/2019\/03\/enquete-publique-secteur-ramberchamp-travaux-de-derivation-eaux-de-puits\/#breadcrumb\"},\"inLanguage\":\"fr-FR\",\"potentialAction\":[{\"@type\":\"ReadAction\",\"target\":[\"https:\/\/vosgesinfo.fr\/gerardmerinfo\/2019\/03\/enquete-publique-secteur-ramberchamp-travaux-de-derivation-eaux-de-puits\/\"]}]},{\"@type\":\"ImageObject\",\"inLanguage\":\"fr-FR\",\"@id\":\"https:\/\/vosgesinfo.fr\/gerardmerinfo\/2019\/03\/enquete-publique-secteur-ramberchamp-travaux-de-derivation-eaux-de-puits\/#primaryimage\",\"url\":\"https:\/\/vosgesinfo.fr\/app\/uploads\/sites\/6\/2015\/12\/logo-de-gerardmer.gif\",\"contentUrl\":\"https:\/\/vosgesinfo.fr\/app\/uploads\/sites\/6\/2015\/12\/logo-de-gerardmer.gif\",\"width\":450,\"height\":459},{\"@type\":\"BreadcrumbList\",\"@id\":\"https:\/\/vosgesinfo.fr\/gerardmerinfo\/2019\/03\/enquete-publique-secteur-ramberchamp-travaux-de-derivation-eaux-de-puits\/#breadcrumb\",\"itemListElement\":[{\"@type\":\"ListItem\",\"position\":1,\"name\":\"Home\",\"item\":\"https:\/\/vosgesinfo.fr\/gerardmerinfo\/\"},{\"@type\":\"ListItem\",\"position\":2,\"name\":\"Enqu\u00eate publique &#8211; Secteur Ramberchamp \/ Travaux de d\u00e9rivation des eaux de puits\"}]},{\"@type\":\"WebSite\",\"@id\":\"https:\/\/vosgesinfo.fr\/gerardmerinfo\/#website\",\"url\":\"https:\/\/vosgesinfo.fr\/gerardmerinfo\/\",\"name\":\"Gerardmer Info\",\"description\":\"Toute l&#039;actualit\u00e9 de G\u00e9rardmer\",\"publisher\":{\"@id\":\"https:\/\/vosgesinfo.fr\/gerardmerinfo\/#organization\"},\"alternateName\":\"Toute l'actualit\u00e9 de G\u00e9rardmer\",\"potentialAction\":[{\"@type\":\"SearchAction\",\"target\":{\"@type\":\"EntryPoint\",\"urlTemplate\":\"https:\/\/vosgesinfo.fr\/gerardmerinfo\/?s={search_term_string}\"},\"query-input\":\"required name=search_term_string\"}],\"inLanguage\":\"fr-FR\"},{\"@type\":\"Organization\",\"@id\":\"https:\/\/vosgesinfo.fr\/gerardmerinfo\/#organization\",\"name\":\"Gerardmer Info\",\"url\":\"https:\/\/vosgesinfo.fr\/gerardmerinfo\/\",\"logo\":{\"@type\":\"ImageObject\",\"inLanguage\":\"fr-FR\",\"@id\":\"https:\/\/vosgesinfo.fr\/gerardmerinfo\/#\/schema\/logo\/image\/\",\"url\":\"https:\/\/vosgesinfo.fr\/app\/uploads\/sites\/6\/2023\/08\/favicon-gerardmerinfo.png\",\"contentUrl\":\"https:\/\/vosgesinfo.fr\/app\/uploads\/sites\/6\/2023\/08\/favicon-gerardmerinfo.png\",\"width\":512,\"height\":512,\"caption\":\"Gerardmer Info\"},\"image\":{\"@id\":\"https:\/\/vosgesinfo.fr\/gerardmerinfo\/#\/schema\/logo\/image\/\"},\"sameAs\":[\"https:\/\/www.facebook.com\/profile.php?id=100049475262660\",\"https:\/\/x.com\/VosgesInfo88\",\"https:\/\/www.youtube.com\/@vosgesinfo\"]},{\"@type\":\"Person\",\"@id\":\"https:\/\/vosgesinfo.fr\/gerardmerinfo\/#\/schema\/person\/bc5d02d71e6932e81b6dadb7386667b1\",\"name\":\"qs_admin\",\"image\":{\"@type\":\"ImageObject\",\"inLanguage\":\"fr-FR\",\"@id\":\"https:\/\/vosgesinfo.fr\/gerardmerinfo\/#\/schema\/person\/image\/\",\"url\":\"https:\/\/secure.gravatar.com\/avatar\/94b18ee0ed79e4a42ea2f2931277b6841a8999fc6fde214600c78057cf1fe1de?s=96&d=mm&r=g\",\"contentUrl\":\"https:\/\/secure.gravatar.com\/avatar\/94b18ee0ed79e4a42ea2f2931277b6841a8999fc6fde214600c78057cf1fe1de?s=96&d=mm&r=g\",\"caption\":\"qs_admin\"},\"sameAs\":[\"https:\/\/vosgesinfo.fr\/wp\"],\"url\":\"https:\/\/vosgesinfo.fr\/gerardmerinfo\/author\/qs_admin\/\"}]}<\/script>\n<!-- \/ Yoast SEO plugin. -->","yoast_head_json":{"title":"Enqu\u00eate publique - Secteur Ramberchamp \/ Travaux de d\u00e9rivation des eaux de puits - Gerardmer Info","robots":{"index":"index","follow":"follow","max-snippet":"max-snippet:-1","max-image-preview":"max-image-preview:large","max-video-preview":"max-video-preview:-1"},"canonical":"https:\/\/vosgesinfo.fr\/gerardmerinfo\/2019\/03\/enquete-publique-secteur-ramberchamp-travaux-de-derivation-eaux-de-puits\/","twitter_card":"summary_large_image","twitter_title":"Enqu\u00eate publique - Secteur Ramberchamp \/ Travaux de d\u00e9rivation des eaux de puits - Gerardmer Info","twitter_description":"Commune de G\u00e9rardmer \/ Secteur Ramberchamp \/\u00a0Travaux de d\u00e9rivation des eaux de puits \/\u00a0Mise \u00e0 l\u2019enqu\u00eate publique \/ avis au [&hellip;]","twitter_image":"https:\/\/vosgesinfo.fr\/app\/uploads\/sites\/6\/2015\/12\/logo-de-gerardmer.gif","twitter_creator":"@VosgesInfo88","twitter_site":"@VosgesInfo88","twitter_misc":{"\u00c9crit par":"qs_admin","Dur\u00e9e de lecture estim\u00e9e":"1 minute"},"schema":{"@context":"https:\/\/schema.org","@graph":[{"@type":"Article","@id":"https:\/\/vosgesinfo.fr\/gerardmerinfo\/2019\/03\/enquete-publique-secteur-ramberchamp-travaux-de-derivation-eaux-de-puits\/#article","isPartOf":{"@id":"https:\/\/vosgesinfo.fr\/gerardmerinfo\/2019\/03\/enquete-publique-secteur-ramberchamp-travaux-de-derivation-eaux-de-puits\/"},"author":{"name":"qs_admin","@id":"https:\/\/vosgesinfo.fr\/gerardmerinfo\/#\/schema\/person\/bc5d02d71e6932e81b6dadb7386667b1"},"headline":"Enqu\u00eate publique &#8211; Secteur Ramberchamp \/ Travaux de d\u00e9rivation des eaux de puits","datePublished":"2019-03-19T15:08:47+00:00","dateModified":"2019-03-19T15:08:47+00:00","mainEntityOfPage":{"@id":"https:\/\/vosgesinfo.fr\/gerardmerinfo\/2019\/03\/enquete-publique-secteur-ramberchamp-travaux-de-derivation-eaux-de-puits\/"},"wordCount":278,"commentCount":0,"publisher":{"@id":"https:\/\/vosgesinfo.fr\/gerardmerinfo\/#organization"},"image":{"@id":"https:\/\/vosgesinfo.fr\/gerardmerinfo\/2019\/03\/enquete-publique-secteur-ramberchamp-travaux-de-derivation-eaux-de-puits\/#primaryimage"},"thumbnailUrl":"https:\/\/vosgesinfo.fr\/app\/uploads\/sites\/6\/2015\/12\/logo-de-gerardmer.gif","articleSection":["A la une","Faits-divers","Vosges"],"inLanguage":"fr-FR","potentialAction":[{"@type":"CommentAction","name":"Comment","target":["https:\/\/vosgesinfo.fr\/gerardmerinfo\/2019\/03\/enquete-publique-secteur-ramberchamp-travaux-de-derivation-eaux-de-puits\/#respond"]}]},{"@type":"WebPage","@id":"https:\/\/vosgesinfo.fr\/gerardmerinfo\/2019\/03\/enquete-publique-secteur-ramberchamp-travaux-de-derivation-eaux-de-puits\/","url":"https:\/\/vosgesinfo.fr\/gerardmerinfo\/2019\/03\/enquete-publique-secteur-ramberchamp-travaux-de-derivation-eaux-de-puits\/","name":"Enqu\u00eate publique - Secteur Ramberchamp \/ Travaux de d\u00e9rivation des eaux de puits - Gerardmer Info","isPartOf":{"@id":"https:\/\/vosgesinfo.fr\/gerardmerinfo\/#website"},"primaryImageOfPage":{"@id":"https:\/\/vosgesinfo.fr\/gerardmerinfo\/2019\/03\/enquete-publique-secteur-ramberchamp-travaux-de-derivation-eaux-de-puits\/#primaryimage"},"image":{"@id":"https:\/\/vosgesinfo.fr\/gerardmerinfo\/2019\/03\/enquete-publique-secteur-ramberchamp-travaux-de-derivation-eaux-de-puits\/#primaryimage"},"thumbnailUrl":"https:\/\/vosgesinfo.fr\/app\/uploads\/sites\/6\/2015\/12\/logo-de-gerardmer.gif","datePublished":"2019-03-19T15:08:47+00:00","dateModified":"2019-03-19T15:08:47+00:00","breadcrumb":{"@id":"https:\/\/vosgesinfo.fr\/gerardmerinfo\/2019\/03\/enquete-publique-secteur-ramberchamp-travaux-de-derivation-eaux-de-puits\/#breadcrumb"},"inLanguage":"fr-FR","potentialAction":[{"@type":"ReadAction","target":["https:\/\/vosgesinfo.fr\/gerardmerinfo\/2019\/03\/enquete-publique-secteur-ramberchamp-travaux-de-derivation-eaux-de-puits\/"]}]},{"@type":"ImageObject","inLanguage":"fr-FR","@id":"https:\/\/vosgesinfo.fr\/gerardmerinfo\/2019\/03\/enquete-publique-secteur-ramberchamp-travaux-de-derivation-eaux-de-puits\/#primaryimage","url":"https:\/\/vosgesinfo.fr\/app\/uploads\/sites\/6\/2015\/12\/logo-de-gerardmer.gif","contentUrl":"https:\/\/vosgesinfo.fr\/app\/uploads\/sites\/6\/2015\/12\/logo-de-gerardmer.gif","width":450,"height":459},{"@type":"BreadcrumbList","@id":"https:\/\/vosgesinfo.fr\/gerardmerinfo\/2019\/03\/enquete-publique-secteur-ramberchamp-travaux-de-derivation-eaux-de-puits\/#breadcrumb","itemListElement":[{"@type":"ListItem","position":1,"name":"Home","item":"https:\/\/vosgesinfo.fr\/gerardmerinfo\/"},{"@type":"ListItem","position":2,"name":"Enqu\u00eate publique &#8211; Secteur Ramberchamp \/ Travaux de d\u00e9rivation des eaux de puits"}]},{"@type":"WebSite","@id":"https:\/\/vosgesinfo.fr\/gerardmerinfo\/#website","url":"https:\/\/vosgesinfo.fr\/gerardmerinfo\/","name":"Gerardmer Info","description":"Toute l&#039;actualit\u00e9 de G\u00e9rardmer","publisher":{"@id":"https:\/\/vosgesinfo.fr\/gerardmerinfo\/#organization"},"alternateName":"Toute l'actualit\u00e9 de G\u00e9rardmer","potentialAction":[{"@type":"SearchAction","target":{"@type":"EntryPoint","urlTemplate":"https:\/\/vosgesinfo.fr\/gerardmerinfo\/?s={search_term_string}"},"query-input":"required name=search_term_string"}],"inLanguage":"fr-FR"},{"@type":"Organization","@id":"https:\/\/vosgesinfo.fr\/gerardmerinfo\/#organization","name":"Gerardmer Info","url":"https:\/\/vosgesinfo.fr\/gerardmerinfo\/","logo":{"@type":"ImageObject","inLanguage":"fr-FR","@id":"https:\/\/vosgesinfo.fr\/gerardmerinfo\/#\/schema\/logo\/image\/","url":"https:\/\/vosgesinfo.fr\/app\/uploads\/sites\/6\/2023\/08\/favicon-gerardmerinfo.png","contentUrl":"https:\/\/vosgesinfo.fr\/app\/uploads\/sites\/6\/2023\/08\/favicon-gerardmerinfo.png","width":512,"height":512,"caption":"Gerardmer Info"},"image":{"@id":"https:\/\/vosgesinfo.fr\/gerardmerinfo\/#\/schema\/logo\/image\/"},"sameAs":["https:\/\/www.facebook.com\/profile.php?id=100049475262660","https:\/\/x.com\/VosgesInfo88","https:\/\/www.youtube.com\/@vosgesinfo"]},{"@type":"Person","@id":"https:\/\/vosgesinfo.fr\/gerardmerinfo\/#\/schema\/person\/bc5d02d71e6932e81b6dadb7386667b1","name":"qs_admin","image":{"@type":"ImageObject","inLanguage":"fr-FR","@id":"https:\/\/vosgesinfo.fr\/gerardmerinfo\/#\/schema\/person\/image\/","url":"https:\/\/secure.gravatar.com\/avatar\/94b18ee0ed79e4a42ea2f2931277b6841a8999fc6fde214600c78057cf1fe1de?s=96&d=mm&r=g","contentUrl":"https:\/\/secure.gravatar.com\/avatar\/94b18ee0ed79e4a42ea2f2931277b6841a8999fc6fde214600c78057cf1fe1de?s=96&d=mm&r=g","caption":"qs_admin"},"sameAs":["https:\/\/vosgesinfo.fr\/wp"],"url":"https:\/\/vosgesinfo.fr\/gerardmerinfo\/author\/qs_admin\/"}]}},"_links":{"self":[{"href":"https:\/\/vosgesinfo.fr\/gerardmerinfo\/wp-json\/wp\/v2\/posts\/40414","targetHints":{"allow":["GET"]}}],"collection":[{"href":"https:\/\/vosgesinfo.fr\/gerardmerinfo\/wp-json\/wp\/v2\/posts"}],"about":[{"href":"https:\/\/vosgesinfo.fr\/gerardmerinfo\/wp-json\/wp\/v2\/types\/post"}],"author":[{"embeddable":true,"href":"https:\/\/vosgesinfo.fr\/gerardmerinfo\/wp-json\/wp\/v2\/users\/1"}],"replies":[{"embeddable":true,"href":"https:\/\/vosgesinfo.fr\/gerardmerinfo\/wp-json\/wp\/v2\/comments?post=40414"}],"version-history":[{"count":0,"href":"https:\/\/vosgesinfo.fr\/gerardmerinfo\/wp-json\/wp\/v2\/posts\/40414\/revisions"}],"wp:featuredmedia":[{"embeddable":true,"href":"https:\/\/vosgesinfo.fr\/gerardmerinfo\/wp-json\/wp\/v2\/media\/330"}],"wp:attachment":[{"href":"https:\/\/vosgesinfo.fr\/gerardmerinfo\/wp-json\/wp\/v2\/media?parent=40414"}],"wp:term":[{"taxonomy":"category","embeddable":true,"href":"https:\/\/vosgesinfo.fr\/gerardmerinfo\/wp-json\/wp\/v2\/categories?post=40414"},{"taxonomy":"post_tag","embeddable":true,"href":"https:\/\/vosgesinfo.fr\/gerardmerinfo\/wp-json\/wp\/v2\/tags?post=40414"}],"curies":[{"name":"wp","href":"https:\/\/api.w.org\/{rel}","templated":true}]}}