{"id":40420,"date":"2019-03-30T15:58:19","date_gmt":"2019-03-30T14:58:19","guid":{"rendered":"https:\/\/vosgesinfo.fr\/gerardmerinfo\/2019\/03\/circulation-stationnement-fete-jonquilles-2\/"},"modified":"2019-03-30T15:58:19","modified_gmt":"2019-03-30T14:58:19","slug":"circulation-stationnement-fete-jonquilles-2","status":"publish","type":"post","link":"https:\/\/vosgesinfo.fr\/gerardmerinfo\/2019\/03\/circulation-stationnement-fete-jonquilles-2\/","title":{"rendered":"Circulation et stationnement &#8211; F\u00eate des Jonquilles"},"content":{"rendered":"<h2><span style=\"font-family: Arial;\"><span style=\"font-size: 14pt;\">La Commune tient \u00e0 rappeler que des mesures de s\u00e9curit\u00e9 sont mises en place pour assurer la s\u00e9curit\u00e9 de tous durant le montage et d\u00e9montage des tribunes n\u00e9cessaires \u00e0 la F\u00eate des Jonquilles. De plus, la Ville met en place des stationnements r\u00e9serv\u00e9s aux navettes.<\/span> <\/span><\/h2>\n<p class=\"x_MsoNormal\"><span style=\"font-family: Arial;\">\u00a0<\/span><\/p>\n<div class=\"\"><span style=\"font-family: Arial;\">MONTAGE ET DEMONTAGE DES TRIBUNES<\/span><\/div>\n<div class=\"\"><span style=\"font-family: Arial;\">Le stationnement est interdit \u00e0 tous les v\u00e9hicules dans les rues suivantes :<\/span><\/div>\n<div class=\"\"><span style=\"font-family: Arial;\">&gt;&gt; Boulevard Adolphe Garnier<\/span><\/div>\n<div class=\"\"><span style=\"font-family: Arial;\">\u2022 A hauteur du num\u00e9ro 16 (tribune 5)<\/span><\/div>\n<div class=\"\"><span style=\"font-family: Arial;\">&gt;&gt; Boulevard Kelsch<\/span><\/div>\n<div class=\"\"><span style=\"font-family: Arial;\">\u2022 A hauteur du num\u00e9ro 4 (Galerie G\u00e9rardmer Center) (tribune 6)<\/span><\/div>\n<div class=\"\"><span style=\"font-family: Arial;\">\u2022 A hauteur du num\u00e9ro 22 (Centre Hospitalier) (tribune 8)<\/span><\/div>\n<div class=\"\"><span style=\"font-family: Arial;\">\u2022 A hauteur du num\u00e9ro 31 (tribune 9)<\/span><\/div>\n<div class=\"\"><span style=\"font-family: Arial;\">\u2022 Apr\u00e8s le num\u00e9ro 41 (tribune 11)<\/span><\/div>\n<div class=\"\"><span style=\"font-family: Arial;\">\u2022 A hauteur du num\u00e9ro 45 (tribune Est)<\/span><\/div>\n<div class=\"\"><span style=\"font-family: Arial;\">\u2022 A hauteur du num\u00e9ro 32 (tribune 10)<\/span><\/div>\n<div class=\"\"><span style=\"font-family: Arial;\">\u2022 A hauteur des num\u00e9ros 8 et 10 (tribune7)<\/span><\/div>\n<div class=\"\"><span style=\"font-family: Arial;\">&gt;&gt; Rue Charles De Gaulle<\/span><\/div>\n<div class=\"\"><span style=\"font-family: Arial;\">\u2022 A hauteur du num\u00e9ro 16 (tribune 3)<\/span><\/div>\n<div class=\"\"><span style=\"font-family: Arial;\">\u2022 A hauteur du num\u00e9ro 46 (parking devant la Mairie) (tribune officielle et or<\/span><\/div>\n<div class=\"\"><span style=\"font-family: Arial;\">\u2022 Vis-\u00e0-vis des num\u00e9ros 68-70 et 72 (place du 8 mai) (tribune12)<\/span><\/div>\n<div class=\"\"><span style=\"font-family: Arial;\">\u2022 Vis \u00e0 vis du num\u00e9ro 17 (Grand H\u00f4tel &#8211; place du Tilleul) (tribune 2)<\/span><\/div>\n<div class=\"\"><span style=\"font-family: Arial;\">\u2022 Carrefour rue Lucienne \u2014 rue Charles de Gaulle (tribune 4)<\/span><\/div>\n<div class=\"\"><span style=\"font-family: Arial;\">\u00a0<\/span><\/div>\n<div class=\"\"><b class=\"\"><span style=\"font-family: Arial;\">du Mardi 2 avril 2019 \u00e0 7h30 au jeudi 11 avril 2019 \u00e0 18h00.<\/span><\/b><\/div>\n<div class=\"\"><span style=\"font-family: Arial;\">\u00a0<\/span><\/div>\n<div class=\"\"><span style=\"font-family: Arial;\">\u00a0<\/span><\/div>\n<div class=\"\"><span style=\"font-family: Arial;\">\u00a0<\/span><\/div>\n<div class=\"\"><span style=\"font-family: Arial;\">\u00a0<\/span><\/div>\n<div class=\"\"><span style=\"font-family: Arial;\">STATIONNEMENT RESERVE AUX NAVETTES<\/span><\/div>\n<div class=\"\"><span style=\"font-family: Arial;\">Le stationnement est interdit et qualifi\u00e9 de g\u00eanant au point de ramassage et d\u00e9p\u00f4t suivant :<\/span><\/div>\n<div class=\"\"><span style=\"font-family: Arial;\">\u2022 Rue du Levant (gymnase Pierre et Paul DIDIER) <\/span><\/div>\n<div class=\"\"><span style=\"font-family: Arial;\">\u00a0<\/span><b class=\"\"><span style=\"font-family: Arial;\">Samedi 06 avril 2019 de 00h00 \u00e0 20h00<\/span><\/b><\/div>\n<div class=\"\"><span style=\"font-family: Arial;\">\u00a0<\/span><\/div>\n<div class=\"\"><span style=\"font-family: Arial;\">\u00a0<\/span><\/div>\n<div class=\"\"><span style=\"font-family: Arial;\">\u2022 Le parking de la Mauselaine<\/span><\/div>\n<div class=\"\"><span style=\"font-family: Arial;\">\u2022 Au carrefour du chemin de la Ray\u00e9e et chemin de la Montagne<\/span><\/div>\n<div class=\"\"><span style=\"font-family: Arial;\">\u00a0<\/span><b class=\"\"><span class=\"\"><span style=\"font-family: Arial;\">Dimanche 07 avril 2019 de 00h00 \u00e0 20h00<\/span><\/span><\/b><\/div>\n","protected":false},"excerpt":{"rendered":"<p>La Commune tient \u00e0 rappeler que des mesures de s\u00e9curit\u00e9 sont mises en place pour assurer la s\u00e9curit\u00e9 de tous [&hellip;]<\/p>\n","protected":false},"author":1,"featured_media":40421,"comment_status":"open","ping_status":"open","sticky":false,"template":"","format":"standard","meta":{"footnotes":""},"categories":[20,25],"tags":[1281],"class_list":["post-40420","post","type-post","status-publish","format-standard","has-post-thumbnail","hentry","category-a-la-une","category-gerardmer","tag-fete-des-jonquilles"],"acf":[],"yoast_head":"<!-- This site is optimized with the Yoast SEO plugin v22.5 - https:\/\/yoast.com\/wordpress\/plugins\/seo\/ -->\n<title>Circulation et stationnement - F\u00eate des Jonquilles - Gerardmer Info<\/title>\n<meta name=\"robots\" content=\"index, follow, max-snippet:-1, max-image-preview:large, max-video-preview:-1\" \/>\n<link rel=\"canonical\" href=\"https:\/\/vosgesinfo.fr\/gerardmerinfo\/2019\/03\/circulation-stationnement-fete-jonquilles-2\/\" \/>\n<meta name=\"twitter:card\" content=\"summary_large_image\" \/>\n<meta name=\"twitter:title\" content=\"Circulation et stationnement - F\u00eate des Jonquilles - Gerardmer Info\" \/>\n<meta name=\"twitter:description\" content=\"La Commune tient \u00e0 rappeler que des mesures de s\u00e9curit\u00e9 sont mises en place pour assurer la s\u00e9curit\u00e9 de tous [&hellip;]\" \/>\n<meta name=\"twitter:image\" content=\"https:\/\/vosgesinfo.fr\/app\/uploads\/sites\/6\/2024\/07\/201704jonquilles-philippe-3-1.jpg\" \/>\n<meta name=\"twitter:creator\" content=\"@VosgesInfo88\" \/>\n<meta name=\"twitter:site\" content=\"@VosgesInfo88\" \/>\n<meta name=\"twitter:label1\" content=\"\u00c9crit par\" \/>\n\t<meta name=\"twitter:data1\" content=\"qs_admin\" \/>\n\t<meta name=\"twitter:label2\" content=\"Dur\u00e9e de lecture estim\u00e9e\" \/>\n\t<meta name=\"twitter:data2\" content=\"1 minute\" \/>\n<script type=\"application\/ld+json\" class=\"yoast-schema-graph\">{\"@context\":\"https:\/\/schema.org\",\"@graph\":[{\"@type\":\"Article\",\"@id\":\"https:\/\/vosgesinfo.fr\/gerardmerinfo\/2019\/03\/circulation-stationnement-fete-jonquilles-2\/#article\",\"isPartOf\":{\"@id\":\"https:\/\/vosgesinfo.fr\/gerardmerinfo\/2019\/03\/circulation-stationnement-fete-jonquilles-2\/\"},\"author\":{\"name\":\"qs_admin\",\"@id\":\"https:\/\/vosgesinfo.fr\/gerardmerinfo\/#\/schema\/person\/bc5d02d71e6932e81b6dadb7386667b1\"},\"headline\":\"Circulation et stationnement &#8211; F\u00eate des Jonquilles\",\"datePublished\":\"2019-03-30T14:58:19+00:00\",\"dateModified\":\"2019-03-30T14:58:19+00:00\",\"mainEntityOfPage\":{\"@id\":\"https:\/\/vosgesinfo.fr\/gerardmerinfo\/2019\/03\/circulation-stationnement-fete-jonquilles-2\/\"},\"wordCount\":263,\"commentCount\":0,\"publisher\":{\"@id\":\"https:\/\/vosgesinfo.fr\/gerardmerinfo\/#organization\"},\"image\":{\"@id\":\"https:\/\/vosgesinfo.fr\/gerardmerinfo\/2019\/03\/circulation-stationnement-fete-jonquilles-2\/#primaryimage\"},\"thumbnailUrl\":\"https:\/\/vosgesinfo.fr\/app\/uploads\/sites\/6\/2024\/07\/201704jonquilles-philippe-3-1.jpg\",\"keywords\":[\"f\u00eate des jonquilles\"],\"articleSection\":[\"A la une\",\"G\u00e9rardmer\"],\"inLanguage\":\"fr-FR\",\"potentialAction\":[{\"@type\":\"CommentAction\",\"name\":\"Comment\",\"target\":[\"https:\/\/vosgesinfo.fr\/gerardmerinfo\/2019\/03\/circulation-stationnement-fete-jonquilles-2\/#respond\"]}]},{\"@type\":\"WebPage\",\"@id\":\"https:\/\/vosgesinfo.fr\/gerardmerinfo\/2019\/03\/circulation-stationnement-fete-jonquilles-2\/\",\"url\":\"https:\/\/vosgesinfo.fr\/gerardmerinfo\/2019\/03\/circulation-stationnement-fete-jonquilles-2\/\",\"name\":\"Circulation et stationnement - F\u00eate des Jonquilles - Gerardmer Info\",\"isPartOf\":{\"@id\":\"https:\/\/vosgesinfo.fr\/gerardmerinfo\/#website\"},\"primaryImageOfPage\":{\"@id\":\"https:\/\/vosgesinfo.fr\/gerardmerinfo\/2019\/03\/circulation-stationnement-fete-jonquilles-2\/#primaryimage\"},\"image\":{\"@id\":\"https:\/\/vosgesinfo.fr\/gerardmerinfo\/2019\/03\/circulation-stationnement-fete-jonquilles-2\/#primaryimage\"},\"thumbnailUrl\":\"https:\/\/vosgesinfo.fr\/app\/uploads\/sites\/6\/2024\/07\/201704jonquilles-philippe-3-1.jpg\",\"datePublished\":\"2019-03-30T14:58:19+00:00\",\"dateModified\":\"2019-03-30T14:58:19+00:00\",\"breadcrumb\":{\"@id\":\"https:\/\/vosgesinfo.fr\/gerardmerinfo\/2019\/03\/circulation-stationnement-fete-jonquilles-2\/#breadcrumb\"},\"inLanguage\":\"fr-FR\",\"potentialAction\":[{\"@type\":\"ReadAction\",\"target\":[\"https:\/\/vosgesinfo.fr\/gerardmerinfo\/2019\/03\/circulation-stationnement-fete-jonquilles-2\/\"]}]},{\"@type\":\"ImageObject\",\"inLanguage\":\"fr-FR\",\"@id\":\"https:\/\/vosgesinfo.fr\/gerardmerinfo\/2019\/03\/circulation-stationnement-fete-jonquilles-2\/#primaryimage\",\"url\":\"https:\/\/vosgesinfo.fr\/app\/uploads\/sites\/6\/2024\/07\/201704jonquilles-philippe-3-1.jpg\",\"contentUrl\":\"https:\/\/vosgesinfo.fr\/app\/uploads\/sites\/6\/2024\/07\/201704jonquilles-philippe-3-1.jpg\",\"width\":800,\"height\":533},{\"@type\":\"BreadcrumbList\",\"@id\":\"https:\/\/vosgesinfo.fr\/gerardmerinfo\/2019\/03\/circulation-stationnement-fete-jonquilles-2\/#breadcrumb\",\"itemListElement\":[{\"@type\":\"ListItem\",\"position\":1,\"name\":\"Home\",\"item\":\"https:\/\/vosgesinfo.fr\/gerardmerinfo\/\"},{\"@type\":\"ListItem\",\"position\":2,\"name\":\"Circulation et stationnement &#8211; F\u00eate des Jonquilles\"}]},{\"@type\":\"WebSite\",\"@id\":\"https:\/\/vosgesinfo.fr\/gerardmerinfo\/#website\",\"url\":\"https:\/\/vosgesinfo.fr\/gerardmerinfo\/\",\"name\":\"Gerardmer Info\",\"description\":\"Toute l&#039;actualit\u00e9 de G\u00e9rardmer\",\"publisher\":{\"@id\":\"https:\/\/vosgesinfo.fr\/gerardmerinfo\/#organization\"},\"alternateName\":\"Toute l'actualit\u00e9 de G\u00e9rardmer\",\"potentialAction\":[{\"@type\":\"SearchAction\",\"target\":{\"@type\":\"EntryPoint\",\"urlTemplate\":\"https:\/\/vosgesinfo.fr\/gerardmerinfo\/?s={search_term_string}\"},\"query-input\":\"required name=search_term_string\"}],\"inLanguage\":\"fr-FR\"},{\"@type\":\"Organization\",\"@id\":\"https:\/\/vosgesinfo.fr\/gerardmerinfo\/#organization\",\"name\":\"Gerardmer Info\",\"url\":\"https:\/\/vosgesinfo.fr\/gerardmerinfo\/\",\"logo\":{\"@type\":\"ImageObject\",\"inLanguage\":\"fr-FR\",\"@id\":\"https:\/\/vosgesinfo.fr\/gerardmerinfo\/#\/schema\/logo\/image\/\",\"url\":\"https:\/\/vosgesinfo.fr\/app\/uploads\/sites\/6\/2023\/08\/favicon-gerardmerinfo.png\",\"contentUrl\":\"https:\/\/vosgesinfo.fr\/app\/uploads\/sites\/6\/2023\/08\/favicon-gerardmerinfo.png\",\"width\":512,\"height\":512,\"caption\":\"Gerardmer Info\"},\"image\":{\"@id\":\"https:\/\/vosgesinfo.fr\/gerardmerinfo\/#\/schema\/logo\/image\/\"},\"sameAs\":[\"https:\/\/www.facebook.com\/profile.php?id=100049475262660\",\"https:\/\/x.com\/VosgesInfo88\",\"https:\/\/www.youtube.com\/@vosgesinfo\"]},{\"@type\":\"Person\",\"@id\":\"https:\/\/vosgesinfo.fr\/gerardmerinfo\/#\/schema\/person\/bc5d02d71e6932e81b6dadb7386667b1\",\"name\":\"qs_admin\",\"image\":{\"@type\":\"ImageObject\",\"inLanguage\":\"fr-FR\",\"@id\":\"https:\/\/vosgesinfo.fr\/gerardmerinfo\/#\/schema\/person\/image\/\",\"url\":\"https:\/\/secure.gravatar.com\/avatar\/94b18ee0ed79e4a42ea2f2931277b6841a8999fc6fde214600c78057cf1fe1de?s=96&d=mm&r=g\",\"contentUrl\":\"https:\/\/secure.gravatar.com\/avatar\/94b18ee0ed79e4a42ea2f2931277b6841a8999fc6fde214600c78057cf1fe1de?s=96&d=mm&r=g\",\"caption\":\"qs_admin\"},\"sameAs\":[\"https:\/\/vosgesinfo.fr\/wp\"],\"url\":\"https:\/\/vosgesinfo.fr\/gerardmerinfo\/author\/qs_admin\/\"}]}<\/script>\n<!-- \/ Yoast SEO plugin. -->","yoast_head_json":{"title":"Circulation et stationnement - F\u00eate des Jonquilles - Gerardmer Info","robots":{"index":"index","follow":"follow","max-snippet":"max-snippet:-1","max-image-preview":"max-image-preview:large","max-video-preview":"max-video-preview:-1"},"canonical":"https:\/\/vosgesinfo.fr\/gerardmerinfo\/2019\/03\/circulation-stationnement-fete-jonquilles-2\/","twitter_card":"summary_large_image","twitter_title":"Circulation et stationnement - F\u00eate des Jonquilles - Gerardmer Info","twitter_description":"La Commune tient \u00e0 rappeler que des mesures de s\u00e9curit\u00e9 sont mises en place pour assurer la s\u00e9curit\u00e9 de tous [&hellip;]","twitter_image":"https:\/\/vosgesinfo.fr\/app\/uploads\/sites\/6\/2024\/07\/201704jonquilles-philippe-3-1.jpg","twitter_creator":"@VosgesInfo88","twitter_site":"@VosgesInfo88","twitter_misc":{"\u00c9crit par":"qs_admin","Dur\u00e9e de lecture estim\u00e9e":"1 minute"},"schema":{"@context":"https:\/\/schema.org","@graph":[{"@type":"Article","@id":"https:\/\/vosgesinfo.fr\/gerardmerinfo\/2019\/03\/circulation-stationnement-fete-jonquilles-2\/#article","isPartOf":{"@id":"https:\/\/vosgesinfo.fr\/gerardmerinfo\/2019\/03\/circulation-stationnement-fete-jonquilles-2\/"},"author":{"name":"qs_admin","@id":"https:\/\/vosgesinfo.fr\/gerardmerinfo\/#\/schema\/person\/bc5d02d71e6932e81b6dadb7386667b1"},"headline":"Circulation et stationnement &#8211; F\u00eate des Jonquilles","datePublished":"2019-03-30T14:58:19+00:00","dateModified":"2019-03-30T14:58:19+00:00","mainEntityOfPage":{"@id":"https:\/\/vosgesinfo.fr\/gerardmerinfo\/2019\/03\/circulation-stationnement-fete-jonquilles-2\/"},"wordCount":263,"commentCount":0,"publisher":{"@id":"https:\/\/vosgesinfo.fr\/gerardmerinfo\/#organization"},"image":{"@id":"https:\/\/vosgesinfo.fr\/gerardmerinfo\/2019\/03\/circulation-stationnement-fete-jonquilles-2\/#primaryimage"},"thumbnailUrl":"https:\/\/vosgesinfo.fr\/app\/uploads\/sites\/6\/2024\/07\/201704jonquilles-philippe-3-1.jpg","keywords":["f\u00eate des jonquilles"],"articleSection":["A la une","G\u00e9rardmer"],"inLanguage":"fr-FR","potentialAction":[{"@type":"CommentAction","name":"Comment","target":["https:\/\/vosgesinfo.fr\/gerardmerinfo\/2019\/03\/circulation-stationnement-fete-jonquilles-2\/#respond"]}]},{"@type":"WebPage","@id":"https:\/\/vosgesinfo.fr\/gerardmerinfo\/2019\/03\/circulation-stationnement-fete-jonquilles-2\/","url":"https:\/\/vosgesinfo.fr\/gerardmerinfo\/2019\/03\/circulation-stationnement-fete-jonquilles-2\/","name":"Circulation et stationnement - F\u00eate des Jonquilles - Gerardmer Info","isPartOf":{"@id":"https:\/\/vosgesinfo.fr\/gerardmerinfo\/#website"},"primaryImageOfPage":{"@id":"https:\/\/vosgesinfo.fr\/gerardmerinfo\/2019\/03\/circulation-stationnement-fete-jonquilles-2\/#primaryimage"},"image":{"@id":"https:\/\/vosgesinfo.fr\/gerardmerinfo\/2019\/03\/circulation-stationnement-fete-jonquilles-2\/#primaryimage"},"thumbnailUrl":"https:\/\/vosgesinfo.fr\/app\/uploads\/sites\/6\/2024\/07\/201704jonquilles-philippe-3-1.jpg","datePublished":"2019-03-30T14:58:19+00:00","dateModified":"2019-03-30T14:58:19+00:00","breadcrumb":{"@id":"https:\/\/vosgesinfo.fr\/gerardmerinfo\/2019\/03\/circulation-stationnement-fete-jonquilles-2\/#breadcrumb"},"inLanguage":"fr-FR","potentialAction":[{"@type":"ReadAction","target":["https:\/\/vosgesinfo.fr\/gerardmerinfo\/2019\/03\/circulation-stationnement-fete-jonquilles-2\/"]}]},{"@type":"ImageObject","inLanguage":"fr-FR","@id":"https:\/\/vosgesinfo.fr\/gerardmerinfo\/2019\/03\/circulation-stationnement-fete-jonquilles-2\/#primaryimage","url":"https:\/\/vosgesinfo.fr\/app\/uploads\/sites\/6\/2024\/07\/201704jonquilles-philippe-3-1.jpg","contentUrl":"https:\/\/vosgesinfo.fr\/app\/uploads\/sites\/6\/2024\/07\/201704jonquilles-philippe-3-1.jpg","width":800,"height":533},{"@type":"BreadcrumbList","@id":"https:\/\/vosgesinfo.fr\/gerardmerinfo\/2019\/03\/circulation-stationnement-fete-jonquilles-2\/#breadcrumb","itemListElement":[{"@type":"ListItem","position":1,"name":"Home","item":"https:\/\/vosgesinfo.fr\/gerardmerinfo\/"},{"@type":"ListItem","position":2,"name":"Circulation et stationnement &#8211; F\u00eate des Jonquilles"}]},{"@type":"WebSite","@id":"https:\/\/vosgesinfo.fr\/gerardmerinfo\/#website","url":"https:\/\/vosgesinfo.fr\/gerardmerinfo\/","name":"Gerardmer Info","description":"Toute l&#039;actualit\u00e9 de G\u00e9rardmer","publisher":{"@id":"https:\/\/vosgesinfo.fr\/gerardmerinfo\/#organization"},"alternateName":"Toute l'actualit\u00e9 de G\u00e9rardmer","potentialAction":[{"@type":"SearchAction","target":{"@type":"EntryPoint","urlTemplate":"https:\/\/vosgesinfo.fr\/gerardmerinfo\/?s={search_term_string}"},"query-input":"required name=search_term_string"}],"inLanguage":"fr-FR"},{"@type":"Organization","@id":"https:\/\/vosgesinfo.fr\/gerardmerinfo\/#organization","name":"Gerardmer Info","url":"https:\/\/vosgesinfo.fr\/gerardmerinfo\/","logo":{"@type":"ImageObject","inLanguage":"fr-FR","@id":"https:\/\/vosgesinfo.fr\/gerardmerinfo\/#\/schema\/logo\/image\/","url":"https:\/\/vosgesinfo.fr\/app\/uploads\/sites\/6\/2023\/08\/favicon-gerardmerinfo.png","contentUrl":"https:\/\/vosgesinfo.fr\/app\/uploads\/sites\/6\/2023\/08\/favicon-gerardmerinfo.png","width":512,"height":512,"caption":"Gerardmer Info"},"image":{"@id":"https:\/\/vosgesinfo.fr\/gerardmerinfo\/#\/schema\/logo\/image\/"},"sameAs":["https:\/\/www.facebook.com\/profile.php?id=100049475262660","https:\/\/x.com\/VosgesInfo88","https:\/\/www.youtube.com\/@vosgesinfo"]},{"@type":"Person","@id":"https:\/\/vosgesinfo.fr\/gerardmerinfo\/#\/schema\/person\/bc5d02d71e6932e81b6dadb7386667b1","name":"qs_admin","image":{"@type":"ImageObject","inLanguage":"fr-FR","@id":"https:\/\/vosgesinfo.fr\/gerardmerinfo\/#\/schema\/person\/image\/","url":"https:\/\/secure.gravatar.com\/avatar\/94b18ee0ed79e4a42ea2f2931277b6841a8999fc6fde214600c78057cf1fe1de?s=96&d=mm&r=g","contentUrl":"https:\/\/secure.gravatar.com\/avatar\/94b18ee0ed79e4a42ea2f2931277b6841a8999fc6fde214600c78057cf1fe1de?s=96&d=mm&r=g","caption":"qs_admin"},"sameAs":["https:\/\/vosgesinfo.fr\/wp"],"url":"https:\/\/vosgesinfo.fr\/gerardmerinfo\/author\/qs_admin\/"}]}},"_links":{"self":[{"href":"https:\/\/vosgesinfo.fr\/gerardmerinfo\/wp-json\/wp\/v2\/posts\/40420","targetHints":{"allow":["GET"]}}],"collection":[{"href":"https:\/\/vosgesinfo.fr\/gerardmerinfo\/wp-json\/wp\/v2\/posts"}],"about":[{"href":"https:\/\/vosgesinfo.fr\/gerardmerinfo\/wp-json\/wp\/v2\/types\/post"}],"author":[{"embeddable":true,"href":"https:\/\/vosgesinfo.fr\/gerardmerinfo\/wp-json\/wp\/v2\/users\/1"}],"replies":[{"embeddable":true,"href":"https:\/\/vosgesinfo.fr\/gerardmerinfo\/wp-json\/wp\/v2\/comments?post=40420"}],"version-history":[{"count":0,"href":"https:\/\/vosgesinfo.fr\/gerardmerinfo\/wp-json\/wp\/v2\/posts\/40420\/revisions"}],"wp:featuredmedia":[{"embeddable":true,"href":"https:\/\/vosgesinfo.fr\/gerardmerinfo\/wp-json\/wp\/v2\/media\/40421"}],"wp:attachment":[{"href":"https:\/\/vosgesinfo.fr\/gerardmerinfo\/wp-json\/wp\/v2\/media?parent=40420"}],"wp:term":[{"taxonomy":"category","embeddable":true,"href":"https:\/\/vosgesinfo.fr\/gerardmerinfo\/wp-json\/wp\/v2\/categories?post=40420"},{"taxonomy":"post_tag","embeddable":true,"href":"https:\/\/vosgesinfo.fr\/gerardmerinfo\/wp-json\/wp\/v2\/tags?post=40420"}],"curies":[{"name":"wp","href":"https:\/\/api.w.org\/{rel}","templated":true}]}}