{"id":40440,"date":"2019-03-20T17:00:12","date_gmt":"2019-03-20T16:00:12","guid":{"rendered":"https:\/\/vosgesinfo.fr\/gerardmerinfo\/2019\/03\/carton-plein-lamicale\/"},"modified":"2019-03-20T17:00:12","modified_gmt":"2019-03-20T16:00:12","slug":"carton-plein-lamicale","status":"publish","type":"post","link":"https:\/\/vosgesinfo.fr\/gerardmerinfo\/2019\/03\/carton-plein-lamicale\/","title":{"rendered":"Carton plein pour l&rsquo;Amicale !"},"content":{"rendered":"<h3 style=\"margin: 0cm; margin-bottom: .0001pt; vertical-align: baseline;\"><a href=\"\/2019\/03\/logo-2016.jpg\"><img decoding=\"async\" class=\"aligncenter size-medium wp-image-143670\" src=\"\/2019\/03\/logo-2016-340x255.jpg\" alt=\"logo 2016\" width=\"340\" height=\"255\" \/><\/a><\/h3>\n<h3 style=\"margin: 0cm; margin-bottom: .0001pt; vertical-align: baseline;\"><span style=\"font-family: 'Verdana',sans-serif; color: #787878;\">Le week-end d\u00e9tente organis\u00e9 par l\u2019Amicale des Ecoles des 2 Lacs, a remport\u00e9 en franc succ\u00e8s.<\/span><\/h3>\n<p style=\"margin: 0cm; margin-bottom: .0001pt; vertical-align: baseline;\"><span style=\"font-family: 'Verdana',sans-serif; color: #787878;\">Tout a commenc\u00e9 samedi soir avec un one-woman show. Donner le sourire aux gens, c\u2019est la mission que s\u2019est donn\u00e9e Mademoiselle Serge et le pari est tenu!!\u00a0<a href=\"https:\/\/gerardmerinfo.fr\/2019\/03\/carton-plein-lamicale\/dsc_0264\/\" rel=\"attachment wp-att-143663\"><img decoding=\"async\" class=\"size-medium wp-image-143663 alignright\" src=\"\/2019\/03\/DSC_0264-238x255.jpg\" alt=\"DSC_0264\" width=\"238\" height=\"255\" \/><\/a><\/span><\/p>\n<p style=\"margin: 0cm 0cm 0.0001pt; vertical-align: baseline;\"><span style=\"font-family: 'Verdana',sans-serif; color: #787878;\"><a href=\"https:\/\/gerardmerinfo.fr\/2019\/03\/carton-plein-lamicale\/dsc_0383\/\" rel=\"attachment wp-att-143664\"><img decoding=\"async\" class=\"size-medium wp-image-143664 alignleft\" src=\"\/2019\/03\/DSC_0383-244x255.jpg\" alt=\"DSC_0383\" width=\"244\" height=\"255\" \/><\/a>Elle a \u00e9gay\u00e9 la soir\u00e9e de 180 personnes venues la voir \u00e0 Xonrupt. Avec pr\u00e8s de 2h de rires, de l\u2019\u00e9nergie \u00e0 revendre, quelques \u00ab\u00a0tucs\u00a0\u00bb et des rebondissements, elle a conquis la salle\u00a0!<\/span><\/p>\n<p style=\"margin: 0cm; margin-bottom: .0001pt; vertical-align: baseline;\"><span style=\"font-family: 'Verdana',sans-serif; color: #787878;\">Il faut dire que le duo de magiciens, Alix et Louis, avait bien pr\u00e9par\u00e9 le terrain en proposant en 1<sup>\u00e8re<\/sup> partie des tours bluffants, entre magie et mentaliste\u00a0! Tr\u00e8s prometteurs\u00a0! <\/span><\/p>\n<p style=\"margin: 0cm; margin-bottom: .0001pt; vertical-align: baseline;\"><span style=\"font-family: 'Verdana',sans-serif; color: #787878;\">\u00a0<\/span><\/p>\n<p style=\"margin: 0cm; margin-bottom: .0001pt; vertical-align: baseline;\"><span style=\"font-family: 'Verdana',sans-serif; color: #787878;\">Le dimanche, ce sont les amateurs de loto qui sont venus tenter leur chance en famille. Des s\u00e9jours, bons d\u2019achat, soins et bien d\u2019autres lots ont fait le plaisir des petits et grands\u00a0!<\/span><\/p>\n<p style=\"margin: 0cm; margin-bottom: .0001pt; vertical-align: baseline;\"><span style=\"font-family: 'Verdana',sans-serif; color: #787878;\">\u00a0<\/span><\/p>\n<p style=\"margin: 0cm; margin-bottom: .0001pt; vertical-align: baseline;\"><span style=\"font-family: 'Verdana',sans-serif; color: #787878;\">Merci \u00e0 tous ceux qui ont fait de ce week-end une r\u00e9ussite, en particulier les lutins qui ont, une nouvelle fois, \u0153uvr\u00e9 au bon d\u00e9roulement et \u00e0 la bonne ambiance de ces 2 journ\u00e9es\u00a0!<\/span><\/p>\n<p style=\"margin: 0cm; margin-bottom: .0001pt; vertical-align: baseline;\"><a href=\"https:\/\/gerardmerinfo.fr\/2019\/03\/carton-plein-lamicale\/dsc_0374\/\" rel=\"attachment wp-att-143665\"><img decoding=\"async\" class=\"size-medium wp-image-143665 alignleft\" src=\"\/2019\/03\/DSC_0374-318x255.jpg\" alt=\"DSC_0374\" width=\"318\" height=\"255\" \/><\/a><\/p>\n<p style=\"margin: 0cm 0cm 0.0001pt; vertical-align: baseline; text-align: right;\"><span style=\"font-family: 'Verdana',sans-serif; color: #787878;\"><a href=\"https:\/\/gerardmerinfo.fr\/2019\/03\/carton-plein-lamicale\/dsc_0177\/\" rel=\"attachment wp-att-143668\"><img decoding=\"async\" class=\"aligncenter size-medium wp-image-143668\" src=\"\/2019\/03\/DSC_0177-388x255.jpg\" alt=\"DSC_0177\" width=\"388\" height=\"255\" \/><\/a><\/span><\/p>\n<p style=\"margin: 0cm 0cm 0.0001pt; vertical-align: baseline; text-align: right;\"><span style=\"font-family: 'Verdana',sans-serif; color: #787878;\">\u00a0\u00a0<a href=\"https:\/\/gerardmerinfo.fr\/2019\/03\/carton-plein-lamicale\/dsc_0342\/\" rel=\"attachment wp-att-143666\"><img decoding=\"async\" class=\"size-medium wp-image-143666 alignleft\" src=\"\/2019\/03\/DSC_0342-400x211.jpg\" alt=\"DSC_0342\" width=\"400\" height=\"211\" \/><\/a><\/span><\/p>\n<p style=\"margin: 0cm; margin-bottom: .0001pt; vertical-align: baseline;\"><span style=\"font-family: 'Verdana',sans-serif; color: #787878;\"><a href=\"https:\/\/gerardmerinfo.fr\/2019\/03\/carton-plein-lamicale\/57452242829__0c29206e-db72-42ff-994a-6bedfc6daad4\/\" rel=\"attachment wp-att-143667\"><img decoding=\"async\" class=\"size-medium wp-image-143667 alignleft\" src=\"\/2019\/03\/57452242829__0C29206E-DB72-42FF-994A-6BEDFC6DAAD4-400x249.jpg\" alt=\"57452242829__0C29206E-DB72-42FF-994A-6BEDFC6DAAD4\" width=\"400\" height=\"249\" \/><\/a><\/span><\/p>\n","protected":false},"excerpt":{"rendered":"<p>Le week-end d\u00e9tente organis\u00e9 par l\u2019Amicale des Ecoles des 2 Lacs, a remport\u00e9 en franc succ\u00e8s. Tout a commenc\u00e9 samedi [&hellip;]<\/p>\n","protected":false},"author":186,"featured_media":40441,"comment_status":"open","ping_status":"open","sticky":false,"template":"","format":"standard","meta":{"footnotes":""},"categories":[20,4,17],"tags":[647,2445],"class_list":["post-40440","post","type-post","status-publish","format-standard","has-post-thumbnail","hentry","category-a-la-une","category-culture","category-vie-associative","tag-amicale-quartier-kleber","tag-melle-serge"],"acf":[],"yoast_head":"<!-- This site is optimized with the Yoast SEO plugin v22.5 - https:\/\/yoast.com\/wordpress\/plugins\/seo\/ -->\n<title>Carton plein pour l&#039;Amicale ! - Gerardmer Info<\/title>\n<meta name=\"robots\" content=\"index, follow, max-snippet:-1, max-image-preview:large, max-video-preview:-1\" \/>\n<link rel=\"canonical\" href=\"https:\/\/vosgesinfo.fr\/gerardmerinfo\/2019\/03\/carton-plein-lamicale\/\" \/>\n<meta name=\"twitter:card\" content=\"summary_large_image\" \/>\n<meta name=\"twitter:title\" content=\"Carton plein pour l&#039;Amicale ! - Gerardmer Info\" \/>\n<meta name=\"twitter:description\" content=\"Le week-end d\u00e9tente organis\u00e9 par l\u2019Amicale des Ecoles des 2 Lacs, a remport\u00e9 en franc succ\u00e8s. Tout a commenc\u00e9 samedi [&hellip;]\" \/>\n<meta name=\"twitter:image\" content=\"https:\/\/vosgesinfo.fr\/app\/uploads\/sites\/6\/2024\/07\/201903dsc-0383.jpg\" \/>\n<meta name=\"twitter:creator\" content=\"@VosgesInfo88\" \/>\n<meta name=\"twitter:site\" content=\"@VosgesInfo88\" \/>\n<meta name=\"twitter:label1\" content=\"\u00c9crit par\" \/>\n\t<meta name=\"twitter:data1\" content=\"amicale2lacs\" \/>\n\t<meta name=\"twitter:label2\" content=\"Dur\u00e9e de lecture estim\u00e9e\" \/>\n\t<meta name=\"twitter:data2\" content=\"1 minute\" \/>\n<script type=\"application\/ld+json\" class=\"yoast-schema-graph\">{\"@context\":\"https:\/\/schema.org\",\"@graph\":[{\"@type\":\"Article\",\"@id\":\"https:\/\/vosgesinfo.fr\/gerardmerinfo\/2019\/03\/carton-plein-lamicale\/#article\",\"isPartOf\":{\"@id\":\"https:\/\/vosgesinfo.fr\/gerardmerinfo\/2019\/03\/carton-plein-lamicale\/\"},\"author\":{\"name\":\"amicale2lacs\",\"@id\":\"https:\/\/vosgesinfo.fr\/gerardmerinfo\/#\/schema\/person\/03771237f2dd4ca6b5d9f27a8645583e\"},\"headline\":\"Carton plein pour l&rsquo;Amicale !\",\"datePublished\":\"2019-03-20T16:00:12+00:00\",\"dateModified\":\"2019-03-20T16:00:12+00:00\",\"mainEntityOfPage\":{\"@id\":\"https:\/\/vosgesinfo.fr\/gerardmerinfo\/2019\/03\/carton-plein-lamicale\/\"},\"wordCount\":188,\"commentCount\":0,\"publisher\":{\"@id\":\"https:\/\/vosgesinfo.fr\/gerardmerinfo\/#organization\"},\"image\":{\"@id\":\"https:\/\/vosgesinfo.fr\/gerardmerinfo\/2019\/03\/carton-plein-lamicale\/#primaryimage\"},\"thumbnailUrl\":\"https:\/\/vosgesinfo.fr\/app\/uploads\/sites\/6\/2024\/07\/201903dsc-0383.jpg\",\"keywords\":[\"amicale quartier kl\u00e9ber\",\"Melle Serge\"],\"articleSection\":[\"A la une\",\"Culture\",\"Vie Associative\"],\"inLanguage\":\"fr-FR\",\"potentialAction\":[{\"@type\":\"CommentAction\",\"name\":\"Comment\",\"target\":[\"https:\/\/vosgesinfo.fr\/gerardmerinfo\/2019\/03\/carton-plein-lamicale\/#respond\"]}]},{\"@type\":\"WebPage\",\"@id\":\"https:\/\/vosgesinfo.fr\/gerardmerinfo\/2019\/03\/carton-plein-lamicale\/\",\"url\":\"https:\/\/vosgesinfo.fr\/gerardmerinfo\/2019\/03\/carton-plein-lamicale\/\",\"name\":\"Carton plein pour l'Amicale ! - Gerardmer Info\",\"isPartOf\":{\"@id\":\"https:\/\/vosgesinfo.fr\/gerardmerinfo\/#website\"},\"primaryImageOfPage\":{\"@id\":\"https:\/\/vosgesinfo.fr\/gerardmerinfo\/2019\/03\/carton-plein-lamicale\/#primaryimage\"},\"image\":{\"@id\":\"https:\/\/vosgesinfo.fr\/gerardmerinfo\/2019\/03\/carton-plein-lamicale\/#primaryimage\"},\"thumbnailUrl\":\"https:\/\/vosgesinfo.fr\/app\/uploads\/sites\/6\/2024\/07\/201903dsc-0383.jpg\",\"datePublished\":\"2019-03-20T16:00:12+00:00\",\"dateModified\":\"2019-03-20T16:00:12+00:00\",\"breadcrumb\":{\"@id\":\"https:\/\/vosgesinfo.fr\/gerardmerinfo\/2019\/03\/carton-plein-lamicale\/#breadcrumb\"},\"inLanguage\":\"fr-FR\",\"potentialAction\":[{\"@type\":\"ReadAction\",\"target\":[\"https:\/\/vosgesinfo.fr\/gerardmerinfo\/2019\/03\/carton-plein-lamicale\/\"]}]},{\"@type\":\"ImageObject\",\"inLanguage\":\"fr-FR\",\"@id\":\"https:\/\/vosgesinfo.fr\/gerardmerinfo\/2019\/03\/carton-plein-lamicale\/#primaryimage\",\"url\":\"https:\/\/vosgesinfo.fr\/app\/uploads\/sites\/6\/2024\/07\/201903dsc-0383.jpg\",\"contentUrl\":\"https:\/\/vosgesinfo.fr\/app\/uploads\/sites\/6\/2024\/07\/201903dsc-0383.jpg\",\"width\":764,\"height\":800},{\"@type\":\"BreadcrumbList\",\"@id\":\"https:\/\/vosgesinfo.fr\/gerardmerinfo\/2019\/03\/carton-plein-lamicale\/#breadcrumb\",\"itemListElement\":[{\"@type\":\"ListItem\",\"position\":1,\"name\":\"Home\",\"item\":\"https:\/\/vosgesinfo.fr\/gerardmerinfo\/\"},{\"@type\":\"ListItem\",\"position\":2,\"name\":\"Carton plein pour l&rsquo;Amicale !\"}]},{\"@type\":\"WebSite\",\"@id\":\"https:\/\/vosgesinfo.fr\/gerardmerinfo\/#website\",\"url\":\"https:\/\/vosgesinfo.fr\/gerardmerinfo\/\",\"name\":\"Gerardmer Info\",\"description\":\"Toute l&#039;actualit\u00e9 de G\u00e9rardmer\",\"publisher\":{\"@id\":\"https:\/\/vosgesinfo.fr\/gerardmerinfo\/#organization\"},\"alternateName\":\"Toute l'actualit\u00e9 de G\u00e9rardmer\",\"potentialAction\":[{\"@type\":\"SearchAction\",\"target\":{\"@type\":\"EntryPoint\",\"urlTemplate\":\"https:\/\/vosgesinfo.fr\/gerardmerinfo\/?s={search_term_string}\"},\"query-input\":\"required name=search_term_string\"}],\"inLanguage\":\"fr-FR\"},{\"@type\":\"Organization\",\"@id\":\"https:\/\/vosgesinfo.fr\/gerardmerinfo\/#organization\",\"name\":\"Gerardmer Info\",\"url\":\"https:\/\/vosgesinfo.fr\/gerardmerinfo\/\",\"logo\":{\"@type\":\"ImageObject\",\"inLanguage\":\"fr-FR\",\"@id\":\"https:\/\/vosgesinfo.fr\/gerardmerinfo\/#\/schema\/logo\/image\/\",\"url\":\"https:\/\/vosgesinfo.fr\/app\/uploads\/sites\/6\/2023\/08\/favicon-gerardmerinfo.png\",\"contentUrl\":\"https:\/\/vosgesinfo.fr\/app\/uploads\/sites\/6\/2023\/08\/favicon-gerardmerinfo.png\",\"width\":512,\"height\":512,\"caption\":\"Gerardmer Info\"},\"image\":{\"@id\":\"https:\/\/vosgesinfo.fr\/gerardmerinfo\/#\/schema\/logo\/image\/\"},\"sameAs\":[\"https:\/\/www.facebook.com\/profile.php?id=100049475262660\",\"https:\/\/x.com\/VosgesInfo88\",\"https:\/\/www.youtube.com\/@vosgesinfo\"]},{\"@type\":\"Person\",\"@id\":\"https:\/\/vosgesinfo.fr\/gerardmerinfo\/#\/schema\/person\/03771237f2dd4ca6b5d9f27a8645583e\",\"name\":\"amicale2lacs\",\"image\":{\"@type\":\"ImageObject\",\"inLanguage\":\"fr-FR\",\"@id\":\"https:\/\/vosgesinfo.fr\/gerardmerinfo\/#\/schema\/person\/image\/\",\"url\":\"https:\/\/secure.gravatar.com\/avatar\/f97e886e224bde95d53a50d9e101d16b82917918eec4ea16be07c157102ea0b6?s=96&d=mm&r=g\",\"contentUrl\":\"https:\/\/secure.gravatar.com\/avatar\/f97e886e224bde95d53a50d9e101d16b82917918eec4ea16be07c157102ea0b6?s=96&d=mm&r=g\",\"caption\":\"amicale2lacs\"},\"url\":\"https:\/\/vosgesinfo.fr\/gerardmerinfo\/author\/amicale2lacs\/\"}]}<\/script>\n<!-- \/ Yoast SEO plugin. -->","yoast_head_json":{"title":"Carton plein pour l'Amicale ! - Gerardmer Info","robots":{"index":"index","follow":"follow","max-snippet":"max-snippet:-1","max-image-preview":"max-image-preview:large","max-video-preview":"max-video-preview:-1"},"canonical":"https:\/\/vosgesinfo.fr\/gerardmerinfo\/2019\/03\/carton-plein-lamicale\/","twitter_card":"summary_large_image","twitter_title":"Carton plein pour l'Amicale ! - Gerardmer Info","twitter_description":"Le week-end d\u00e9tente organis\u00e9 par l\u2019Amicale des Ecoles des 2 Lacs, a remport\u00e9 en franc succ\u00e8s. Tout a commenc\u00e9 samedi [&hellip;]","twitter_image":"https:\/\/vosgesinfo.fr\/app\/uploads\/sites\/6\/2024\/07\/201903dsc-0383.jpg","twitter_creator":"@VosgesInfo88","twitter_site":"@VosgesInfo88","twitter_misc":{"\u00c9crit par":"amicale2lacs","Dur\u00e9e de lecture estim\u00e9e":"1 minute"},"schema":{"@context":"https:\/\/schema.org","@graph":[{"@type":"Article","@id":"https:\/\/vosgesinfo.fr\/gerardmerinfo\/2019\/03\/carton-plein-lamicale\/#article","isPartOf":{"@id":"https:\/\/vosgesinfo.fr\/gerardmerinfo\/2019\/03\/carton-plein-lamicale\/"},"author":{"name":"amicale2lacs","@id":"https:\/\/vosgesinfo.fr\/gerardmerinfo\/#\/schema\/person\/03771237f2dd4ca6b5d9f27a8645583e"},"headline":"Carton plein pour l&rsquo;Amicale !","datePublished":"2019-03-20T16:00:12+00:00","dateModified":"2019-03-20T16:00:12+00:00","mainEntityOfPage":{"@id":"https:\/\/vosgesinfo.fr\/gerardmerinfo\/2019\/03\/carton-plein-lamicale\/"},"wordCount":188,"commentCount":0,"publisher":{"@id":"https:\/\/vosgesinfo.fr\/gerardmerinfo\/#organization"},"image":{"@id":"https:\/\/vosgesinfo.fr\/gerardmerinfo\/2019\/03\/carton-plein-lamicale\/#primaryimage"},"thumbnailUrl":"https:\/\/vosgesinfo.fr\/app\/uploads\/sites\/6\/2024\/07\/201903dsc-0383.jpg","keywords":["amicale quartier kl\u00e9ber","Melle Serge"],"articleSection":["A la une","Culture","Vie Associative"],"inLanguage":"fr-FR","potentialAction":[{"@type":"CommentAction","name":"Comment","target":["https:\/\/vosgesinfo.fr\/gerardmerinfo\/2019\/03\/carton-plein-lamicale\/#respond"]}]},{"@type":"WebPage","@id":"https:\/\/vosgesinfo.fr\/gerardmerinfo\/2019\/03\/carton-plein-lamicale\/","url":"https:\/\/vosgesinfo.fr\/gerardmerinfo\/2019\/03\/carton-plein-lamicale\/","name":"Carton plein pour l'Amicale ! - Gerardmer Info","isPartOf":{"@id":"https:\/\/vosgesinfo.fr\/gerardmerinfo\/#website"},"primaryImageOfPage":{"@id":"https:\/\/vosgesinfo.fr\/gerardmerinfo\/2019\/03\/carton-plein-lamicale\/#primaryimage"},"image":{"@id":"https:\/\/vosgesinfo.fr\/gerardmerinfo\/2019\/03\/carton-plein-lamicale\/#primaryimage"},"thumbnailUrl":"https:\/\/vosgesinfo.fr\/app\/uploads\/sites\/6\/2024\/07\/201903dsc-0383.jpg","datePublished":"2019-03-20T16:00:12+00:00","dateModified":"2019-03-20T16:00:12+00:00","breadcrumb":{"@id":"https:\/\/vosgesinfo.fr\/gerardmerinfo\/2019\/03\/carton-plein-lamicale\/#breadcrumb"},"inLanguage":"fr-FR","potentialAction":[{"@type":"ReadAction","target":["https:\/\/vosgesinfo.fr\/gerardmerinfo\/2019\/03\/carton-plein-lamicale\/"]}]},{"@type":"ImageObject","inLanguage":"fr-FR","@id":"https:\/\/vosgesinfo.fr\/gerardmerinfo\/2019\/03\/carton-plein-lamicale\/#primaryimage","url":"https:\/\/vosgesinfo.fr\/app\/uploads\/sites\/6\/2024\/07\/201903dsc-0383.jpg","contentUrl":"https:\/\/vosgesinfo.fr\/app\/uploads\/sites\/6\/2024\/07\/201903dsc-0383.jpg","width":764,"height":800},{"@type":"BreadcrumbList","@id":"https:\/\/vosgesinfo.fr\/gerardmerinfo\/2019\/03\/carton-plein-lamicale\/#breadcrumb","itemListElement":[{"@type":"ListItem","position":1,"name":"Home","item":"https:\/\/vosgesinfo.fr\/gerardmerinfo\/"},{"@type":"ListItem","position":2,"name":"Carton plein pour l&rsquo;Amicale !"}]},{"@type":"WebSite","@id":"https:\/\/vosgesinfo.fr\/gerardmerinfo\/#website","url":"https:\/\/vosgesinfo.fr\/gerardmerinfo\/","name":"Gerardmer Info","description":"Toute l&#039;actualit\u00e9 de G\u00e9rardmer","publisher":{"@id":"https:\/\/vosgesinfo.fr\/gerardmerinfo\/#organization"},"alternateName":"Toute l'actualit\u00e9 de G\u00e9rardmer","potentialAction":[{"@type":"SearchAction","target":{"@type":"EntryPoint","urlTemplate":"https:\/\/vosgesinfo.fr\/gerardmerinfo\/?s={search_term_string}"},"query-input":"required name=search_term_string"}],"inLanguage":"fr-FR"},{"@type":"Organization","@id":"https:\/\/vosgesinfo.fr\/gerardmerinfo\/#organization","name":"Gerardmer Info","url":"https:\/\/vosgesinfo.fr\/gerardmerinfo\/","logo":{"@type":"ImageObject","inLanguage":"fr-FR","@id":"https:\/\/vosgesinfo.fr\/gerardmerinfo\/#\/schema\/logo\/image\/","url":"https:\/\/vosgesinfo.fr\/app\/uploads\/sites\/6\/2023\/08\/favicon-gerardmerinfo.png","contentUrl":"https:\/\/vosgesinfo.fr\/app\/uploads\/sites\/6\/2023\/08\/favicon-gerardmerinfo.png","width":512,"height":512,"caption":"Gerardmer Info"},"image":{"@id":"https:\/\/vosgesinfo.fr\/gerardmerinfo\/#\/schema\/logo\/image\/"},"sameAs":["https:\/\/www.facebook.com\/profile.php?id=100049475262660","https:\/\/x.com\/VosgesInfo88","https:\/\/www.youtube.com\/@vosgesinfo"]},{"@type":"Person","@id":"https:\/\/vosgesinfo.fr\/gerardmerinfo\/#\/schema\/person\/03771237f2dd4ca6b5d9f27a8645583e","name":"amicale2lacs","image":{"@type":"ImageObject","inLanguage":"fr-FR","@id":"https:\/\/vosgesinfo.fr\/gerardmerinfo\/#\/schema\/person\/image\/","url":"https:\/\/secure.gravatar.com\/avatar\/f97e886e224bde95d53a50d9e101d16b82917918eec4ea16be07c157102ea0b6?s=96&d=mm&r=g","contentUrl":"https:\/\/secure.gravatar.com\/avatar\/f97e886e224bde95d53a50d9e101d16b82917918eec4ea16be07c157102ea0b6?s=96&d=mm&r=g","caption":"amicale2lacs"},"url":"https:\/\/vosgesinfo.fr\/gerardmerinfo\/author\/amicale2lacs\/"}]}},"_links":{"self":[{"href":"https:\/\/vosgesinfo.fr\/gerardmerinfo\/wp-json\/wp\/v2\/posts\/40440","targetHints":{"allow":["GET"]}}],"collection":[{"href":"https:\/\/vosgesinfo.fr\/gerardmerinfo\/wp-json\/wp\/v2\/posts"}],"about":[{"href":"https:\/\/vosgesinfo.fr\/gerardmerinfo\/wp-json\/wp\/v2\/types\/post"}],"author":[{"embeddable":true,"href":"https:\/\/vosgesinfo.fr\/gerardmerinfo\/wp-json\/wp\/v2\/users\/186"}],"replies":[{"embeddable":true,"href":"https:\/\/vosgesinfo.fr\/gerardmerinfo\/wp-json\/wp\/v2\/comments?post=40440"}],"version-history":[{"count":0,"href":"https:\/\/vosgesinfo.fr\/gerardmerinfo\/wp-json\/wp\/v2\/posts\/40440\/revisions"}],"wp:featuredmedia":[{"embeddable":true,"href":"https:\/\/vosgesinfo.fr\/gerardmerinfo\/wp-json\/wp\/v2\/media\/40441"}],"wp:attachment":[{"href":"https:\/\/vosgesinfo.fr\/gerardmerinfo\/wp-json\/wp\/v2\/media?parent=40440"}],"wp:term":[{"taxonomy":"category","embeddable":true,"href":"https:\/\/vosgesinfo.fr\/gerardmerinfo\/wp-json\/wp\/v2\/categories?post=40440"},{"taxonomy":"post_tag","embeddable":true,"href":"https:\/\/vosgesinfo.fr\/gerardmerinfo\/wp-json\/wp\/v2\/tags?post=40440"}],"curies":[{"name":"wp","href":"https:\/\/api.w.org\/{rel}","templated":true}]}}