{"id":4046,"date":"2023-10-06T14:35:56","date_gmt":"2023-10-06T12:35:56","guid":{"rendered":"https:\/\/vosgesinfo.fr\/gerardmerinfo\/2023\/10\/punaises-de-lit-internat-de-saint-die-vosges-ferme-jusqua-toussaint\/"},"modified":"2023-10-06T14:35:56","modified_gmt":"2023-10-06T12:35:56","slug":"punaises-de-lit-internat-de-saint-die-vosges-ferme-jusqua-toussaint","status":"publish","type":"post","link":"https:\/\/vosgesinfo.fr\/gerardmerinfo\/2023\/10\/punaises-de-lit-internat-de-saint-die-vosges-ferme-jusqua-toussaint\/","title":{"rendered":"Punaises de lit : un internat de Saint-Di\u00e9-des-Vosges ferm\u00e9 jusqu\u2019\u00e0 la Toussaint"},"content":{"rendered":"<p><a href=\"https:\/\/gerardmerinfo.fr\/2023\/10\/punaises-de-lit-internat-de-saint-die-vosges-ferme-jusqua-toussaint\/pun\/\" rel=\"attachment wp-att-210640\"><img decoding=\"async\" class=\"aligncenter size-large wp-image-210640\" src=\"https:\/\/vosgesinfo.fr\/app\/uploads\/sites\/6\/2023\/10\/pun-1024x718-1.jpg\" alt=\"Pun\" width=\"960\" height=\"673\" \/><\/a><\/p>\n<h2><strong>Les punaises de lit infestent la France\u2026 et Saint-Di\u00e9-des-Vosges n\u2019y \u00e9chappe pas. Ce vendredi, l\u2019Education Nationale a annonc\u00e9 que 5 \u00e9tablissements scolaires du pays ont \u00e9t\u00e9 ferm\u00e9s apr\u00e8s que ces nuisibles aient \u00e9t\u00e9 d\u00e9tect\u00e9s.<\/strong><\/h2>\n<p>Les \u00e9tablissements concern\u00e9s se situent \u00e0 Marseille (Bouches-du-Rh\u00f4ne), au Pontet (Vaucluse), \u00e0 Louhans (Sa\u00f4ne-et-Loire), \u00e0 Villefranche-sur-Sa\u00f4ne (Rh\u00f4ne) et donc \u00e0 Saint-Di\u00e9-des-Vosges. Contact\u00e9e en d\u00e9but d\u2019apr\u00e8s-midi, l\u2019Acad\u00e9mie de Nancy-Metz confirme l\u2019information.<\/p>\n<p>Plus pr\u00e9cis\u00e9ment, il s\u2019agit de l\u2019internat du lyc\u00e9e Jean-Baptiste Jacques-Augustin, qui restera ferm\u00e9 jusqu\u2019\u00e0 la Toussaint. Comme l\u2019explique la communication de l\u2019Acad\u00e9mie, \u00ab\u00a0une intervention pour \u00e9radiquer les punaises de lit a d\u00e9j\u00e0 \u00e9t\u00e9 effectu\u00e9, et deux autres interventions sont programm\u00e9es mercredi prochain ainsi que le mercredi suivant. Une demande a \u00e9t\u00e9 faite de fermer l\u2019internat en raison de la multiplication des punaises de lit.\u00a0\u00bb<\/p>\n<p>25 \u00e9l\u00e8ves sont concern\u00e9s par la fermeture de l\u2019internat. 4 d\u2019entre eux suivent toujours les cours en classe, tandis que les 21 autres suivent leurs cours via une plateforme interne de l\u2019Education Nationale. \u00ab\u00a0L\u2019\u00e9quipe de direction et la CPE sont en contact tr\u00e8s r\u00e9gulier avec les \u00e9l\u00e8ves et leurs parents afin de s\u2019assurer du bon suivi des cours \u00bb pr\u00e9cise l\u2019Acad\u00e9mie.<\/p>\n<p>J.J.<\/p>\n","protected":false},"excerpt":{"rendered":"<p>Les punaises de lit infestent la France\u2026 et Saint-Di\u00e9-des-Vosges n\u2019y \u00e9chappe pas. Ce vendredi, l\u2019Education Nationale a annonc\u00e9 que 5 [&hellip;]<\/p>\n","protected":false},"author":1,"featured_media":4047,"comment_status":"open","ping_status":"open","sticky":false,"template":"","format":"standard","meta":{"footnotes":""},"categories":[20,18],"tags":[],"class_list":["post-4046","post","type-post","status-publish","format-standard","has-post-thumbnail","hentry","category-a-la-une","category-vosges"],"acf":[],"yoast_head":"<!-- This site is optimized with the Yoast SEO plugin v22.5 - https:\/\/yoast.com\/wordpress\/plugins\/seo\/ -->\n<title>Punaises de lit : un internat de Saint-Di\u00e9-des-Vosges ferm\u00e9 jusqu\u2019\u00e0 la Toussaint - Gerardmer Info<\/title>\n<meta name=\"robots\" content=\"index, follow, max-snippet:-1, max-image-preview:large, max-video-preview:-1\" \/>\n<link rel=\"canonical\" href=\"https:\/\/vosgesinfo.fr\/gerardmerinfo\/2023\/10\/punaises-de-lit-internat-de-saint-die-vosges-ferme-jusqua-toussaint\/\" \/>\n<meta name=\"twitter:card\" content=\"summary_large_image\" \/>\n<meta name=\"twitter:title\" content=\"Punaises de lit : un internat de Saint-Di\u00e9-des-Vosges ferm\u00e9 jusqu\u2019\u00e0 la Toussaint - Gerardmer Info\" \/>\n<meta name=\"twitter:description\" content=\"Les punaises de lit infestent la France\u2026 et Saint-Di\u00e9-des-Vosges n\u2019y \u00e9chappe pas. Ce vendredi, l\u2019Education Nationale a annonc\u00e9 que 5 [&hellip;]\" \/>\n<meta name=\"twitter:image\" content=\"https:\/\/vosgesinfo.fr\/app\/uploads\/sites\/6\/2023\/10\/pun.jpg\" \/>\n<meta name=\"twitter:creator\" content=\"@VosgesInfo88\" \/>\n<meta name=\"twitter:site\" content=\"@VosgesInfo88\" \/>\n<meta name=\"twitter:label1\" content=\"\u00c9crit par\" \/>\n\t<meta name=\"twitter:data1\" content=\"qs_admin\" \/>\n\t<meta name=\"twitter:label2\" content=\"Dur\u00e9e de lecture estim\u00e9e\" \/>\n\t<meta name=\"twitter:data2\" content=\"1 minute\" \/>\n<script type=\"application\/ld+json\" class=\"yoast-schema-graph\">{\"@context\":\"https:\/\/schema.org\",\"@graph\":[{\"@type\":\"Article\",\"@id\":\"https:\/\/vosgesinfo.fr\/gerardmerinfo\/2023\/10\/punaises-de-lit-internat-de-saint-die-vosges-ferme-jusqua-toussaint\/#article\",\"isPartOf\":{\"@id\":\"https:\/\/vosgesinfo.fr\/gerardmerinfo\/2023\/10\/punaises-de-lit-internat-de-saint-die-vosges-ferme-jusqua-toussaint\/\"},\"author\":{\"name\":\"qs_admin\",\"@id\":\"https:\/\/vosgesinfo.fr\/gerardmerinfo\/#\/schema\/person\/bc5d02d71e6932e81b6dadb7386667b1\"},\"headline\":\"Punaises de lit : un internat de Saint-Di\u00e9-des-Vosges ferm\u00e9 jusqu\u2019\u00e0 la Toussaint\",\"datePublished\":\"2023-10-06T12:35:56+00:00\",\"dateModified\":\"2023-10-06T12:35:56+00:00\",\"mainEntityOfPage\":{\"@id\":\"https:\/\/vosgesinfo.fr\/gerardmerinfo\/2023\/10\/punaises-de-lit-internat-de-saint-die-vosges-ferme-jusqua-toussaint\/\"},\"wordCount\":238,\"commentCount\":0,\"publisher\":{\"@id\":\"https:\/\/vosgesinfo.fr\/gerardmerinfo\/#organization\"},\"image\":{\"@id\":\"https:\/\/vosgesinfo.fr\/gerardmerinfo\/2023\/10\/punaises-de-lit-internat-de-saint-die-vosges-ferme-jusqua-toussaint\/#primaryimage\"},\"thumbnailUrl\":\"https:\/\/vosgesinfo.fr\/app\/uploads\/sites\/6\/2023\/10\/pun.jpg\",\"articleSection\":[\"A la une\",\"Vosges\"],\"inLanguage\":\"fr-FR\",\"potentialAction\":[{\"@type\":\"CommentAction\",\"name\":\"Comment\",\"target\":[\"https:\/\/vosgesinfo.fr\/gerardmerinfo\/2023\/10\/punaises-de-lit-internat-de-saint-die-vosges-ferme-jusqua-toussaint\/#respond\"]}]},{\"@type\":\"WebPage\",\"@id\":\"https:\/\/vosgesinfo.fr\/gerardmerinfo\/2023\/10\/punaises-de-lit-internat-de-saint-die-vosges-ferme-jusqua-toussaint\/\",\"url\":\"https:\/\/vosgesinfo.fr\/gerardmerinfo\/2023\/10\/punaises-de-lit-internat-de-saint-die-vosges-ferme-jusqua-toussaint\/\",\"name\":\"Punaises de lit : un internat de Saint-Di\u00e9-des-Vosges ferm\u00e9 jusqu\u2019\u00e0 la Toussaint - Gerardmer Info\",\"isPartOf\":{\"@id\":\"https:\/\/vosgesinfo.fr\/gerardmerinfo\/#website\"},\"primaryImageOfPage\":{\"@id\":\"https:\/\/vosgesinfo.fr\/gerardmerinfo\/2023\/10\/punaises-de-lit-internat-de-saint-die-vosges-ferme-jusqua-toussaint\/#primaryimage\"},\"image\":{\"@id\":\"https:\/\/vosgesinfo.fr\/gerardmerinfo\/2023\/10\/punaises-de-lit-internat-de-saint-die-vosges-ferme-jusqua-toussaint\/#primaryimage\"},\"thumbnailUrl\":\"https:\/\/vosgesinfo.fr\/app\/uploads\/sites\/6\/2023\/10\/pun.jpg\",\"datePublished\":\"2023-10-06T12:35:56+00:00\",\"dateModified\":\"2023-10-06T12:35:56+00:00\",\"breadcrumb\":{\"@id\":\"https:\/\/vosgesinfo.fr\/gerardmerinfo\/2023\/10\/punaises-de-lit-internat-de-saint-die-vosges-ferme-jusqua-toussaint\/#breadcrumb\"},\"inLanguage\":\"fr-FR\",\"potentialAction\":[{\"@type\":\"ReadAction\",\"target\":[\"https:\/\/vosgesinfo.fr\/gerardmerinfo\/2023\/10\/punaises-de-lit-internat-de-saint-die-vosges-ferme-jusqua-toussaint\/\"]}]},{\"@type\":\"ImageObject\",\"inLanguage\":\"fr-FR\",\"@id\":\"https:\/\/vosgesinfo.fr\/gerardmerinfo\/2023\/10\/punaises-de-lit-internat-de-saint-die-vosges-ferme-jusqua-toussaint\/#primaryimage\",\"url\":\"https:\/\/vosgesinfo.fr\/app\/uploads\/sites\/6\/2023\/10\/pun.jpg\",\"contentUrl\":\"https:\/\/vosgesinfo.fr\/app\/uploads\/sites\/6\/2023\/10\/pun.jpg\"},{\"@type\":\"BreadcrumbList\",\"@id\":\"https:\/\/vosgesinfo.fr\/gerardmerinfo\/2023\/10\/punaises-de-lit-internat-de-saint-die-vosges-ferme-jusqua-toussaint\/#breadcrumb\",\"itemListElement\":[{\"@type\":\"ListItem\",\"position\":1,\"name\":\"Home\",\"item\":\"https:\/\/vosgesinfo.fr\/gerardmerinfo\/\"},{\"@type\":\"ListItem\",\"position\":2,\"name\":\"Punaises de lit : un internat de Saint-Di\u00e9-des-Vosges ferm\u00e9 jusqu\u2019\u00e0 la Toussaint\"}]},{\"@type\":\"WebSite\",\"@id\":\"https:\/\/vosgesinfo.fr\/gerardmerinfo\/#website\",\"url\":\"https:\/\/vosgesinfo.fr\/gerardmerinfo\/\",\"name\":\"Gerardmer Info\",\"description\":\"Toute l&#039;actualit\u00e9 de G\u00e9rardmer\",\"publisher\":{\"@id\":\"https:\/\/vosgesinfo.fr\/gerardmerinfo\/#organization\"},\"alternateName\":\"Toute l'actualit\u00e9 de G\u00e9rardmer\",\"potentialAction\":[{\"@type\":\"SearchAction\",\"target\":{\"@type\":\"EntryPoint\",\"urlTemplate\":\"https:\/\/vosgesinfo.fr\/gerardmerinfo\/?s={search_term_string}\"},\"query-input\":\"required name=search_term_string\"}],\"inLanguage\":\"fr-FR\"},{\"@type\":\"Organization\",\"@id\":\"https:\/\/vosgesinfo.fr\/gerardmerinfo\/#organization\",\"name\":\"Gerardmer Info\",\"url\":\"https:\/\/vosgesinfo.fr\/gerardmerinfo\/\",\"logo\":{\"@type\":\"ImageObject\",\"inLanguage\":\"fr-FR\",\"@id\":\"https:\/\/vosgesinfo.fr\/gerardmerinfo\/#\/schema\/logo\/image\/\",\"url\":\"https:\/\/vosgesinfo.fr\/app\/uploads\/sites\/6\/2023\/08\/favicon-gerardmerinfo.png\",\"contentUrl\":\"https:\/\/vosgesinfo.fr\/app\/uploads\/sites\/6\/2023\/08\/favicon-gerardmerinfo.png\",\"width\":512,\"height\":512,\"caption\":\"Gerardmer Info\"},\"image\":{\"@id\":\"https:\/\/vosgesinfo.fr\/gerardmerinfo\/#\/schema\/logo\/image\/\"},\"sameAs\":[\"https:\/\/www.facebook.com\/profile.php?id=100049475262660\",\"https:\/\/x.com\/VosgesInfo88\",\"https:\/\/www.youtube.com\/@vosgesinfo\"]},{\"@type\":\"Person\",\"@id\":\"https:\/\/vosgesinfo.fr\/gerardmerinfo\/#\/schema\/person\/bc5d02d71e6932e81b6dadb7386667b1\",\"name\":\"qs_admin\",\"image\":{\"@type\":\"ImageObject\",\"inLanguage\":\"fr-FR\",\"@id\":\"https:\/\/vosgesinfo.fr\/gerardmerinfo\/#\/schema\/person\/image\/\",\"url\":\"https:\/\/secure.gravatar.com\/avatar\/94b18ee0ed79e4a42ea2f2931277b6841a8999fc6fde214600c78057cf1fe1de?s=96&d=mm&r=g\",\"contentUrl\":\"https:\/\/secure.gravatar.com\/avatar\/94b18ee0ed79e4a42ea2f2931277b6841a8999fc6fde214600c78057cf1fe1de?s=96&d=mm&r=g\",\"caption\":\"qs_admin\"},\"sameAs\":[\"https:\/\/vosgesinfo.fr\/wp\"],\"url\":\"https:\/\/vosgesinfo.fr\/gerardmerinfo\/author\/qs_admin\/\"}]}<\/script>\n<!-- \/ Yoast SEO plugin. -->","yoast_head_json":{"title":"Punaises de lit : un internat de Saint-Di\u00e9-des-Vosges ferm\u00e9 jusqu\u2019\u00e0 la Toussaint - Gerardmer Info","robots":{"index":"index","follow":"follow","max-snippet":"max-snippet:-1","max-image-preview":"max-image-preview:large","max-video-preview":"max-video-preview:-1"},"canonical":"https:\/\/vosgesinfo.fr\/gerardmerinfo\/2023\/10\/punaises-de-lit-internat-de-saint-die-vosges-ferme-jusqua-toussaint\/","twitter_card":"summary_large_image","twitter_title":"Punaises de lit : un internat de Saint-Di\u00e9-des-Vosges ferm\u00e9 jusqu\u2019\u00e0 la Toussaint - Gerardmer Info","twitter_description":"Les punaises de lit infestent la France\u2026 et Saint-Di\u00e9-des-Vosges n\u2019y \u00e9chappe pas. Ce vendredi, l\u2019Education Nationale a annonc\u00e9 que 5 [&hellip;]","twitter_image":"https:\/\/vosgesinfo.fr\/app\/uploads\/sites\/6\/2023\/10\/pun.jpg","twitter_creator":"@VosgesInfo88","twitter_site":"@VosgesInfo88","twitter_misc":{"\u00c9crit par":"qs_admin","Dur\u00e9e de lecture estim\u00e9e":"1 minute"},"schema":{"@context":"https:\/\/schema.org","@graph":[{"@type":"Article","@id":"https:\/\/vosgesinfo.fr\/gerardmerinfo\/2023\/10\/punaises-de-lit-internat-de-saint-die-vosges-ferme-jusqua-toussaint\/#article","isPartOf":{"@id":"https:\/\/vosgesinfo.fr\/gerardmerinfo\/2023\/10\/punaises-de-lit-internat-de-saint-die-vosges-ferme-jusqua-toussaint\/"},"author":{"name":"qs_admin","@id":"https:\/\/vosgesinfo.fr\/gerardmerinfo\/#\/schema\/person\/bc5d02d71e6932e81b6dadb7386667b1"},"headline":"Punaises de lit : un internat de Saint-Di\u00e9-des-Vosges ferm\u00e9 jusqu\u2019\u00e0 la Toussaint","datePublished":"2023-10-06T12:35:56+00:00","dateModified":"2023-10-06T12:35:56+00:00","mainEntityOfPage":{"@id":"https:\/\/vosgesinfo.fr\/gerardmerinfo\/2023\/10\/punaises-de-lit-internat-de-saint-die-vosges-ferme-jusqua-toussaint\/"},"wordCount":238,"commentCount":0,"publisher":{"@id":"https:\/\/vosgesinfo.fr\/gerardmerinfo\/#organization"},"image":{"@id":"https:\/\/vosgesinfo.fr\/gerardmerinfo\/2023\/10\/punaises-de-lit-internat-de-saint-die-vosges-ferme-jusqua-toussaint\/#primaryimage"},"thumbnailUrl":"https:\/\/vosgesinfo.fr\/app\/uploads\/sites\/6\/2023\/10\/pun.jpg","articleSection":["A la une","Vosges"],"inLanguage":"fr-FR","potentialAction":[{"@type":"CommentAction","name":"Comment","target":["https:\/\/vosgesinfo.fr\/gerardmerinfo\/2023\/10\/punaises-de-lit-internat-de-saint-die-vosges-ferme-jusqua-toussaint\/#respond"]}]},{"@type":"WebPage","@id":"https:\/\/vosgesinfo.fr\/gerardmerinfo\/2023\/10\/punaises-de-lit-internat-de-saint-die-vosges-ferme-jusqua-toussaint\/","url":"https:\/\/vosgesinfo.fr\/gerardmerinfo\/2023\/10\/punaises-de-lit-internat-de-saint-die-vosges-ferme-jusqua-toussaint\/","name":"Punaises de lit : un internat de Saint-Di\u00e9-des-Vosges ferm\u00e9 jusqu\u2019\u00e0 la Toussaint - Gerardmer Info","isPartOf":{"@id":"https:\/\/vosgesinfo.fr\/gerardmerinfo\/#website"},"primaryImageOfPage":{"@id":"https:\/\/vosgesinfo.fr\/gerardmerinfo\/2023\/10\/punaises-de-lit-internat-de-saint-die-vosges-ferme-jusqua-toussaint\/#primaryimage"},"image":{"@id":"https:\/\/vosgesinfo.fr\/gerardmerinfo\/2023\/10\/punaises-de-lit-internat-de-saint-die-vosges-ferme-jusqua-toussaint\/#primaryimage"},"thumbnailUrl":"https:\/\/vosgesinfo.fr\/app\/uploads\/sites\/6\/2023\/10\/pun.jpg","datePublished":"2023-10-06T12:35:56+00:00","dateModified":"2023-10-06T12:35:56+00:00","breadcrumb":{"@id":"https:\/\/vosgesinfo.fr\/gerardmerinfo\/2023\/10\/punaises-de-lit-internat-de-saint-die-vosges-ferme-jusqua-toussaint\/#breadcrumb"},"inLanguage":"fr-FR","potentialAction":[{"@type":"ReadAction","target":["https:\/\/vosgesinfo.fr\/gerardmerinfo\/2023\/10\/punaises-de-lit-internat-de-saint-die-vosges-ferme-jusqua-toussaint\/"]}]},{"@type":"ImageObject","inLanguage":"fr-FR","@id":"https:\/\/vosgesinfo.fr\/gerardmerinfo\/2023\/10\/punaises-de-lit-internat-de-saint-die-vosges-ferme-jusqua-toussaint\/#primaryimage","url":"https:\/\/vosgesinfo.fr\/app\/uploads\/sites\/6\/2023\/10\/pun.jpg","contentUrl":"https:\/\/vosgesinfo.fr\/app\/uploads\/sites\/6\/2023\/10\/pun.jpg"},{"@type":"BreadcrumbList","@id":"https:\/\/vosgesinfo.fr\/gerardmerinfo\/2023\/10\/punaises-de-lit-internat-de-saint-die-vosges-ferme-jusqua-toussaint\/#breadcrumb","itemListElement":[{"@type":"ListItem","position":1,"name":"Home","item":"https:\/\/vosgesinfo.fr\/gerardmerinfo\/"},{"@type":"ListItem","position":2,"name":"Punaises de lit : un internat de Saint-Di\u00e9-des-Vosges ferm\u00e9 jusqu\u2019\u00e0 la Toussaint"}]},{"@type":"WebSite","@id":"https:\/\/vosgesinfo.fr\/gerardmerinfo\/#website","url":"https:\/\/vosgesinfo.fr\/gerardmerinfo\/","name":"Gerardmer Info","description":"Toute l&#039;actualit\u00e9 de G\u00e9rardmer","publisher":{"@id":"https:\/\/vosgesinfo.fr\/gerardmerinfo\/#organization"},"alternateName":"Toute l'actualit\u00e9 de G\u00e9rardmer","potentialAction":[{"@type":"SearchAction","target":{"@type":"EntryPoint","urlTemplate":"https:\/\/vosgesinfo.fr\/gerardmerinfo\/?s={search_term_string}"},"query-input":"required name=search_term_string"}],"inLanguage":"fr-FR"},{"@type":"Organization","@id":"https:\/\/vosgesinfo.fr\/gerardmerinfo\/#organization","name":"Gerardmer Info","url":"https:\/\/vosgesinfo.fr\/gerardmerinfo\/","logo":{"@type":"ImageObject","inLanguage":"fr-FR","@id":"https:\/\/vosgesinfo.fr\/gerardmerinfo\/#\/schema\/logo\/image\/","url":"https:\/\/vosgesinfo.fr\/app\/uploads\/sites\/6\/2023\/08\/favicon-gerardmerinfo.png","contentUrl":"https:\/\/vosgesinfo.fr\/app\/uploads\/sites\/6\/2023\/08\/favicon-gerardmerinfo.png","width":512,"height":512,"caption":"Gerardmer Info"},"image":{"@id":"https:\/\/vosgesinfo.fr\/gerardmerinfo\/#\/schema\/logo\/image\/"},"sameAs":["https:\/\/www.facebook.com\/profile.php?id=100049475262660","https:\/\/x.com\/VosgesInfo88","https:\/\/www.youtube.com\/@vosgesinfo"]},{"@type":"Person","@id":"https:\/\/vosgesinfo.fr\/gerardmerinfo\/#\/schema\/person\/bc5d02d71e6932e81b6dadb7386667b1","name":"qs_admin","image":{"@type":"ImageObject","inLanguage":"fr-FR","@id":"https:\/\/vosgesinfo.fr\/gerardmerinfo\/#\/schema\/person\/image\/","url":"https:\/\/secure.gravatar.com\/avatar\/94b18ee0ed79e4a42ea2f2931277b6841a8999fc6fde214600c78057cf1fe1de?s=96&d=mm&r=g","contentUrl":"https:\/\/secure.gravatar.com\/avatar\/94b18ee0ed79e4a42ea2f2931277b6841a8999fc6fde214600c78057cf1fe1de?s=96&d=mm&r=g","caption":"qs_admin"},"sameAs":["https:\/\/vosgesinfo.fr\/wp"],"url":"https:\/\/vosgesinfo.fr\/gerardmerinfo\/author\/qs_admin\/"}]}},"_links":{"self":[{"href":"https:\/\/vosgesinfo.fr\/gerardmerinfo\/wp-json\/wp\/v2\/posts\/4046","targetHints":{"allow":["GET"]}}],"collection":[{"href":"https:\/\/vosgesinfo.fr\/gerardmerinfo\/wp-json\/wp\/v2\/posts"}],"about":[{"href":"https:\/\/vosgesinfo.fr\/gerardmerinfo\/wp-json\/wp\/v2\/types\/post"}],"author":[{"embeddable":true,"href":"https:\/\/vosgesinfo.fr\/gerardmerinfo\/wp-json\/wp\/v2\/users\/1"}],"replies":[{"embeddable":true,"href":"https:\/\/vosgesinfo.fr\/gerardmerinfo\/wp-json\/wp\/v2\/comments?post=4046"}],"version-history":[{"count":0,"href":"https:\/\/vosgesinfo.fr\/gerardmerinfo\/wp-json\/wp\/v2\/posts\/4046\/revisions"}],"wp:featuredmedia":[{"embeddable":true,"href":"https:\/\/vosgesinfo.fr\/gerardmerinfo\/wp-json\/wp\/v2\/media\/4047"}],"wp:attachment":[{"href":"https:\/\/vosgesinfo.fr\/gerardmerinfo\/wp-json\/wp\/v2\/media?parent=4046"}],"wp:term":[{"taxonomy":"category","embeddable":true,"href":"https:\/\/vosgesinfo.fr\/gerardmerinfo\/wp-json\/wp\/v2\/categories?post=4046"},{"taxonomy":"post_tag","embeddable":true,"href":"https:\/\/vosgesinfo.fr\/gerardmerinfo\/wp-json\/wp\/v2\/tags?post=4046"}],"curies":[{"name":"wp","href":"https:\/\/api.w.org\/{rel}","templated":true}]}}