{"id":4051,"date":"2023-10-07T06:00:16","date_gmt":"2023-10-07T04:00:16","guid":{"rendered":"https:\/\/vosgesinfo.fr\/gerardmerinfo\/2023\/10\/1ere-porte-ouverte-reussie-vinot\/"},"modified":"2023-10-07T06:00:16","modified_gmt":"2023-10-07T04:00:16","slug":"1ere-porte-ouverte-reussie-vinot","status":"publish","type":"post","link":"https:\/\/vosgesinfo.fr\/gerardmerinfo\/2023\/10\/1ere-porte-ouverte-reussie-vinot\/","title":{"rendered":"Une 1\u00e8re \u00ab\u00a0porte ouverte\u00a0\u00bb r\u00e9ussie au Vinot\u00a0!"},"content":{"rendered":"<p style=\"text-align: justify;\"><a href=\"https:\/\/gerardmerinfo.fr\/wp-content\/uploads\/2023\/10\/Porte-ouverte-Vinot.jpg\"><img decoding=\"async\" class=\"size-large wp-image-210652\" src=\"https:\/\/vosgesinfo.fr\/app\/uploads\/sites\/6\/2023\/10\/porte-ouverte-vinot-1024x768-1.jpg\" alt=\"Porte ouverte Vinot\" width=\"960\" height=\"720\" \/><\/a><\/p>\n<p>Imagin\u00e9e au printemps, \u00e0 l\u2019initiative du CCAS qui est gestionnaire de la r\u00e9sidence, cette journ\u00e9e avait pour but de faire changer l\u2019image du Vinot aupr\u00e8s des g\u00e9romois voire \u00e0 la faire connaitre. Une visite \u00e9tait propos\u00e9e par l\u2019\u00e9quipe du CCAS avec sa directrice, sa secr\u00e9taire, l\u2019agent technique charg\u00e9 du Vinot qui est pr\u00e9sent en journ\u00e9e toute la semaine ainsi que l\u2019assistante sociale qui tient une permanence tous les mardis et Fabienne Creteur-Cl\u00e9ment, adjointe aux affaires sociales. Un atelier p\u00e2tisserie avait \u00e9t\u00e9 r\u00e9alis\u00e9 la veille avec les r\u00e9sidents et les travailleuses sociales pour offrir un pot de bienvenue aux visiteurs dans l\u2019espace convivialit\u00e9.<\/p>\n<p>Trois r\u00e9sidents se sont propos\u00e9s pour faire visiter leur appartement. Ce sont des T1 bis ou T2. Il y a 43 logements dont 3 T2, une chambre pour les visiteurs et 3 logements ouverts aux jeunes en partenariat avec l\u2019association CLLAJ de St Di\u00e9\u00a0 pour l\u2019autonomie des jeunes\u00a0\u00e9tudiants ou en 1<sup>er<\/sup> emploi. Ils sont \u00e9quip\u00e9s d\u2019une lingerie, d\u2019un cellier personnel et quelques garages, d\u2019un beau jardin potager collectif cr\u00e9\u00e9 par les Parcs et Jardins de la ville, d\u2019une terrasse, de petits salons. Cette r\u00e9sidence est l\u00e0 pour ceux qui ont besoin de lien, qui se retrouvent un jour seuls dans leur grande maison. \u00ab\u00a0L\u2019automne est un moment propice pour venir r\u00e9sider au Vinot, avant l\u2019hiver et ses contraintes. \u00bb remarquait l\u2019adjointe au maire.<\/p>\n<p>De nombreuses associations proposent leurs services tout au long de l\u2019ann\u00e9e\u00a0: les cimes argent\u00e9es qui permettent des \u00e9changes, repas et sorties, France Alzheimer et ses animations 2 fois par mois, L\u2019ETAPS de la ville avec son atelier gym douce tous les vendredis, Sylvie et son cours de chant du mercredi, Delphine de la ludoth\u00e8que qui aborde l\u2019actualit\u00e9 de mani\u00e8re ludique et fait d\u00e9couvrir le jeu autrement, les coins biblioth\u00e8ques diss\u00e9min\u00e9s un peu partout, une exposition de photos. Le Rotary club tenait \u00e9galement un stand ainsi que Pr\u00e9sence Verte qui a \u00e9quip\u00e9 chaque r\u00e9sident d\u2019une t\u00e9l\u00e9 assistance, prise en charge par le CCAS.<\/p>\n<p>Le Vinot c\u2019est vivre librement dans son logement tout en b\u00e9n\u00e9ficiant de parties communes et d\u2019activit\u00e9s pour ceux qui le souhaitent, de temps forts et repas collectifs. C\u2019est b\u00e9n\u00e9ficier des services du portage des repas du CCGHV ou du priv\u00e9, de l\u2019ADMR, des aides de la CAF. De profiter surtout de la bienveillance les uns pour les autres. Une porte ouverte r\u00e9ussie qui a accueilli pr\u00e8s de 50\u00a0visiteurs tout au long de la journ\u00e9e.<\/p>\n\n","protected":false},"excerpt":{"rendered":"<p>Imagin\u00e9e au printemps, \u00e0 l\u2019initiative du CCAS qui est gestionnaire de la r\u00e9sidence, cette journ\u00e9e avait pour but de faire [&hellip;]<\/p>\n","protected":false},"author":258,"featured_media":4052,"comment_status":"open","ping_status":"open","sticky":false,"template":"","format":"standard","meta":{"footnotes":""},"categories":[20,25,13],"tags":[166,96],"class_list":["post-4051","post","type-post","status-publish","format-standard","has-post-thumbnail","hentry","category-a-la-une","category-gerardmer","category-societe","tag-ccas","tag-le-vinot"],"acf":[],"yoast_head":"<!-- This site is optimized with the Yoast SEO plugin v22.5 - https:\/\/yoast.com\/wordpress\/plugins\/seo\/ -->\n<title>Une 1\u00e8re &quot;porte ouverte&quot; r\u00e9ussie au Vinot\u00a0! - Gerardmer Info<\/title>\n<meta name=\"robots\" content=\"index, follow, max-snippet:-1, max-image-preview:large, max-video-preview:-1\" \/>\n<link rel=\"canonical\" href=\"https:\/\/vosgesinfo.fr\/gerardmerinfo\/2023\/10\/1ere-porte-ouverte-reussie-vinot\/\" \/>\n<meta name=\"twitter:card\" content=\"summary_large_image\" \/>\n<meta name=\"twitter:title\" content=\"Une 1\u00e8re &quot;porte ouverte&quot; r\u00e9ussie au Vinot\u00a0! - Gerardmer Info\" \/>\n<meta name=\"twitter:description\" content=\"Imagin\u00e9e au printemps, \u00e0 l\u2019initiative du CCAS qui est gestionnaire de la r\u00e9sidence, cette journ\u00e9e avait pour but de faire [&hellip;]\" \/>\n<meta name=\"twitter:image\" content=\"https:\/\/vosgesinfo.fr\/app\/uploads\/sites\/6\/2023\/10\/porte-ouverte-le-vinot-6.jpg\" \/>\n<meta name=\"twitter:creator\" content=\"@VosgesInfo88\" \/>\n<meta name=\"twitter:site\" content=\"@VosgesInfo88\" \/>\n<meta name=\"twitter:label1\" content=\"\u00c9crit par\" \/>\n\t<meta name=\"twitter:data1\" content=\"I.N\" \/>\n\t<meta name=\"twitter:label2\" content=\"Dur\u00e9e de lecture estim\u00e9e\" \/>\n\t<meta name=\"twitter:data2\" content=\"2 minutes\" \/>\n<script type=\"application\/ld+json\" class=\"yoast-schema-graph\">{\"@context\":\"https:\/\/schema.org\",\"@graph\":[{\"@type\":\"Article\",\"@id\":\"https:\/\/vosgesinfo.fr\/gerardmerinfo\/2023\/10\/1ere-porte-ouverte-reussie-vinot\/#article\",\"isPartOf\":{\"@id\":\"https:\/\/vosgesinfo.fr\/gerardmerinfo\/2023\/10\/1ere-porte-ouverte-reussie-vinot\/\"},\"author\":{\"name\":\"I.N\",\"@id\":\"https:\/\/vosgesinfo.fr\/gerardmerinfo\/#\/schema\/person\/bb210d3430e59ff5cd247deaccb63615\"},\"headline\":\"Une 1\u00e8re \u00ab\u00a0porte ouverte\u00a0\u00bb r\u00e9ussie au Vinot\u00a0!\",\"datePublished\":\"2023-10-07T04:00:16+00:00\",\"dateModified\":\"2023-10-07T04:00:16+00:00\",\"mainEntityOfPage\":{\"@id\":\"https:\/\/vosgesinfo.fr\/gerardmerinfo\/2023\/10\/1ere-porte-ouverte-reussie-vinot\/\"},\"wordCount\":469,\"commentCount\":0,\"publisher\":{\"@id\":\"https:\/\/vosgesinfo.fr\/gerardmerinfo\/#organization\"},\"image\":{\"@id\":\"https:\/\/vosgesinfo.fr\/gerardmerinfo\/2023\/10\/1ere-porte-ouverte-reussie-vinot\/#primaryimage\"},\"thumbnailUrl\":\"https:\/\/vosgesinfo.fr\/app\/uploads\/sites\/6\/2023\/10\/porte-ouverte-le-vinot-6.jpg\",\"keywords\":[\"CCAS\",\"Le Vinot\"],\"articleSection\":[\"A la une\",\"G\u00e9rardmer\",\"Soci\u00e9t\u00e9\"],\"inLanguage\":\"fr-FR\",\"potentialAction\":[{\"@type\":\"CommentAction\",\"name\":\"Comment\",\"target\":[\"https:\/\/vosgesinfo.fr\/gerardmerinfo\/2023\/10\/1ere-porte-ouverte-reussie-vinot\/#respond\"]}]},{\"@type\":\"WebPage\",\"@id\":\"https:\/\/vosgesinfo.fr\/gerardmerinfo\/2023\/10\/1ere-porte-ouverte-reussie-vinot\/\",\"url\":\"https:\/\/vosgesinfo.fr\/gerardmerinfo\/2023\/10\/1ere-porte-ouverte-reussie-vinot\/\",\"name\":\"Une 1\u00e8re \\\"porte ouverte\\\" r\u00e9ussie au Vinot\u00a0! - Gerardmer Info\",\"isPartOf\":{\"@id\":\"https:\/\/vosgesinfo.fr\/gerardmerinfo\/#website\"},\"primaryImageOfPage\":{\"@id\":\"https:\/\/vosgesinfo.fr\/gerardmerinfo\/2023\/10\/1ere-porte-ouverte-reussie-vinot\/#primaryimage\"},\"image\":{\"@id\":\"https:\/\/vosgesinfo.fr\/gerardmerinfo\/2023\/10\/1ere-porte-ouverte-reussie-vinot\/#primaryimage\"},\"thumbnailUrl\":\"https:\/\/vosgesinfo.fr\/app\/uploads\/sites\/6\/2023\/10\/porte-ouverte-le-vinot-6.jpg\",\"datePublished\":\"2023-10-07T04:00:16+00:00\",\"dateModified\":\"2023-10-07T04:00:16+00:00\",\"breadcrumb\":{\"@id\":\"https:\/\/vosgesinfo.fr\/gerardmerinfo\/2023\/10\/1ere-porte-ouverte-reussie-vinot\/#breadcrumb\"},\"inLanguage\":\"fr-FR\",\"potentialAction\":[{\"@type\":\"ReadAction\",\"target\":[\"https:\/\/vosgesinfo.fr\/gerardmerinfo\/2023\/10\/1ere-porte-ouverte-reussie-vinot\/\"]}]},{\"@type\":\"ImageObject\",\"inLanguage\":\"fr-FR\",\"@id\":\"https:\/\/vosgesinfo.fr\/gerardmerinfo\/2023\/10\/1ere-porte-ouverte-reussie-vinot\/#primaryimage\",\"url\":\"https:\/\/vosgesinfo.fr\/app\/uploads\/sites\/6\/2023\/10\/porte-ouverte-le-vinot-6.jpg\",\"contentUrl\":\"https:\/\/vosgesinfo.fr\/app\/uploads\/sites\/6\/2023\/10\/porte-ouverte-le-vinot-6.jpg\"},{\"@type\":\"BreadcrumbList\",\"@id\":\"https:\/\/vosgesinfo.fr\/gerardmerinfo\/2023\/10\/1ere-porte-ouverte-reussie-vinot\/#breadcrumb\",\"itemListElement\":[{\"@type\":\"ListItem\",\"position\":1,\"name\":\"Home\",\"item\":\"https:\/\/vosgesinfo.fr\/gerardmerinfo\/\"},{\"@type\":\"ListItem\",\"position\":2,\"name\":\"Une 1\u00e8re \u00ab\u00a0porte ouverte\u00a0\u00bb r\u00e9ussie au Vinot\u00a0!\"}]},{\"@type\":\"WebSite\",\"@id\":\"https:\/\/vosgesinfo.fr\/gerardmerinfo\/#website\",\"url\":\"https:\/\/vosgesinfo.fr\/gerardmerinfo\/\",\"name\":\"Gerardmer Info\",\"description\":\"Toute l&#039;actualit\u00e9 de G\u00e9rardmer\",\"publisher\":{\"@id\":\"https:\/\/vosgesinfo.fr\/gerardmerinfo\/#organization\"},\"alternateName\":\"Toute l'actualit\u00e9 de G\u00e9rardmer\",\"potentialAction\":[{\"@type\":\"SearchAction\",\"target\":{\"@type\":\"EntryPoint\",\"urlTemplate\":\"https:\/\/vosgesinfo.fr\/gerardmerinfo\/?s={search_term_string}\"},\"query-input\":\"required name=search_term_string\"}],\"inLanguage\":\"fr-FR\"},{\"@type\":\"Organization\",\"@id\":\"https:\/\/vosgesinfo.fr\/gerardmerinfo\/#organization\",\"name\":\"Gerardmer Info\",\"url\":\"https:\/\/vosgesinfo.fr\/gerardmerinfo\/\",\"logo\":{\"@type\":\"ImageObject\",\"inLanguage\":\"fr-FR\",\"@id\":\"https:\/\/vosgesinfo.fr\/gerardmerinfo\/#\/schema\/logo\/image\/\",\"url\":\"https:\/\/vosgesinfo.fr\/app\/uploads\/sites\/6\/2023\/08\/favicon-gerardmerinfo.png\",\"contentUrl\":\"https:\/\/vosgesinfo.fr\/app\/uploads\/sites\/6\/2023\/08\/favicon-gerardmerinfo.png\",\"width\":512,\"height\":512,\"caption\":\"Gerardmer Info\"},\"image\":{\"@id\":\"https:\/\/vosgesinfo.fr\/gerardmerinfo\/#\/schema\/logo\/image\/\"},\"sameAs\":[\"https:\/\/www.facebook.com\/profile.php?id=100049475262660\",\"https:\/\/x.com\/VosgesInfo88\",\"https:\/\/www.youtube.com\/@vosgesinfo\"]},{\"@type\":\"Person\",\"@id\":\"https:\/\/vosgesinfo.fr\/gerardmerinfo\/#\/schema\/person\/bb210d3430e59ff5cd247deaccb63615\",\"name\":\"I.N\",\"image\":{\"@type\":\"ImageObject\",\"inLanguage\":\"fr-FR\",\"@id\":\"https:\/\/vosgesinfo.fr\/gerardmerinfo\/#\/schema\/person\/image\/\",\"url\":\"https:\/\/secure.gravatar.com\/avatar\/612d5c20a39b1c8bc5675cc8e3d99e120730e7d080423fdafec485619845af71?s=96&d=mm&r=g\",\"contentUrl\":\"https:\/\/secure.gravatar.com\/avatar\/612d5c20a39b1c8bc5675cc8e3d99e120730e7d080423fdafec485619845af71?s=96&d=mm&r=g\",\"caption\":\"I.N\"},\"url\":\"https:\/\/vosgesinfo.fr\/gerardmerinfo\/author\/i-ngerardmer\/\"}]}<\/script>\n<!-- \/ Yoast SEO plugin. -->","yoast_head_json":{"title":"Une 1\u00e8re \"porte ouverte\" r\u00e9ussie au Vinot\u00a0! - Gerardmer Info","robots":{"index":"index","follow":"follow","max-snippet":"max-snippet:-1","max-image-preview":"max-image-preview:large","max-video-preview":"max-video-preview:-1"},"canonical":"https:\/\/vosgesinfo.fr\/gerardmerinfo\/2023\/10\/1ere-porte-ouverte-reussie-vinot\/","twitter_card":"summary_large_image","twitter_title":"Une 1\u00e8re \"porte ouverte\" r\u00e9ussie au Vinot\u00a0! - Gerardmer Info","twitter_description":"Imagin\u00e9e au printemps, \u00e0 l\u2019initiative du CCAS qui est gestionnaire de la r\u00e9sidence, cette journ\u00e9e avait pour but de faire [&hellip;]","twitter_image":"https:\/\/vosgesinfo.fr\/app\/uploads\/sites\/6\/2023\/10\/porte-ouverte-le-vinot-6.jpg","twitter_creator":"@VosgesInfo88","twitter_site":"@VosgesInfo88","twitter_misc":{"\u00c9crit par":"I.N","Dur\u00e9e de lecture estim\u00e9e":"2 minutes"},"schema":{"@context":"https:\/\/schema.org","@graph":[{"@type":"Article","@id":"https:\/\/vosgesinfo.fr\/gerardmerinfo\/2023\/10\/1ere-porte-ouverte-reussie-vinot\/#article","isPartOf":{"@id":"https:\/\/vosgesinfo.fr\/gerardmerinfo\/2023\/10\/1ere-porte-ouverte-reussie-vinot\/"},"author":{"name":"I.N","@id":"https:\/\/vosgesinfo.fr\/gerardmerinfo\/#\/schema\/person\/bb210d3430e59ff5cd247deaccb63615"},"headline":"Une 1\u00e8re \u00ab\u00a0porte ouverte\u00a0\u00bb r\u00e9ussie au Vinot\u00a0!","datePublished":"2023-10-07T04:00:16+00:00","dateModified":"2023-10-07T04:00:16+00:00","mainEntityOfPage":{"@id":"https:\/\/vosgesinfo.fr\/gerardmerinfo\/2023\/10\/1ere-porte-ouverte-reussie-vinot\/"},"wordCount":469,"commentCount":0,"publisher":{"@id":"https:\/\/vosgesinfo.fr\/gerardmerinfo\/#organization"},"image":{"@id":"https:\/\/vosgesinfo.fr\/gerardmerinfo\/2023\/10\/1ere-porte-ouverte-reussie-vinot\/#primaryimage"},"thumbnailUrl":"https:\/\/vosgesinfo.fr\/app\/uploads\/sites\/6\/2023\/10\/porte-ouverte-le-vinot-6.jpg","keywords":["CCAS","Le Vinot"],"articleSection":["A la une","G\u00e9rardmer","Soci\u00e9t\u00e9"],"inLanguage":"fr-FR","potentialAction":[{"@type":"CommentAction","name":"Comment","target":["https:\/\/vosgesinfo.fr\/gerardmerinfo\/2023\/10\/1ere-porte-ouverte-reussie-vinot\/#respond"]}]},{"@type":"WebPage","@id":"https:\/\/vosgesinfo.fr\/gerardmerinfo\/2023\/10\/1ere-porte-ouverte-reussie-vinot\/","url":"https:\/\/vosgesinfo.fr\/gerardmerinfo\/2023\/10\/1ere-porte-ouverte-reussie-vinot\/","name":"Une 1\u00e8re \"porte ouverte\" r\u00e9ussie au Vinot\u00a0! - Gerardmer Info","isPartOf":{"@id":"https:\/\/vosgesinfo.fr\/gerardmerinfo\/#website"},"primaryImageOfPage":{"@id":"https:\/\/vosgesinfo.fr\/gerardmerinfo\/2023\/10\/1ere-porte-ouverte-reussie-vinot\/#primaryimage"},"image":{"@id":"https:\/\/vosgesinfo.fr\/gerardmerinfo\/2023\/10\/1ere-porte-ouverte-reussie-vinot\/#primaryimage"},"thumbnailUrl":"https:\/\/vosgesinfo.fr\/app\/uploads\/sites\/6\/2023\/10\/porte-ouverte-le-vinot-6.jpg","datePublished":"2023-10-07T04:00:16+00:00","dateModified":"2023-10-07T04:00:16+00:00","breadcrumb":{"@id":"https:\/\/vosgesinfo.fr\/gerardmerinfo\/2023\/10\/1ere-porte-ouverte-reussie-vinot\/#breadcrumb"},"inLanguage":"fr-FR","potentialAction":[{"@type":"ReadAction","target":["https:\/\/vosgesinfo.fr\/gerardmerinfo\/2023\/10\/1ere-porte-ouverte-reussie-vinot\/"]}]},{"@type":"ImageObject","inLanguage":"fr-FR","@id":"https:\/\/vosgesinfo.fr\/gerardmerinfo\/2023\/10\/1ere-porte-ouverte-reussie-vinot\/#primaryimage","url":"https:\/\/vosgesinfo.fr\/app\/uploads\/sites\/6\/2023\/10\/porte-ouverte-le-vinot-6.jpg","contentUrl":"https:\/\/vosgesinfo.fr\/app\/uploads\/sites\/6\/2023\/10\/porte-ouverte-le-vinot-6.jpg"},{"@type":"BreadcrumbList","@id":"https:\/\/vosgesinfo.fr\/gerardmerinfo\/2023\/10\/1ere-porte-ouverte-reussie-vinot\/#breadcrumb","itemListElement":[{"@type":"ListItem","position":1,"name":"Home","item":"https:\/\/vosgesinfo.fr\/gerardmerinfo\/"},{"@type":"ListItem","position":2,"name":"Une 1\u00e8re \u00ab\u00a0porte ouverte\u00a0\u00bb r\u00e9ussie au Vinot\u00a0!"}]},{"@type":"WebSite","@id":"https:\/\/vosgesinfo.fr\/gerardmerinfo\/#website","url":"https:\/\/vosgesinfo.fr\/gerardmerinfo\/","name":"Gerardmer Info","description":"Toute l&#039;actualit\u00e9 de G\u00e9rardmer","publisher":{"@id":"https:\/\/vosgesinfo.fr\/gerardmerinfo\/#organization"},"alternateName":"Toute l'actualit\u00e9 de G\u00e9rardmer","potentialAction":[{"@type":"SearchAction","target":{"@type":"EntryPoint","urlTemplate":"https:\/\/vosgesinfo.fr\/gerardmerinfo\/?s={search_term_string}"},"query-input":"required name=search_term_string"}],"inLanguage":"fr-FR"},{"@type":"Organization","@id":"https:\/\/vosgesinfo.fr\/gerardmerinfo\/#organization","name":"Gerardmer Info","url":"https:\/\/vosgesinfo.fr\/gerardmerinfo\/","logo":{"@type":"ImageObject","inLanguage":"fr-FR","@id":"https:\/\/vosgesinfo.fr\/gerardmerinfo\/#\/schema\/logo\/image\/","url":"https:\/\/vosgesinfo.fr\/app\/uploads\/sites\/6\/2023\/08\/favicon-gerardmerinfo.png","contentUrl":"https:\/\/vosgesinfo.fr\/app\/uploads\/sites\/6\/2023\/08\/favicon-gerardmerinfo.png","width":512,"height":512,"caption":"Gerardmer Info"},"image":{"@id":"https:\/\/vosgesinfo.fr\/gerardmerinfo\/#\/schema\/logo\/image\/"},"sameAs":["https:\/\/www.facebook.com\/profile.php?id=100049475262660","https:\/\/x.com\/VosgesInfo88","https:\/\/www.youtube.com\/@vosgesinfo"]},{"@type":"Person","@id":"https:\/\/vosgesinfo.fr\/gerardmerinfo\/#\/schema\/person\/bb210d3430e59ff5cd247deaccb63615","name":"I.N","image":{"@type":"ImageObject","inLanguage":"fr-FR","@id":"https:\/\/vosgesinfo.fr\/gerardmerinfo\/#\/schema\/person\/image\/","url":"https:\/\/secure.gravatar.com\/avatar\/612d5c20a39b1c8bc5675cc8e3d99e120730e7d080423fdafec485619845af71?s=96&d=mm&r=g","contentUrl":"https:\/\/secure.gravatar.com\/avatar\/612d5c20a39b1c8bc5675cc8e3d99e120730e7d080423fdafec485619845af71?s=96&d=mm&r=g","caption":"I.N"},"url":"https:\/\/vosgesinfo.fr\/gerardmerinfo\/author\/i-ngerardmer\/"}]}},"_links":{"self":[{"href":"https:\/\/vosgesinfo.fr\/gerardmerinfo\/wp-json\/wp\/v2\/posts\/4051","targetHints":{"allow":["GET"]}}],"collection":[{"href":"https:\/\/vosgesinfo.fr\/gerardmerinfo\/wp-json\/wp\/v2\/posts"}],"about":[{"href":"https:\/\/vosgesinfo.fr\/gerardmerinfo\/wp-json\/wp\/v2\/types\/post"}],"author":[{"embeddable":true,"href":"https:\/\/vosgesinfo.fr\/gerardmerinfo\/wp-json\/wp\/v2\/users\/258"}],"replies":[{"embeddable":true,"href":"https:\/\/vosgesinfo.fr\/gerardmerinfo\/wp-json\/wp\/v2\/comments?post=4051"}],"version-history":[{"count":0,"href":"https:\/\/vosgesinfo.fr\/gerardmerinfo\/wp-json\/wp\/v2\/posts\/4051\/revisions"}],"wp:featuredmedia":[{"embeddable":true,"href":"https:\/\/vosgesinfo.fr\/gerardmerinfo\/wp-json\/wp\/v2\/media\/4052"}],"wp:attachment":[{"href":"https:\/\/vosgesinfo.fr\/gerardmerinfo\/wp-json\/wp\/v2\/media?parent=4051"}],"wp:term":[{"taxonomy":"category","embeddable":true,"href":"https:\/\/vosgesinfo.fr\/gerardmerinfo\/wp-json\/wp\/v2\/categories?post=4051"},{"taxonomy":"post_tag","embeddable":true,"href":"https:\/\/vosgesinfo.fr\/gerardmerinfo\/wp-json\/wp\/v2\/tags?post=4051"}],"curies":[{"name":"wp","href":"https:\/\/api.w.org\/{rel}","templated":true}]}}