{"id":40545,"date":"2019-03-24T11:00:02","date_gmt":"2019-03-24T10:00:02","guid":{"rendered":"https:\/\/vosgesinfo.fr\/gerardmerinfo\/2019\/03\/ladieu-rotariens-a-ami-francois-lobjoy\/"},"modified":"2019-03-24T11:00:02","modified_gmt":"2019-03-24T10:00:02","slug":"ladieu-rotariens-a-ami-francois-lobjoy","status":"publish","type":"post","link":"https:\/\/vosgesinfo.fr\/gerardmerinfo\/2019\/03\/ladieu-rotariens-a-ami-francois-lobjoy\/","title":{"rendered":"L\u2019adieu des Rotariens \u00e0 leur ami Fran\u00e7ois LOBJOY"},"content":{"rendered":"<p><strong><a href=\"https:\/\/gerardmerinfo.fr\/2019\/03\/ladieu-rotariens-a-ami-francois-lobjoy\/francois-lobjoy\/\" rel=\"attachment wp-att-143898\"><img decoding=\"async\" class=\"alignright size-full wp-image-143898\" src=\"\/2019\/03\/Fran\u00e7ois-LOBJOY.png\" alt=\"Fran\u00e7ois LOBJOY\" width=\"249\" height=\"505\" \/><\/a><\/strong>Les rotariens ont appris avec beaucoup de tristesse le d\u00e9part de leur ami Fran\u00e7ois Lobjoy. Pendant quatre d\u00e9cennies il a dirig\u00e9 un cabinet d\u2019architecture sur G\u00e9rardmer et sur Belfort \u00a0et on ne compte plus les projets qu\u2019il a port\u00e9s et au service desquels il a mis son talent professionnel.<\/p>\n<p>Homme de culture, il avait une conception \u00e9lev\u00e9e de son m\u00e9tier et ne transigeait jamais dans son approche avec l\u2019exigence de rigueur, d\u2019esth\u00e9tique et de qualit\u00e9 command\u00e9e par son art.<\/p>\n<p>Rentr\u00e9 au Club en 1979 il en a \u00e9t\u00e9 un membre actif et assidu jusqu\u2019en 2017, ann\u00e9e durant laquelle il \u00e9t\u00e9 \u00e9lu membre d\u2019honneur par ses pairs.<\/p>\n<p>Ses amis rotariens, comme tous ceux qui l&rsquo;ont approch\u00e9,\u00a0garderont l&rsquo;image d&rsquo;un homme d&rsquo;une grande civilit\u00e9 qui\u00a0mettait une profonde gentillesse\u00a0dans ses \u00e9changes avec\u00a0les autres&#8230;<\/p>\n<p>C&rsquo;\u00e9tait aussi un conteur hors pair qui savait trousser l&rsquo;anecdote\u00a0avec humour et finesse\u00a0ce qui rendait\u00a0sa conversation savoureuse et sa compagnie fort agr\u00e9able.<\/p>\n<p>Il a eu la joie, malgr\u00e9 les ennuis de sant\u00e9 qui ont marqu\u00e9 la fin de sa vie,\u00a0de pouvoir cultiver l&rsquo;art d&rsquo;\u00eatre grand-p\u00e8re\u00a0aupr\u00e8s de ses deux petits enfants dont\u00a0la pr\u00e9sence a contribu\u00e9 \u00e0 adoucir la fin de sa vie.<\/p>\n<p>A\u00a0Michou, son \u00e9pouse, qui l&rsquo;a soutenu sans faiblir sur\u00a0son chemin de souffrance, ainsi qu\u2019\u00e0 Marie-Sophie, sa fille, les rotariens disent toute leur compassion et leur amiti\u00e9 en ces \u00a0\u00a0douloureuses circonstances.<\/p>\n","protected":false},"excerpt":{"rendered":"<p>Les rotariens ont appris avec beaucoup de tristesse le d\u00e9part de leur ami Fran\u00e7ois Lobjoy. Pendant quatre d\u00e9cennies il a [&hellip;]<\/p>\n","protected":false},"author":1,"featured_media":40546,"comment_status":"open","ping_status":"open","sticky":false,"template":"","format":"standard","meta":{"footnotes":""},"categories":[20],"tags":[],"class_list":["post-40545","post","type-post","status-publish","format-standard","has-post-thumbnail","hentry","category-a-la-une"],"acf":[],"yoast_head":"<!-- This site is optimized with the Yoast SEO plugin v22.5 - https:\/\/yoast.com\/wordpress\/plugins\/seo\/ -->\n<title>L\u2019adieu des Rotariens \u00e0 leur ami Fran\u00e7ois LOBJOY - Gerardmer Info<\/title>\n<meta name=\"robots\" content=\"index, follow, max-snippet:-1, max-image-preview:large, max-video-preview:-1\" \/>\n<link rel=\"canonical\" href=\"https:\/\/vosgesinfo.fr\/gerardmerinfo\/2019\/03\/ladieu-rotariens-a-ami-francois-lobjoy\/\" \/>\n<meta name=\"twitter:card\" content=\"summary_large_image\" \/>\n<meta name=\"twitter:title\" content=\"L\u2019adieu des Rotariens \u00e0 leur ami Fran\u00e7ois LOBJOY - Gerardmer Info\" \/>\n<meta name=\"twitter:description\" content=\"Les rotariens ont appris avec beaucoup de tristesse le d\u00e9part de leur ami Fran\u00e7ois Lobjoy. Pendant quatre d\u00e9cennies il a [&hellip;]\" \/>\n<meta name=\"twitter:image\" content=\"https:\/\/vosgesinfo.fr\/app\/uploads\/sites\/6\/2024\/07\/201903francois-lobjoy.png\" \/>\n<meta name=\"twitter:creator\" content=\"@VosgesInfo88\" \/>\n<meta name=\"twitter:site\" content=\"@VosgesInfo88\" \/>\n<meta name=\"twitter:label1\" content=\"\u00c9crit par\" \/>\n\t<meta name=\"twitter:data1\" content=\"qs_admin\" \/>\n\t<meta name=\"twitter:label2\" content=\"Dur\u00e9e de lecture estim\u00e9e\" \/>\n\t<meta name=\"twitter:data2\" content=\"1 minute\" \/>\n<script type=\"application\/ld+json\" class=\"yoast-schema-graph\">{\"@context\":\"https:\/\/schema.org\",\"@graph\":[{\"@type\":\"Article\",\"@id\":\"https:\/\/vosgesinfo.fr\/gerardmerinfo\/2019\/03\/ladieu-rotariens-a-ami-francois-lobjoy\/#article\",\"isPartOf\":{\"@id\":\"https:\/\/vosgesinfo.fr\/gerardmerinfo\/2019\/03\/ladieu-rotariens-a-ami-francois-lobjoy\/\"},\"author\":{\"name\":\"qs_admin\",\"@id\":\"https:\/\/vosgesinfo.fr\/gerardmerinfo\/#\/schema\/person\/bc5d02d71e6932e81b6dadb7386667b1\"},\"headline\":\"L\u2019adieu des Rotariens \u00e0 leur ami Fran\u00e7ois LOBJOY\",\"datePublished\":\"2019-03-24T10:00:02+00:00\",\"dateModified\":\"2019-03-24T10:00:02+00:00\",\"mainEntityOfPage\":{\"@id\":\"https:\/\/vosgesinfo.fr\/gerardmerinfo\/2019\/03\/ladieu-rotariens-a-ami-francois-lobjoy\/\"},\"wordCount\":267,\"commentCount\":0,\"publisher\":{\"@id\":\"https:\/\/vosgesinfo.fr\/gerardmerinfo\/#organization\"},\"image\":{\"@id\":\"https:\/\/vosgesinfo.fr\/gerardmerinfo\/2019\/03\/ladieu-rotariens-a-ami-francois-lobjoy\/#primaryimage\"},\"thumbnailUrl\":\"https:\/\/vosgesinfo.fr\/app\/uploads\/sites\/6\/2024\/07\/201903francois-lobjoy.png\",\"articleSection\":[\"A la une\"],\"inLanguage\":\"fr-FR\",\"potentialAction\":[{\"@type\":\"CommentAction\",\"name\":\"Comment\",\"target\":[\"https:\/\/vosgesinfo.fr\/gerardmerinfo\/2019\/03\/ladieu-rotariens-a-ami-francois-lobjoy\/#respond\"]}]},{\"@type\":\"WebPage\",\"@id\":\"https:\/\/vosgesinfo.fr\/gerardmerinfo\/2019\/03\/ladieu-rotariens-a-ami-francois-lobjoy\/\",\"url\":\"https:\/\/vosgesinfo.fr\/gerardmerinfo\/2019\/03\/ladieu-rotariens-a-ami-francois-lobjoy\/\",\"name\":\"L\u2019adieu des Rotariens \u00e0 leur ami Fran\u00e7ois LOBJOY - Gerardmer Info\",\"isPartOf\":{\"@id\":\"https:\/\/vosgesinfo.fr\/gerardmerinfo\/#website\"},\"primaryImageOfPage\":{\"@id\":\"https:\/\/vosgesinfo.fr\/gerardmerinfo\/2019\/03\/ladieu-rotariens-a-ami-francois-lobjoy\/#primaryimage\"},\"image\":{\"@id\":\"https:\/\/vosgesinfo.fr\/gerardmerinfo\/2019\/03\/ladieu-rotariens-a-ami-francois-lobjoy\/#primaryimage\"},\"thumbnailUrl\":\"https:\/\/vosgesinfo.fr\/app\/uploads\/sites\/6\/2024\/07\/201903francois-lobjoy.png\",\"datePublished\":\"2019-03-24T10:00:02+00:00\",\"dateModified\":\"2019-03-24T10:00:02+00:00\",\"breadcrumb\":{\"@id\":\"https:\/\/vosgesinfo.fr\/gerardmerinfo\/2019\/03\/ladieu-rotariens-a-ami-francois-lobjoy\/#breadcrumb\"},\"inLanguage\":\"fr-FR\",\"potentialAction\":[{\"@type\":\"ReadAction\",\"target\":[\"https:\/\/vosgesinfo.fr\/gerardmerinfo\/2019\/03\/ladieu-rotariens-a-ami-francois-lobjoy\/\"]}]},{\"@type\":\"ImageObject\",\"inLanguage\":\"fr-FR\",\"@id\":\"https:\/\/vosgesinfo.fr\/gerardmerinfo\/2019\/03\/ladieu-rotariens-a-ami-francois-lobjoy\/#primaryimage\",\"url\":\"https:\/\/vosgesinfo.fr\/app\/uploads\/sites\/6\/2024\/07\/201903francois-lobjoy.png\",\"contentUrl\":\"https:\/\/vosgesinfo.fr\/app\/uploads\/sites\/6\/2024\/07\/201903francois-lobjoy.png\",\"width\":249,\"height\":505},{\"@type\":\"BreadcrumbList\",\"@id\":\"https:\/\/vosgesinfo.fr\/gerardmerinfo\/2019\/03\/ladieu-rotariens-a-ami-francois-lobjoy\/#breadcrumb\",\"itemListElement\":[{\"@type\":\"ListItem\",\"position\":1,\"name\":\"Home\",\"item\":\"https:\/\/vosgesinfo.fr\/gerardmerinfo\/\"},{\"@type\":\"ListItem\",\"position\":2,\"name\":\"L\u2019adieu des Rotariens \u00e0 leur ami Fran\u00e7ois LOBJOY\"}]},{\"@type\":\"WebSite\",\"@id\":\"https:\/\/vosgesinfo.fr\/gerardmerinfo\/#website\",\"url\":\"https:\/\/vosgesinfo.fr\/gerardmerinfo\/\",\"name\":\"Gerardmer Info\",\"description\":\"Toute l&#039;actualit\u00e9 de G\u00e9rardmer\",\"publisher\":{\"@id\":\"https:\/\/vosgesinfo.fr\/gerardmerinfo\/#organization\"},\"alternateName\":\"Toute l'actualit\u00e9 de G\u00e9rardmer\",\"potentialAction\":[{\"@type\":\"SearchAction\",\"target\":{\"@type\":\"EntryPoint\",\"urlTemplate\":\"https:\/\/vosgesinfo.fr\/gerardmerinfo\/?s={search_term_string}\"},\"query-input\":\"required name=search_term_string\"}],\"inLanguage\":\"fr-FR\"},{\"@type\":\"Organization\",\"@id\":\"https:\/\/vosgesinfo.fr\/gerardmerinfo\/#organization\",\"name\":\"Gerardmer Info\",\"url\":\"https:\/\/vosgesinfo.fr\/gerardmerinfo\/\",\"logo\":{\"@type\":\"ImageObject\",\"inLanguage\":\"fr-FR\",\"@id\":\"https:\/\/vosgesinfo.fr\/gerardmerinfo\/#\/schema\/logo\/image\/\",\"url\":\"https:\/\/vosgesinfo.fr\/app\/uploads\/sites\/6\/2023\/08\/favicon-gerardmerinfo.png\",\"contentUrl\":\"https:\/\/vosgesinfo.fr\/app\/uploads\/sites\/6\/2023\/08\/favicon-gerardmerinfo.png\",\"width\":512,\"height\":512,\"caption\":\"Gerardmer Info\"},\"image\":{\"@id\":\"https:\/\/vosgesinfo.fr\/gerardmerinfo\/#\/schema\/logo\/image\/\"},\"sameAs\":[\"https:\/\/www.facebook.com\/profile.php?id=100049475262660\",\"https:\/\/x.com\/VosgesInfo88\",\"https:\/\/www.youtube.com\/@vosgesinfo\"]},{\"@type\":\"Person\",\"@id\":\"https:\/\/vosgesinfo.fr\/gerardmerinfo\/#\/schema\/person\/bc5d02d71e6932e81b6dadb7386667b1\",\"name\":\"qs_admin\",\"image\":{\"@type\":\"ImageObject\",\"inLanguage\":\"fr-FR\",\"@id\":\"https:\/\/vosgesinfo.fr\/gerardmerinfo\/#\/schema\/person\/image\/\",\"url\":\"https:\/\/secure.gravatar.com\/avatar\/94b18ee0ed79e4a42ea2f2931277b6841a8999fc6fde214600c78057cf1fe1de?s=96&d=mm&r=g\",\"contentUrl\":\"https:\/\/secure.gravatar.com\/avatar\/94b18ee0ed79e4a42ea2f2931277b6841a8999fc6fde214600c78057cf1fe1de?s=96&d=mm&r=g\",\"caption\":\"qs_admin\"},\"sameAs\":[\"https:\/\/vosgesinfo.fr\/wp\"],\"url\":\"https:\/\/vosgesinfo.fr\/gerardmerinfo\/author\/qs_admin\/\"}]}<\/script>\n<!-- \/ Yoast SEO plugin. -->","yoast_head_json":{"title":"L\u2019adieu des Rotariens \u00e0 leur ami Fran\u00e7ois LOBJOY - Gerardmer Info","robots":{"index":"index","follow":"follow","max-snippet":"max-snippet:-1","max-image-preview":"max-image-preview:large","max-video-preview":"max-video-preview:-1"},"canonical":"https:\/\/vosgesinfo.fr\/gerardmerinfo\/2019\/03\/ladieu-rotariens-a-ami-francois-lobjoy\/","twitter_card":"summary_large_image","twitter_title":"L\u2019adieu des Rotariens \u00e0 leur ami Fran\u00e7ois LOBJOY - Gerardmer Info","twitter_description":"Les rotariens ont appris avec beaucoup de tristesse le d\u00e9part de leur ami Fran\u00e7ois Lobjoy. Pendant quatre d\u00e9cennies il a [&hellip;]","twitter_image":"https:\/\/vosgesinfo.fr\/app\/uploads\/sites\/6\/2024\/07\/201903francois-lobjoy.png","twitter_creator":"@VosgesInfo88","twitter_site":"@VosgesInfo88","twitter_misc":{"\u00c9crit par":"qs_admin","Dur\u00e9e de lecture estim\u00e9e":"1 minute"},"schema":{"@context":"https:\/\/schema.org","@graph":[{"@type":"Article","@id":"https:\/\/vosgesinfo.fr\/gerardmerinfo\/2019\/03\/ladieu-rotariens-a-ami-francois-lobjoy\/#article","isPartOf":{"@id":"https:\/\/vosgesinfo.fr\/gerardmerinfo\/2019\/03\/ladieu-rotariens-a-ami-francois-lobjoy\/"},"author":{"name":"qs_admin","@id":"https:\/\/vosgesinfo.fr\/gerardmerinfo\/#\/schema\/person\/bc5d02d71e6932e81b6dadb7386667b1"},"headline":"L\u2019adieu des Rotariens \u00e0 leur ami Fran\u00e7ois LOBJOY","datePublished":"2019-03-24T10:00:02+00:00","dateModified":"2019-03-24T10:00:02+00:00","mainEntityOfPage":{"@id":"https:\/\/vosgesinfo.fr\/gerardmerinfo\/2019\/03\/ladieu-rotariens-a-ami-francois-lobjoy\/"},"wordCount":267,"commentCount":0,"publisher":{"@id":"https:\/\/vosgesinfo.fr\/gerardmerinfo\/#organization"},"image":{"@id":"https:\/\/vosgesinfo.fr\/gerardmerinfo\/2019\/03\/ladieu-rotariens-a-ami-francois-lobjoy\/#primaryimage"},"thumbnailUrl":"https:\/\/vosgesinfo.fr\/app\/uploads\/sites\/6\/2024\/07\/201903francois-lobjoy.png","articleSection":["A la une"],"inLanguage":"fr-FR","potentialAction":[{"@type":"CommentAction","name":"Comment","target":["https:\/\/vosgesinfo.fr\/gerardmerinfo\/2019\/03\/ladieu-rotariens-a-ami-francois-lobjoy\/#respond"]}]},{"@type":"WebPage","@id":"https:\/\/vosgesinfo.fr\/gerardmerinfo\/2019\/03\/ladieu-rotariens-a-ami-francois-lobjoy\/","url":"https:\/\/vosgesinfo.fr\/gerardmerinfo\/2019\/03\/ladieu-rotariens-a-ami-francois-lobjoy\/","name":"L\u2019adieu des Rotariens \u00e0 leur ami Fran\u00e7ois LOBJOY - Gerardmer Info","isPartOf":{"@id":"https:\/\/vosgesinfo.fr\/gerardmerinfo\/#website"},"primaryImageOfPage":{"@id":"https:\/\/vosgesinfo.fr\/gerardmerinfo\/2019\/03\/ladieu-rotariens-a-ami-francois-lobjoy\/#primaryimage"},"image":{"@id":"https:\/\/vosgesinfo.fr\/gerardmerinfo\/2019\/03\/ladieu-rotariens-a-ami-francois-lobjoy\/#primaryimage"},"thumbnailUrl":"https:\/\/vosgesinfo.fr\/app\/uploads\/sites\/6\/2024\/07\/201903francois-lobjoy.png","datePublished":"2019-03-24T10:00:02+00:00","dateModified":"2019-03-24T10:00:02+00:00","breadcrumb":{"@id":"https:\/\/vosgesinfo.fr\/gerardmerinfo\/2019\/03\/ladieu-rotariens-a-ami-francois-lobjoy\/#breadcrumb"},"inLanguage":"fr-FR","potentialAction":[{"@type":"ReadAction","target":["https:\/\/vosgesinfo.fr\/gerardmerinfo\/2019\/03\/ladieu-rotariens-a-ami-francois-lobjoy\/"]}]},{"@type":"ImageObject","inLanguage":"fr-FR","@id":"https:\/\/vosgesinfo.fr\/gerardmerinfo\/2019\/03\/ladieu-rotariens-a-ami-francois-lobjoy\/#primaryimage","url":"https:\/\/vosgesinfo.fr\/app\/uploads\/sites\/6\/2024\/07\/201903francois-lobjoy.png","contentUrl":"https:\/\/vosgesinfo.fr\/app\/uploads\/sites\/6\/2024\/07\/201903francois-lobjoy.png","width":249,"height":505},{"@type":"BreadcrumbList","@id":"https:\/\/vosgesinfo.fr\/gerardmerinfo\/2019\/03\/ladieu-rotariens-a-ami-francois-lobjoy\/#breadcrumb","itemListElement":[{"@type":"ListItem","position":1,"name":"Home","item":"https:\/\/vosgesinfo.fr\/gerardmerinfo\/"},{"@type":"ListItem","position":2,"name":"L\u2019adieu des Rotariens \u00e0 leur ami Fran\u00e7ois LOBJOY"}]},{"@type":"WebSite","@id":"https:\/\/vosgesinfo.fr\/gerardmerinfo\/#website","url":"https:\/\/vosgesinfo.fr\/gerardmerinfo\/","name":"Gerardmer Info","description":"Toute l&#039;actualit\u00e9 de G\u00e9rardmer","publisher":{"@id":"https:\/\/vosgesinfo.fr\/gerardmerinfo\/#organization"},"alternateName":"Toute l'actualit\u00e9 de G\u00e9rardmer","potentialAction":[{"@type":"SearchAction","target":{"@type":"EntryPoint","urlTemplate":"https:\/\/vosgesinfo.fr\/gerardmerinfo\/?s={search_term_string}"},"query-input":"required name=search_term_string"}],"inLanguage":"fr-FR"},{"@type":"Organization","@id":"https:\/\/vosgesinfo.fr\/gerardmerinfo\/#organization","name":"Gerardmer Info","url":"https:\/\/vosgesinfo.fr\/gerardmerinfo\/","logo":{"@type":"ImageObject","inLanguage":"fr-FR","@id":"https:\/\/vosgesinfo.fr\/gerardmerinfo\/#\/schema\/logo\/image\/","url":"https:\/\/vosgesinfo.fr\/app\/uploads\/sites\/6\/2023\/08\/favicon-gerardmerinfo.png","contentUrl":"https:\/\/vosgesinfo.fr\/app\/uploads\/sites\/6\/2023\/08\/favicon-gerardmerinfo.png","width":512,"height":512,"caption":"Gerardmer Info"},"image":{"@id":"https:\/\/vosgesinfo.fr\/gerardmerinfo\/#\/schema\/logo\/image\/"},"sameAs":["https:\/\/www.facebook.com\/profile.php?id=100049475262660","https:\/\/x.com\/VosgesInfo88","https:\/\/www.youtube.com\/@vosgesinfo"]},{"@type":"Person","@id":"https:\/\/vosgesinfo.fr\/gerardmerinfo\/#\/schema\/person\/bc5d02d71e6932e81b6dadb7386667b1","name":"qs_admin","image":{"@type":"ImageObject","inLanguage":"fr-FR","@id":"https:\/\/vosgesinfo.fr\/gerardmerinfo\/#\/schema\/person\/image\/","url":"https:\/\/secure.gravatar.com\/avatar\/94b18ee0ed79e4a42ea2f2931277b6841a8999fc6fde214600c78057cf1fe1de?s=96&d=mm&r=g","contentUrl":"https:\/\/secure.gravatar.com\/avatar\/94b18ee0ed79e4a42ea2f2931277b6841a8999fc6fde214600c78057cf1fe1de?s=96&d=mm&r=g","caption":"qs_admin"},"sameAs":["https:\/\/vosgesinfo.fr\/wp"],"url":"https:\/\/vosgesinfo.fr\/gerardmerinfo\/author\/qs_admin\/"}]}},"_links":{"self":[{"href":"https:\/\/vosgesinfo.fr\/gerardmerinfo\/wp-json\/wp\/v2\/posts\/40545","targetHints":{"allow":["GET"]}}],"collection":[{"href":"https:\/\/vosgesinfo.fr\/gerardmerinfo\/wp-json\/wp\/v2\/posts"}],"about":[{"href":"https:\/\/vosgesinfo.fr\/gerardmerinfo\/wp-json\/wp\/v2\/types\/post"}],"author":[{"embeddable":true,"href":"https:\/\/vosgesinfo.fr\/gerardmerinfo\/wp-json\/wp\/v2\/users\/1"}],"replies":[{"embeddable":true,"href":"https:\/\/vosgesinfo.fr\/gerardmerinfo\/wp-json\/wp\/v2\/comments?post=40545"}],"version-history":[{"count":0,"href":"https:\/\/vosgesinfo.fr\/gerardmerinfo\/wp-json\/wp\/v2\/posts\/40545\/revisions"}],"wp:featuredmedia":[{"embeddable":true,"href":"https:\/\/vosgesinfo.fr\/gerardmerinfo\/wp-json\/wp\/v2\/media\/40546"}],"wp:attachment":[{"href":"https:\/\/vosgesinfo.fr\/gerardmerinfo\/wp-json\/wp\/v2\/media?parent=40545"}],"wp:term":[{"taxonomy":"category","embeddable":true,"href":"https:\/\/vosgesinfo.fr\/gerardmerinfo\/wp-json\/wp\/v2\/categories?post=40545"},{"taxonomy":"post_tag","embeddable":true,"href":"https:\/\/vosgesinfo.fr\/gerardmerinfo\/wp-json\/wp\/v2\/tags?post=40545"}],"curies":[{"name":"wp","href":"https:\/\/api.w.org\/{rel}","templated":true}]}}