{"id":40556,"date":"2019-03-25T08:53:59","date_gmt":"2019-03-25T07:53:59","guid":{"rendered":"https:\/\/vosgesinfo.fr\/gerardmerinfo\/2019\/03\/lecole-de-cyclisme-a-repris-sein-vsg\/"},"modified":"2019-03-25T08:53:59","modified_gmt":"2019-03-25T07:53:59","slug":"lecole-de-cyclisme-a-repris-sein-vsg","status":"publish","type":"post","link":"https:\/\/vosgesinfo.fr\/gerardmerinfo\/2019\/03\/lecole-de-cyclisme-a-repris-sein-vsg\/","title":{"rendered":"L&rsquo;\u00e9cole de cyclisme a repris au sein du VSG"},"content":{"rendered":"<p><a href=\"\/2019\/03\/ecole-de-cyclisme-CSG-2019.jpg\"><img decoding=\"async\" class=\"aligncenter size-full wp-image-143934\" src=\"\/2019\/03\/ecole-de-cyclisme-CSG-2019.jpg\" alt=\"ecole de cyclisme CSG 2019\" width=\"800\" height=\"600\" \/><\/a><\/p>\n<p>&nbsp;<\/p>\n<h3>La saison commence bien pour le V\u00e9lo Sports G\u00e9r\u00f4mois qui entend bien d\u00e9velopper son \u00e9cole de cyclisme ainsi que le cyclisme f\u00e9minin.l&rsquo;\u00e9cole de cyclisme appara\u00eet donc comme un maillon essentiel pour assurer l&rsquo;avenir du club.<\/h3>\n<p>Les entra\u00eenements route des minimes, cadets ont lieu le mercredi apr\u00e8s-midi, les d\u00e9placements courses sont \u00e9galement encadr\u00e9 par Andr\u00e9 FRANCOIS. Pour les plus jeunes, cela reste \u00e0 d\u00e9finir en fonction des nouveaux licenci\u00e9s. Par ailleurs, un programme de d\u00e9veloppement du cyclisme f\u00e9minin est lanc\u00e9 par la FFC, avec un r\u00e9f\u00e9rent pour chaque d\u00e9partement. En l\u2019occurrence, pour les Vosges, c&rsquo;est Andr\u00e9 FRANCOIS. Un partenariat avec la FFTRI permet aux f\u00e9minines licenci\u00e9es en Triathlon de participer aux courses cyclistes licenci\u00e9s avec la licence FFTRI. Le VSG recherche activement des femmes qui seraient d\u00e9sireuses de pratiquer le cyclisme en comp\u00e9tition, mais aussi suivre devenir arbitre &#8230; les JO de 2024 vont n\u00e9cessiter la parit\u00e9 homme-femme.<\/p>\n<p>Pour ce qui est des r\u00e9sultats de d\u00e9but de saison, on remarquera que les soci\u00e9taires du VSG sont s\u00e9j\u00e0 sur tous les fronts ou presque avec la participation \u00e0 de nombreuses courses sur le d\u00e9partement est bien plus encore !<\/p>\n<p style=\"text-align: center;\"><strong>R\u00e9sultats du d\u00e9but d&rsquo;ann\u00e9e :<\/strong><\/p>\n<p>9 f\u00e9vrier Perpignan St Feliu d&rsquo;Avall Ttes cat\u00e9gories 70 km<\/p>\n<p>Andr\u00e9 FRANCOIS 79\u00b0<\/p>\n<p>&nbsp;<\/p>\n<p>17 f\u00e9vrier Plaimont Jean-Luc Garnier Ju Belloc (32) Cylcosportive 80 km<\/p>\n<p>Andr\u00e9 FRANCOIS 95\u00b0 &#8211; 10\u00b0 F<\/p>\n<p>&nbsp;<\/p>\n<p>24 f\u00e9vrier Tour de l&rsquo;Hortus Valflaun\u00e8s (84) Cylcosportive 108 km \u2013 Z 1686<\/p>\n<p>Andr\u00e9 FRANCOIS 59\u00b0 &#8211; 7\u00b0 G<\/p>\n<p>&nbsp;<\/p>\n<p>9 mars CLM \u00e0 Nantilly (70) conditions m\u00e9t\u00e9o et route exc\u00e9crables<\/p>\n<p>Thierry MASADE crevaison \u00e0 1.9 km du d\u00e9part<\/p>\n<p>Andr\u00e9 FRANCOIS 12\u00b0 et 5\u00b0 &gt;40 ans (tr\u00e8s difficile de tenir le v\u00e9lo avec le vent)<\/p>\n<p>&nbsp;<\/p>\n<p>16 mars 47\u00b0 GP des Carreleurs (67) 123J<\/p>\n<p>Thierry MASADE 57\u00b0 dans le peloton apr\u00e8s une sortie de route sans chute<\/p>\n<p>&nbsp;<\/p>\n<p>17 mars Raid des Alpilles St R\u00e9my de Provence 118 km \u2013 Z 1300 qualificatif pour CHF Master route<\/p>\n<p>116 F au d\u00e9part Elisabeth JEANVOINE 4\u00b0 en F M6 qualifi\u00e9e<\/p>\n<p>750 H au d\u00e9part Andr\u00e9 FRANCOIS 21\u00b0 en M6 qualifi\u00e9 (36 km\/h)<\/p>\n<p>&nbsp;<\/p>\n<p>17 mars \u00e0 noter la victoire de David HOUOT \u00e0 Erstein sous les couleurs de l&rsquo;EC St\u00e9phanois<\/p>\n<p>&nbsp;<\/p>\n<p>24 mars GP des Terres de Sa\u00f4ne Menoux (70)<\/p>\n<p>D1D2<\/p>\n<p>Andr\u00e9 FRANCOIS 40\u00b0 dans le peloton moyenne 40 km\/h<\/p>\n<p>23J<\/p>\n<p>Thierry MASADE termine la course malgr\u00e9 une chute dans un virage &#8230; moyenne 42 km\/h<\/p>\n","protected":false},"excerpt":{"rendered":"<p>&nbsp; La saison commence bien pour le V\u00e9lo Sports G\u00e9r\u00f4mois qui entend bien d\u00e9velopper son \u00e9cole de cyclisme ainsi que [&hellip;]<\/p>\n","protected":false},"author":1,"featured_media":40557,"comment_status":"open","ping_status":"open","sticky":false,"template":"","format":"standard","meta":{"footnotes":""},"categories":[20,25,14],"tags":[82],"class_list":["post-40556","post","type-post","status-publish","format-standard","has-post-thumbnail","hentry","category-a-la-une","category-gerardmer","category-sport","tag-vsg"],"acf":[],"yoast_head":"<!-- This site is optimized with the Yoast SEO plugin v22.5 - https:\/\/yoast.com\/wordpress\/plugins\/seo\/ -->\n<title>L&#039;\u00e9cole de cyclisme a repris au sein du VSG - Gerardmer Info<\/title>\n<meta name=\"robots\" content=\"index, follow, max-snippet:-1, max-image-preview:large, max-video-preview:-1\" \/>\n<link rel=\"canonical\" href=\"https:\/\/vosgesinfo.fr\/gerardmerinfo\/2019\/03\/lecole-de-cyclisme-a-repris-sein-vsg\/\" \/>\n<meta name=\"twitter:card\" content=\"summary_large_image\" \/>\n<meta name=\"twitter:title\" content=\"L&#039;\u00e9cole de cyclisme a repris au sein du VSG - Gerardmer Info\" \/>\n<meta name=\"twitter:description\" content=\"&nbsp; La saison commence bien pour le V\u00e9lo Sports G\u00e9r\u00f4mois qui entend bien d\u00e9velopper son \u00e9cole de cyclisme ainsi que [&hellip;]\" \/>\n<meta name=\"twitter:image\" content=\"https:\/\/vosgesinfo.fr\/app\/uploads\/sites\/6\/2024\/07\/201903ecole-de-cyclisme-csg-2019.jpg\" \/>\n<meta name=\"twitter:creator\" content=\"@VosgesInfo88\" \/>\n<meta name=\"twitter:site\" content=\"@VosgesInfo88\" \/>\n<meta name=\"twitter:label1\" content=\"\u00c9crit par\" \/>\n\t<meta name=\"twitter:data1\" content=\"qs_admin\" \/>\n\t<meta name=\"twitter:label2\" content=\"Dur\u00e9e de lecture estim\u00e9e\" \/>\n\t<meta name=\"twitter:data2\" content=\"2 minutes\" \/>\n<script type=\"application\/ld+json\" class=\"yoast-schema-graph\">{\"@context\":\"https:\/\/schema.org\",\"@graph\":[{\"@type\":\"Article\",\"@id\":\"https:\/\/vosgesinfo.fr\/gerardmerinfo\/2019\/03\/lecole-de-cyclisme-a-repris-sein-vsg\/#article\",\"isPartOf\":{\"@id\":\"https:\/\/vosgesinfo.fr\/gerardmerinfo\/2019\/03\/lecole-de-cyclisme-a-repris-sein-vsg\/\"},\"author\":{\"name\":\"qs_admin\",\"@id\":\"https:\/\/vosgesinfo.fr\/gerardmerinfo\/#\/schema\/person\/bc5d02d71e6932e81b6dadb7386667b1\"},\"headline\":\"L&rsquo;\u00e9cole de cyclisme a repris au sein du VSG\",\"datePublished\":\"2019-03-25T07:53:59+00:00\",\"dateModified\":\"2019-03-25T07:53:59+00:00\",\"mainEntityOfPage\":{\"@id\":\"https:\/\/vosgesinfo.fr\/gerardmerinfo\/2019\/03\/lecole-de-cyclisme-a-repris-sein-vsg\/\"},\"wordCount\":420,\"commentCount\":0,\"publisher\":{\"@id\":\"https:\/\/vosgesinfo.fr\/gerardmerinfo\/#organization\"},\"image\":{\"@id\":\"https:\/\/vosgesinfo.fr\/gerardmerinfo\/2019\/03\/lecole-de-cyclisme-a-repris-sein-vsg\/#primaryimage\"},\"thumbnailUrl\":\"https:\/\/vosgesinfo.fr\/app\/uploads\/sites\/6\/2024\/07\/201903ecole-de-cyclisme-csg-2019.jpg\",\"keywords\":[\"VSG\"],\"articleSection\":[\"A la une\",\"G\u00e9rardmer\",\"Sport\"],\"inLanguage\":\"fr-FR\",\"potentialAction\":[{\"@type\":\"CommentAction\",\"name\":\"Comment\",\"target\":[\"https:\/\/vosgesinfo.fr\/gerardmerinfo\/2019\/03\/lecole-de-cyclisme-a-repris-sein-vsg\/#respond\"]}]},{\"@type\":\"WebPage\",\"@id\":\"https:\/\/vosgesinfo.fr\/gerardmerinfo\/2019\/03\/lecole-de-cyclisme-a-repris-sein-vsg\/\",\"url\":\"https:\/\/vosgesinfo.fr\/gerardmerinfo\/2019\/03\/lecole-de-cyclisme-a-repris-sein-vsg\/\",\"name\":\"L'\u00e9cole de cyclisme a repris au sein du VSG - Gerardmer Info\",\"isPartOf\":{\"@id\":\"https:\/\/vosgesinfo.fr\/gerardmerinfo\/#website\"},\"primaryImageOfPage\":{\"@id\":\"https:\/\/vosgesinfo.fr\/gerardmerinfo\/2019\/03\/lecole-de-cyclisme-a-repris-sein-vsg\/#primaryimage\"},\"image\":{\"@id\":\"https:\/\/vosgesinfo.fr\/gerardmerinfo\/2019\/03\/lecole-de-cyclisme-a-repris-sein-vsg\/#primaryimage\"},\"thumbnailUrl\":\"https:\/\/vosgesinfo.fr\/app\/uploads\/sites\/6\/2024\/07\/201903ecole-de-cyclisme-csg-2019.jpg\",\"datePublished\":\"2019-03-25T07:53:59+00:00\",\"dateModified\":\"2019-03-25T07:53:59+00:00\",\"breadcrumb\":{\"@id\":\"https:\/\/vosgesinfo.fr\/gerardmerinfo\/2019\/03\/lecole-de-cyclisme-a-repris-sein-vsg\/#breadcrumb\"},\"inLanguage\":\"fr-FR\",\"potentialAction\":[{\"@type\":\"ReadAction\",\"target\":[\"https:\/\/vosgesinfo.fr\/gerardmerinfo\/2019\/03\/lecole-de-cyclisme-a-repris-sein-vsg\/\"]}]},{\"@type\":\"ImageObject\",\"inLanguage\":\"fr-FR\",\"@id\":\"https:\/\/vosgesinfo.fr\/gerardmerinfo\/2019\/03\/lecole-de-cyclisme-a-repris-sein-vsg\/#primaryimage\",\"url\":\"https:\/\/vosgesinfo.fr\/app\/uploads\/sites\/6\/2024\/07\/201903ecole-de-cyclisme-csg-2019.jpg\",\"contentUrl\":\"https:\/\/vosgesinfo.fr\/app\/uploads\/sites\/6\/2024\/07\/201903ecole-de-cyclisme-csg-2019.jpg\",\"width\":800,\"height\":600},{\"@type\":\"BreadcrumbList\",\"@id\":\"https:\/\/vosgesinfo.fr\/gerardmerinfo\/2019\/03\/lecole-de-cyclisme-a-repris-sein-vsg\/#breadcrumb\",\"itemListElement\":[{\"@type\":\"ListItem\",\"position\":1,\"name\":\"Home\",\"item\":\"https:\/\/vosgesinfo.fr\/gerardmerinfo\/\"},{\"@type\":\"ListItem\",\"position\":2,\"name\":\"L&rsquo;\u00e9cole de cyclisme a repris au sein du VSG\"}]},{\"@type\":\"WebSite\",\"@id\":\"https:\/\/vosgesinfo.fr\/gerardmerinfo\/#website\",\"url\":\"https:\/\/vosgesinfo.fr\/gerardmerinfo\/\",\"name\":\"Gerardmer Info\",\"description\":\"Toute l&#039;actualit\u00e9 de G\u00e9rardmer\",\"publisher\":{\"@id\":\"https:\/\/vosgesinfo.fr\/gerardmerinfo\/#organization\"},\"alternateName\":\"Toute l'actualit\u00e9 de G\u00e9rardmer\",\"potentialAction\":[{\"@type\":\"SearchAction\",\"target\":{\"@type\":\"EntryPoint\",\"urlTemplate\":\"https:\/\/vosgesinfo.fr\/gerardmerinfo\/?s={search_term_string}\"},\"query-input\":\"required name=search_term_string\"}],\"inLanguage\":\"fr-FR\"},{\"@type\":\"Organization\",\"@id\":\"https:\/\/vosgesinfo.fr\/gerardmerinfo\/#organization\",\"name\":\"Gerardmer Info\",\"url\":\"https:\/\/vosgesinfo.fr\/gerardmerinfo\/\",\"logo\":{\"@type\":\"ImageObject\",\"inLanguage\":\"fr-FR\",\"@id\":\"https:\/\/vosgesinfo.fr\/gerardmerinfo\/#\/schema\/logo\/image\/\",\"url\":\"https:\/\/vosgesinfo.fr\/app\/uploads\/sites\/6\/2023\/08\/favicon-gerardmerinfo.png\",\"contentUrl\":\"https:\/\/vosgesinfo.fr\/app\/uploads\/sites\/6\/2023\/08\/favicon-gerardmerinfo.png\",\"width\":512,\"height\":512,\"caption\":\"Gerardmer Info\"},\"image\":{\"@id\":\"https:\/\/vosgesinfo.fr\/gerardmerinfo\/#\/schema\/logo\/image\/\"},\"sameAs\":[\"https:\/\/www.facebook.com\/profile.php?id=100049475262660\",\"https:\/\/x.com\/VosgesInfo88\",\"https:\/\/www.youtube.com\/@vosgesinfo\"]},{\"@type\":\"Person\",\"@id\":\"https:\/\/vosgesinfo.fr\/gerardmerinfo\/#\/schema\/person\/bc5d02d71e6932e81b6dadb7386667b1\",\"name\":\"qs_admin\",\"image\":{\"@type\":\"ImageObject\",\"inLanguage\":\"fr-FR\",\"@id\":\"https:\/\/vosgesinfo.fr\/gerardmerinfo\/#\/schema\/person\/image\/\",\"url\":\"https:\/\/secure.gravatar.com\/avatar\/94b18ee0ed79e4a42ea2f2931277b6841a8999fc6fde214600c78057cf1fe1de?s=96&d=mm&r=g\",\"contentUrl\":\"https:\/\/secure.gravatar.com\/avatar\/94b18ee0ed79e4a42ea2f2931277b6841a8999fc6fde214600c78057cf1fe1de?s=96&d=mm&r=g\",\"caption\":\"qs_admin\"},\"sameAs\":[\"https:\/\/vosgesinfo.fr\/wp\"],\"url\":\"https:\/\/vosgesinfo.fr\/gerardmerinfo\/author\/qs_admin\/\"}]}<\/script>\n<!-- \/ Yoast SEO plugin. -->","yoast_head_json":{"title":"L'\u00e9cole de cyclisme a repris au sein du VSG - Gerardmer Info","robots":{"index":"index","follow":"follow","max-snippet":"max-snippet:-1","max-image-preview":"max-image-preview:large","max-video-preview":"max-video-preview:-1"},"canonical":"https:\/\/vosgesinfo.fr\/gerardmerinfo\/2019\/03\/lecole-de-cyclisme-a-repris-sein-vsg\/","twitter_card":"summary_large_image","twitter_title":"L'\u00e9cole de cyclisme a repris au sein du VSG - Gerardmer Info","twitter_description":"&nbsp; La saison commence bien pour le V\u00e9lo Sports G\u00e9r\u00f4mois qui entend bien d\u00e9velopper son \u00e9cole de cyclisme ainsi que [&hellip;]","twitter_image":"https:\/\/vosgesinfo.fr\/app\/uploads\/sites\/6\/2024\/07\/201903ecole-de-cyclisme-csg-2019.jpg","twitter_creator":"@VosgesInfo88","twitter_site":"@VosgesInfo88","twitter_misc":{"\u00c9crit par":"qs_admin","Dur\u00e9e de lecture estim\u00e9e":"2 minutes"},"schema":{"@context":"https:\/\/schema.org","@graph":[{"@type":"Article","@id":"https:\/\/vosgesinfo.fr\/gerardmerinfo\/2019\/03\/lecole-de-cyclisme-a-repris-sein-vsg\/#article","isPartOf":{"@id":"https:\/\/vosgesinfo.fr\/gerardmerinfo\/2019\/03\/lecole-de-cyclisme-a-repris-sein-vsg\/"},"author":{"name":"qs_admin","@id":"https:\/\/vosgesinfo.fr\/gerardmerinfo\/#\/schema\/person\/bc5d02d71e6932e81b6dadb7386667b1"},"headline":"L&rsquo;\u00e9cole de cyclisme a repris au sein du VSG","datePublished":"2019-03-25T07:53:59+00:00","dateModified":"2019-03-25T07:53:59+00:00","mainEntityOfPage":{"@id":"https:\/\/vosgesinfo.fr\/gerardmerinfo\/2019\/03\/lecole-de-cyclisme-a-repris-sein-vsg\/"},"wordCount":420,"commentCount":0,"publisher":{"@id":"https:\/\/vosgesinfo.fr\/gerardmerinfo\/#organization"},"image":{"@id":"https:\/\/vosgesinfo.fr\/gerardmerinfo\/2019\/03\/lecole-de-cyclisme-a-repris-sein-vsg\/#primaryimage"},"thumbnailUrl":"https:\/\/vosgesinfo.fr\/app\/uploads\/sites\/6\/2024\/07\/201903ecole-de-cyclisme-csg-2019.jpg","keywords":["VSG"],"articleSection":["A la une","G\u00e9rardmer","Sport"],"inLanguage":"fr-FR","potentialAction":[{"@type":"CommentAction","name":"Comment","target":["https:\/\/vosgesinfo.fr\/gerardmerinfo\/2019\/03\/lecole-de-cyclisme-a-repris-sein-vsg\/#respond"]}]},{"@type":"WebPage","@id":"https:\/\/vosgesinfo.fr\/gerardmerinfo\/2019\/03\/lecole-de-cyclisme-a-repris-sein-vsg\/","url":"https:\/\/vosgesinfo.fr\/gerardmerinfo\/2019\/03\/lecole-de-cyclisme-a-repris-sein-vsg\/","name":"L'\u00e9cole de cyclisme a repris au sein du VSG - Gerardmer Info","isPartOf":{"@id":"https:\/\/vosgesinfo.fr\/gerardmerinfo\/#website"},"primaryImageOfPage":{"@id":"https:\/\/vosgesinfo.fr\/gerardmerinfo\/2019\/03\/lecole-de-cyclisme-a-repris-sein-vsg\/#primaryimage"},"image":{"@id":"https:\/\/vosgesinfo.fr\/gerardmerinfo\/2019\/03\/lecole-de-cyclisme-a-repris-sein-vsg\/#primaryimage"},"thumbnailUrl":"https:\/\/vosgesinfo.fr\/app\/uploads\/sites\/6\/2024\/07\/201903ecole-de-cyclisme-csg-2019.jpg","datePublished":"2019-03-25T07:53:59+00:00","dateModified":"2019-03-25T07:53:59+00:00","breadcrumb":{"@id":"https:\/\/vosgesinfo.fr\/gerardmerinfo\/2019\/03\/lecole-de-cyclisme-a-repris-sein-vsg\/#breadcrumb"},"inLanguage":"fr-FR","potentialAction":[{"@type":"ReadAction","target":["https:\/\/vosgesinfo.fr\/gerardmerinfo\/2019\/03\/lecole-de-cyclisme-a-repris-sein-vsg\/"]}]},{"@type":"ImageObject","inLanguage":"fr-FR","@id":"https:\/\/vosgesinfo.fr\/gerardmerinfo\/2019\/03\/lecole-de-cyclisme-a-repris-sein-vsg\/#primaryimage","url":"https:\/\/vosgesinfo.fr\/app\/uploads\/sites\/6\/2024\/07\/201903ecole-de-cyclisme-csg-2019.jpg","contentUrl":"https:\/\/vosgesinfo.fr\/app\/uploads\/sites\/6\/2024\/07\/201903ecole-de-cyclisme-csg-2019.jpg","width":800,"height":600},{"@type":"BreadcrumbList","@id":"https:\/\/vosgesinfo.fr\/gerardmerinfo\/2019\/03\/lecole-de-cyclisme-a-repris-sein-vsg\/#breadcrumb","itemListElement":[{"@type":"ListItem","position":1,"name":"Home","item":"https:\/\/vosgesinfo.fr\/gerardmerinfo\/"},{"@type":"ListItem","position":2,"name":"L&rsquo;\u00e9cole de cyclisme a repris au sein du VSG"}]},{"@type":"WebSite","@id":"https:\/\/vosgesinfo.fr\/gerardmerinfo\/#website","url":"https:\/\/vosgesinfo.fr\/gerardmerinfo\/","name":"Gerardmer Info","description":"Toute l&#039;actualit\u00e9 de G\u00e9rardmer","publisher":{"@id":"https:\/\/vosgesinfo.fr\/gerardmerinfo\/#organization"},"alternateName":"Toute l'actualit\u00e9 de G\u00e9rardmer","potentialAction":[{"@type":"SearchAction","target":{"@type":"EntryPoint","urlTemplate":"https:\/\/vosgesinfo.fr\/gerardmerinfo\/?s={search_term_string}"},"query-input":"required name=search_term_string"}],"inLanguage":"fr-FR"},{"@type":"Organization","@id":"https:\/\/vosgesinfo.fr\/gerardmerinfo\/#organization","name":"Gerardmer Info","url":"https:\/\/vosgesinfo.fr\/gerardmerinfo\/","logo":{"@type":"ImageObject","inLanguage":"fr-FR","@id":"https:\/\/vosgesinfo.fr\/gerardmerinfo\/#\/schema\/logo\/image\/","url":"https:\/\/vosgesinfo.fr\/app\/uploads\/sites\/6\/2023\/08\/favicon-gerardmerinfo.png","contentUrl":"https:\/\/vosgesinfo.fr\/app\/uploads\/sites\/6\/2023\/08\/favicon-gerardmerinfo.png","width":512,"height":512,"caption":"Gerardmer Info"},"image":{"@id":"https:\/\/vosgesinfo.fr\/gerardmerinfo\/#\/schema\/logo\/image\/"},"sameAs":["https:\/\/www.facebook.com\/profile.php?id=100049475262660","https:\/\/x.com\/VosgesInfo88","https:\/\/www.youtube.com\/@vosgesinfo"]},{"@type":"Person","@id":"https:\/\/vosgesinfo.fr\/gerardmerinfo\/#\/schema\/person\/bc5d02d71e6932e81b6dadb7386667b1","name":"qs_admin","image":{"@type":"ImageObject","inLanguage":"fr-FR","@id":"https:\/\/vosgesinfo.fr\/gerardmerinfo\/#\/schema\/person\/image\/","url":"https:\/\/secure.gravatar.com\/avatar\/94b18ee0ed79e4a42ea2f2931277b6841a8999fc6fde214600c78057cf1fe1de?s=96&d=mm&r=g","contentUrl":"https:\/\/secure.gravatar.com\/avatar\/94b18ee0ed79e4a42ea2f2931277b6841a8999fc6fde214600c78057cf1fe1de?s=96&d=mm&r=g","caption":"qs_admin"},"sameAs":["https:\/\/vosgesinfo.fr\/wp"],"url":"https:\/\/vosgesinfo.fr\/gerardmerinfo\/author\/qs_admin\/"}]}},"_links":{"self":[{"href":"https:\/\/vosgesinfo.fr\/gerardmerinfo\/wp-json\/wp\/v2\/posts\/40556","targetHints":{"allow":["GET"]}}],"collection":[{"href":"https:\/\/vosgesinfo.fr\/gerardmerinfo\/wp-json\/wp\/v2\/posts"}],"about":[{"href":"https:\/\/vosgesinfo.fr\/gerardmerinfo\/wp-json\/wp\/v2\/types\/post"}],"author":[{"embeddable":true,"href":"https:\/\/vosgesinfo.fr\/gerardmerinfo\/wp-json\/wp\/v2\/users\/1"}],"replies":[{"embeddable":true,"href":"https:\/\/vosgesinfo.fr\/gerardmerinfo\/wp-json\/wp\/v2\/comments?post=40556"}],"version-history":[{"count":0,"href":"https:\/\/vosgesinfo.fr\/gerardmerinfo\/wp-json\/wp\/v2\/posts\/40556\/revisions"}],"wp:featuredmedia":[{"embeddable":true,"href":"https:\/\/vosgesinfo.fr\/gerardmerinfo\/wp-json\/wp\/v2\/media\/40557"}],"wp:attachment":[{"href":"https:\/\/vosgesinfo.fr\/gerardmerinfo\/wp-json\/wp\/v2\/media?parent=40556"}],"wp:term":[{"taxonomy":"category","embeddable":true,"href":"https:\/\/vosgesinfo.fr\/gerardmerinfo\/wp-json\/wp\/v2\/categories?post=40556"},{"taxonomy":"post_tag","embeddable":true,"href":"https:\/\/vosgesinfo.fr\/gerardmerinfo\/wp-json\/wp\/v2\/tags?post=40556"}],"curies":[{"name":"wp","href":"https:\/\/api.w.org\/{rel}","templated":true}]}}