{"id":40635,"date":"2019-04-08T16:15:02","date_gmt":"2019-04-08T14:15:02","guid":{"rendered":"https:\/\/vosgesinfo.fr\/gerardmerinfo\/2019\/04\/exposition-a-maison-de-lartisanat-de-liezey\/"},"modified":"2019-04-08T16:15:02","modified_gmt":"2019-04-08T14:15:02","slug":"exposition-a-maison-de-lartisanat-de-liezey","status":"publish","type":"post","link":"https:\/\/vosgesinfo.fr\/gerardmerinfo\/2019\/04\/exposition-a-maison-de-lartisanat-de-liezey\/","title":{"rendered":"EXPOSITION \u00e0 la MAISON de L&rsquo;ARTISANAT de LIEZEY"},"content":{"rendered":"<p><a href=\"\/2019\/03\/DSCN2818.jpg\"><img decoding=\"async\" class=\"aligncenter wp-image-144130 size-full\" title=\"maison de l'artisanat de liezey\" src=\"\/2019\/03\/DSCN2818.jpg\" alt=\"maison de l'artisanat de liezey\" width=\"800\" height=\"600\" \/><\/a><\/p>\n<p><span style=\"text-decoration: underline;\"><b>Horaire d\u2019ouverture 14 h 30 \u00e0 18 h 30,\u00a0<\/b><b>les\u00a0 dimanches et jours f\u00e9ri\u00e9s ainsi que tous les jours pendant les vacances scolaires du 8 avril au 13 octobre 2019.<\/b><\/span><\/p>\n<p><b><i>C\u2019<\/i><\/b><b><i>est au c\u0153ur d\u2019une ancienne ferme situ\u00e9e dans un\u00a0 sympathique petit village de la <\/i><\/b><b><i>montagne vosgienne, \u00e0 755 m d\u2019altitude, o\u00f9 se situe la plus haute mairie du d\u00e9partement des Vosges,\u00a0 que vous serez cordialement accueillis.\u00a0C<b><i>ette visite sera pour vous l\u2019occasion d\u2019admirer de magnifiques paysages et de programmer d\u2019agr\u00e9ables balades.<\/i><\/b><\/i><\/b><\/p>\n<p><b><i>\u00a0<\/i><\/b><b><i>L\u2019<\/i><\/b><b><i>association (loi 1901) regroupe plus de 50 artisans et producteurs r\u00e9gionaux.\u00a0<\/i><\/b><b><i>Cette chaleureuse exposition vous fera d\u00e9couvrir les traditions de la r\u00e9gion et le <\/i><\/b><b><i>savoir faire des artisans.\u00a0 <\/i><\/b><\/p>\n<p><b><i>\u00a0<\/i><\/b><b><i>E<\/i><\/b><b><i>n dehors des heures d\u2019ouverture, il est possible de recevoir des groupes de plus de 10 personnes\u00a0 sur rendez-vous ( parking bus assur\u00e9 )\u00a0<\/i><\/b><b><i>\u2026 A bient\u00f4t<\/i><\/b><\/p>\n<p><a href=\"\/2019\/03\/DSCN2827.jpg\"><img decoding=\"async\" class=\"alignnone size-medium wp-image-144131\" src=\"\/2019\/03\/DSCN2827-340x255.jpg\" alt=\"DSCN2827\" width=\"340\" height=\"255\" \/><\/a><\/p>\n<p><b>ASSOCIATION DES ARTISANS DU VILLAGE DE LIEZEY\u00a0 \u00a0&#8211;\u00a0\u00a0<\/b><b>17, Route de Sauc\u00e9faing\u00a0 &#8211;\u00a0 88400 LIEZEY<\/b><\/p>\n<p>&nbsp;<\/p>\n<p>&nbsp;<\/p>\n","protected":false},"excerpt":{"rendered":"<p>Horaire d\u2019ouverture 14 h 30 \u00e0 18 h 30,\u00a0les\u00a0 dimanches et jours f\u00e9ri\u00e9s ainsi que tous les jours pendant les [&hellip;]<\/p>\n","protected":false},"author":131,"featured_media":40636,"comment_status":"open","ping_status":"open","sticky":false,"template":"","format":"standard","meta":{"footnotes":""},"categories":[20,25,17,18],"tags":[1835],"class_list":["post-40635","post","type-post","status-publish","format-standard","has-post-thumbnail","hentry","category-a-la-une","category-gerardmer","category-vie-associative","category-vosges","tag-liezey"],"acf":[],"yoast_head":"<!-- This site is optimized with the Yoast SEO plugin v22.5 - https:\/\/yoast.com\/wordpress\/plugins\/seo\/ -->\n<title>EXPOSITION \u00e0 la MAISON de L&#039;ARTISANAT de LIEZEY - Gerardmer Info<\/title>\n<meta name=\"robots\" content=\"index, follow, max-snippet:-1, max-image-preview:large, max-video-preview:-1\" \/>\n<link rel=\"canonical\" href=\"https:\/\/vosgesinfo.fr\/gerardmerinfo\/2019\/04\/exposition-a-maison-de-lartisanat-de-liezey\/\" \/>\n<meta name=\"twitter:card\" content=\"summary_large_image\" \/>\n<meta name=\"twitter:title\" content=\"EXPOSITION \u00e0 la MAISON de L&#039;ARTISANAT de LIEZEY - Gerardmer Info\" \/>\n<meta name=\"twitter:description\" content=\"Horaire d\u2019ouverture 14 h 30 \u00e0 18 h 30,\u00a0les\u00a0 dimanches et jours f\u00e9ri\u00e9s ainsi que tous les jours pendant les [&hellip;]\" \/>\n<meta name=\"twitter:image\" content=\"https:\/\/vosgesinfo.fr\/app\/uploads\/sites\/6\/2024\/07\/201903dscn2818.jpg\" \/>\n<meta name=\"twitter:creator\" content=\"@VosgesInfo88\" \/>\n<meta name=\"twitter:site\" content=\"@VosgesInfo88\" \/>\n<meta name=\"twitter:label1\" content=\"\u00c9crit par\" \/>\n\t<meta name=\"twitter:data1\" content=\"francoise\" \/>\n\t<meta name=\"twitter:label2\" content=\"Dur\u00e9e de lecture estim\u00e9e\" \/>\n\t<meta name=\"twitter:data2\" content=\"1 minute\" \/>\n<script type=\"application\/ld+json\" class=\"yoast-schema-graph\">{\"@context\":\"https:\/\/schema.org\",\"@graph\":[{\"@type\":\"Article\",\"@id\":\"https:\/\/vosgesinfo.fr\/gerardmerinfo\/2019\/04\/exposition-a-maison-de-lartisanat-de-liezey\/#article\",\"isPartOf\":{\"@id\":\"https:\/\/vosgesinfo.fr\/gerardmerinfo\/2019\/04\/exposition-a-maison-de-lartisanat-de-liezey\/\"},\"author\":{\"name\":\"francoise\",\"@id\":\"https:\/\/vosgesinfo.fr\/gerardmerinfo\/#\/schema\/person\/4555bc8adc907316edd8b3cb15bb8088\"},\"headline\":\"EXPOSITION \u00e0 la MAISON de L&rsquo;ARTISANAT de LIEZEY\",\"datePublished\":\"2019-04-08T14:15:02+00:00\",\"dateModified\":\"2019-04-08T14:15:02+00:00\",\"mainEntityOfPage\":{\"@id\":\"https:\/\/vosgesinfo.fr\/gerardmerinfo\/2019\/04\/exposition-a-maison-de-lartisanat-de-liezey\/\"},\"wordCount\":165,\"commentCount\":0,\"publisher\":{\"@id\":\"https:\/\/vosgesinfo.fr\/gerardmerinfo\/#organization\"},\"image\":{\"@id\":\"https:\/\/vosgesinfo.fr\/gerardmerinfo\/2019\/04\/exposition-a-maison-de-lartisanat-de-liezey\/#primaryimage\"},\"thumbnailUrl\":\"https:\/\/vosgesinfo.fr\/app\/uploads\/sites\/6\/2024\/07\/201903dscn2818.jpg\",\"keywords\":[\"li\u00e9zey\"],\"articleSection\":[\"A la une\",\"G\u00e9rardmer\",\"Vie Associative\",\"Vosges\"],\"inLanguage\":\"fr-FR\",\"potentialAction\":[{\"@type\":\"CommentAction\",\"name\":\"Comment\",\"target\":[\"https:\/\/vosgesinfo.fr\/gerardmerinfo\/2019\/04\/exposition-a-maison-de-lartisanat-de-liezey\/#respond\"]}]},{\"@type\":\"WebPage\",\"@id\":\"https:\/\/vosgesinfo.fr\/gerardmerinfo\/2019\/04\/exposition-a-maison-de-lartisanat-de-liezey\/\",\"url\":\"https:\/\/vosgesinfo.fr\/gerardmerinfo\/2019\/04\/exposition-a-maison-de-lartisanat-de-liezey\/\",\"name\":\"EXPOSITION \u00e0 la MAISON de L'ARTISANAT de LIEZEY - Gerardmer Info\",\"isPartOf\":{\"@id\":\"https:\/\/vosgesinfo.fr\/gerardmerinfo\/#website\"},\"primaryImageOfPage\":{\"@id\":\"https:\/\/vosgesinfo.fr\/gerardmerinfo\/2019\/04\/exposition-a-maison-de-lartisanat-de-liezey\/#primaryimage\"},\"image\":{\"@id\":\"https:\/\/vosgesinfo.fr\/gerardmerinfo\/2019\/04\/exposition-a-maison-de-lartisanat-de-liezey\/#primaryimage\"},\"thumbnailUrl\":\"https:\/\/vosgesinfo.fr\/app\/uploads\/sites\/6\/2024\/07\/201903dscn2818.jpg\",\"datePublished\":\"2019-04-08T14:15:02+00:00\",\"dateModified\":\"2019-04-08T14:15:02+00:00\",\"breadcrumb\":{\"@id\":\"https:\/\/vosgesinfo.fr\/gerardmerinfo\/2019\/04\/exposition-a-maison-de-lartisanat-de-liezey\/#breadcrumb\"},\"inLanguage\":\"fr-FR\",\"potentialAction\":[{\"@type\":\"ReadAction\",\"target\":[\"https:\/\/vosgesinfo.fr\/gerardmerinfo\/2019\/04\/exposition-a-maison-de-lartisanat-de-liezey\/\"]}]},{\"@type\":\"ImageObject\",\"inLanguage\":\"fr-FR\",\"@id\":\"https:\/\/vosgesinfo.fr\/gerardmerinfo\/2019\/04\/exposition-a-maison-de-lartisanat-de-liezey\/#primaryimage\",\"url\":\"https:\/\/vosgesinfo.fr\/app\/uploads\/sites\/6\/2024\/07\/201903dscn2818.jpg\",\"contentUrl\":\"https:\/\/vosgesinfo.fr\/app\/uploads\/sites\/6\/2024\/07\/201903dscn2818.jpg\",\"width\":800,\"height\":600},{\"@type\":\"BreadcrumbList\",\"@id\":\"https:\/\/vosgesinfo.fr\/gerardmerinfo\/2019\/04\/exposition-a-maison-de-lartisanat-de-liezey\/#breadcrumb\",\"itemListElement\":[{\"@type\":\"ListItem\",\"position\":1,\"name\":\"Home\",\"item\":\"https:\/\/vosgesinfo.fr\/gerardmerinfo\/\"},{\"@type\":\"ListItem\",\"position\":2,\"name\":\"EXPOSITION \u00e0 la MAISON de L&rsquo;ARTISANAT de LIEZEY\"}]},{\"@type\":\"WebSite\",\"@id\":\"https:\/\/vosgesinfo.fr\/gerardmerinfo\/#website\",\"url\":\"https:\/\/vosgesinfo.fr\/gerardmerinfo\/\",\"name\":\"Gerardmer Info\",\"description\":\"Toute l&#039;actualit\u00e9 de G\u00e9rardmer\",\"publisher\":{\"@id\":\"https:\/\/vosgesinfo.fr\/gerardmerinfo\/#organization\"},\"alternateName\":\"Toute l'actualit\u00e9 de G\u00e9rardmer\",\"potentialAction\":[{\"@type\":\"SearchAction\",\"target\":{\"@type\":\"EntryPoint\",\"urlTemplate\":\"https:\/\/vosgesinfo.fr\/gerardmerinfo\/?s={search_term_string}\"},\"query-input\":\"required name=search_term_string\"}],\"inLanguage\":\"fr-FR\"},{\"@type\":\"Organization\",\"@id\":\"https:\/\/vosgesinfo.fr\/gerardmerinfo\/#organization\",\"name\":\"Gerardmer Info\",\"url\":\"https:\/\/vosgesinfo.fr\/gerardmerinfo\/\",\"logo\":{\"@type\":\"ImageObject\",\"inLanguage\":\"fr-FR\",\"@id\":\"https:\/\/vosgesinfo.fr\/gerardmerinfo\/#\/schema\/logo\/image\/\",\"url\":\"https:\/\/vosgesinfo.fr\/app\/uploads\/sites\/6\/2023\/08\/favicon-gerardmerinfo.png\",\"contentUrl\":\"https:\/\/vosgesinfo.fr\/app\/uploads\/sites\/6\/2023\/08\/favicon-gerardmerinfo.png\",\"width\":512,\"height\":512,\"caption\":\"Gerardmer Info\"},\"image\":{\"@id\":\"https:\/\/vosgesinfo.fr\/gerardmerinfo\/#\/schema\/logo\/image\/\"},\"sameAs\":[\"https:\/\/www.facebook.com\/profile.php?id=100049475262660\",\"https:\/\/x.com\/VosgesInfo88\",\"https:\/\/www.youtube.com\/@vosgesinfo\"]},{\"@type\":\"Person\",\"@id\":\"https:\/\/vosgesinfo.fr\/gerardmerinfo\/#\/schema\/person\/4555bc8adc907316edd8b3cb15bb8088\",\"name\":\"francoise\",\"image\":{\"@type\":\"ImageObject\",\"inLanguage\":\"fr-FR\",\"@id\":\"https:\/\/vosgesinfo.fr\/gerardmerinfo\/#\/schema\/person\/image\/\",\"url\":\"https:\/\/secure.gravatar.com\/avatar\/80968559b89ee4398c17ea211028bb93a07387bbe45e520db3dc0defd4029020?s=96&d=mm&r=g\",\"contentUrl\":\"https:\/\/secure.gravatar.com\/avatar\/80968559b89ee4398c17ea211028bb93a07387bbe45e520db3dc0defd4029020?s=96&d=mm&r=g\",\"caption\":\"francoise\"},\"url\":\"https:\/\/vosgesinfo.fr\/gerardmerinfo\/author\/amicale-du-beillard-et-des-environs\/\"}]}<\/script>\n<!-- \/ Yoast SEO plugin. -->","yoast_head_json":{"title":"EXPOSITION \u00e0 la MAISON de L'ARTISANAT de LIEZEY - Gerardmer Info","robots":{"index":"index","follow":"follow","max-snippet":"max-snippet:-1","max-image-preview":"max-image-preview:large","max-video-preview":"max-video-preview:-1"},"canonical":"https:\/\/vosgesinfo.fr\/gerardmerinfo\/2019\/04\/exposition-a-maison-de-lartisanat-de-liezey\/","twitter_card":"summary_large_image","twitter_title":"EXPOSITION \u00e0 la MAISON de L'ARTISANAT de LIEZEY - Gerardmer Info","twitter_description":"Horaire d\u2019ouverture 14 h 30 \u00e0 18 h 30,\u00a0les\u00a0 dimanches et jours f\u00e9ri\u00e9s ainsi que tous les jours pendant les [&hellip;]","twitter_image":"https:\/\/vosgesinfo.fr\/app\/uploads\/sites\/6\/2024\/07\/201903dscn2818.jpg","twitter_creator":"@VosgesInfo88","twitter_site":"@VosgesInfo88","twitter_misc":{"\u00c9crit par":"francoise","Dur\u00e9e de lecture estim\u00e9e":"1 minute"},"schema":{"@context":"https:\/\/schema.org","@graph":[{"@type":"Article","@id":"https:\/\/vosgesinfo.fr\/gerardmerinfo\/2019\/04\/exposition-a-maison-de-lartisanat-de-liezey\/#article","isPartOf":{"@id":"https:\/\/vosgesinfo.fr\/gerardmerinfo\/2019\/04\/exposition-a-maison-de-lartisanat-de-liezey\/"},"author":{"name":"francoise","@id":"https:\/\/vosgesinfo.fr\/gerardmerinfo\/#\/schema\/person\/4555bc8adc907316edd8b3cb15bb8088"},"headline":"EXPOSITION \u00e0 la MAISON de L&rsquo;ARTISANAT de LIEZEY","datePublished":"2019-04-08T14:15:02+00:00","dateModified":"2019-04-08T14:15:02+00:00","mainEntityOfPage":{"@id":"https:\/\/vosgesinfo.fr\/gerardmerinfo\/2019\/04\/exposition-a-maison-de-lartisanat-de-liezey\/"},"wordCount":165,"commentCount":0,"publisher":{"@id":"https:\/\/vosgesinfo.fr\/gerardmerinfo\/#organization"},"image":{"@id":"https:\/\/vosgesinfo.fr\/gerardmerinfo\/2019\/04\/exposition-a-maison-de-lartisanat-de-liezey\/#primaryimage"},"thumbnailUrl":"https:\/\/vosgesinfo.fr\/app\/uploads\/sites\/6\/2024\/07\/201903dscn2818.jpg","keywords":["li\u00e9zey"],"articleSection":["A la une","G\u00e9rardmer","Vie Associative","Vosges"],"inLanguage":"fr-FR","potentialAction":[{"@type":"CommentAction","name":"Comment","target":["https:\/\/vosgesinfo.fr\/gerardmerinfo\/2019\/04\/exposition-a-maison-de-lartisanat-de-liezey\/#respond"]}]},{"@type":"WebPage","@id":"https:\/\/vosgesinfo.fr\/gerardmerinfo\/2019\/04\/exposition-a-maison-de-lartisanat-de-liezey\/","url":"https:\/\/vosgesinfo.fr\/gerardmerinfo\/2019\/04\/exposition-a-maison-de-lartisanat-de-liezey\/","name":"EXPOSITION \u00e0 la MAISON de L'ARTISANAT de LIEZEY - Gerardmer Info","isPartOf":{"@id":"https:\/\/vosgesinfo.fr\/gerardmerinfo\/#website"},"primaryImageOfPage":{"@id":"https:\/\/vosgesinfo.fr\/gerardmerinfo\/2019\/04\/exposition-a-maison-de-lartisanat-de-liezey\/#primaryimage"},"image":{"@id":"https:\/\/vosgesinfo.fr\/gerardmerinfo\/2019\/04\/exposition-a-maison-de-lartisanat-de-liezey\/#primaryimage"},"thumbnailUrl":"https:\/\/vosgesinfo.fr\/app\/uploads\/sites\/6\/2024\/07\/201903dscn2818.jpg","datePublished":"2019-04-08T14:15:02+00:00","dateModified":"2019-04-08T14:15:02+00:00","breadcrumb":{"@id":"https:\/\/vosgesinfo.fr\/gerardmerinfo\/2019\/04\/exposition-a-maison-de-lartisanat-de-liezey\/#breadcrumb"},"inLanguage":"fr-FR","potentialAction":[{"@type":"ReadAction","target":["https:\/\/vosgesinfo.fr\/gerardmerinfo\/2019\/04\/exposition-a-maison-de-lartisanat-de-liezey\/"]}]},{"@type":"ImageObject","inLanguage":"fr-FR","@id":"https:\/\/vosgesinfo.fr\/gerardmerinfo\/2019\/04\/exposition-a-maison-de-lartisanat-de-liezey\/#primaryimage","url":"https:\/\/vosgesinfo.fr\/app\/uploads\/sites\/6\/2024\/07\/201903dscn2818.jpg","contentUrl":"https:\/\/vosgesinfo.fr\/app\/uploads\/sites\/6\/2024\/07\/201903dscn2818.jpg","width":800,"height":600},{"@type":"BreadcrumbList","@id":"https:\/\/vosgesinfo.fr\/gerardmerinfo\/2019\/04\/exposition-a-maison-de-lartisanat-de-liezey\/#breadcrumb","itemListElement":[{"@type":"ListItem","position":1,"name":"Home","item":"https:\/\/vosgesinfo.fr\/gerardmerinfo\/"},{"@type":"ListItem","position":2,"name":"EXPOSITION \u00e0 la MAISON de L&rsquo;ARTISANAT de LIEZEY"}]},{"@type":"WebSite","@id":"https:\/\/vosgesinfo.fr\/gerardmerinfo\/#website","url":"https:\/\/vosgesinfo.fr\/gerardmerinfo\/","name":"Gerardmer Info","description":"Toute l&#039;actualit\u00e9 de G\u00e9rardmer","publisher":{"@id":"https:\/\/vosgesinfo.fr\/gerardmerinfo\/#organization"},"alternateName":"Toute l'actualit\u00e9 de G\u00e9rardmer","potentialAction":[{"@type":"SearchAction","target":{"@type":"EntryPoint","urlTemplate":"https:\/\/vosgesinfo.fr\/gerardmerinfo\/?s={search_term_string}"},"query-input":"required name=search_term_string"}],"inLanguage":"fr-FR"},{"@type":"Organization","@id":"https:\/\/vosgesinfo.fr\/gerardmerinfo\/#organization","name":"Gerardmer Info","url":"https:\/\/vosgesinfo.fr\/gerardmerinfo\/","logo":{"@type":"ImageObject","inLanguage":"fr-FR","@id":"https:\/\/vosgesinfo.fr\/gerardmerinfo\/#\/schema\/logo\/image\/","url":"https:\/\/vosgesinfo.fr\/app\/uploads\/sites\/6\/2023\/08\/favicon-gerardmerinfo.png","contentUrl":"https:\/\/vosgesinfo.fr\/app\/uploads\/sites\/6\/2023\/08\/favicon-gerardmerinfo.png","width":512,"height":512,"caption":"Gerardmer Info"},"image":{"@id":"https:\/\/vosgesinfo.fr\/gerardmerinfo\/#\/schema\/logo\/image\/"},"sameAs":["https:\/\/www.facebook.com\/profile.php?id=100049475262660","https:\/\/x.com\/VosgesInfo88","https:\/\/www.youtube.com\/@vosgesinfo"]},{"@type":"Person","@id":"https:\/\/vosgesinfo.fr\/gerardmerinfo\/#\/schema\/person\/4555bc8adc907316edd8b3cb15bb8088","name":"francoise","image":{"@type":"ImageObject","inLanguage":"fr-FR","@id":"https:\/\/vosgesinfo.fr\/gerardmerinfo\/#\/schema\/person\/image\/","url":"https:\/\/secure.gravatar.com\/avatar\/80968559b89ee4398c17ea211028bb93a07387bbe45e520db3dc0defd4029020?s=96&d=mm&r=g","contentUrl":"https:\/\/secure.gravatar.com\/avatar\/80968559b89ee4398c17ea211028bb93a07387bbe45e520db3dc0defd4029020?s=96&d=mm&r=g","caption":"francoise"},"url":"https:\/\/vosgesinfo.fr\/gerardmerinfo\/author\/amicale-du-beillard-et-des-environs\/"}]}},"_links":{"self":[{"href":"https:\/\/vosgesinfo.fr\/gerardmerinfo\/wp-json\/wp\/v2\/posts\/40635","targetHints":{"allow":["GET"]}}],"collection":[{"href":"https:\/\/vosgesinfo.fr\/gerardmerinfo\/wp-json\/wp\/v2\/posts"}],"about":[{"href":"https:\/\/vosgesinfo.fr\/gerardmerinfo\/wp-json\/wp\/v2\/types\/post"}],"author":[{"embeddable":true,"href":"https:\/\/vosgesinfo.fr\/gerardmerinfo\/wp-json\/wp\/v2\/users\/131"}],"replies":[{"embeddable":true,"href":"https:\/\/vosgesinfo.fr\/gerardmerinfo\/wp-json\/wp\/v2\/comments?post=40635"}],"version-history":[{"count":0,"href":"https:\/\/vosgesinfo.fr\/gerardmerinfo\/wp-json\/wp\/v2\/posts\/40635\/revisions"}],"wp:featuredmedia":[{"embeddable":true,"href":"https:\/\/vosgesinfo.fr\/gerardmerinfo\/wp-json\/wp\/v2\/media\/40636"}],"wp:attachment":[{"href":"https:\/\/vosgesinfo.fr\/gerardmerinfo\/wp-json\/wp\/v2\/media?parent=40635"}],"wp:term":[{"taxonomy":"category","embeddable":true,"href":"https:\/\/vosgesinfo.fr\/gerardmerinfo\/wp-json\/wp\/v2\/categories?post=40635"},{"taxonomy":"post_tag","embeddable":true,"href":"https:\/\/vosgesinfo.fr\/gerardmerinfo\/wp-json\/wp\/v2\/tags?post=40635"}],"curies":[{"name":"wp","href":"https:\/\/api.w.org\/{rel}","templated":true}]}}