{"id":40660,"date":"2019-03-30T16:54:47","date_gmt":"2019-03-30T15:54:47","guid":{"rendered":"https:\/\/vosgesinfo.fr\/gerardmerinfo\/2019\/03\/concours-deloquence-rotary-and-the-winner-is\/"},"modified":"2019-03-30T16:54:47","modified_gmt":"2019-03-30T15:54:47","slug":"concours-deloquence-rotary-and-the-winner-is","status":"publish","type":"post","link":"https:\/\/vosgesinfo.fr\/gerardmerinfo\/2019\/03\/concours-deloquence-rotary-and-the-winner-is\/","title":{"rendered":"Concours d&rsquo;\u00e9loquence du rotary : and the winner is&#8230;"},"content":{"rendered":"\n<p>Vendredi soir avait lieu la grand finale du concours d&rsquo;\u00e9loquence du Rotary en guise de mise en bouche \u00e0 la traditionnelle soir\u00e9e des talents du club programm\u00e9e \u00e0 l&rsquo;Espace LAC de G\u00e9rardmer.<\/p>\n<p>Cette ann\u00e9e, pas d&rsquo;\u00e9quipe g\u00e9r\u00f4moise en finale mais une savoureuse opposition entre d&rsquo;un c\u00f4t\u00e9 le lyc\u00e9e St Joseph d\u2019\u00c9pinal repr\u00e9sent\u00e9 par Th\u00e9ot\u00fb Pernot et Aliz\u00e9e Thomas, \u00e9l\u00e8ves de TES, et de l&rsquo;autre le lyc\u00e9e Beau-Jardin de Saint Di\u00e9 repr\u00e9sent\u00e9 par Romane Alexandre et Quentin Desmartin, \u00e9l\u00e8ves de TS. Apr\u00e8s tirage au sort, ce sont les D\u00e9odatiens qui ont remport\u00e9 le privil\u00e8ge d&rsquo;ouvrir les r\u00e9jouissances et de d\u00e9fendre la th\u00e9orie qui voudrait que \u00ab<strong> \u00e0 l\u2019exemple de ses cousins Suisses, Belges et surtout Canadiens, dont la volont\u00e9 et l\u2019imaginaire apportent un flot impressionnant de mots qui nous \u00e9tonnent souvent\u2026 La France ne devrait-elle pas, tout en favorisant toujours plus l\u2019apprentissage des langues \u00e9trang\u00e8res et les \u00e9changes de jeunes \u00e0 l\u2019\u00e9tranger\u2026, lever une \u00ab garde suisse \u00bb efficace aux fronti\u00e8res de sa langue ?<\/strong>\u00a0\u00bb<\/p>\n<p><a href=\"\/2019\/03\/eloquence-rotary-2019-1.jpg\"><img decoding=\"async\" class=\"alignleft size-medium wp-image-144202\" src=\"\/2019\/03\/eloquence-rotary-2019-1-340x255.jpg\" alt=\"eloquence rotary 2019 (1)\" width=\"340\" height=\"255\" \/><\/a>5 minutes pour pr\u00e9parer son intervention, autant pour exposer arguments pour chaque \u00e9quipe qui se pr\u00e9sentait devant une salle comble et un jury mixte compos\u00e9 d&rsquo;hommes et de femmes, de Rotariens ou non, de G\u00e9r\u00f4mois, Spinaliens, D\u00e9odatiens ou encore Nanc\u00e9iens. Apr\u00e8s cette premi\u00e8re phase, les deux \u00e9quipes devaient se pr\u00eater au jeu des questions-r\u00e9ponses avec le public, bien d\u00e9cid\u00e9 \u00e0 faire briller ses favoris et faire choir les adversaires du jour&#8230; Vient ensuite le temps de la conclusion pour chacun des deux bin\u00f4mes avant le moment toujours croustillant et attendu des \u00ab\u00a0Jonquilles\u00a0\u00bb comme on les nomme dans les Vosges. Il s&rsquo;agit ni plus ni moins de question un peu loufoques et d\u00e9cal\u00e9es, tir\u00e9es au sort, qui permettent aux lyc\u00e9ens de se l\u00e2cher un eu en fin de parcours et de faire parler une derni\u00e8re fois la poudre et leur verve ! Et en l&rsquo;occurrence, sur cette finale, de passer \u00ab\u00a0de la francophonie \u00e0 la francofolie\u00a0\u00bb pour reprendre les mots de Fran\u00e7ois Laubacher !<\/p>\n<p>Une fois de plus, le duel aura \u00e9t\u00e9 de toute beaut\u00e9 dans ce choc des Titans, ce combat des chefs qui s&rsquo;est conclu par la victoire du lyc\u00e9e Beau-Jardin, et donc de Romane et Quentin. Les quatre lyc\u00e9ens auront n\u00e9anmoins donn\u00e9 du fil \u00e0 retordre au jury et du spectacle au public qui aura appr\u00e9ci\u00e9 cette joute verbale o\u00f9, comme on a l&rsquo;habitude de le dire, la plume est plus forte que l&rsquo;\u00e9p\u00e9e !<\/p>\n","protected":false},"excerpt":{"rendered":"<p>Vendredi soir avait lieu la grand finale du concours d&rsquo;\u00e9loquence du Rotary en guise de mise en bouche \u00e0 la [&hellip;]<\/p>\n","protected":false},"author":42,"featured_media":40661,"comment_status":"open","ping_status":"open","sticky":false,"template":"","format":"standard","meta":{"footnotes":""},"categories":[20,4],"tags":[],"class_list":["post-40660","post","type-post","status-publish","format-standard","has-post-thumbnail","hentry","category-a-la-une","category-culture"],"acf":[],"yoast_head":"<!-- This site is optimized with the Yoast SEO plugin v22.5 - https:\/\/yoast.com\/wordpress\/plugins\/seo\/ -->\n<title>Concours d&#039;\u00e9loquence du rotary : and the winner is... - Gerardmer Info<\/title>\n<meta name=\"robots\" content=\"index, follow, max-snippet:-1, max-image-preview:large, max-video-preview:-1\" \/>\n<link rel=\"canonical\" href=\"https:\/\/vosgesinfo.fr\/gerardmerinfo\/2019\/03\/concours-deloquence-rotary-and-the-winner-is\/\" \/>\n<meta name=\"twitter:card\" content=\"summary_large_image\" \/>\n<meta name=\"twitter:title\" content=\"Concours d&#039;\u00e9loquence du rotary : and the winner is... - Gerardmer Info\" \/>\n<meta name=\"twitter:description\" content=\"Vendredi soir avait lieu la grand finale du concours d&rsquo;\u00e9loquence du Rotary en guise de mise en bouche \u00e0 la [&hellip;]\" \/>\n<meta name=\"twitter:image\" content=\"https:\/\/vosgesinfo.fr\/app\/uploads\/sites\/6\/2024\/07\/201903eloquence-rotary-2019-1.jpg\" \/>\n<meta name=\"twitter:creator\" content=\"@VosgesInfo88\" \/>\n<meta name=\"twitter:site\" content=\"@VosgesInfo88\" \/>\n<meta name=\"twitter:label1\" content=\"\u00c9crit par\" \/>\n\t<meta name=\"twitter:data1\" content=\"QG\" \/>\n\t<meta name=\"twitter:label2\" content=\"Dur\u00e9e de lecture estim\u00e9e\" \/>\n\t<meta name=\"twitter:data2\" content=\"2 minutes\" \/>\n<script type=\"application\/ld+json\" class=\"yoast-schema-graph\">{\"@context\":\"https:\/\/schema.org\",\"@graph\":[{\"@type\":\"Article\",\"@id\":\"https:\/\/vosgesinfo.fr\/gerardmerinfo\/2019\/03\/concours-deloquence-rotary-and-the-winner-is\/#article\",\"isPartOf\":{\"@id\":\"https:\/\/vosgesinfo.fr\/gerardmerinfo\/2019\/03\/concours-deloquence-rotary-and-the-winner-is\/\"},\"author\":{\"name\":\"QG\",\"@id\":\"https:\/\/vosgesinfo.fr\/gerardmerinfo\/#\/schema\/person\/db5605779a843dad16b5368f3e7613a5\"},\"headline\":\"Concours d&rsquo;\u00e9loquence du rotary : and the winner is&#8230;\",\"datePublished\":\"2019-03-30T15:54:47+00:00\",\"dateModified\":\"2019-03-30T15:54:47+00:00\",\"mainEntityOfPage\":{\"@id\":\"https:\/\/vosgesinfo.fr\/gerardmerinfo\/2019\/03\/concours-deloquence-rotary-and-the-winner-is\/\"},\"wordCount\":467,\"commentCount\":0,\"publisher\":{\"@id\":\"https:\/\/vosgesinfo.fr\/gerardmerinfo\/#organization\"},\"image\":{\"@id\":\"https:\/\/vosgesinfo.fr\/gerardmerinfo\/2019\/03\/concours-deloquence-rotary-and-the-winner-is\/#primaryimage\"},\"thumbnailUrl\":\"https:\/\/vosgesinfo.fr\/app\/uploads\/sites\/6\/2024\/07\/201903eloquence-rotary-2019-1.jpg\",\"articleSection\":[\"A la une\",\"Culture\"],\"inLanguage\":\"fr-FR\",\"potentialAction\":[{\"@type\":\"CommentAction\",\"name\":\"Comment\",\"target\":[\"https:\/\/vosgesinfo.fr\/gerardmerinfo\/2019\/03\/concours-deloquence-rotary-and-the-winner-is\/#respond\"]}]},{\"@type\":\"WebPage\",\"@id\":\"https:\/\/vosgesinfo.fr\/gerardmerinfo\/2019\/03\/concours-deloquence-rotary-and-the-winner-is\/\",\"url\":\"https:\/\/vosgesinfo.fr\/gerardmerinfo\/2019\/03\/concours-deloquence-rotary-and-the-winner-is\/\",\"name\":\"Concours d'\u00e9loquence du rotary : and the winner is... - Gerardmer Info\",\"isPartOf\":{\"@id\":\"https:\/\/vosgesinfo.fr\/gerardmerinfo\/#website\"},\"primaryImageOfPage\":{\"@id\":\"https:\/\/vosgesinfo.fr\/gerardmerinfo\/2019\/03\/concours-deloquence-rotary-and-the-winner-is\/#primaryimage\"},\"image\":{\"@id\":\"https:\/\/vosgesinfo.fr\/gerardmerinfo\/2019\/03\/concours-deloquence-rotary-and-the-winner-is\/#primaryimage\"},\"thumbnailUrl\":\"https:\/\/vosgesinfo.fr\/app\/uploads\/sites\/6\/2024\/07\/201903eloquence-rotary-2019-1.jpg\",\"datePublished\":\"2019-03-30T15:54:47+00:00\",\"dateModified\":\"2019-03-30T15:54:47+00:00\",\"breadcrumb\":{\"@id\":\"https:\/\/vosgesinfo.fr\/gerardmerinfo\/2019\/03\/concours-deloquence-rotary-and-the-winner-is\/#breadcrumb\"},\"inLanguage\":\"fr-FR\",\"potentialAction\":[{\"@type\":\"ReadAction\",\"target\":[\"https:\/\/vosgesinfo.fr\/gerardmerinfo\/2019\/03\/concours-deloquence-rotary-and-the-winner-is\/\"]}]},{\"@type\":\"ImageObject\",\"inLanguage\":\"fr-FR\",\"@id\":\"https:\/\/vosgesinfo.fr\/gerardmerinfo\/2019\/03\/concours-deloquence-rotary-and-the-winner-is\/#primaryimage\",\"url\":\"https:\/\/vosgesinfo.fr\/app\/uploads\/sites\/6\/2024\/07\/201903eloquence-rotary-2019-1.jpg\",\"contentUrl\":\"https:\/\/vosgesinfo.fr\/app\/uploads\/sites\/6\/2024\/07\/201903eloquence-rotary-2019-1.jpg\",\"width\":800,\"height\":600},{\"@type\":\"BreadcrumbList\",\"@id\":\"https:\/\/vosgesinfo.fr\/gerardmerinfo\/2019\/03\/concours-deloquence-rotary-and-the-winner-is\/#breadcrumb\",\"itemListElement\":[{\"@type\":\"ListItem\",\"position\":1,\"name\":\"Home\",\"item\":\"https:\/\/vosgesinfo.fr\/gerardmerinfo\/\"},{\"@type\":\"ListItem\",\"position\":2,\"name\":\"Concours d&rsquo;\u00e9loquence du rotary : and the winner is&#8230;\"}]},{\"@type\":\"WebSite\",\"@id\":\"https:\/\/vosgesinfo.fr\/gerardmerinfo\/#website\",\"url\":\"https:\/\/vosgesinfo.fr\/gerardmerinfo\/\",\"name\":\"Gerardmer Info\",\"description\":\"Toute l&#039;actualit\u00e9 de G\u00e9rardmer\",\"publisher\":{\"@id\":\"https:\/\/vosgesinfo.fr\/gerardmerinfo\/#organization\"},\"alternateName\":\"Toute l'actualit\u00e9 de G\u00e9rardmer\",\"potentialAction\":[{\"@type\":\"SearchAction\",\"target\":{\"@type\":\"EntryPoint\",\"urlTemplate\":\"https:\/\/vosgesinfo.fr\/gerardmerinfo\/?s={search_term_string}\"},\"query-input\":\"required name=search_term_string\"}],\"inLanguage\":\"fr-FR\"},{\"@type\":\"Organization\",\"@id\":\"https:\/\/vosgesinfo.fr\/gerardmerinfo\/#organization\",\"name\":\"Gerardmer Info\",\"url\":\"https:\/\/vosgesinfo.fr\/gerardmerinfo\/\",\"logo\":{\"@type\":\"ImageObject\",\"inLanguage\":\"fr-FR\",\"@id\":\"https:\/\/vosgesinfo.fr\/gerardmerinfo\/#\/schema\/logo\/image\/\",\"url\":\"https:\/\/vosgesinfo.fr\/app\/uploads\/sites\/6\/2023\/08\/favicon-gerardmerinfo.png\",\"contentUrl\":\"https:\/\/vosgesinfo.fr\/app\/uploads\/sites\/6\/2023\/08\/favicon-gerardmerinfo.png\",\"width\":512,\"height\":512,\"caption\":\"Gerardmer Info\"},\"image\":{\"@id\":\"https:\/\/vosgesinfo.fr\/gerardmerinfo\/#\/schema\/logo\/image\/\"},\"sameAs\":[\"https:\/\/www.facebook.com\/profile.php?id=100049475262660\",\"https:\/\/x.com\/VosgesInfo88\",\"https:\/\/www.youtube.com\/@vosgesinfo\"]},{\"@type\":\"Person\",\"@id\":\"https:\/\/vosgesinfo.fr\/gerardmerinfo\/#\/schema\/person\/db5605779a843dad16b5368f3e7613a5\",\"name\":\"QG\",\"image\":{\"@type\":\"ImageObject\",\"inLanguage\":\"fr-FR\",\"@id\":\"https:\/\/vosgesinfo.fr\/gerardmerinfo\/#\/schema\/person\/image\/\",\"url\":\"https:\/\/secure.gravatar.com\/avatar\/ea80c42c204b534408512832fde52504ecabb9706bcb6151cf6175e5b64e6793?s=96&d=mm&r=g\",\"contentUrl\":\"https:\/\/secure.gravatar.com\/avatar\/ea80c42c204b534408512832fde52504ecabb9706bcb6151cf6175e5b64e6793?s=96&d=mm&r=g\",\"caption\":\"QG\"},\"url\":\"https:\/\/vosgesinfo.fr\/gerardmerinfo\/author\/quentin88\/\"}]}<\/script>\n<!-- \/ Yoast SEO plugin. -->","yoast_head_json":{"title":"Concours d'\u00e9loquence du rotary : and the winner is... - Gerardmer Info","robots":{"index":"index","follow":"follow","max-snippet":"max-snippet:-1","max-image-preview":"max-image-preview:large","max-video-preview":"max-video-preview:-1"},"canonical":"https:\/\/vosgesinfo.fr\/gerardmerinfo\/2019\/03\/concours-deloquence-rotary-and-the-winner-is\/","twitter_card":"summary_large_image","twitter_title":"Concours d'\u00e9loquence du rotary : and the winner is... - Gerardmer Info","twitter_description":"Vendredi soir avait lieu la grand finale du concours d&rsquo;\u00e9loquence du Rotary en guise de mise en bouche \u00e0 la [&hellip;]","twitter_image":"https:\/\/vosgesinfo.fr\/app\/uploads\/sites\/6\/2024\/07\/201903eloquence-rotary-2019-1.jpg","twitter_creator":"@VosgesInfo88","twitter_site":"@VosgesInfo88","twitter_misc":{"\u00c9crit par":"QG","Dur\u00e9e de lecture estim\u00e9e":"2 minutes"},"schema":{"@context":"https:\/\/schema.org","@graph":[{"@type":"Article","@id":"https:\/\/vosgesinfo.fr\/gerardmerinfo\/2019\/03\/concours-deloquence-rotary-and-the-winner-is\/#article","isPartOf":{"@id":"https:\/\/vosgesinfo.fr\/gerardmerinfo\/2019\/03\/concours-deloquence-rotary-and-the-winner-is\/"},"author":{"name":"QG","@id":"https:\/\/vosgesinfo.fr\/gerardmerinfo\/#\/schema\/person\/db5605779a843dad16b5368f3e7613a5"},"headline":"Concours d&rsquo;\u00e9loquence du rotary : and the winner is&#8230;","datePublished":"2019-03-30T15:54:47+00:00","dateModified":"2019-03-30T15:54:47+00:00","mainEntityOfPage":{"@id":"https:\/\/vosgesinfo.fr\/gerardmerinfo\/2019\/03\/concours-deloquence-rotary-and-the-winner-is\/"},"wordCount":467,"commentCount":0,"publisher":{"@id":"https:\/\/vosgesinfo.fr\/gerardmerinfo\/#organization"},"image":{"@id":"https:\/\/vosgesinfo.fr\/gerardmerinfo\/2019\/03\/concours-deloquence-rotary-and-the-winner-is\/#primaryimage"},"thumbnailUrl":"https:\/\/vosgesinfo.fr\/app\/uploads\/sites\/6\/2024\/07\/201903eloquence-rotary-2019-1.jpg","articleSection":["A la une","Culture"],"inLanguage":"fr-FR","potentialAction":[{"@type":"CommentAction","name":"Comment","target":["https:\/\/vosgesinfo.fr\/gerardmerinfo\/2019\/03\/concours-deloquence-rotary-and-the-winner-is\/#respond"]}]},{"@type":"WebPage","@id":"https:\/\/vosgesinfo.fr\/gerardmerinfo\/2019\/03\/concours-deloquence-rotary-and-the-winner-is\/","url":"https:\/\/vosgesinfo.fr\/gerardmerinfo\/2019\/03\/concours-deloquence-rotary-and-the-winner-is\/","name":"Concours d'\u00e9loquence du rotary : and the winner is... - Gerardmer Info","isPartOf":{"@id":"https:\/\/vosgesinfo.fr\/gerardmerinfo\/#website"},"primaryImageOfPage":{"@id":"https:\/\/vosgesinfo.fr\/gerardmerinfo\/2019\/03\/concours-deloquence-rotary-and-the-winner-is\/#primaryimage"},"image":{"@id":"https:\/\/vosgesinfo.fr\/gerardmerinfo\/2019\/03\/concours-deloquence-rotary-and-the-winner-is\/#primaryimage"},"thumbnailUrl":"https:\/\/vosgesinfo.fr\/app\/uploads\/sites\/6\/2024\/07\/201903eloquence-rotary-2019-1.jpg","datePublished":"2019-03-30T15:54:47+00:00","dateModified":"2019-03-30T15:54:47+00:00","breadcrumb":{"@id":"https:\/\/vosgesinfo.fr\/gerardmerinfo\/2019\/03\/concours-deloquence-rotary-and-the-winner-is\/#breadcrumb"},"inLanguage":"fr-FR","potentialAction":[{"@type":"ReadAction","target":["https:\/\/vosgesinfo.fr\/gerardmerinfo\/2019\/03\/concours-deloquence-rotary-and-the-winner-is\/"]}]},{"@type":"ImageObject","inLanguage":"fr-FR","@id":"https:\/\/vosgesinfo.fr\/gerardmerinfo\/2019\/03\/concours-deloquence-rotary-and-the-winner-is\/#primaryimage","url":"https:\/\/vosgesinfo.fr\/app\/uploads\/sites\/6\/2024\/07\/201903eloquence-rotary-2019-1.jpg","contentUrl":"https:\/\/vosgesinfo.fr\/app\/uploads\/sites\/6\/2024\/07\/201903eloquence-rotary-2019-1.jpg","width":800,"height":600},{"@type":"BreadcrumbList","@id":"https:\/\/vosgesinfo.fr\/gerardmerinfo\/2019\/03\/concours-deloquence-rotary-and-the-winner-is\/#breadcrumb","itemListElement":[{"@type":"ListItem","position":1,"name":"Home","item":"https:\/\/vosgesinfo.fr\/gerardmerinfo\/"},{"@type":"ListItem","position":2,"name":"Concours d&rsquo;\u00e9loquence du rotary : and the winner is&#8230;"}]},{"@type":"WebSite","@id":"https:\/\/vosgesinfo.fr\/gerardmerinfo\/#website","url":"https:\/\/vosgesinfo.fr\/gerardmerinfo\/","name":"Gerardmer Info","description":"Toute l&#039;actualit\u00e9 de G\u00e9rardmer","publisher":{"@id":"https:\/\/vosgesinfo.fr\/gerardmerinfo\/#organization"},"alternateName":"Toute l'actualit\u00e9 de G\u00e9rardmer","potentialAction":[{"@type":"SearchAction","target":{"@type":"EntryPoint","urlTemplate":"https:\/\/vosgesinfo.fr\/gerardmerinfo\/?s={search_term_string}"},"query-input":"required name=search_term_string"}],"inLanguage":"fr-FR"},{"@type":"Organization","@id":"https:\/\/vosgesinfo.fr\/gerardmerinfo\/#organization","name":"Gerardmer Info","url":"https:\/\/vosgesinfo.fr\/gerardmerinfo\/","logo":{"@type":"ImageObject","inLanguage":"fr-FR","@id":"https:\/\/vosgesinfo.fr\/gerardmerinfo\/#\/schema\/logo\/image\/","url":"https:\/\/vosgesinfo.fr\/app\/uploads\/sites\/6\/2023\/08\/favicon-gerardmerinfo.png","contentUrl":"https:\/\/vosgesinfo.fr\/app\/uploads\/sites\/6\/2023\/08\/favicon-gerardmerinfo.png","width":512,"height":512,"caption":"Gerardmer Info"},"image":{"@id":"https:\/\/vosgesinfo.fr\/gerardmerinfo\/#\/schema\/logo\/image\/"},"sameAs":["https:\/\/www.facebook.com\/profile.php?id=100049475262660","https:\/\/x.com\/VosgesInfo88","https:\/\/www.youtube.com\/@vosgesinfo"]},{"@type":"Person","@id":"https:\/\/vosgesinfo.fr\/gerardmerinfo\/#\/schema\/person\/db5605779a843dad16b5368f3e7613a5","name":"QG","image":{"@type":"ImageObject","inLanguage":"fr-FR","@id":"https:\/\/vosgesinfo.fr\/gerardmerinfo\/#\/schema\/person\/image\/","url":"https:\/\/secure.gravatar.com\/avatar\/ea80c42c204b534408512832fde52504ecabb9706bcb6151cf6175e5b64e6793?s=96&d=mm&r=g","contentUrl":"https:\/\/secure.gravatar.com\/avatar\/ea80c42c204b534408512832fde52504ecabb9706bcb6151cf6175e5b64e6793?s=96&d=mm&r=g","caption":"QG"},"url":"https:\/\/vosgesinfo.fr\/gerardmerinfo\/author\/quentin88\/"}]}},"_links":{"self":[{"href":"https:\/\/vosgesinfo.fr\/gerardmerinfo\/wp-json\/wp\/v2\/posts\/40660","targetHints":{"allow":["GET"]}}],"collection":[{"href":"https:\/\/vosgesinfo.fr\/gerardmerinfo\/wp-json\/wp\/v2\/posts"}],"about":[{"href":"https:\/\/vosgesinfo.fr\/gerardmerinfo\/wp-json\/wp\/v2\/types\/post"}],"author":[{"embeddable":true,"href":"https:\/\/vosgesinfo.fr\/gerardmerinfo\/wp-json\/wp\/v2\/users\/42"}],"replies":[{"embeddable":true,"href":"https:\/\/vosgesinfo.fr\/gerardmerinfo\/wp-json\/wp\/v2\/comments?post=40660"}],"version-history":[{"count":0,"href":"https:\/\/vosgesinfo.fr\/gerardmerinfo\/wp-json\/wp\/v2\/posts\/40660\/revisions"}],"wp:featuredmedia":[{"embeddable":true,"href":"https:\/\/vosgesinfo.fr\/gerardmerinfo\/wp-json\/wp\/v2\/media\/40661"}],"wp:attachment":[{"href":"https:\/\/vosgesinfo.fr\/gerardmerinfo\/wp-json\/wp\/v2\/media?parent=40660"}],"wp:term":[{"taxonomy":"category","embeddable":true,"href":"https:\/\/vosgesinfo.fr\/gerardmerinfo\/wp-json\/wp\/v2\/categories?post=40660"},{"taxonomy":"post_tag","embeddable":true,"href":"https:\/\/vosgesinfo.fr\/gerardmerinfo\/wp-json\/wp\/v2\/tags?post=40660"}],"curies":[{"name":"wp","href":"https:\/\/api.w.org\/{rel}","templated":true}]}}